{"id":13907,"date":"2023-12-22T16:47:51","date_gmt":"2023-12-22T15:47:51","guid":{"rendered":"https:\/\/www.ladislavjakl.cz\/?p=13907"},"modified":"2023-12-22T16:47:51","modified_gmt":"2023-12-22T15:47:51","slug":"tiskova-zprava-z-21-zasedani-rady-konaneho-dne-19-12-2023","status":"publish","type":"post","link":"https:\/\/www.ladislavjakl.cz\/?p=13907","title":{"rendered":"Tiskov\u00e1 zpr\u00e1va z 21. zased\u00e1n\u00ed Rady, konan\u00e9ho dne 19. 12. 2023"},"content":{"rendered":"<p>Rada pro rozhlasov\u00e9 a televizn\u00ed vys\u00edl\u00e1n\u00ed (d\u00e1le jen &#8222;Rada&#8220;) na sv\u00e9m 21. zased\u00e1n\u00ed projednala 45 bod\u016f<br \/>\nprogramu. Vyhodnotila 21 st\u00ed\u017enost\u00ed div\u00e1k\u016f a poslucha\u010d\u016f, vydala sedm upozorn\u011bn\u00ed na poru\u0161en\u00ed<br \/>\nz\u00e1kona.<\/p>\n<p><!--more--><br \/>\nRada na sv\u00e9m 21. zased\u00e1n\u00ed ud\u011blila spole\u010dnosti AMC Networks Central Europe s.r.o. dv\u011b licence<br \/>\nk provozov\u00e1n\u00ed televizn\u00edho vys\u00edl\u00e1n\u00ed \u0161\u00ed\u0159en\u00e9ho prost\u0159ednictv\u00edm dru\u017eice pro programy FILMCAFE<br \/>\nROMANIA a FILMCAFE HUNGARY.Podrobn\u011bj\u0161\u00ed informace naleznete v p\u0159episech usnesen\u00ed Rady:<br \/>\nROZHLASOV\u00c9 VYS\u00cdL\u00c1N\u00cd<br \/>\n&#8211; Rada se sezn\u00e1mila s p\u0159edb\u011b\u017enou koordinac\u00ed spo\u010d\u00edvaj\u00edc\u00ed ve stanoven\u00ed po\u010dtu obyvatel \u010cR<br \/>\npokryt\u00fdch sign\u00e1lem a \u00fazemn\u00edm rozsahem vys\u00edl\u00e1n\u00ed p\u0159ed zm\u011bnou a po zm\u011bn\u011b stanovi\u0161t\u011b a v\u00fdkonu<br \/>\nkmito\u010dtu Praha 91,9 MHz \/ 5 kW na Praha Pet\u0159\u00edn 91,9 MHz \/ 2 kW, \u017eadatele RADIO UNITED<br \/>\nBROADCASTING s.r.o., I\u010c: 29131901, se s\u00eddlem Vinohradsk\u00e1 3217\/167, Praha 10, PS\u010c 100 00,<br \/>\nprogram RADIO 1 (licence \u010d.j.: Ru\/112\/01) a souhlas\u00ed s dokon\u010den\u00edm p\u0159edm\u011btn\u00e9 koordinace.<br \/>\n&#8211; Rada se sezn\u00e1mila s p\u0159edb\u011b\u017enou koordinac\u00ed spo\u010d\u00edvaj\u00edc\u00ed ve stanoven\u00ed po\u010dtu obyvatel \u010cR<br \/>\npokryt\u00fdch sign\u00e1lem a \u00fazemn\u00edm rozsahem vys\u00edl\u00e1n\u00ed p\u0159ed zm\u011bnou a po zm\u011bn\u011b stanovi\u0161t\u011b kmito\u010dtu<br \/>\nPraha 98,1 MHz \/ 2 kW na Praha Pet\u0159\u00edn 98,1 MHz \/ 2 kW, \u017eadatele RADIO UNITED BROADCASTING<br \/>\ns.r.o., I\u010c: 29131901, se s\u00eddlem Vinohradsk\u00e1 3217\/167, Praha 10, PS\u010c 100 00, program KISS (licence<br \/>\n\u010d.j.: Ru\/116\/01) a souhlas\u00ed s dokon\u010den\u00edm p\u0159edm\u011btn\u00e9 koordinace.<br \/>\n&#8211; Rada se sezn\u00e1mila s pod\u00e1n\u00edm Martina \u010cern\u00e9ho, I\u010c: 18386407, doru\u010den\u00fdm Rad\u011b dne<br \/>\n21. listopadu 2023 pod \u010d.j. RRTV\/13438\/2023-vra, spo\u010d\u00edvaj\u00edc\u00edm v reakci na ozn\u00e1men\u00ed o zah\u00e1jen\u00ed<br \/>\nspr\u00e1vn\u00edho \u0159\u00edzen\u00ed ve v\u011bci ud\u011blen\u00ed souhlasu se zm\u011bnou spole\u010dn\u00edka ve spole\u010dnosti provozovatele Londa<br \/>\nspol. s r. o. ze spole\u010dnosti Agrofert, a.s. na spole\u010dnost KAPRAIN CHEMICAL LIMITED.<br \/>\n&#8211; Rada ud\u011bluje spole\u010dnosti Radiospol s. r. o. Stavebn\u00ed 992\/1, 708 00 Ostrava &#8211; Poruba, I\u010cO<br \/>\n276 66 395, transforma\u010dn\u00ed licenci k provozov\u00e1n\u00ed rozhlasov\u00e9ho vys\u00edl\u00e1n\u00ed prost\u0159ednictv\u00edm vys\u00edla\u010d\u016f podle<br \/>\n\u010dl\u00e1nku II z\u00e1kona \u010d. 196\/2009 Sb., kter\u00fdm se m\u011bn\u00ed z\u00e1kon \u010d. 231\/2001 Sb., pro program Radio \u010cas<br \/>\n(licence sp. zn. RRTV\/2014\/806\/zab ze dne 16. prosince 2014) se souborem technick\u00fdch parametr\u016f<br \/>\nVesel\u00ed nad Moravou 103, 6 MHz \/ 0,1 kW. Transforma\u010dn\u00ed licence nezanikne d\u0159\u00edve, ne\u017e uplynut\u00edm t\u0159\u00ed<br \/>\nlet ode dne p\u0159echodu na zemsk\u00e9 digit\u00e1ln\u00ed rozhlasov\u00e9 vys\u00edl\u00e1n\u00ed v n\u00e1vaznosti na postup vl\u00e1dy podle<br \/>\nustanoven\u00ed \u010d\u00e1sti prvn\u00ed, \u010dl\u00e1nku II, odst. 9 z\u00e1kona \u010d. 196\/2009 Sb., kter\u00fdm se m\u011bn\u00ed z\u00e1kon \u010d. 231\/2001<br \/>\nSb.<br \/>\n&#8211; Rada ud\u011bluje spole\u010dnosti JUKE BOX, spol. s r .o., se s\u00eddlem Karla Svobody 130\/95, PS\u010c 725 27<br \/>\nOstrava, I\u010cO 253 96 676, transforma\u010dn\u00ed licenci k provozov\u00e1n\u00ed rozhlasov\u00e9ho vys\u00edl\u00e1n\u00ed prost\u0159ednictv\u00edm<br \/>\nvys\u00edla\u010d\u016f podle \u010dl\u00e1nku II z\u00e1kona \u010d. 196\/2009 Sb., kter\u00fdm se m\u011bn\u00ed z\u00e1kon \u010d. 231\/2001 Sb., pro program<br \/>\nRadio \u010cas (licence sp. zn. RRTV\/2020\/746\/zab ze dne 18. \u0159\u00edjna 2022) se souborem technick\u00fdch<br \/>\nparametr\u016f Svitavy 1 98,9 MHz \/ 0,2 kW. Transforma\u010dn\u00ed licence nezanikne d\u0159\u00edve, ne\u017e uplynut\u00edm t\u0159\u00ed let<br \/>\node dne p\u0159echodu na zemsk\u00e9 digit\u00e1ln\u00ed rozhlasov\u00e9 vys\u00edl\u00e1n\u00ed v n\u00e1vaznosti na postup vl\u00e1dy podle<br \/>\nustanoven\u00ed \u010d\u00e1sti prvn\u00ed, \u010dl\u00e1nku II, odst. 9 z\u00e1kona \u010d. 196\/2009 Sb., kter\u00fdm se m\u011bn\u00ed z\u00e1kon \u010d. 231\/2001<br \/>\nSb- Rada ud\u011bluje spole\u010dnosti JUKE BOX, spol. s r .o., se s\u00eddlem Karla Svobody 130\/95, PS\u010c 725 27<br \/>\nOstrava, I\u010cO 253 96 676, transforma\u010dn\u00ed licenci k provozov\u00e1n\u00ed rozhlasov\u00e9ho vys\u00edl\u00e1n\u00ed prost\u0159ednictv\u00edm<br \/>\nvys\u00edla\u010d\u016f podle \u010dl\u00e1nku II z\u00e1kona \u010d. 196\/2009 Sb., kter\u00fdm se m\u011bn\u00ed z\u00e1kon \u010d. 231\/2001 Sb., pro program<br \/>\nRadio \u010cas Rock (licence sp. zn. RRTV\/2014\/596\/zab ze dne 2. prosince 2014) se souborem<br \/>\ntechnick\u00fdch parametr\u016f Vala\u0161sk\u00e9 Mezi\u0159\u00ed\u010d\u00ed 87,9 MHz \/ 0,1 kW. Transforma\u010dn\u00ed licence nezanikne d\u0159\u00edve,<br \/>\nne\u017e uplynut\u00edm t\u0159\u00ed let ode dne p\u0159echodu na zemsk\u00e9 digit\u00e1ln\u00ed rozhlasov\u00e9 vys\u00edl\u00e1n\u00ed v n\u00e1vaznosti na postup<br \/>\nvl\u00e1dy podle ustanoven\u00ed \u010d\u00e1sti prvn\u00ed, \u010dl\u00e1nku II, odst. 9 z\u00e1kona \u010d. 196\/2009 Sb., kter\u00fdm se m\u011bn\u00ed z\u00e1kon<br \/>\n\u010d. 231\/2001 Sb.<br \/>\n&#8211; Rada ud\u011bluje spole\u010dnosti JUKE BOX, spol. s r. o., I\u010c: 253 96 676 se s\u00eddlem Karla Svobody<br \/>\n130\/95, PS\u010c 725 27 Ostrava, transforma\u010dn\u00ed licenci k provozov\u00e1n\u00ed rozhlasov\u00e9ho vys\u00edl\u00e1n\u00ed<br \/>\nprost\u0159ednictv\u00edm vys\u00edla\u010d\u016f podle \u010dl\u00e1nku II z\u00e1kona \u010d. 196\/2009 Sb., kter\u00fdm se m\u011bn\u00ed z\u00e1kon \u010d. 231\/2001<br \/>\nSb., pro program Radio \u010cas Rock (licence sp. zn. RRTV\/2018\/883\/zab ze dne 12.1.2021) se<br \/>\nsouborem technick\u00fdch parametr\u016f Vset\u00edn 106,7 MHz \/ 0,1 kW. Transforma\u010dn\u00ed licence nezanikne d\u0159\u00edve,<br \/>\nne\u017e uplynut\u00edm t\u0159\u00ed let ode dne p\u0159echodu na zemsk\u00e9 digit\u00e1ln\u00ed rozhlasov\u00e9 vys\u00edl\u00e1n\u00ed v n\u00e1vaznosti na postup<br \/>\nvl\u00e1dy podle ustanoven\u00ed \u010d\u00e1sti prvn\u00ed, \u010dl\u00e1nku II, odst. 9 z\u00e1kona \u010d. 196\/2009 Sb., kter\u00fdm se m\u011bn\u00ed z\u00e1kon<br \/>\n\u010d. 231\/2001 Sb.<br \/>\n&#8211; Rada ud\u011bluje spole\u010dnosti JUKE BOX, spol. s r. o., I\u010c: 253 96 676, se s\u00eddlem Karla Svobody<br \/>\n130\/95, PS\u010c 725 27 Ostrava, transforma\u010dn\u00ed licenci k provozov\u00e1n\u00ed rozhlasov\u00e9ho vys\u00edl\u00e1n\u00ed<br \/>\nprost\u0159ednictv\u00edm vys\u00edla\u010d\u016f podle \u010dl\u00e1nku II z\u00e1kona \u010d. 196\/2009 Sb., kter\u00fdm se m\u011bn\u00ed z\u00e1kon \u010d. 231\/2001<br \/>\nSb., pro program Radio \u010cas Rock (licence sp. zn. 2014\/233\/zab ze dne 30.9.2014) se souborem<br \/>\ntechnick\u00fdch parametr\u016f Nov\u00fd Ji\u010d\u00edn silo 91,6 MHz \/ 0,1 kW. Transforma\u010dn\u00ed licence nezanikne d\u0159\u00edve,<br \/>\nne\u017e uplynut\u00edm t\u0159\u00ed let ode dne p\u0159echodu na zemsk\u00e9 digit\u00e1ln\u00ed rozhlasov\u00e9 vys\u00edl\u00e1n\u00ed v n\u00e1vaznosti na postup<br \/>\nvl\u00e1dy podle ustanoven\u00ed \u010d\u00e1sti prvn\u00ed, \u010dl\u00e1nku II, odst. 9 z\u00e1kona \u010d. 196\/2009 Sb., kter\u00fdm se m\u011bn\u00ed z\u00e1kon<br \/>\n\u010d. 231\/2001 Sb.<br \/>\n&#8211; Rada ud\u011bluje spole\u010dnosti JUKE BOX, spol. s r. o., I\u010c: 253 96 676, se s\u00eddlem Karla Svobody<br \/>\n130\/95, PS\u010c 725 27 Ostrava, transforma\u010dn\u00ed licenci k provozov\u00e1n\u00ed rozhlasov\u00e9ho vys\u00edl\u00e1n\u00ed<br \/>\nprost\u0159ednictv\u00edm vys\u00edla\u010d\u016f podle \u010dl\u00e1nku II z\u00e1kona \u010d. 196\/2009 Sb., kter\u00fdm se m\u011bn\u00ed z\u00e1kon \u010d. 231\/2001<br \/>\nSb., pro program Radio \u010cas Rock (licence sp. zn. 2013\/968\/zab ze dne 22.7.2014) se souborem<br \/>\ntechnick\u00fdch parametr\u016f Brunt\u00e1l 88,9 MHz \/ 0,1 kW. Transforma\u010dn\u00ed licence nezanikne d\u0159\u00edve, ne\u017e<br \/>\nuplynut\u00edm t\u0159\u00ed let ode dne p\u0159echodu na zemsk\u00e9 digit\u00e1ln\u00ed rozhlasov\u00e9 vys\u00edl\u00e1n\u00ed v n\u00e1vaznosti na postup<br \/>\nvl\u00e1dy podle ustanoven\u00ed \u010d\u00e1sti prvn\u00ed, \u010dl\u00e1nku II, odst. 9 z\u00e1kona \u010d. 196\/2009 Sb., kter\u00fdm se m\u011bn\u00ed z\u00e1kon<br \/>\n\u010d. 231\/2001 Sb.<br \/>\n&#8211; Rada ud\u011bluje spole\u010dnosti JUKE BOX, spol. s r. o., I\u010c: 253 96 676, se s\u00eddlem Karla Svobody<br \/>\n130\/95, PS\u010c 725 27 Ostrava, transforma\u010dn\u00ed licenci k provozov\u00e1n\u00ed rozhlasov\u00e9ho vys\u00edl\u00e1n\u00ed<br \/>\nprost\u0159ednictv\u00edm vys\u00edla\u010d\u016f podle \u010dl\u00e1nku II z\u00e1kona \u010d. 196\/2009 Sb., kter\u00fdm se m\u011bn\u00ed z\u00e1kon \u010d. 231\/2001<br \/>\nSb., pro program Radio \u010cas Rock (licence sp. zn. 2012\/264\/zab ze dne 21.3.2013) se souborem<br \/>\ntechnick\u00fdch parametr\u016f Ostrava m\u011bsto 99,9 MHz \/ 0,1 kW. Transforma\u010dn\u00ed licence nezanikne d\u0159\u00edve,<br \/>\nne\u017e uplynut\u00edm t\u0159\u00ed let ode dne p\u0159echodu na zemsk\u00e9 digit\u00e1ln\u00ed rozhlasov\u00e9 vys\u00edl\u00e1n\u00ed v n\u00e1vaznosti na postup<br \/>\nvl\u00e1dy podle ustanoven\u00ed \u010d\u00e1sti prvn\u00ed, \u010dl\u00e1nku II, odst. 9 z\u00e1kona \u010d. 196\/2009 Sb., kter\u00fdm se m\u011bn\u00ed z\u00e1kon<br \/>\n\u010d. 231\/2001 Sb.<br \/>\n&#8211; Rada podle ustanoven\u00ed \u00a7 5 odst. 1 p\u00edsm. b) z\u00e1kona \u010d. 231\/2001 Sb., o provozov\u00e1n\u00ed rozhlasov\u00e9ho<br \/>\na televizn\u00edho vys\u00edl\u00e1n\u00ed a o zm\u011bn\u011b dal\u0161\u00edch z\u00e1kon\u016f, ve zn\u011bn\u00ed pozd\u011bj\u0161\u00edch p\u0159edpis\u016f (d\u00e1le jen \u201ez\u00e1kon<br \/>\n\u010d. 231\/2001 Sb.\u201c), vyd\u00e1v\u00e1 toto rozhodnut\u00ed: Rada odm\u00edt\u00e1 \u017e\u00e1dost spole\u010dnosti JUKE BOX, spol. s r. o.,<br \/>\nI\u010c: 253 96 676 se s\u00eddlem Karla Svobody 130\/95, PS\u010c 725 27 Ostrava, o ud\u011blen\u00ed transforma\u010dn\u00ed licence<br \/>\nk provozov\u00e1n\u00ed rozhlasov\u00e9ho vys\u00edl\u00e1n\u00ed prost\u0159ednictv\u00edm vys\u00edla\u010d\u016f podle \u010dl\u00e1nku II z\u00e1kona \u010d. 196\/2009 Sb.,<br \/>\nkter\u00fdm se m\u011bn\u00ed z\u00e1kon \u010d. 231\/2001 Sb., pro program Radio \u010cas Rock (licence sp. zn.<br \/>\nRRTV\/2023\/324\/zab ze dne 5.9.2023) se souborem technick\u00fdch parametr\u016f Brno Barvi\u010dova 95,9 MHz<br \/>\n\/ 0,05 kW; Drysice 88,6 MHz \/ 0,05 kW; Holubice 96,1 MHz \/ 0,05 kW; Horn\u00ed Her\u0161pice 94,1 MHz \/<br \/>\n0,05 kW; Jav\u016frek 94,2 MHz \/ 0,05 kW; K\u0159epice 94,2 MHz \/ 0,05 kW; Mikulov 94,2 MHz \/ 0,05 kW;<br \/>\nSlav\u00ed\u010d 90,2 MHz \/ 0,05 kW; Vy\u0161kov 91,9 MHz \/ 0,05 kW, nebo\u0165 \u017e\u00e1dost nebyla Rad\u011b doru\u010dena nejd\u0159\u00edve<br \/>\npo uplynut\u00ed 100 dn\u00ed od ud\u011blen\u00ed licence. Rada podle ustanoven\u00ed \u00a7 5 odst. 1 p\u00edsm. b) z\u00e1kona \u010d. 231\/2001 Sb.,<\/p>\n<p>o provozov\u00e1n\u00ed rozhlasov\u00e9ho<br \/>\na televizn\u00edho vys\u00edl\u00e1n\u00ed a o zm\u011bn\u011b dal\u0161\u00edch z\u00e1kon\u016f, ve zn\u011bn\u00ed pozd\u011bj\u0161\u00edch p\u0159edpis\u016f (d\u00e1le jen \u201ez\u00e1kon<br \/>\n\u010d. 231\/2001 Sb.\u201c), vyd\u00e1v\u00e1 toto rozhodnut\u00ed: Rada odm\u00edt\u00e1 \u017e\u00e1dost spole\u010dnosti JUKE BOX, spol. s r. o.,<br \/>\nI\u010c: 253 96 676 se s\u00eddlem Karla Svobody 130\/95, PS\u010c 725 27 Ostrava, o ud\u011blen\u00ed transforma\u010dn\u00ed licence<br \/>\nk provozov\u00e1n\u00ed rozhlasov\u00e9ho vys\u00edl\u00e1n\u00ed prost\u0159ednictv\u00edm vys\u00edla\u010d\u016f podle \u010dl\u00e1nku II z\u00e1kona \u010d. 196\/2009 Sb.,<br \/>\nkter\u00fdm se m\u011bn\u00ed z\u00e1kon \u010d. 231\/2001 Sb., pro program Radio \u010cas (licence sp. zn. RRTV\/2023\/325\/zab<br \/>\nze dne 5.9.2023) se souborem technick\u00fdch parametr\u016f Jihlava Rudn\u00fd 99,4 MHz \/ 0,8 kW, M\u011b\u0159\u00edn 94,7<br \/>\nMHz \/ 0,05 kW a Velk\u00e1 B\u00edte\u0161 101,0 MHz \/ 0,05 kW, nebo\u0165 \u017e\u00e1dost nebyla Rad\u011b doru\u010dena nejd\u0159\u00edve po<br \/>\nuplynut\u00ed 100 dn\u00ed od ud\u011blen\u00ed licence.<br \/>\n&#8211; Rada se sezn\u00e1mila s anal\u00fdzou programu R\u00e1dio Evropa 2 V\u00fdchodn\u00ed \u010cechy, provozovatele<br \/>\nEVROPA 2, spol. s r.o. ze dne 17.10. 2023 od 00:00 do 24:00 hodin a shledala, \u017ee vys\u00edl\u00e1n\u00ed bylo v<br \/>\nsouladu se z\u00e1konem o rozhlasov\u00e9m a televizn\u00edm vys\u00edl\u00e1n\u00ed a v souladu s platn\u00fdmi licen\u010dn\u00edmi<br \/>\npodm\u00ednkami.<br \/>\n&#8211; Rada se sezn\u00e1mila s anal\u00fdzami obchodn\u00edch sd\u011blen\u00ed odvys\u00edlan\u00fdch provozovateli RADIO UNITED<br \/>\nBROADVASTING, s.r.o. (program Radio 1; Praha 91,9 MHz) dne 29. listopadu 2023, JOE MEDIA,<br \/>\ns.r.o. (program HEY Radio; Praha 101,6 MHz) dne 29. listopadu 2023, MEDIA BOHEMIA, a.s.<br \/>\n(program Hitr\u00e1dio City; Praha 93,7 MHz) dne 29. listopadu 2023, RADIO UNITED BROADCASTING,<br \/>\ns.r.o. (program Kiss; Praha 98,1 MHz) dne 29. listopadu 2023.<br \/>\n&#8211; Rada se sezn\u00e1mila s ozn\u00e1men\u00edm provozovatele RADIO PROGLAS s.r.o., I\u010c: 49435001, se<br \/>\ns\u00eddlem Olomouck\u00e1 3419\/7, \u017didenice, 618 00 Brno, doru\u010den\u00fdm dne 1.12.2023 pod \u010d.j.<br \/>\nRRTV\/14118\/2023-vra, spo\u010d\u00edvaj\u00edc\u00edm v informaci o v\u00fdluk\u00e1ch vys\u00edl\u00e1n\u00ed programu Radio Proglas za<br \/>\nm\u011bs\u00edc listopad 2023.<br \/>\n&#8211; Rada se sezn\u00e1mila se st\u00ed\u017enost\u00ed (\u010d. j. RRTV\/14197\/2023-vra) t\u00fdkaj\u00edc\u00ed se podcastov\u00e9ho po\u0159adu<br \/>\n\u010cRo s n\u00e1zvem \u201eS Arenbergerem nejen o medic\u00edn\u011b\u201c. Rada pro rozhlasov\u00e9 a televizn\u00ed vys\u00edl\u00e1n\u00ed se<br \/>\nsezn\u00e1mila se st\u00ed\u017enost\u00ed (\u010d. j. RRTV\/14202\/2023-vra) t\u00fdkaj\u00edc\u00ed se titulku \u010dl\u00e1nku zve\u0159ejn\u011bn\u00e9ho na<br \/>\ninternetov\u00fdch str\u00e1nk\u00e1ch \u010cesk\u00e9ho rozhlasu.<br \/>\n&#8211; Rada rozhodla ve v\u011bci pod\u00e1n\u00ed \u010d. j. RRTV\/14197\/2023-vra o jeho postoupen\u00ed pro nep\u0159\u00edslu\u0161nost<br \/>\ndle ustanoven\u00ed \u00a7 12 z\u00e1kona \u010d. 500\/2004 Sb., spr\u00e1vn\u00ed \u0159\u00e1d, ve zn\u011bn\u00ed pozd\u011bj\u0161\u00edch p\u0159edpis\u016f.<br \/>\nTELEVIZN\u00cd VYS\u00cdL\u00c1N\u00cd<br \/>\n&#8211; Rada ud\u011bluje pr\u00e1vnick\u00e9 osob\u011b AMC Networks Central Europe s.r.o., I\u010cO: 27112501 se s\u00eddlem<br \/>\nPob\u0159e\u017en\u00ed 620\/3, Praha 8, 186 00, podle \u00a7 25 z\u00e1kona \u010d. 231\/2001 licenci k provozov\u00e1n\u00ed televizn\u00edho<br \/>\nvys\u00edl\u00e1n\u00ed \u0161\u00ed\u0159en\u00e9ho prost\u0159ednictv\u00edm dru\u017eice na dobu 12 let, ozna\u010den\u00ed (n\u00e1zev) programu: FILMCAFE<br \/>\nROMANIA; z\u00e1kladn\u00ed programov\u00e1 specifikace: P\u0159ev\u00e1\u017en\u011b filmy uv\u00e1d\u011bn\u00e9 v kinech a ur\u010den\u00e9 pro televizi<br \/>\na m\u00e9n\u011b v\u00fdrazn\u011b minis\u00e9rie, seri\u00e1ly a r\u016fzn\u00e9 po\u0159ady souvisej\u00edc\u00ed s kinematografi\u00ed v\u0161ech \u017e\u00e1nr\u016f,<br \/>\nprodukovan\u00e9 hlavn\u011b ve Spojen\u00fdch st\u00e1tech americk\u00fdch a sekund\u00e1rn\u011b v Evrop\u011b, Asii a dal\u0161\u00edch \u010d\u00e1stech<br \/>\nsv\u011bta; \u010dasov\u00fd rozsah vys\u00edl\u00e1n\u00ed: 0:00-24:00 hod; v\u00fd\u010det st\u00e1t\u016f, na jejich\u017e \u00fazem\u00ed bude vys\u00edl\u00e1n\u00ed zcela nebo<br \/>\np\u0159ev\u00e1\u017en\u011b sm\u011b\u0159ov\u00e1no: Rumunsko; hlavn\u00ed jazyk vys\u00edl\u00e1n\u00ed: rumunsk\u00fd jazyk; v rozsahu dle \u017e\u00e1dosti<br \/>\ndoru\u010den\u00e9 dne 1. 12. 2023, RRTV\/14117\/2023-vac.<br \/>\n&#8211; Rada informuje podle \u00a7 18 odst. 6 z\u00e1kona \u010d. 231\/2001 Sb., regula\u010dn\u00ed org\u00e1n \u010dlensk\u00e9ho st\u00e1tu<br \/>\nEvropsk\u00e9 unie, na jeho\u017e \u00fazem\u00ed je televizn\u00ed vys\u00edl\u00e1n\u00ed zcela nebo p\u0159ev\u00e1\u017en\u011b sm\u011b\u0159ov\u00e1no, tj. Rumunsko o<br \/>\nud\u011blen\u00ed licence spole\u010dnosti AMC Networks Central Europe s.r.o., I\u010cO: 27112501 se s\u00eddlem Pob\u0159e\u017en\u00ed<br \/>\n620\/3, Praha 8, 186 00, k televizn\u00edmu vys\u00edl\u00e1n\u00ed programu FILMCAFE ROMANIA \u0161\u00ed\u0159en\u00e9m<br \/>\nprost\u0159ednictv\u00edm dru\u017eice se z\u00e1kladn\u00ed programovou specifikac\u00ed: P\u0159ev\u00e1\u017en\u011b filmy uv\u00e1d\u011bn\u00e9 v kinech a<br \/>\nur\u010den\u00e9 pro televizi a m\u00e9n\u011b v\u00fdrazn\u011b minis\u00e9rie, seri\u00e1ly a r\u016fzn\u00e9 po\u0159ady souvisej\u00edc\u00ed s kinematografi\u00ed v\u0161ech<br \/>\n\u017e\u00e1nr\u016f, produkovan\u00e9 hlavn\u011b ve Spojen\u00fdch st\u00e1tech americk\u00fdch a sekund\u00e1rn\u011b v Evrop\u011b, Asii a dal\u0161\u00edch<br \/>\n\u010d\u00e1stech sv\u011bta.<br \/>\n4<br \/>\n&#8211; Rada ud\u011bluje pr\u00e1vnick\u00e9 osob\u011b AMC Networks Central Europe s.r.o., I\u010cO: 27-<\/p>\n<p>Rada ud\u011bluje pr\u00e1vnick\u00e9 osob\u011b AMC Networks Central Europe s.r.o., I\u010cO: 27112501 se s\u00eddlem<br \/>\nPob\u0159e\u017en\u00ed 620\/3, Praha 8, 186 00, podle \u00a7 25 z\u00e1kona \u010d. 231\/2001 licenci k provozov\u00e1n\u00ed televizn\u00edho<br \/>\nvys\u00edl\u00e1n\u00ed \u0161\u00ed\u0159en\u00e9ho prost\u0159ednictv\u00edm dru\u017eice na dobu 12 let, ozna\u010den\u00ed (n\u00e1zev) programu: FILMCAFE<br \/>\nHUNGARY; z\u00e1kladn\u00ed programov\u00e1 specifikace: P\u0159ev\u00e1\u017en\u011b filmy uv\u00e1d\u011bn\u00e9 v kinech a ur\u010den\u00e9 pro televizi<br \/>\na m\u00e9n\u011b v\u00fdrazn\u011b minis\u00e9rie, seri\u00e1ly a r\u016fzn\u00e9 po\u0159ady souvisej\u00edc\u00ed s kinematografi\u00ed v\u0161ech \u017e\u00e1nr\u016f,<br \/>\nprodukovan\u00e9 hlavn\u011b ve Spojen\u00fdch st\u00e1tech americk\u00fdch a sekund\u00e1rn\u011b v Evrop\u011b, Asii a dal\u0161\u00edch \u010d\u00e1stech<br \/>\nsv\u011bta; \u010dasov\u00fd rozsah vys\u00edl\u00e1n\u00ed: 0:00-24:00 hod; v\u00fd\u010det st\u00e1t\u016f, na jejich\u017e \u00fazem\u00ed bude vys\u00edl\u00e1n\u00ed zcela nebo<br \/>\np\u0159ev\u00e1\u017en\u011b sm\u011b\u0159ov\u00e1no: Ma\u010farsko; hlavn\u00ed jazyk vys\u00edl\u00e1n\u00ed: ma\u010farsk\u00fd jazyk; v rozsahu dle \u017e\u00e1dosti<br \/>\ndoru\u010den\u00e9 dne 1. 12. 2023, RRTV\/14123\/2023-vac.<br \/>\n&#8211; Rada informuje podle \u00a7 18 odst. 6 z\u00e1kona \u010d. 231\/2001 Sb., regula\u010dn\u00ed org\u00e1n \u010dlensk\u00e9ho st\u00e1tu<br \/>\nEvropsk\u00e9 unie, na jeho\u017e \u00fazem\u00ed je televizn\u00ed vys\u00edl\u00e1n\u00ed zcela nebo p\u0159ev\u00e1\u017en\u011b sm\u011b\u0159ov\u00e1no, tj. Ma\u010farsko o<br \/>\nud\u011blen\u00ed licence spole\u010dnosti AMC Networks Central Europe s.r.o., I\u010cO: 27112501 se s\u00eddlem Pob\u0159e\u017en\u00ed<br \/>\n620\/3, Praha 8, 186 00, k televizn\u00edmu vys\u00edl\u00e1n\u00ed programu FILMCAFE HUNGARY \u0161\u00ed\u0159en\u00e9m<br \/>\nprost\u0159ednictv\u00edm dru\u017eice se z\u00e1kladn\u00ed programovou specifikac\u00ed: P\u0159ev\u00e1\u017en\u011b filmy uv\u00e1d\u011bn\u00e9 v kinech a<br \/>\nur\u010den\u00e9 pro televizi a m\u00e9n\u011b v\u00fdrazn\u011b minis\u00e9rie, seri\u00e1ly a r\u016fzn\u00e9 po\u0159ady souvisej\u00edc\u00ed s kinematografi\u00ed v\u0161ech<br \/>\n\u017e\u00e1nr\u016f, produkovan\u00e9 hlavn\u011b ve Spojen\u00fdch st\u00e1tech americk\u00fdch a sekund\u00e1rn\u011b v Evrop\u011b, Asii a dal\u0161\u00edch<br \/>\n\u010d\u00e1stech sv\u011bta.<br \/>\n&#8211; Rada ud\u011bluje provozovateli O2 TV s.r.o., I\u010c 039 98 380, se s\u00eddlem Za Brumlovkou 266\/2, Michle,<br \/>\n140 00 Praha 4, souhlas podle \u00a7 21 odst. 1 p\u00edsm. a) z\u00e1kona \u010d. 231\/2001 Sb., se zm\u011bnou skute\u010dnost\u00ed<br \/>\nuveden\u00fdch v \u017e\u00e1dosti o licenci, \u010d.j. RRTV\/3002\/2015-zem, spis. zn.: RRTV\/2015\/697\/zem, ze dne<br \/>\n25. srpna 2015, k provozov\u00e1n\u00ed televizn\u00edho vys\u00edl\u00e1n\u00ed programu O2TV Tenis \u0161\u00ed\u0159en\u00e9ho prost\u0159ednictv\u00edm<br \/>\nkabelov\u00fdch syst\u00e9m\u016f, a to zm\u011bnou ozna\u010den\u00ed n\u00e1zvu programu na Premier Sport 3 CZ, v rozsahu dle<br \/>\n\u017e\u00e1dosti doru\u010den\u00e9 dne 27. listopadu 2023 pod \u010d.j. RRTV\/13811\/2023-vra.<br \/>\n&#8211; Rada ud\u011bluje provozovateli O2 TV s.r.o., I\u010c 039 98 380, se s\u00eddlem Za Brumlovkou 266\/2, Michle,<br \/>\n140 00 Praha 4, souhlas podle \u00a7 21 odst. 1 p\u00edsm. a) a d) z\u00e1kona \u010d. 231\/2001 Sb., se zm\u011bnou<br \/>\nskute\u010dnost\u00ed uveden\u00fdch v \u017e\u00e1dosti o licenci, \u010d.j. RRTV\/14209\/2018-zem, spis. zn.:<br \/>\nRRTV\/2018\/544\/zem, ze dne 17. \u010dervence 2018, k provozov\u00e1n\u00ed televizn\u00edho vys\u00edl\u00e1n\u00ed programu O2TV<br \/>\nSport8 \u0161\u00ed\u0159en\u00e9ho prost\u0159ednictv\u00edm dru\u017eice, a to zm\u011bnou ozna\u010den\u00ed n\u00e1zvu programu na Premier Sport 3<br \/>\nSK a roz\u0161\u00ed\u0159en\u00edm v\u00fd\u010dtu st\u00e1t\u016f, na jejich\u017e \u00fazem\u00ed je vys\u00edl\u00e1n\u00ed programu zcela nebo p\u0159ev\u00e1\u017en\u011b sm\u011b\u0159ov\u00e1no,<br \/>\no Slovensko, v rozsahu dle \u017e\u00e1dosti doru\u010den\u00e9 dne 27. listopadu 2023 pod \u010d.j. RRTV\/13811\/2023-vra,<br \/>\nve zn\u011bn\u00ed dopln\u011bn\u00ed doru\u010den\u00e9ho dne 6. prosince 2023 pod \u010d.j. RRTV\/14295\/2023-vra.<br \/>\n&#8211; Rada na z\u00e1klad\u011b sv\u00e9 pravomoci dan\u00e9 ustanoven\u00edm \u00a7 5 odst. 1 p\u00edsm. d) z\u00e1kona \u010d. 231\/2001 Sb.,<br \/>\no provozov\u00e1n\u00ed rozhlasov\u00e9ho a televizn\u00edho vys\u00edl\u00e1n\u00ed a o zm\u011bn\u011b dal\u0161\u00edch z\u00e1kon\u016f, \u017e\u00e1d\u00e1 provozovatele<br \/>\nViacomCBS Networks International Czech s.r.o., I\u010c: 28970438, se s\u00eddlem Perlov\u00e1 371\/5, Star\u00e9<br \/>\nM\u011bsto, 110 00 Praha 1, o vysv\u011btlen\u00ed ve v\u011bci programu MTV Italy, \u0161\u00ed\u0159en\u00e9ho prost\u0159ednictv\u00edm dru\u017eice na<br \/>\nz\u00e1klad\u011b licence \u010d.j. RRTV\/2544\/2023-zil, sp.zn. RRTV\/2023\/103\/zil ze dne 21. \u00fanora 2023, a Comedy<br \/>\nCentral Italy, \u0161\u00ed\u0159en\u00e9ho prost\u0159ednictv\u00edm zvl\u00e1\u0161tn\u00edch p\u0159enosov\u00fdch syst\u00e9m\u016f na z\u00e1klad\u011b licence \u010d.j.<br \/>\nRRTV\/8295\/2023-blu, sp.zn. RRTV\/2023\/626\/blu ze dne 18. \u010dervence 2023, a to o sd\u011blen\u00ed informac\u00ed<br \/>\nt\u00fdkaj\u00edc\u00edch se jurisdik\u010dn\u00edch krit\u00e9ri\u00ed p\u0159edm\u011btn\u00fdch program\u016f.<br \/>\n&#8211; Rada na z\u00e1klad\u011b sv\u00e9 pravomoci dan\u00e9 ustanoven\u00edm \u00a7 5 odst. 1 p\u00edsm. d) z\u00e1kona \u010d. 231\/2001 Sb.,<br \/>\no provozov\u00e1n\u00ed rozhlasov\u00e9ho a televizn\u00edho vys\u00edl\u00e1n\u00ed a o zm\u011bn\u011b dal\u0161\u00edch z\u00e1kon\u016f (d\u00e1le jen &#8222;z\u00e1kon<br \/>\n\u010d. 231\/2001 Sb.&#8220;), \u017e\u00e1d\u00e1 spole\u010dnost PRAHA12.com s.r.o., I\u010c: 04700813, se s\u00eddlem Z\u00e1ti\u0161sk\u00e1 1914\/1,<br \/>\nMod\u0159any, 143 00 Praha 4, o vysv\u011btlen\u00ed toho, pro\u010d na internetov\u00fdch str\u00e1nk\u00e1ch spole\u010dnosti nab\u00edz\u00ed<br \/>\nposkytov\u00e1n\u00ed dopl\u0148kov\u00e9 slu\u017eby ozna\u010den\u00e9 jako &#8222;Televize&#8220;, kdy by se v dan\u00e9m p\u0159\u00edpad\u011b mohlo jednat o<br \/>\nprovozov\u00e1n\u00ed p\u0159evzat\u00e9ho vys\u00edl\u00e1n\u00ed ve smyslu ustanoven\u00ed \u00a7 2 odst. 1 p\u00edsm. b) z\u00e1kona \u010d. 231\/2001 Sb.<br \/>\n&#8211; Rada registruje provozovateli, spole\u010dnosti Prague Digital TV s.r.o., I\u010c: 289 91 800, se s\u00eddlem<br \/>\nOrtenovo n\u00e1m\u011bst\u00ed 1571\/15a, Hole\u0161ovice, 170 00 Praha 7, zm\u011bnu skute\u010dnost\u00ed uveden\u00fdch v \u017e\u00e1dostech<br \/>\no registraci, sp.zn. 2012\/767\/sve\/adm, \u010d.j. sve\/4200\/2012 ze dne 30. listopadu 2012, podle \u00a7 29<br \/>\nodst. 1 p\u00edsm. a) z\u00e1kona \u010d. 231\/2001 Sb., spo\u010d\u00edvaj\u00edc\u00ed v zm\u011bn\u011b seznamu spole\u010dn\u00edk\u016f, ke kter\u00e9 dojde<br \/>\np\u0159evodem 33,5% obchodn\u00edho pod\u00edlu ve v\u00fd\u0161i vkladu 67 000,- K\u010d ve spole\u010dnosti Prague Digital TV<br \/>\ns.r.o., I\u010c: 289 91 800, ze spole\u010dnosti MEDIAPOLI GROUP s.r.o., I\u010c: 286 03 982, se s\u00eddlem Ostrava<br \/>\n5<br \/>\n&#8211; Mari\u00e1nsk\u00e9 Hory, 28. \u0159\u00edjna 68\/16- Mari\u00e1nsk\u00e9 Hory, 28. \u0159\u00edjna 68\/165, PS\u010c 709 00,<\/p>\n<p>a v p\u0159evodu 66,5% obchodn\u00edho pod\u00edlu ve v\u00fd\u0161i vkladu<br \/>\n133 000,- K\u010d v t\u00e9\u017ee spole\u010dnosti z pana Ing. Pavla Frombergera a to v obou p\u0159\u00edpadech na spole\u010dnost<br \/>\n\u010cesk\u00e9 Radiokomunikace a.s., I\u010c: 247 38 875, se s\u00eddlem Skokansk\u00e1 2117\/1, B\u0159evnov, 169 00 Praha<br \/>\n6, dle ozn\u00e1men\u00ed ze dne 11. prosince 2023, \u010d.j. RRTV\/14595\/2023-vra.<br \/>\n&#8211; Rada se dle ustanoven\u00ed \u00a7 29 odst. 3 z\u00e1kona \u010d. 231\/2001 Sb. sezn\u00e1mila s ozn\u00e1men\u00edm<br \/>\nprovozovatele p\u0159evzat\u00e9ho vys\u00edl\u00e1n\u00ed \u0161\u00ed\u0159en\u00e9ho prost\u0159ednictv\u00edm kabelov\u00fdch syst\u00e9m\u016f, ANTIK Telecom CZ<br \/>\ns.r.o., I\u010c: 24823341, se s\u00eddlem: n\u00e1m\u011bst\u00ed Tov\u00e1rn\u00ed 1112, Chrudim, 537 01, o zm\u011bn\u011b ostatn\u00edch<br \/>\nskute\u010dnost\u00ed uveden\u00fdch v p\u0159ihl\u00e1\u0161ce k registraci sp. zn. 2016\/110\/SMU\/Tan, \u010d.j. RRTV\/1059\/2016-SMU<br \/>\nze dne 5. dubna 2016, spo\u010d\u00edvaj\u00edc\u00edm v roz\u0161\u00ed\u0159en\u00ed programov\u00e9 nab\u00eddky o jeden \u010desk\u00fd televizn\u00ed program<br \/>\na t\u0159i zahrani\u010dn\u00ed televizn\u00ed programy; d\u00e1le v rozsahu dal\u0161\u00edch informac\u00ed, uveden\u00fdch v pod\u00e1n\u00ed \u010d.j.<br \/>\nRRTV\/14209\/2023-vra doru\u010den\u00e9m dne 4. prosince 2023.- Rada se sezn\u00e1mila s n\u00e1sleduj\u00edc\u00edmi<br \/>\npod\u00e1n\u00edmi k obsahu televizn\u00edch program\u016f doru\u010den\u00fdmi od 24. listopadu do 7. prosince 2023 (celkem<br \/>\n19 pod\u00e1n\u00ed): Barrandov Televizn\u00ed Studio a.s. \/ Televize Barrandov &#8211; PP v r\u016fzn\u00fdch po\u0159adech; Barrandov<br \/>\nTelevizn\u00ed Studio a.s. \/ Televize Barrandov &#8211; PP v po\u0159adu T\u00fdden podle Jarom\u00edra Soukupa; ViacomCBS<br \/>\nNetworks International Czech s.r.o. \/ MTV France &#8211; show Frenchie Shore, 11. listopadu 2023 od 23:00<br \/>\nhodin a 12. listopadu 2023 od 0:00 hodin; AMC Networks Central Europe s.r.o. \/ FILM CAFE &#8211; Great<br \/>\nWhite, 13. \u0159\u00edjna 2023 od 14:07 hodin; Nezn\u00e1m\u00fd poskytovatel \/ kukaj.io &#8211; autorsk\u00e1 pr\u00e1va, ochrana<br \/>\nnezletil\u00fdch; \u010cesk\u00e1 televize &#8211; informov\u00e1n\u00ed o Metropolitn\u00edm spo\u0159iteln\u00edm dru\u017estvu\/Report\u00e9\u0159i \u010cT,<br \/>\n6.11.2023; \u010cesk\u00e1 televize \/ \u010cT1 &#8211; Ud\u00e1losti, 29. \u0159\u00edjna 2023 od 19:00 hodin, report\u00e1\u017e o slavnostn\u00edm aktu<br \/>\nk 28. \u0159\u00edjnu; TV Nova s r.o. \/ NOVA &#8211; Hlasitost reklamn\u00edch blok\u016f p\u0159i vys\u00edl\u00e1n\u00ed po\u0159adu Ulice; HP TRONIC<br \/>\nZl\u00edn, spol. s.r.o. \/ Prima, NOVA &#8211; reklama DATART; \u010cesk\u00e1 televize \/ \u010cT1 &#8211; Ud\u00e1losti &#8211; Den<br \/>\nodbor\u00e1\u0159sk\u00fdch protest\u016f, 27. 11. 2023 od 19:00 hod.; \u010cesk\u00e1 televize \/ www.ceskatelevize.cz &#8211; P\u00e9\u010de o<br \/>\ndu\u0161i 4\/9 (Marie v hlav\u011b); \u010cesk\u00e1 televize \/ \u010cT2 &#8211; Reprodukce 2.0, 28. 11. 2023 od 20:56 hod.; R\u016fzn\u00ed<br \/>\nprovozovatel\u00e9 &#8211; st\u00ed\u017enosti na obchodn\u00ed sd\u011blen\u00ed spole\u010dnosti Albert \u010cesk\u00e1 republika, s.r.o.; \u010cesk\u00e1<br \/>\ntelevize \/ \u010cT1 &#8211; StarDance XII: 7. sout\u011b\u017en\u00ed ve\u010der, 25. 11. 2023 od 20:10 hod.; FTV Prima, spol. s r.o.<br \/>\n\/ CNN Prima News &#8211; K v\u011bci, 5. 12. 2023 od 12:30 hod.; flowdata s.r.o. &#8211; Ulo\u017e.to Live; TV Nova s.r.o. \/<br \/>\nTN Live &#8211; p\u0159\u00edm\u00fd p\u0159enos ze soudn\u00ed s\u00edn\u011b, 2. 11. 2023 od 9:07 hod.; Obecn\u00e9 &#8211; informov\u00e1n\u00ed o Ficovi;<br \/>\n\u010cesk\u00e1 televize \/ \u010cT24 &#8211; Newsroom \u010cT24, 3. 12. 2023 od 22:10 hodin, objektivita a vyv\u00e1\u017eenost.<br \/>\n&#8211; Rada v r\u00e1mci sv\u00e9 kompetence dan\u00e9 \u00a7 5 odst. 1 p\u00edsm. a) a f) z\u00e1kona \u010d. 231\/2001 Sb., o<br \/>\nprovozov\u00e1n\u00ed rozhlasov\u00e9ho a televizn\u00edho vys\u00edl\u00e1n\u00ed a o zm\u011bn\u011b dal\u0161\u00edch z\u00e1kon\u016f, v platn\u00e9m zn\u011bn\u00ed a v<br \/>\nsouladu s ustanoven\u00edm \u00a7 137 odst. 1 z\u00e1kona \u010d. 500\/2004 Sb., spr\u00e1vn\u00ed \u0159\u00e1d, \u017e\u00e1d\u00e1 provozovatele<br \/>\nBarrandov Televizn\u00ed Studio a.s., I\u010c: 41693311, s\u00eddlem: K\u0159\u00ed\u017eeneck\u00e9ho n\u00e1m\u011bst\u00ed 322\/5, Praha 5, PS\u010c<br \/>\n152 00, o pod\u00e1n\u00ed vysv\u011btlen\u00ed, jak\u00fd produkt byl um\u00edst\u011bn\u00fdm produktem v po\u0159adech T\u00fdden podle Jarom\u00edra<br \/>\nSoukupa, ze dne 23. listopadu 2023 od 21:52 hodin, Nebezpe\u010dn\u00e9 vztahy s Honzou Musilem, ze dne<br \/>\n30. listopadu 2023 od 17:35 hodin a Nebezpe\u010dn\u00e9 vztahy s Honzou Musilem, ze dne 30. listopadu<br \/>\n2023 od 19:22 hodin na programu Televize Barrandov. Rada stanovuje lh\u016ftu k pod\u00e1n\u00ed vysv\u011btlen\u00ed 30<br \/>\ndn\u00ed ode dne doru\u010den\u00ed t\u00e9to v\u00fdzvy.<br \/>\n&#8211; Rada v r\u00e1mci sv\u00e9 kompetence dan\u00e9 \u00a7 5 odst. 1 p\u00edsm. a) a f) z\u00e1kona \u010d. 231\/2001 Sb., o<br \/>\nprovozov\u00e1n\u00ed rozhlasov\u00e9ho a televizn\u00edho vys\u00edl\u00e1n\u00ed a o zm\u011bn\u011b dal\u0161\u00edch z\u00e1kon\u016f, v platn\u00e9m zn\u011bn\u00ed a v<br \/>\nsouladu s ustanoven\u00edm \u00a7 137 odst. 1 z\u00e1kona \u010d. 500\/2004 Sb., spr\u00e1vn\u00ed \u0159\u00e1d, \u017e\u00e1d\u00e1 provozovatele<br \/>\nBarrandov Televizn\u00ed Studio a.s., I\u010c: 41693311, s\u00eddlem: K\u0159\u00ed\u017eeneck\u00e9ho n\u00e1m\u011bst\u00ed 322\/5, Praha 5, PS\u010c<br \/>\n152 00, o pod\u00e1n\u00ed vysv\u011btlen\u00ed, na z\u00e1klad\u011b jak\u00e9ho smluvn\u00edho ujedn\u00e1n\u00ed byl v po\u0159adu Na plac!,<br \/>\nodvys\u00edlan\u00e9m dne 1. prosince 2023 od 1:19 hodin na programu Televize Barrandov, prezentov\u00e1n<br \/>\nprodukt Pali\u010dkou pra\u0161t\u011bn\u00e1 kucha\u0159ka. Rada stanovuje lh\u016ftu k pod\u00e1n\u00ed vysv\u011btlen\u00ed 30 dn\u00ed ode dne<br \/>\ndoru\u010den\u00ed t\u00e9to v\u00fdzvy.<br \/>\n&#8211; Rada v r\u00e1mci sv\u00e9 p\u016fsobnosti dan\u00e9 ustanoven\u00edm \u00a7 5 odst. 1 p\u00edsm. a) a f) a \u00a7 59 odst. 1-3 z\u00e1kona<br \/>\n\u010d. 231\/2001 Sb., o provozov\u00e1n\u00ed rozhlasov\u00e9ho a televizn\u00edho vys\u00edl\u00e1n\u00ed a o zm\u011bn\u011b dal\u0161\u00edch z\u00e1kon\u016f, v<br \/>\nplatn\u00e9m zn\u011bn\u00ed, upozor\u0148uje provozovatele Barrandov Televizn\u00ed Studio a.s., I\u010c 41693311, s\u00eddlem<br \/>\nK\u0159\u00ed\u017eeneck\u00e9ho n\u00e1m\u011bst\u00ed 322\/5, Praha 5, PS\u010c 152 00, na poru\u0161en\u00ed ustanoven\u00ed \u00a7 53a odst. 3 z\u00e1kona<br \/>\n\u010d. 231\/2001 Sb., kter\u00e9ho se dopustil odvys\u00edl\u00e1n\u00edm po\u0159ad\u016f s um\u00edst\u011bn\u00edm produktu na programu Televize<br \/>\nBarrandov, a to po\u0159ad\u016f Kv\u00edz o na\u0161em \u010cesku, ze dne 30. listopadu 2023 od 17:02 hodin<\/p>\n<p>(po\u0159ad byjako\u017eto po\u0159ad obsahuj\u00edc\u00ed um\u00edst\u011bn\u00ed produktu ozna\u010den jen na sv\u00e9m za\u010d\u00e1tku, po p\u0159eru\u0161en\u00ed reklamou a<br \/>\nna konci po\u0159adu ozna\u010den\u00ed chyb\u011blo) a Kv\u00edz Jarom\u00edra Soukupa, ze dne 30. listopadu 2023 od 22:19<br \/>\nhodin (po\u0159ad byl jako\u017eto po\u0159ad obsahuj\u00edc\u00ed um\u00edst\u011bn\u00ed produktu ozna\u010den na sv\u00e9m za\u010d\u00e1tku a na sv\u00e9m<br \/>\nkonci, po p\u0159eru\u0161en\u00ed reklamou ozna\u010den\u00ed chyb\u011blo). Po\u0159ady obsahuj\u00edc\u00ed um\u00edst\u011bn\u00ed produktu musej\u00ed b\u00fdt na<br \/>\nza\u010d\u00e1tku, na konci a v p\u0159\u00edpad\u011b p\u0159eru\u0161en\u00ed reklamou nebo teleshoppingov\u00fdmi \u0161oty rovn\u011b\u017e po tomto<br \/>\np\u0159eru\u0161en\u00ed z\u0159eteln\u011b ozna\u010deny jako po\u0159ady obsahuj\u00edc\u00ed um\u00edst\u011bn\u00ed produktu, aby div\u00e1ci nemohli b\u00fdt<br \/>\n\u017e\u00e1dn\u00fdm zp\u016fsobem uvedeni v omyl o povaze t\u011bchto po\u0159ad\u016f. Rada stanovuje lh\u016ftu k n\u00e1prav\u011b 7 dn\u016f od<br \/>\ndoru\u010den\u00ed upozorn\u011bn\u00ed.<br \/>\n&#8211; Rada v r\u00e1mci sv\u00e9 kompetence dan\u00e9 \u00a7 5 odst. 1 p\u00edsm. a) a f) z\u00e1kona \u010d. 231\/2001 Sb., o<br \/>\nprovozov\u00e1n\u00ed rozhlasov\u00e9ho a televizn\u00edho vys\u00edl\u00e1n\u00ed a o zm\u011bn\u011b dal\u0161\u00edch z\u00e1kon\u016f, v platn\u00e9m zn\u011bn\u00ed a v<br \/>\nsouladu s ustanoven\u00edm \u00a7 137 odst. 1 z\u00e1kona \u010d. 500\/2004 Sb., spr\u00e1vn\u00ed \u0159\u00e1d, \u017e\u00e1d\u00e1 provozovatele<br \/>\nBarrandov Televizn\u00ed Studio a.s., I\u010c: 41693311, s\u00eddlem: K\u0159\u00ed\u017eeneck\u00e9ho n\u00e1m\u011bst\u00ed 322\/5, Praha 5, PS\u010c<br \/>\n152 00, o pod\u00e1n\u00ed vysv\u011btlen\u00ed, z jak\u00e9ho d\u016fvodu bylo vyd\u00e1n\u00ed po\u0159adu T\u00fdden podle Jarom\u00edra Soukupa, ze<br \/>\ndne 16. listopadu 2023 od 21:55 hodin na programu Televize Barrandov ozna\u010deno symbolem<br \/>\num\u00edst\u011bn\u00ed produktu, kdy\u017e stejn\u00e9 vyd\u00e1n\u00ed po\u0159adu dne 21. listopadu od 21:53 hodin na stejn\u00e9m programu<br \/>\nozna\u010den\u00ed um\u00edst\u011bn\u00ed produktu neobsahovalo. Rada stanovuje lh\u016ftu k pod\u00e1n\u00ed vysv\u011btlen\u00ed 30 dn\u00ed ode dne<br \/>\ndoru\u010den\u00ed t\u00e9to v\u00fdzvy.<br \/>\n&#8211; Rada v r\u00e1mci sv\u00e9 kompetence dan\u00e9 ustanoven\u00edm \u00a7 5 odst. 1 p\u00edsm. a) z\u00e1kona \u010d. 231\/2001 Sb.,<br \/>\no provozov\u00e1n\u00ed rozhlasov\u00e9ho a televizn\u00edho vys\u00edl\u00e1n\u00ed a o zm\u011bn\u011b dal\u0161\u00edch z\u00e1kon\u016f a na z\u00e1klad\u011b \u010dl. 4 odst. 2<br \/>\nSM\u011aRNICE EVROPSK\u00c9HO PARLAMENTU A RADY (EU) 2018\/1808 ze dne 14. listopadu 2018,<br \/>\nkterou se m\u011bn\u00ed sm\u011brnice 2010\/13\/EU o koordinaci n\u011bkter\u00fdch pr\u00e1vn\u00edch a spr\u00e1vn\u00edch p\u0159edpis\u016f \u010dlensk\u00fdch<br \/>\nst\u00e1t\u016f upravuj\u00edc\u00edch poskytov\u00e1n\u00ed audiovizu\u00e1ln\u00edch medi\u00e1ln\u00edch slu\u017eeb (sm\u011brnice o audiovizu\u00e1ln\u00edch<br \/>\nmedi\u00e1ln\u00edch slu\u017eb\u00e1ch) vyz\u00fdv\u00e1 provozovatele ViacomCBS Networks International Czech s.r.o., I\u010c<br \/>\n28970438, s\u00eddlem Perlov\u00e1 371\/5, Star\u00e9 M\u011bsto, 110 00 Praha, jako\u017eto provozovatele programu MTV<br \/>\nFrance, sm\u011brovan\u00e9ho mj. na \u00fazem\u00ed Francie a vys\u00edlan\u00e9ho na z\u00e1klad\u011b rozhodnut\u00ed Rady ze dne<br \/>\n28. \u010dervna 2022 o ud\u011blen\u00ed licence k provozov\u00e1n\u00ed televizn\u00edho vys\u00edl\u00e1n\u00ed \u0161\u00ed\u0159en\u00e9ho prost\u0159ednictv\u00edm<br \/>\nzvl\u00e1\u0161tn\u00edch p\u0159enosov\u00fdch syst\u00e9m\u016f (sp. zn. RRTV\/2022\/643\/fia), k dodr\u017eov\u00e1n\u00ed p\u0159\u00edsn\u011bj\u0161\u00edch pravidel<br \/>\nobecn\u00e9ho ve\u0159ejn\u00e9ho z\u00e1jmu formulovan\u00fdch pr\u00e1vn\u00edm \u0159\u00e1dem Francouzsk\u00e9 republiky v souvislosti s<br \/>\npo\u0159ady, kter\u00e9 se nedoporu\u010duj\u00ed pro osoby mlad\u0161\u00ed 18 let, k \u010demu\u017e nedo\u0161lo p\u0159i vys\u00edl\u00e1n\u00ed po\u0159adu Frenchie<br \/>\nShore nap\u0159. dne 11. listopadu 2023 od 23:00 hodin.<br \/>\n&#8211; Rada v r\u00e1mci sv\u00e9 kompetence dan\u00e9 ustanoven\u00edm \u00a7 5 odst. 1 p\u00edsm. a) z\u00e1kona \u010d. 231\/2001 Sb.,<br \/>\no provozov\u00e1n\u00ed rozhlasov\u00e9ho a televizn\u00edho vys\u00edl\u00e1n\u00ed a o zm\u011bn\u011b dal\u0161\u00edch z\u00e1kon\u016f a na z\u00e1klad\u011b \u010dl. 4 odst. 2<br \/>\nSM\u011aRNICE EVROPSK\u00c9HO PARLAMENTU A RADY (EU) 2018\/1808 ze dne 14. listopadu 2018,<br \/>\nkterou se m\u011bn\u00ed sm\u011brnice 2010\/13\/EU o koordinaci n\u011bkter\u00fdch pr\u00e1vn\u00edch a spr\u00e1vn\u00edch p\u0159edpis\u016f \u010dlensk\u00fdch<br \/>\nst\u00e1t\u016f upravuj\u00edc\u00edch poskytov\u00e1n\u00ed audiovizu\u00e1ln\u00edch medi\u00e1ln\u00edch slu\u017eeb (sm\u011brnice o audiovizu\u00e1ln\u00edch<br \/>\nmedi\u00e1ln\u00edch slu\u017eb\u00e1ch) vyz\u00fdv\u00e1 provozovatele AMC Networks Central Europe s.r.o., I\u010c 27112501,<br \/>\ns\u00eddlem Pob\u0159e\u017en\u00ed 620\/3, Praha, PS\u010c 186 00, jako\u017eto provozovatele programu FILM CAFE,<br \/>\nsm\u011brovan\u00e9ho na \u00fazem\u00ed Ma\u010farska a vys\u00edlan\u00e9ho na z\u00e1klad\u011b rozhodnut\u00ed Rady ze dne 3. ledna 2012 o<br \/>\nud\u011blen\u00ed licence k provozov\u00e1n\u00ed televizn\u00edho vys\u00edl\u00e1n\u00ed \u0161\u00ed\u0159en\u00e9ho prost\u0159ednictv\u00edm dru\u017eice (\u010d. j. FIA\/76\/2012,<br \/>\nspis. zn. 2011\/1052\/FIA\/Che), k dodr\u017eov\u00e1n\u00ed p\u0159\u00edsn\u011bj\u0161\u00edch pravidel obecn\u00e9ho ve\u0159ejn\u00e9ho z\u00e1jmu<br \/>\nformulovan\u00fdch pr\u00e1vn\u00edm \u0159\u00e1dem Ma\u010farska, konkr\u00e9tn\u011b ve v\u011bci za\u0159azov\u00e1n\u00ed ma\u010farsk\u00fdch symbol\u016f v\u011bkov\u00e9<br \/>\nklasifikace, k \u010demu\u017e nedo\u0161lo v souvislosti s odvys\u00edl\u00e1n\u00edm po\u0159adu A nagy feh\u00e9r (Velk\u00fd b\u00edl\u00fd\/Great White)<br \/>\ndne 13. \u0159\u00edjna 2023 od 14:07 hodin na programu FILM CAFE (Ma\u010farsko).<br \/>\n&#8211; Rada postupuje pod\u00e1n\u00ed \u010d. j. RRTV\/13455\/2023-vra Rad\u011b pre medi\u00e1lne slu\u017eby.<br \/>\n&#8211; Rada se sezn\u00e1mila s monitoringem vys\u00edl\u00e1n\u00ed programu PRAHA TV provozovatele PRAHA TV<br \/>\ns. r. o. ve dnech 28. a 29. srpna 2023.<br \/>\n&#8211; Rada se sezn\u00e1mila s anal\u00fdzou z\u00e1znamu vys\u00edl\u00e1n\u00ed programu MTV France provozovatele<br \/>\nViacomCBS Networks International Czech s.r.o ze dne 2. 10. 2023 od 12:00 do 24:00 hodin.<\/p>\n<p>Rada se sezn\u00e1mila s anal\u00fdzou z\u00e1znamu vys\u00edl\u00e1n\u00ed programu \u010cT \ud83d\ude00 ze dne 23. listopadu 2023 v<br \/>\n\u010dase od 12:00 do 20:00 hodin a \u010cT art ze dne 23. listopadu 2023 v \u010dase od 20:00 do 24:00 hodin<br \/>\nprovozovatele \u010cesk\u00e1 televize.<br \/>\n&#8211; Rada se sezn\u00e1mila s anal\u00fdzou z\u00e1znamu vys\u00edl\u00e1n\u00ed programu \u00d3\u010dko Expres provozovatele<br \/>\nStanice O, a.s. ze dne 20. \u0159\u00edjna 2023 v \u010dasov\u00e9m \u00faseku od 12:00 do 24:00 hodin.<br \/>\n&#8211; Rada se sezn\u00e1mila s v\u00fdsledky anal\u00fdzy obchodn\u00edch sd\u011blen\u00ed za m\u011bs\u00edc srpen 2023.<br \/>\n&#8211; Rada v r\u00e1mci sv\u00e9 p\u016fsobnosti dan\u00e9 ustanoven\u00edm \u00a7 5 odst. 1 p\u00edsm. a) a f) a \u00a7 59 odst. 1-3 z\u00e1kona<br \/>\n\u010d. 231\/2001 Sb., o provozov\u00e1n\u00ed rozhlasov\u00e9ho a televizn\u00edho vys\u00edl\u00e1n\u00ed a o zm\u011bn\u011b dal\u0161\u00edch z\u00e1kon\u016f, v<br \/>\nplatn\u00e9m zn\u011bn\u00ed, upozor\u0148uje provozovatele TV Nova s.r.o., I\u010c: 45800456, se s\u00eddlem Praha 5,<br \/>\nK\u0159\u00ed\u017eeneck\u00e9ho n\u00e1m. 1078\/5, PS\u010c 15200, na poru\u0161en\u00ed ustanoven\u00ed \u00a7 49 odst. 1 p\u00edsm. c) z\u00e1kona<br \/>\n\u010d. 231\/2001 Sb., kter\u00e9ho se dopustil t\u00edm, \u017ee dne 24. srpna 2023 v \u010dase 21:41 hodin na programu<br \/>\nNOVA odvys\u00edlal ozn\u00e1men\u00ed sponzora po\u0159adu s motivem e-kondomy.cz, kter\u00e9 bylo obchodn\u00edm<br \/>\nsd\u011blen\u00edm obsahuj\u00edc\u00edm propagaci internetov\u00e9ho obchodu E-kondomy (www.e-kondomy.cz), kter\u00fd se<br \/>\nzam\u011b\u0159uje na prodej erotick\u00e9ho sortimentu, zejm\u00e9na pak erotick\u00fdch v\u00fdrobk\u016f (erotick\u00e1 pom\u016fcka<br \/>\nsou\u010d\u00e1st\u00ed obrazu; koment\u00e1\u0159: \u201eV\u0161echny erotick\u00e9 hra\u010dky, to jsme my. E-kondomy c\u00e9 zet.\u201c), \u010d\u00edm\u017e poru\u0161il<br \/>\npovinnost zajistit, aby obchodn\u00ed sd\u011blen\u00ed t\u00fdkaj\u00edc\u00ed se erotick\u00fdch slu\u017eeb, erotick\u00fdch v\u00fdrobk\u016f a hum\u00e1nn\u00edch<br \/>\nl\u00e9\u010div\u00fdch p\u0159\u00edpravk\u016f nebo dopl\u0148k\u016f stravy na podporu sexu\u00e1ln\u00ed v\u00fdkonnosti nebyly za\u0159azov\u00e1ny do vys\u00edl\u00e1n\u00ed<br \/>\nv dob\u011b od 06.00 hodin do 22.00 hodin. Rada stanovuje lh\u016ftu k n\u00e1prav\u011b 7 dn\u00ed ode dne doru\u010den\u00ed<br \/>\nupozorn\u011bn\u00ed.<br \/>\n&#8211; Rada se sezn\u00e1mila s podan\u00fdm vysv\u011btlen\u00edm provozovatele FILM EUROPE, s.r.o., I\u010c 28922921,<br \/>\ns\u00eddlem V j\u00e1m\u011b 699\/1, Praha 1, PS\u010c 11000, z jak\u00e9ho d\u016fvodu v r\u00e1mci p\u0159edlo\u017een\u00e9ho Zav\u00e1d\u011bc\u00edho pl\u00e1nu<br \/>\nzp\u0159\u00edstup\u0148ov\u00e1n\u00ed televizn\u00edch po\u0159ad\u016f pro osoby se sluchov\u00fdm posti\u017een\u00edm a osoby se zrakov\u00fdm<br \/>\nposti\u017een\u00edm na obdob\u00ed ode dne 1. \u010dervence 2023 do dne 30. \u010dervna 2025 pro programy Film Europe<br \/>\na Film Europe +, deklaroval z\u00e1vazky zp\u0159\u00edstupn\u011bn\u00ed po\u0159ad\u016f pro osoby se sluchov\u00fdm a osoby se<br \/>\nzrakov\u00fdm posti\u017een\u00edm pouze pro prvn\u00ed rok hodnocen\u00e9ho obdob\u00ed (1.7.2023 &#8211; 30.6.2024)<br \/>\n&#8211; Rada se sezn\u00e1mila s p\u0159edlo\u017een\u00fdm Zav\u00e1d\u011bc\u00edm pl\u00e1nem zp\u0159\u00edstup\u0148ov\u00e1n\u00ed televizn\u00edch po\u0159ad\u016f pro<br \/>\nosoby se sluchov\u00fdm posti\u017een\u00edm a osoby se zrakov\u00fdm posti\u017een\u00edm provozovatele FILM EUROPE,<br \/>\ns.r.o., pro programy Film Europe a Film Europe +, na druh\u00fd rok hodnocen\u00e9ho obdob\u00ed (1.7.2024 &#8211;<br \/>\n30.6.2025) doru\u010den\u00e9ho Rad\u011b dne 14.11.2023 pod \u010d.j. RRTV\/13291\/2023-vra.<br \/>\n&#8211; Rada se sezn\u00e1mila s podan\u00fdm vysv\u011btlen\u00edm provozovatele JTV a.s., I\u010c 25156527, s\u00eddlem<br \/>\nK\u0159i\u017e\u00edkova 1696, \u010cesk\u00e9 Bud\u011bjovice, PS\u010c 37001, z jak\u00e9ho d\u016fvodu na p\u00edsemnou v\u00fdzvu Rady nep\u0159edlo\u017eil<br \/>\nZav\u00e1d\u011bc\u00ed pl\u00e1n zp\u0159\u00edstup\u0148ov\u00e1n\u00ed televizn\u00edch po\u0159ad\u016f pro osoby se sluchov\u00fdm posti\u017een\u00edm a osoby se<br \/>\nzrakov\u00fdm posti\u017een\u00edm na obdob\u00ed ode dne 1. \u010dervence 2023 do dne 30. \u010dervna 2025, pro program<br \/>\nJiho\u010desk\u00e1 televize (\u201eJTV\u201c), jak ukl\u00e1d\u00e1 ustanoven\u00ed \u00a7 16 odst. 10 z\u00e1kona \u010d. 242\/2022 Sb., o slu\u017eb\u00e1ch<br \/>\nplatforem pro sd\u00edlen\u00ed videonahr\u00e1vek.<br \/>\n&#8211; Rada se sezn\u00e1mila s p\u0159edlo\u017een\u00fdm Zav\u00e1d\u011bc\u00edm pl\u00e1nem zp\u0159\u00edstup\u0148ov\u00e1n\u00ed televizn\u00edch po\u0159ad\u016f pro<br \/>\nosoby se sluchov\u00fdm posti\u017een\u00edm a osoby se zrakov\u00fdm posti\u017een\u00edm provozovatele JTV, a. s., pro<br \/>\nprogram Jiho\u010desk\u00e1 televize (\u201eJTV\u201c) na obdob\u00ed od 1. \u010dervence 2023 do 30. \u010dervna 2025, doru\u010den\u00e9ho<br \/>\nRad\u011b dne 15.11.2023 pod \u010d.j.: RRTV\/13313\/2023-vra.<br \/>\n&#8211; Rada se sezn\u00e1mila s podan\u00fdm vysv\u011btlen\u00edm provozovatele Brno TV, s.r.o., I\u010c 06191941, s\u00eddlem<br \/>\nMoravsk\u00e9 n\u00e1m\u011bst\u00ed 127\/3, Brno, PS\u010c 60200, z jak\u00e9ho d\u016fvodu na p\u00edsemnou v\u00fdzvu Rady nep\u0159edlo\u017eil<br \/>\nZav\u00e1d\u011bc\u00ed pl\u00e1n zp\u0159\u00edstup\u0148ov\u00e1n\u00ed televizn\u00edch po\u0159ad\u016f pro osoby se sluchov\u00fdm posti\u017een\u00edm a osoby se<br \/>\nzrakov\u00fdm posti\u017een\u00edm na obdob\u00ed ode dne 1. \u010dervence 2023 do dne 30. \u010dervna 2025, pro program TV<br \/>\nBRNO 1, jak ukl\u00e1d\u00e1 ustanoven\u00ed \u00a7 16 odst. 10 z\u00e1kona \u010d. 242\/2022 Sb., o slu\u017eb\u00e1ch platforem pro sd\u00edlen\u00ed<br \/>\nvideonahr\u00e1vek.<br \/>\n&#8211; Rada se sezn\u00e1mila s p\u0159edlo\u017een\u00fdm Zav\u00e1d\u011bc\u00edm pl\u00e1nem zp\u0159\u00edstup\u0148ov\u00e1n\u00ed televizn\u00edch po\u0159ad\u016f pro<br \/>\nosoby se sluchov\u00fdm posti\u017een\u00edm a osoby se zrakov\u00fdm posti\u017een\u00edm provozovatele Brno TV, s.r.o., pro<br \/>\nprogram TV BRNO 1 na obdob\u00ed od 1. \u010dervence 2023 do 30. \u010dervna 2025, doru\u010den\u00e9ho Rad\u011b dne<br \/>\n15.11.2023 pod \u010d.j.: RRTV\/13329\/2023-vra.- Rada se sezn\u00e1mila s podan\u00fdm vysv\u011btlen\u00edm provozovatele<\/p>\n<p>KATRO SERVIS, spol. s r.o., ohledn\u011b<br \/>\nposkytnut\u00fdch z\u00e1znam\u016f vys\u00edl\u00e1n\u00ed program\u016f Info-kan\u00e1l Horn\u00ed Brann\u00e1, Info-kan\u00e1l Horn\u00ed Po\u010daply,<br \/>\nKoberovsk\u00fd zpravodaj, Info-kan\u00e1l Semily, Info-kan\u00e1l Bat\u0148ovice, Mar\u0161ovsk\u00fd zpravodaj, Info-kan\u00e1l<br \/>\nBene\u0161ov u Semil, Info-kan\u00e1l H\u00e1j ve Slezsku, Info-kan\u00e1l Rokytnice nad Jizerou, Infokan\u00e1l L\u00e1nov,<\/p>\n<p>Infokan\u00e1l Mokr\u00e9 Lazce, Info-kan\u00e1l Ok\u0159\u00ed\u0161ky, Info-kan\u00e1l P\u00ed\u0161\u0165, TKR T\u0159emo\u0161nice &#8211; informa\u010dn\u00ed kan\u00e1l m\u011bsta<br \/>\nT\u0159emo\u0161nice, TRIONET INFOKAN\u00c1L, Infokan\u00e1l v m\u011bstsk\u00e9 \u010d\u00e1sti Sidonie, Informa\u010dn\u00ed kan\u00e1l Mlad\u00e9 Buky<br \/>\na Infokan\u00e1l Ko\u0159enov.<br \/>\n&#8211; Rada se sezn\u00e1mila s anal\u00fdzou z\u00e1znam\u016f vys\u00edl\u00e1n\u00ed informa\u010dn\u00edch program\u016f Info-kan\u00e1l Bene\u0161ov u<br \/>\nSemil, Info-kan\u00e1l H\u00e1j ve Slezsku, Info-kan\u00e1l Rokytnice nad Jizerou, Info-kan\u00e1l Mokr\u00e9 Lazce, TRIONET<br \/>\nINFOKAN\u00c1L a Info-kan\u00e1l Horn\u00ed Brann\u00e1 provozovatele KATRO SERVIS, spol. s r.o. ze dn\u016f 4.-5.<br \/>\n\u010dervna 2023.<br \/>\n&#8211; Rada v r\u00e1mci sv\u00e9 p\u016fsobnosti dan\u00e9 ustanoven\u00edm \u00a7 5 odst. 1 p\u00edsm. a) a f) a \u00a7 59 odst. 1-3 z\u00e1kona<br \/>\n\u010d. 231\/2001 Sb., o provozov\u00e1n\u00ed rozhlasov\u00e9ho a televizn\u00edho vys\u00edl\u00e1n\u00ed a o zm\u011bn\u011b dal\u0161\u00edch z\u00e1kon\u016f, v<br \/>\nplatn\u00e9m zn\u011bn\u00ed, upozor\u0148uje provozovatele KATRO SERVIS, spol. s r.o., I\u010c: 15043355, s\u00eddlem:<br \/>\nPlyn\u00e1rensk\u00e1 671, Kol\u00edn, PS\u010c 280 02, na poru\u0161en\u00ed ustanoven\u00ed \u00a7 32 odst. 1 p\u00edsm. l) z\u00e1kona \u010d. 231\/2001<br \/>\nSb., kter\u00e9ho se dopustil t\u00edm, \u017ee na v\u00fdzvu Rady neposkytl z\u00e1znamy vys\u00edl\u00e1n\u00ed program\u016f Info-kan\u00e1l<br \/>\nL\u00e1nov, Info-kan\u00e1l Ok\u0159\u00ed\u0161ky, Info-kan\u00e1l P\u00ed\u0161\u0165 a Info-kan\u00e1l T\u0159emo\u0161nice z obdob\u00ed 4. &#8211; 5. \u010dervna 2023, \u010d\u00edm\u017e<br \/>\nprovozovatel poru\u0161il povinnost uchov\u00e1vat v odvys\u00edlan\u00e9 podob\u011b a v n\u00e1le\u017eit\u00e9 technick\u00e9 kvalit\u011b z\u00e1znamy<br \/>\nv\u0161ech po\u0159ad\u016f v\u010detn\u011b dal\u0161\u00edch \u010d\u00e1st\u00ed vys\u00edl\u00e1n\u00ed alespo\u0148 po dobu 30 dn\u016f ode dne jejich vys\u00edl\u00e1n\u00ed a na<br \/>\np\u00edsemnou v\u00fdzvu je zap\u016fj\u010dit Rad\u011b. Rada stanovuje lh\u016ftu k n\u00e1prav\u011b 30 dn\u00ed ode dne doru\u010den\u00ed tohoto<br \/>\nupozorn\u011bn\u00ed.<br \/>\n&#8211; Rada v r\u00e1mci sv\u00e9 p\u016fsobnosti dan\u00e9 ustanoven\u00edm \u00a7 5 odst. 1 p\u00edsm. a) a f) a \u00a7 59 odst. 1-3 z\u00e1kona<br \/>\n\u010d. 231\/2001 Sb., o provozov\u00e1n\u00ed rozhlasov\u00e9ho a televizn\u00edho vys\u00edl\u00e1n\u00ed a o zm\u011bn\u011b dal\u0161\u00edch z\u00e1kon\u016f, v<br \/>\nplatn\u00e9m zn\u011bn\u00ed, upozor\u0148uje provozovatele KATRO SERVIS, spol. s r.o., I\u010c: 15043355, s\u00eddlem:<br \/>\nPlyn\u00e1rensk\u00e1 671, Kol\u00edn, PS\u010c 280 02, na poru\u0161en\u00ed licen\u010dn\u00edch podm\u00ednek licence ze dne 19. b\u0159ezna<br \/>\n2002, \u010d. j. Ru\/80\/02\/1082, ve zn\u011bn\u00ed pozd\u011bj\u0161\u00edch zm\u011bn, k provozov\u00e1n\u00ed televizn\u00edho vys\u00edl\u00e1n\u00ed programu<br \/>\nInfo-kan\u00e1l v m\u011bstsk\u00e9 \u010d\u00e1sti SIDONIE, Info-kan\u00e1l Mlad\u00e9 Buky a Info-kan\u00e1l Ko\u0159enov, kter\u00e9ho se dopustil<br \/>\nt\u00edm, \u017ee z\u00fa\u017eil vys\u00edl\u00e1n\u00ed o tyto lokality, ani\u017e by po\u017e\u00e1dal Radu o p\u0159edchoz\u00ed souhlas se zm\u011bnou licen\u010dn\u00edch<br \/>\npodm\u00ednek, tak jak mu ukl\u00e1d\u00e1 ustanoven\u00ed \u00a7 21 odst. 1 z\u00e1kona \u010d. 231\/2001. Rada stanovuje lh\u016ftu k<br \/>\nn\u00e1prav\u011b 60 dn\u00ed ode dne doru\u010den\u00ed tohoto upozorn\u011bn\u00ed.<br \/>\n&#8211; Rada v r\u00e1mci sv\u00e9 p\u016fsobnosti dan\u00e9 ustanoven\u00edm \u00a7 5 odst. 1 p\u00edsm. a) a f) a \u00a7 59 odst. 1-3 z\u00e1kona<br \/>\n\u010d. 231\/2001 Sb., o provozov\u00e1n\u00ed rozhlasov\u00e9ho a televizn\u00edho vys\u00edl\u00e1n\u00ed a o zm\u011bn\u011b dal\u0161\u00edch z\u00e1kon\u016f, v<br \/>\nplatn\u00e9m zn\u011bn\u00ed, upozor\u0148uje provozovatele KATRO SERVIS, spol. s r.o., I\u010c: 15043355, s\u00eddlem:<br \/>\nPlyn\u00e1rensk\u00e1 671, Kol\u00edn, PS\u010c 280 02, na poru\u0161en\u00ed licen\u010dn\u00edch podm\u00ednek licence ze dne 19. b\u0159ezna<br \/>\n2002, \u010d. j. Ru\/80\/02\/1082, ve zn\u011bn\u00ed pozd\u011bj\u0161\u00edch zm\u011bn, k provozov\u00e1n\u00ed televizn\u00edho vys\u00edl\u00e1n\u00ed programu<br \/>\nInfo-kan\u00e1l Bat\u0148ovice, kter\u00e9ho se dopustil t\u00edm, \u017ee ve dnech 4.-5. \u010dervna 2023 odvys\u00edlal smy\u010dku o d\u00e9lce<br \/>\ncca 9:32 minut , a\u010dkoli podle platn\u00e9ho zn\u011bn\u00ed licen\u010dn\u00edch podm\u00ednek m\u00e1 smy\u010dka textov\u00e9ho zpravodajstv\u00ed<br \/>\ntrvat 30 minut, p\u0159i\u010dem\u017e tato smy\u010dka nebyla dopln\u011bna o obrazov\u00e9 zpravodajstv\u00ed, kter\u00e9 m\u00e1 b\u00fdt dle<br \/>\nlicence do vys\u00edl\u00e1n\u00ed za\u0159azov\u00e1no v rozsahu 60 minut dvakr\u00e1t denn\u011b. Rada stanovuje lh\u016ftu k n\u00e1prav\u011b<br \/>\n60 dn\u00ed ode dne doru\u010den\u00ed tohoto upozorn\u011bn\u00ed.<br \/>\n&#8211; Rada v r\u00e1mci sv\u00e9 p\u016fsobnosti dan\u00e9 ustanoven\u00edm \u00a7 5 odst. 1 p\u00edsm. a) a f) a \u00a7 59 odst. 1-3 z\u00e1kona<br \/>\n\u010d. 231\/2001 Sb., o provozov\u00e1n\u00ed rozhlasov\u00e9ho a televizn\u00edho vys\u00edl\u00e1n\u00ed a o zm\u011bn\u011b dal\u0161\u00edch z\u00e1kon\u016f, v<br \/>\nplatn\u00e9m zn\u011bn\u00ed, upozor\u0148uje provozovatele KATRO SERVIS, spol. s r.o., I\u010c: 15043355, s\u00eddlem:<br \/>\nPlyn\u00e1rensk\u00e1 671, Kol\u00edn, PS\u010c 280 02, na poru\u0161en\u00ed ustanoven\u00ed \u00a7 32 odst. 1 p\u00edsm. n) z\u00e1kona \u010d. 231\/2001<br \/>\nSb., kter\u00e9ho se dopustil t\u00edm, \u017ee na programu Info-kan\u00e1l Bat\u0148ovice ve dnech 4.-5. \u010dervna 2023 v<br \/>\n\u010dasov\u00e9m \u00faseku 00:00-24:00 hodin neuv\u00e1d\u011bl ozna\u010den\u00ed televizn\u00edho programu (logo), \u010d\u00edm\u017e se dopustil<br \/>\nporu\u0161en\u00ed povinnosti uv\u00e1d\u011bt ozna\u010den\u00ed televizn\u00edho programu (logo) v televizn\u00edm vys\u00edl\u00e1n\u00ed, s v\u00fdjimkou<br \/>\nvys\u00edl\u00e1n\u00ed reklamy a teleshoppingu. Rada stanovuje lh\u016ftu k n\u00e1prav\u011b 30 dn\u00ed ode dne doru\u010den\u00ed tohoto<br \/>\nupozorn\u011bn\u00ed.<br \/>\n&#8211; Rada v r\u00e1mci sv\u00e9 kompetence dan\u00e9 \u00a7 5 odst. 1 p\u00edsm. a) z\u00e1kona \u010d. 231\/2001 Sb., o provozov\u00e1n\u00ed<br \/>\nrozhlasov\u00e9ho a televizn\u00edho vys\u00edl\u00e1n\u00ed a o zm\u011bn\u011b dal\u0161\u00edch z\u00e1kon\u016f, v platn\u00e9m zn\u011bn\u00ed<\/p>\n<p>(a v souladu s ustanoven\u00edm \u00a7 137 odst. 1 z\u00e1kona \u010d. 500\/2004 Sb., spr\u00e1vn\u00ed \u0159\u00e1d, \u017e\u00e1d\u00e1 provozovatele vys\u00edl\u00e1n\u00ed KATRO<br \/>\nSERVIS, spol. s r.o., I\u010c: 15043355, s\u00eddlem: Plyn\u00e1rensk\u00e1 671, Kol\u00edn, PS\u010c 280 02, o pod\u00e1n\u00ed vysv\u011btlen\u00ed,<br \/>\n1) z jak\u00e9ho d\u016fvodu smy\u010dky na programech Info-kan\u00e1l Bene\u0161ov u Semil a Info-kan\u00e1l Rokytnice nad<br \/>\nJizerou ve dnech 4. a 5. \u010dervna 2023 neobsahovaly ozna\u010den\u00ed televizn\u00edho programu (logo) v televizn\u00edm<br \/>\nvys\u00edl\u00e1n\u00ed, 2) z jak\u00e9ho d\u016fvodu byla na programu Info-kan\u00e1l H\u00e1j ve Slezsku ve dnech 4. a 5. \u010dervna 2023<br \/>\nvys\u00edl\u00e1na smy\u010dka o d\u00e9lce 8:03 minut, kdy\u017e licence uv\u00e1d\u00ed, \u017ee smy\u010dka textov\u00e9ho zpravodajstv\u00ed bude<br \/>\ntrvat 10 a\u017e 15 minut, a pro\u010d nebyla tato smy\u010dka po vzoru podm\u00ednek licence v pond\u011bl\u00ed 5. \u010dervna<br \/>\nobm\u011bn\u011bna, 3) z jak\u00e9ho d\u016fvodu obsahovala smy\u010dka programu Info-kan\u00e1l H\u00e1j ve Slezsku ve dnech<br \/>\n4. a 5. \u010dervna 2023 ve sv\u00e9m posledn\u00edm sn\u00edmku informaci, \u017ee autorem je obec H\u00e1j ve Slezsku<br \/>\n(informace byla prezentov\u00e1na pomoc\u00ed symbolu copyright), kdy\u017e provozovatelem nesouc\u00edm redak\u010dn\u00ed<br \/>\nodpov\u011bdnost je ve skute\u010dnosti firma KATRO SERVIS, spol. s r.o., 4) z jak\u00e9ho d\u016fvodu m\u011bly smy\u010dky<br \/>\nvys\u00edlan\u00e9 4. a 5. \u010dervna 2023 na programu Info-kan\u00e1l Rokytnice nad Jizerou d\u00e9lku cca 1:13:27 a<br \/>\n1:21:57 hodin, kdy\u017e licence uv\u00e1d\u00ed, \u017ee smy\u010dka textov\u00e9ho zpravodajstv\u00ed bude trvat 10 a\u017e 15 minut, a<br \/>\npro\u010d nebyly tyto smy\u010dky dopln\u011bny o obrazov\u00e9 zpravodajstv\u00ed o d\u00e9lce 10 a\u017e 15 minut ve vstupech cca<br \/>\n4x za den. Sou\u010d\u00e1st\u00ed vys\u00edl\u00e1n\u00ed sice byly videoz\u00e1znamy ze spole\u010densk\u00fdch akc\u00ed, ty se v\u0161ak objevovaly p\u0159i<br \/>\nka\u017ed\u00e9m za\u0159azen\u00ed smy\u010dky (tedy nejen 4x denn\u011b, ale nejm\u00e9n\u011b 17x u del\u0161\u00ed varianty smy\u010dky) a<br \/>\ndohromady dosahovaly d\u00e9lky t\u00e9m\u011b\u0159 p\u016fl hodiny, 5) z jak\u00e9ho d\u016fvodu smy\u010dka na programu TRIONET<br \/>\nINFOKAN\u00c1L ve dnech 4. a 5. \u010dervna 2023 neobsahovala 2 a\u017e 3 minuty informac\u00ed o doprav\u011b, jak uv\u00e1d\u00ed<br \/>\nlicence, 6) z jak\u00e9ho d\u016fvodu provozovatel Rad\u011b dodal z\u00e1znamy programu Eurosport 1, ozna\u010den\u00e9 jako<br \/>\nvys\u00edl\u00e1n\u00ed programu Info-kan\u00e1l Mokr\u00e9 Lazce ze dn\u016f 4. a 5. \u010dervna 2023. Rada stanovuje lh\u016ftu k pod\u00e1n\u00ed<br \/>\nvysv\u011btlen\u00ed 30 dn\u00ed ode dne doru\u010den\u00ed t\u00e9to v\u00fdzvy.<br \/>\n&#8211; Rada v r\u00e1mci sv\u00e9 p\u016fsobnosti dan\u00e9 ustanoven\u00edm \u00a7 5 odst. 1 p\u00edsm. a) a f) a \u00a7 59 odst. 1-3 z\u00e1kona<br \/>\n\u010d. 231\/2001 Sb., o provozov\u00e1n\u00ed rozhlasov\u00e9ho a televizn\u00edho vys\u00edl\u00e1n\u00ed a o zm\u011bn\u011b dal\u0161\u00edch z\u00e1kon\u016f, v<br \/>\nplatn\u00e9m zn\u011bn\u00ed, upozor\u0148uje provozovatele KATRO SERVIS, spol. s r.o., I\u010c: 15043355, s\u00eddlem:<br \/>\nPlyn\u00e1rensk\u00e1 671, Kol\u00edn, PS\u010c 280 02, na poru\u0161en\u00ed ustanoven\u00ed \u00a7 32 odst. 1 p\u00edsm. l) z\u00e1kona \u010d. 231\/2001<br \/>\nSb., kter\u00e9ho se dopustil t\u00edm, \u017ee na p\u00edsemnou v\u00fdzvu Rady zap\u016fj\u010dil z\u00e1znam vys\u00edl\u00e1n\u00ed programu<\/p>\n<p>Infokan\u00e1l Bene\u0161ov u Semil, kter\u00fd nebyl z\u00e1znamem v odvys\u00edlan\u00e9 podob\u011b a n\u00e1le\u017eit\u00e9 technick\u00e9 kvalit\u011b.<br \/>\nNam\u00edsto po\u017eadovan\u00e9ho z\u00e1znamu vys\u00edl\u00e1n\u00ed programu ze dn\u016f 4.-5. \u010dervna 2023 v \u010dasov\u00e9m \u00faseku<br \/>\n00:00-24:00 hodin Rada obdr\u017eela soubor s p\u0159\u00edponou .pdf, tedy pracovn\u00ed verzi souboru ur\u010den\u00e9ho k<br \/>\nodvys\u00edl\u00e1n\u00ed. Rada stanovuje lh\u016ftu k n\u00e1prav\u011b 30 dn\u00ed ode dne doru\u010den\u00ed upozorn\u011bn\u00ed<br \/>\n&#8211; Rada se sezn\u00e1mila s podan\u00fdm vysv\u011btlen\u00edm provozovatele HBO Europe s. r. o., jak\u00fdm zp\u016fsobem<br \/>\nbyl umo\u017en\u011bn dne 17. \u010dervence 2023 v \u00faseku 12:00-24:00 hodin div\u00e1k\u016fm programu Cartoon Network<br \/>\nMENA PAN, p\u0159\u00edm\u00fd a trval\u00fd p\u0159\u00edstup k \u00fadaj\u016fm a informac\u00edm ve smyslu \u00a7 32 odst. 9 z\u00e1kona \u010d. 231\/2001<br \/>\nSb.<br \/>\n&#8211; Rada se sezn\u00e1mila s podan\u00fdm vysv\u011btlen\u00edm provozovatele Obec Kam\u00fdk nad Vltavou, jak\u00fdm<br \/>\nzp\u016fsobem napl\u0148uje p\u0159i vys\u00edl\u00e1n\u00ed programu Informa\u010dn\u00ed TV obce Kam\u00fdk nad Vltavou ustanoven\u00ed \u00a7 32<br \/>\nodst. 9 p\u00edsm. c) z\u00e1kona \u010d. 231\/2001 Sb., ukl\u00e1daj\u00edc\u00ed provozovatel\u016fm povinnost poskytnout div\u00e1k\u016fm<br \/>\nsnadn\u00fd, p\u0159\u00edm\u00fd a trval\u00fd p\u0159\u00edstup k informaci o tom, \u017ee jeho \u010dinnost se \u0159\u00edd\u00ed pr\u00e1vn\u00edm \u0159\u00e1dem \u010cesk\u00e9<br \/>\nrepubliky a \u017ee org\u00e1nem dozoru nad provozov\u00e1n\u00edm televizn\u00edho vys\u00edl\u00e1n\u00ed je Rada.<br \/>\n&#8211; Rada se sezn\u00e1mila s reakc\u00ed provozovatele \u010ceskoslovensk\u00e1 filmov\u00e1 spole\u010dnost, s.r.o. na<br \/>\nupozorn\u011bn\u00ed na poru\u0161en\u00ed z\u00e1kona, kter\u00e9ho se dopustil t\u00edm, \u017ee na programu CS Film dne 29. z\u00e1\u0159\u00ed 2023<br \/>\nv \u010dase 13:59-15:37 hod. neuv\u00e1d\u011bl ozna\u010den\u00ed televizn\u00edho programu (logo).<br \/>\n&#8211; Rada se sezn\u00e1mila s reakc\u00ed provozovatele SATTURN HOLE\u0160OV spol. s r. o., na upozorn\u011bn\u00ed na<br \/>\nporu\u0161en\u00ed licen\u010dn\u00edch podm\u00ednek Infokan\u00e1lu Bor\u0161ice, Infokan\u00e1lu B\u0159eznice, Infokan\u00e1lu B\u0159ezov\u00e1,<br \/>\nInfokan\u00e1lu Doln\u00ed Lhota, Infokan\u00e1lu Horn\u00ed Lhota, Infokan\u00e1lu H\u0159iv\u00edn\u016fv \u00dajezd, Infokan\u00e1lu Rackov\u00e1,<br \/>\nInfokan\u00e1lu Ro\u0161t\u00edn, Infokan\u00e1lu Spytihn\u011bv, Infokan\u00e1lu Traplice, Infokan\u00e1lu Vysok\u00e9 Pole, Infokan\u00e1lu<br \/>\nPozlovice a Infokan\u00e1lu Rusava.Rada se sezn\u00e1mila se sd\u011blen\u00edm Rady pro reklamu (RPR),<\/p>\n<p>s\u00eddlem Malostransk\u00e9 n\u00e1m\u011bst\u00ed 37\/23,<br \/>\nMal\u00e1 Strana, PS\u010c 118 00, Praha 1, je\u017e je reakc\u00ed na za\u0159azen\u00ed do seznamu spolupracuj\u00edc\u00edch<br \/>\nsamoregula\u010dn\u00edch org\u00e1n\u016f dle ustanoven\u00ed \u00a7 5 p\u00edsm. w) z\u00e1kona \u010d. 231\/2001 Sb., o provozov\u00e1n\u00ed<br \/>\nrozhlasov\u00e9ho a televizn\u00edho vys\u00edl\u00e1n\u00ed, a rovn\u011b\u017e na v\u00fdzvu k dopln\u011bn\u00ed etick\u00e9ho kodexu.<br \/>\nAUDIOVIZU\u00c1LN\u00cd MEDI\u00c1LN\u00cd SLU\u017dBY NA VY\u017d\u00c1D\u00c1N\u00cd A SLU\u017dBY PLATFOREM PRO SD\u00cdLEN\u00cd<br \/>\nVIDEONAHR\u00c1VEK<br \/>\n&#8211; Rada pro rozhlasov\u00e9 a televizn\u00ed vys\u00edl\u00e1n\u00ed se sezn\u00e1mila s monitoringem obsahu internetov\u00fdch<br \/>\nstr\u00e1nek prehraj.to.<br \/>\n&#8211; Rada) v r\u00e1mci sv\u00e9 p\u016fsobnosti dan\u00e9 ustanoven\u00edm \u00a7 4 z\u00e1kona \u010d. 242\/2022 Sb., o slu\u017eb\u00e1ch platforem<br \/>\npro sd\u00edlen\u00ed videonahr\u00e1vek a o zm\u011bn\u011b n\u011bkter\u00fdch souvisej\u00edc\u00edch z\u00e1kon\u016f (d\u00e1le jen z\u00e1kon \u010d. 242\/2022<br \/>\nSb.), v platn\u00e9m zn\u011bn\u00ed, a na z\u00e1klad\u011b \u00a7 137 odst. 1 z\u00e1kona \u010d. 500\/2004 Sb., spr\u00e1vn\u00ed \u0159\u00e1d, \u017e\u00e1d\u00e1<br \/>\nspole\u010dnost Lokama BT s. r. o., I\u010c 07925573, s\u00eddlem Franti\u0161ka Mal\u00edka 965\/20, Most, PS\u010c 43401, o<br \/>\npod\u00e1n\u00ed vysv\u011btlen\u00ed, zda slu\u017ebu um\u00edst\u011bnou na internetov\u00e9 adrese https:\/\/prehraj.to poskytuje jako\u017eto<br \/>\nslu\u017ebu platformy pro sd\u00edlen\u00ed videonahr\u00e1vek ve smyslu z\u00e1kona \u010d. 242\/2022 Sb., o slu\u017eb\u00e1ch platforem<br \/>\npro sd\u00edlen\u00ed videonahr\u00e1vek, p\u0159\u00edp. z jak\u00e9ho d\u016fvodu Rad\u011b dosud poskytov\u00e1n\u00ed t\u00e9to slu\u017eby neozn\u00e1mila.<br \/>\nRada stanovuje lh\u016ftu k pod\u00e1n\u00ed vysv\u011btlen\u00ed 30 dn\u00ed ode dne doru\u010den\u00ed v\u00fdzvy.<br \/>\n&#8211; Rada se sezn\u00e1mila s monitoringem obsahu internetov\u00fdch str\u00e1nek talktv.cz.<br \/>\n&#8211; Rada v r\u00e1mci sv\u00e9 p\u016fsobnosti dan\u00e9 ustanoven\u00edm \u00a7 4 odst. 1 z\u00e1kona \u010d. 132\/2010 Sb., o<br \/>\naudiovizu\u00e1ln\u00edch medi\u00e1ln\u00edch slu\u017eb\u00e1ch na vy\u017e\u00e1d\u00e1n\u00ed a o zm\u011bn\u011b dal\u0161\u00edch z\u00e1kon\u016f (d\u00e1le jen z\u00e1kon<br \/>\n\u010d. 132\/2010 \u010d. 132\/2010 Sb.), v platn\u00e9m zn\u011bn\u00ed, a na z\u00e1klad\u011b \u00a7 137 odst. 1 z\u00e1kona \u010d. 500\/2004 Sb.,<br \/>\nspr\u00e1vn\u00ed \u0159\u00e1d, \u017e\u00e1d\u00e1 spole\u010dnost TALK TV s.r.o., I\u010c 11748419, s\u00eddlem Chudenick\u00e1 1059\/30, Praha<br \/>\n10 &#8211; Hostiva\u0159, PS\u010c 10200, o pod\u00e1n\u00ed vysv\u011btlen\u00ed, z jak\u00e9ho d\u016fvodu Rad\u011b doposud neozn\u00e1mila<br \/>\nposkytov\u00e1n\u00ed audiovizu\u00e1ln\u00ed medi\u00e1ln\u00ed slu\u017eby na vy\u017e\u00e1d\u00e1n\u00ed um\u00edst\u011bn\u00e9 na internetov\u00e9 adrese<br \/>\nhttps:\/\/www.talktv.cz\/. Rada stanovuje lh\u016ftu k pod\u00e1n\u00ed vysv\u011btlen\u00ed 30 dn\u00ed ode dne doru\u010den\u00ed v\u00fdzvy.<br \/>\n&#8211; Rada se sezn\u00e1mila s monitoringem obsahu internetov\u00fdch str\u00e1nek dub.cz\/biovid-tv.<br \/>\n&#8211; Rada v r\u00e1mci sv\u00e9 p\u016fsobnosti dan\u00e9 ustanoven\u00edm \u00a7 4 odst. 1 z\u00e1kona \u010d. 132\/2010 Sb., o<br \/>\naudiovizu\u00e1ln\u00edch medi\u00e1ln\u00edch slu\u017eb\u00e1ch na vy\u017e\u00e1d\u00e1n\u00ed a o zm\u011bn\u011b dal\u0161\u00edch z\u00e1kon\u016f (d\u00e1le jen z\u00e1kon<br \/>\n\u010d. 132\/2010 \u010d. 132\/2010 Sb.), v platn\u00e9m zn\u011bn\u00ed, a na z\u00e1klad\u011b \u00a7 137 odst. 1 z\u00e1kona \u010d. 500\/2004 Sb.,<br \/>\nspr\u00e1vn\u00ed \u0159\u00e1d, \u017e\u00e1d\u00e1 pana Tom\u00e1\u0161e Pfeiffera, I\u010c 12609498, s\u00eddlem Soukenick\u00e1 1190\/21, Praha 1- Nov\u00e9<br \/>\nM\u011bsto, PS\u010c 11000, o pod\u00e1n\u00ed vysv\u011btlen\u00ed, zda je poskytovatelem audiovizu\u00e1ln\u00ed medi\u00e1ln\u00ed slu\u017eby na<br \/>\nvy\u017e\u00e1d\u00e1n\u00ed um\u00edst\u011bn\u00e9 na internetov\u00e9 adrese https:\/\/www.dub.cz\/biovid-tv\/, p\u0159\u00edp. z jak\u00e9ho d\u016fvodu Rad\u011b<br \/>\ndoposud poskytov\u00e1n\u00ed jmenovan\u00e9 slu\u017eby neozn\u00e1mil. Rada stanovuje lh\u016ftu k pod\u00e1n\u00ed vysv\u011btlen\u00ed 30 dn\u00ed<br \/>\node dne doru\u010den\u00ed v\u00fdzvy.- Rada v r\u00e1mci sv\u00e9 p\u016fsobnosti dan\u00e9 ustanoven\u00edm \u00a7 4 odst. 1 z\u00e1kona<br \/>\n\u010d. 132\/2010 \u010d. 132\/2010 Sb., o audiovizu\u00e1ln\u00edch medi\u00e1ln\u00edch slu\u017eb\u00e1ch na vy\u017e\u00e1d\u00e1n\u00ed a o zm\u011bn\u011b dal\u0161\u00edch<br \/>\nz\u00e1kon\u016f (d\u00e1le jen z\u00e1kon \u010d. 132\/2010 Sb.), v platn\u00e9m zn\u011bn\u00ed, a na z\u00e1klad\u011b \u00a7 137 z\u00e1kona \u010d. 500\/2004<br \/>\nSb., spr\u00e1vn\u00ed \u0159\u00e1d, \u017e\u00e1d\u00e1 spole\u010dnost TOM\u00c1\u0160 PFEIFFER &#8211; DIMENZE 2+2, s.r.o., I\u010c 03728234, s\u00eddlem<br \/>\nSoukenick\u00e1 1190\/21, Praha 1- Nov\u00e9 M\u011bsto, PS\u010c 11000, o pod\u00e1n\u00ed vysv\u011btlen\u00ed, zda je poskytovatelem<br \/>\naudiovizu\u00e1ln\u00ed medi\u00e1ln\u00ed slu\u017eby na vy\u017e\u00e1d\u00e1n\u00ed um\u00edst\u011bn\u00e9 na internetov\u00e9 adrese https:\/\/www.dub.cz\/biovidtv\/,<\/p>\n<p>p\u0159\u00edp. z jak\u00e9ho d\u016fvodu Rad\u011b doposud poskytov\u00e1n\u00ed jmenovan\u00e9 slu\u017eby neozn\u00e1mila. Rada stanovuje<br \/>\nlh\u016ftu k pod\u00e1n\u00ed vysv\u011btlen\u00ed 30 dn\u00ed ode dne doru\u010den\u00ed v\u00fdzvy.<br \/>\n&#8211; Rada v r\u00e1mci sv\u00e9 p\u016fsobnosti podle ustanoven\u00ed \u00a7 4 odst. 2 p\u00edsm. a) a \u00a7 5 odst. 3 z\u00e1kona \u010d. 132\/2010<br \/>\n\u010d. 132\/2010 Sb., o audiovizu\u00e1ln\u00edch medi\u00e1ln\u00edch slu\u017eb\u00e1ch na vy\u017e\u00e1d\u00e1n\u00ed, a podle ustanoven\u00ed \u00a7 158 odst.<br \/>\n1 z\u00e1kona \u010d. 500\/2004 Sb., spr\u00e1vn\u00edho \u0159\u00e1du, vyd\u00e1v\u00e1 na z\u00e1klad\u011b p\u00edsemn\u00e9ho ozn\u00e1men\u00ed poskytovatele<br \/>\nV.O.X. TV s.r.o., I\u010c 14223571, doru\u010den\u00e9ho Rad\u011b dne 16. listopadu 2023, toto potvrzen\u00ed: Poskytovatel<br \/>\nV.O.X. TV s.r.o., I\u010c 14223571, se s\u00eddlem Husitsk\u00e1 107\/3, \u017di\u017ekov, 130 00 Praha 3, byl dne 19. prosince<br \/>\n2023 zaps\u00e1n do Seznamu poskytovatel\u016f audiovizu\u00e1ln\u00edch medi\u00e1ln\u00edch slu\u017eeb na vy\u017e\u00e1d\u00e1n\u00ed ve smyslu<br \/>\nustanoven\u00ed \u00a7 5 z\u00e1kona \u010d. 132\/2010 Sb., o audiovizu\u00e1ln\u00edch medi\u00e1ln\u00edch slu\u017eb\u00e1ch na vy\u017e\u00e1d\u00e1n\u00ed;<br \/>\naudiovizu\u00e1ln\u00ed medi\u00e1ln\u00ed slu\u017eba na vy\u017e\u00e1d\u00e1n\u00ed je poskytov\u00e1na pod n\u00e1zvem V.O.X. TV, um\u00edst\u011bn\u00e1 na<br \/>\ninternetov\u00e9 adrese https:\/\/voxtv.cz .Rada se sezn\u00e1mila s prohl\u00e1\u0161en\u00edmi poskytovatel\u016f audiovizu\u00e1ln\u00edch<\/p>\n<p>medi\u00e1ln\u00edch slu\u017eeb na<br \/>\nvy\u017e\u00e1d\u00e1n\u00ed, jimi\u017e prok\u00e1zali, \u017ee se na n\u011b vztahuje pravomoc \u010cesk\u00e9 republiky na z\u00e1klad\u011b n\u011bkter\u00e9ho z<br \/>\nkrit\u00e9ri\u00ed podle \u00a7 3 odst. 2 a\u017e 4 z\u00e1kona \u010d. 132\/2010 Sb.<\/p>\n<p>V Praze dne 21. 12. 2023<\/p>\n<p>Ing. arch. V\u00e1clav Mencl<br \/>\np\u0159edseda Rady pro rozhlasov\u00e9<br \/>\na televizn\u00ed vys\u00edl\u00e1n\u00ed<\/p>\n<p>kontakt: podatelna@rrtv.gov.cz<br \/>\n274 813 830<\/p>\n","protected":false},"excerpt":{"rendered":"<p>Rada pro rozhlasov\u00e9 a televizn\u00ed vys\u00edl\u00e1n\u00ed (d\u00e1le jen &#8222;Rada&#8220;) na sv\u00e9m 21. zased\u00e1n\u00ed projednala 45 bod\u016f programu. Vyhodnotila 21 st\u00ed\u017enost\u00ed div\u00e1k\u016f a poslucha\u010d\u016f, vydala sedm upozorn\u011bn\u00ed na poru\u0161en\u00ed z\u00e1kona.<\/p>\n","protected":false},"author":9,"featured_media":0,"comment_status":"open","ping_status":"open","sticky":false,"template":"","format":"standard","meta":{"ngg_post_thumbnail":0,"footnotes":""},"categories":[11],"tags":[],"class_list":["post-13907","post","type-post","status-publish","format-standard","hentry","category-ozvena"],"_links":{"self":[{"href":"https:\/\/www.ladislavjakl.cz\/index.php?rest_route=\/wp\/v2\/posts\/13907","targetHints":{"allow":["GET"]}}],"collection":[{"href":"https:\/\/www.ladislavjakl.cz\/index.php?rest_route=\/wp\/v2\/posts"}],"about":[{"href":"https:\/\/www.ladislavjakl.cz\/index.php?rest_route=\/wp\/v2\/types\/post"}],"author":[{"embeddable":true,"href":"https:\/\/www.ladislavjakl.cz\/index.php?rest_route=\/wp\/v2\/users\/9"}],"replies":[{"embeddable":true,"href":"https:\/\/www.ladislavjakl.cz\/index.php?rest_route=%2Fwp%2Fv2%2Fcomments&post=13907"}],"version-history":[{"count":1,"href":"https:\/\/www.ladislavjakl.cz\/index.php?rest_route=\/wp\/v2\/posts\/13907\/revisions"}],"predecessor-version":[{"id":13908,"href":"https:\/\/www.ladislavjakl.cz\/index.php?rest_route=\/wp\/v2\/posts\/13907\/revisions\/13908"}],"wp:attachment":[{"href":"https:\/\/www.ladislavjakl.cz\/index.php?rest_route=%2Fwp%2Fv2%2Fmedia&parent=13907"}],"wp:term":[{"taxonomy":"category","embeddable":true,"href":"https:\/\/www.ladislavjakl.cz\/index.php?rest_route=%2Fwp%2Fv2%2Fcategories&post=13907"},{"taxonomy":"post_tag","embeddable":true,"href":"https:\/\/www.ladislavjakl.cz\/index.php?rest_route=%2Fwp%2Fv2%2Ftags&post=13907"}],"curies":[{"name":"wp","href":"https:\/\/api.w.org\/{rel}","templated":true}]}}