{"id":13917,"date":"2023-12-23T19:49:05","date_gmt":"2023-12-23T18:49:05","guid":{"rendered":"https:\/\/www.ladislavjakl.cz\/?p=13917"},"modified":"2023-12-23T19:49:05","modified_gmt":"2023-12-23T18:49:05","slug":"hra-se-14-popravenymi-povede-ceske-11-zari-vladu-k-dalsimu-utazeni-sroubu-nesvobody-uboha-snaha-podsunout-ruskou-stopu-opravdu-se-zastrelil-sam-a-byl-to-vubec-on-zprava-z-druhe-strany-sveta","status":"publish","type":"post","link":"https:\/\/www.ladislavjakl.cz\/?p=13917","title":{"rendered":"Hra se 14 popraven\u00fdmi: Povede \u010desk\u00e9 11. z\u00e1\u0159\u00ed vl\u00e1du k dal\u0161\u00edmu uta\u017een\u00ed \u0161roub\u016f nesvobody? Uboh\u00e1 snaha podsunout &#8222;ruskou stopu&#8220;. Opravdu se zast\u0159elil s\u00e1m? A byl to v\u016fbec on? Zpr\u00e1va z druh\u00e9 strany sv\u011bta. M\u016f\u017ee za to Putin?"},"content":{"rendered":"<p>PROTIPROUD TV&nbsp;vys\u00edl\u00e1 rozhovor Petra H\u00e1jka s Ladislavem Jaklem, v n\u011bm\u017e bez cenzury zkoumaj\u00ed, co se to vlastn\u011b u n\u00e1s stalo &#8211; a zda za kulisami t\u00e9 hr\u016fzy nen\u00ed n\u011bco je\u0161t\u011b \u00fapln\u011b jin\u00e9ho<\/p>\n<p><!--more--><\/p>\n<div id=\"cphCONTENT_pnlLeft\" class=\"leftPanel\">&nbsp;<\/div>\n<div id=\"Article\">\n<p><iframe loading=\"lazy\" src=\"https:\/\/www.youtube.com\/embed\/5Fb4OBnZ3tA?si=CKXO40FVb4kQ69PV\" width=\"546\" height=\"410\" data-mce-fragment=\"1\"><\/iframe><\/p>\n<p><em>Pokud si chcete b\u011bhem p\u0159ehr\u00e1v\u00e1n\u00ed z tohoto vlo\u017een\u00e9ho okna pustit video na celou obrazovku, klikn\u011bte vlevo dole na logo YouTube, a pot\u00e9 na \u010dtvercov\u00fd symbol v prav\u00e9m doln\u00edm rohu.<\/em><\/p>\n<p class=\"p1\"><em>V\u0161echny \u010dl\u00e1nky k vide\u00edm PPTV&nbsp;<\/em><a href=\"https:\/\/protiproud.info\/tags\/pptv.htm\"><em>naleznete ZDE<\/em><\/a><em>.<\/em><\/p>\n<p class=\"p1\"><strong>Obsah:<\/strong><\/p>\n<ul>\n<li>00:00 V\u00edtejte, nepodvolen\u00ed, v po\u0159adu Rub a l\u00edc t\u00e9 \u0161\u00edlen\u00e9 ud\u00e1losti<\/li>\n<li>03:27 Byl jsem kousek od toho<\/li>\n<li>05:50 Snaha vl\u00e1dy okam\u017eit\u011b trag\u00e9dii zneu\u017e\u00edt<\/li>\n<li>06:27 Nem\u016f\u017eeme si zak\u00e1zat p\u0159em\u00fd\u0161let<\/li>\n<li>08:31 Pozor, policie te\u010f sleduje soci\u00e1ln\u00ed s\u00edt\u011b zvl\u00e1\u0161\u0165 bedliv\u011b!<\/li>\n<li>09:50 Opravdu jen &#8222;osam\u011bl\u00fd \u0161\u00edlen\u00fd st\u0159elec&#8220;?<\/li>\n<li>10:37 Absurdn\u00ed spojen\u00ed s vra\u017edou v Kl\u00e1novic\u00edch<\/li>\n<li>13:30 P\u016fjdou n\u00e1m po zbran\u00edch?<\/li>\n<li>15:45&nbsp;&nbsp;Povede \u010desk\u00e9 11. z\u00e1\u0159\u00ed k dal\u0161\u00edmu uta\u017een\u00ed \u0161roub\u016f nesvobody?<\/li>\n<li>17:30 Opravdu inspirace ze zahrani\u010d\u00ed?<\/li>\n<li>18:20 Deflorace<\/li>\n<li>19:50 Kdy\u017e se nenorm\u00e1lnosti st\u00e1vaj\u00ed normou&#8230;<\/li>\n<li>24:31 V Raku\u0161anov\u011b &#8222;vysv\u011btlen\u00ed&#8220; jsou velk\u00e9 d\u00edry<\/li>\n<li>26:23 Ofici\u00e1ln\u00ed verze nen\u00ed jedin\u00e1<\/li>\n<li>28:48 Pt\u00e1t se je norm\u00e1ln\u00ed<\/li>\n<li>30:41 Uboh\u00e1 snaha podsunout &#8222;ruskou stopu&#8220;<\/li>\n<li>34:55 Co se za\u010dne vyno\u0159ovat?<\/li>\n<li>36:30 Tahle trag\u00e9die smrd\u00ed<\/li>\n<li>37:47 Opravdu se zast\u0159elil s\u00e1m?<\/li>\n<li>41:53 V\u00edt\u011bz bere v\u0161e<\/li>\n<li>44:25 I v Polsku se to va\u0159\u00ed<\/li>\n<li>45: 11 Hled\u00e1n\u00ed vnit\u0159n\u00edho nep\u0159\u00edtele<\/li>\n<li>48:40 Co se vlastn\u011b stalo?<\/li>\n<li>50:58 Chyb\u00ed motiv<\/li>\n<li>53:30 Cu\u00ed bono, komu ku prosp\u011bchu?<\/li>\n<li>56:50 M\u016f\u017ee za to Putin?<\/li>\n<li>59:36 Formanovo video je z\u00e1sadn\u00ed<\/li>\n<li>1:01:46 Zpr\u00e1va z druh\u00e9 strany sv\u011bta<\/li>\n<li>1:04:02 Patriot Act?<\/li>\n<li>1:06:45 Vyu\u017eije to moc k dal\u0161\u00edmu omezen\u00ed ob\u010dansk\u00fdch svobod?<\/li>\n<li><a href=\"https:\/\/protiproud.info\/politika\/7637-hovory-s-nepodvolenymi-v-primem-prenosu-ostre-otazniky-doby-vymknute-z-kloubu-pred-kamerami-ti-ktere-ct-urcite-nepozve-odvazni-a-odhodlani-jdou-nam-po-krku-ale-plati-zadny-plan-nikdy-nevyjde-a-dokud-dycham-doufam.htm\">Zdroj<\/a><\/li>\n<\/ul>\n<\/div>\n","protected":false},"excerpt":{"rendered":"<p>PROTIPROUD TV&nbsp;vys\u00edl\u00e1 rozhovor Petra H\u00e1jka s Ladislavem Jaklem, v n\u011bm\u017e bez cenzury zkoumaj\u00ed, co se to vlastn\u011b u n\u00e1s stalo &#8211; a zda za kulisami t\u00e9 hr\u016fzy nen\u00ed n\u011bco je\u0161t\u011b \u00fapln\u011b jin\u00e9ho<\/p>\n","protected":false},"author":9,"featured_media":0,"comment_status":"open","ping_status":"open","sticky":false,"template":"","format":"standard","meta":{"ngg_post_thumbnail":0,"footnotes":""},"categories":[11,13,12],"tags":[],"class_list":["post-13917","post","type-post","status-publish","format-standard","hentry","category-ozvena","category-rozhovory","category-video"],"_links":{"self":[{"href":"https:\/\/www.ladislavjakl.cz\/index.php?rest_route=\/wp\/v2\/posts\/13917","targetHints":{"allow":["GET"]}}],"collection":[{"href":"https:\/\/www.ladislavjakl.cz\/index.php?rest_route=\/wp\/v2\/posts"}],"about":[{"href":"https:\/\/www.ladislavjakl.cz\/index.php?rest_route=\/wp\/v2\/types\/post"}],"author":[{"embeddable":true,"href":"https:\/\/www.ladislavjakl.cz\/index.php?rest_route=\/wp\/v2\/users\/9"}],"replies":[{"embeddable":true,"href":"https:\/\/www.ladislavjakl.cz\/index.php?rest_route=%2Fwp%2Fv2%2Fcomments&post=13917"}],"version-history":[{"count":1,"href":"https:\/\/www.ladislavjakl.cz\/index.php?rest_route=\/wp\/v2\/posts\/13917\/revisions"}],"predecessor-version":[{"id":13918,"href":"https:\/\/www.ladislavjakl.cz\/index.php?rest_route=\/wp\/v2\/posts\/13917\/revisions\/13918"}],"wp:attachment":[{"href":"https:\/\/www.ladislavjakl.cz\/index.php?rest_route=%2Fwp%2Fv2%2Fmedia&parent=13917"}],"wp:term":[{"taxonomy":"category","embeddable":true,"href":"https:\/\/www.ladislavjakl.cz\/index.php?rest_route=%2Fwp%2Fv2%2Fcategories&post=13917"},{"taxonomy":"post_tag","embeddable":true,"href":"https:\/\/www.ladislavjakl.cz\/index.php?rest_route=%2Fwp%2Fv2%2Ftags&post=13917"}],"curies":[{"name":"wp","href":"https:\/\/api.w.org\/{rel}","templated":true}]}}