{"id":13922,"date":"2023-12-28T14:13:20","date_gmt":"2023-12-28T13:13:20","guid":{"rendered":"https:\/\/www.ladislavjakl.cz\/?p=13922"},"modified":"2023-12-28T14:16:30","modified_gmt":"2023-12-28T13:16:30","slug":"dusevni-poruchy-u-mladeze-jsou-na-vzestupu-co-za-nimi-podle-ladislava-jakla-stoji","status":"publish","type":"post","link":"https:\/\/www.ladislavjakl.cz\/?p=13922","title":{"rendered":"Du\u0161evn\u00ed poruchy u ml\u00e1de\u017ee jsou na vzestupu. Co za nimi podle Ladislava Jakla stoj\u00ed?"},"content":{"rendered":"<p>Progresivistick\u00e1 spole\u010densk\u00e1 atmosf\u00e9ra nep\u0159eje autorit\u00e1m, mysliteln\u00fdm je dnes na \u0161kol\u00e1ch skoro v\u0161e. Vy\u0161\u0161\u00ed bezpe\u010dnost na \u00fakor svobody. Bude trag\u00e9die na FF UK politicky zneu\u017eita k mocensk\u00fdm c\u00edl\u016fm? Nejen o t\u011bchto ot\u00e1zk\u00e1ch exkluzivn\u011b v rozhovoru s Ladislavem Jaklem, kter\u00fd na t\u00e9to fakult\u011b tak\u00e9 studoval.<\/p>\n<p><!--more--><\/p>\n<p><strong>Pane Jakle, vy jste byl p\u0159ed mnoha lety studentem Filosofick\u00e9 fakulty. Jak na tyto \u010dasy vzpom\u00edn\u00e1te a dok\u00e1\u017eete si n\u011bco takov\u00e9ho, co se stalo ve \u010dtvrtek v\u016fbec p\u0159edstavit?<\/strong><\/p>\n<p>J\u00e1 jsem studoval v t\u00e9 Celetn\u00e9, kde prob\u00edhal prvn\u00ed z\u00e1sah. Zamrazilo m\u011b, kdy\u017e jsem to \u010detl. Ostatn\u011b, v dob\u011b st\u0159elby jsem uv\u00edzl v tramvaji na druh\u00e9 stran\u011b mostu proti fakult\u011b.<\/p>\n<div class=\"elementor-element elementor-element-1dc35618 elementor-widget elementor-widget-text-editor\" data-id=\"1dc35618\" data-element_type=\"widget\" data-widget_type=\"text-editor.default\">\n<div class=\"elementor-widget-container\">\n<p><strong>St\u0159elba na FF UK je nejv\u011bt\u0161\u00ed trag\u00e9di\u00ed v \u010cesku. Ji\u017e del\u0161\u00ed dobu ale tak\u00e9 na jin\u00fdch \u0161kol\u00e1ch do\u0161lo k incident\u016fm mezi \u017e\u00e1dky a u\u010diteli. Co je p\u0159\u00ed\u010dinou r\u016fzn\u00fdch incident\u016f?<\/strong><\/p>\n<p>Progresivistick\u00e1 spole\u010densk\u00e1 atmosf\u00e9ra nep\u0159eje autorit\u00e1m, mysliteln\u00fdm je dnes na \u0161kol\u00e1ch skoro v\u0161e. Ale pokud jde o toto v\u00fdjime\u010dn\u00e9 ne\u0161t\u011bst\u00ed, bu\u010fme opatrn\u00ed s jeho zasazov\u00e1n\u00edm do n\u011bjak\u00e9ho pro n\u00e1s vhodn\u00e9ho kontextu. U\u017e z \u00facty k ob\u011btem a soucitu s poz\u016fstal\u00fdm si dejme pozor na lamentov\u00e1n\u00ed ve stylu \u201ej\u00e1 v\u00e1m to \u0159\u00edkal. Ano, podobn\u00e9 trag\u00e9die \u010dasto sv\u00e1d\u011bj\u00ed k tomu, aby si je kdekdo p\u0159ivlast\u0148oval a pou\u017e\u00edval je jako potvrzen\u00ed sv\u00e9ho v\u00fdkladu sv\u011bta. Nenasakujme na to ale tak snadno.<\/p>\n<p><strong>Byla by u\u017e d\u0159\u00edve v\u011bt\u0161\u00ed bezpe\u010dnost nejen ve \u0161kol\u00e1ch nam\u00edst\u011b?<\/strong><\/p>\n<p>V\u011bt\u0161\u00ed bezpe\u010dnost p\u0159in\u00e1\u0161\u00ed velk\u00e9 n\u00e1klady a velk\u00e1 omezen\u00ed \u2013 a bezpe\u010d\u00ed stejn\u011b nezaru\u010d\u00ed.<\/p>\n<\/div>\n<\/div>\n<div class=\"elementor-element elementor-element-c352d3a elementor-widget elementor-widget-text-editor\" data-id=\"c352d3a\" data-element_type=\"widget\" data-widget_type=\"text-editor.default\">\n<div class=\"elementor-widget-container\">\n<p><strong>Jak se zm\u011bn\u00ed po t\u00e9to trag\u00e9dii spole\u010densk\u00e9 klima, resp. budou se \u0159e\u0161it d\u016fle\u017eit\u011bj\u0161\u00ed z\u00e1le\u017eitosti ne\u017e to, o\u010d se tady nejen \u010de\u0161t\u00ed politici p\u0159ou<\/strong>?<\/p>\n<p>Naopak. I tato hr\u016fza bude okam\u017eit\u011b politicky zneu\u017eita k mocensk\u00fdm c\u00edl\u016fm. Akt\u00e9\u0159i se budou navz\u00e1jem vinit z toho, kdo za to v\u00edc m\u016f\u017ee. A v nastal\u00e9 v\u0159av\u011b se budou pomalu utahovat \u0161rouby.<\/p>\n<p><strong>Odborn\u00edci ji\u017e del\u0161\u00ed dobu varuj\u00ed, \u017ee je prudk\u00fd n\u00e1rost sebevra\u017ed mlad\u00fdch lid\u00ed, a to o 40 pct. Kde vid\u00edte p\u0159\u00ed\u010dinu? &nbsp;<\/strong><\/p>\n<p>I zde bych byl opatrn\u00fd p\u0159i hled\u00e1n\u00ed souvislosti \u010dtvrte\u010dn\u00edho st\u0159\u00edlen\u00ed s n\u011bjakou obecnou tendenc\u00ed. Ale v tom post\u0159ehu m\u00e1te pravdu. Je\u0161t\u011b markantn\u011bj\u0161\u00ed je vzestup du\u0161evn\u00edch poruch u ml\u00e1de\u017ee. Vid\u00edm za t\u00edm \u00fatok m\u00f3dn\u00edch ideologi\u00ed na rodinu a tak\u00e9 d\u016fsledek nesmysln\u00e9ho lockdownu p\u0159ed dv\u011bma lety, kter\u00fd skoro na dva roky vzal d\u011btem \u0159\u00e1d a v\u00fdchovu.<\/p>\n<\/div>\n<\/div>\n<div class=\"elementor-element elementor-element-f40adb8 vip-video-iframe elementor-widget elementor-widget-shortcode\" data-id=\"f40adb8\" data-element_type=\"widget\" data-widget_type=\"shortcode.default\">\n<div class=\"elementor-widget-container\">\n<div class=\"elementor-shortcode\"><strong>Je podle v\u00e1s spr\u00e1vn\u00e9, \u017ee na FF na Palachov\u011b n\u00e1m\u011bst\u00ed vlaje ukrajinsk\u00e1 vlajka?<\/strong><\/div>\n<\/div>\n<\/div>\n<div class=\"elementor-element elementor-element-500900bf elementor-widget elementor-widget-text-editor\" data-id=\"500900bf\" data-element_type=\"widget\" data-widget_type=\"text-editor.default\">\n<div class=\"elementor-widget-container\">\n<p>Na \u017e\u00e1dn\u00e9 ve\u0159ejn\u00e9 budov\u011b nemaj\u00ed vl\u00e1t vlajky ciz\u00edch st\u00e1t\u016f. Ale to je proti t\u00e9hle trag\u00e9dii prkotina.<\/p>\n<p><strong>Jak\u00e9 kroky by podle v\u00e1s m\u011bla sou\u010dasn\u00e1 vl\u00e1da co nejrychleji u\u010dinit?<\/strong><\/p>\n<p>M\u011bla by co nejrychleji ml\u010det a vyvarovat se zbrkl\u00fdm tah\u016fm. A u\u017e v\u016fbec by \u010dtvrte\u010dn\u00ed masakr nem\u011bla zneu\u017e\u00edvat jako z\u00e1minku p\u0159itvrzen\u00ed v\u016f\u010di sv\u00fdm kritik\u016fm.<\/p>\n<p><strong>O\u010dek\u00e1v\u00e1te dal\u0161\u00ed nepokoje u n\u00e1s a co je m\u016f\u017ee zastavit?<\/strong><\/p>\n<p>O\u010dek\u00e1v\u00e1m. Zastavit je m\u016f\u017ee n\u011bjak\u00e9 mimo\u0159\u00e1dn\u00e9 opat\u0159en\u00ed proti shroma\u017e\u010fovan\u00ed pod z\u00e1minkou hroz\u00edc\u00edho nebezpe\u010d\u00ed.<\/p>\n<p><a href=\"https:\/\/viposobnosti.cz\/clanky\/dusevni-poruchy-u-mladeze-jsou-na-vzestupu-co-za-nimi-podle-ladislava-jakla-stoji\/\">Zdroj<\/a><\/p>\n<\/div>\n<\/div>\n","protected":false},"excerpt":{"rendered":"<p>Progresivistick\u00e1 spole\u010densk\u00e1 atmosf\u00e9ra nep\u0159eje autorit\u00e1m, mysliteln\u00fdm je dnes na \u0161kol\u00e1ch skoro v\u0161e. Vy\u0161\u0161\u00ed bezpe\u010dnost na \u00fakor svobody. Bude trag\u00e9die na FF UK politicky zneu\u017eita k mocensk\u00fdm c\u00edl\u016fm? Nejen o t\u011bchto ot\u00e1zk\u00e1ch exkluzivn\u011b v rozhovoru s Ladislavem Jaklem, kter\u00fd na t\u00e9to fakult\u011b tak\u00e9 studoval.<\/p>\n","protected":false},"author":9,"featured_media":0,"comment_status":"open","ping_status":"open","sticky":false,"template":"","format":"standard","meta":{"ngg_post_thumbnail":0,"footnotes":""},"categories":[13],"tags":[],"class_list":["post-13922","post","type-post","status-publish","format-standard","hentry","category-rozhovory"],"_links":{"self":[{"href":"https:\/\/www.ladislavjakl.cz\/index.php?rest_route=\/wp\/v2\/posts\/13922","targetHints":{"allow":["GET"]}}],"collection":[{"href":"https:\/\/www.ladislavjakl.cz\/index.php?rest_route=\/wp\/v2\/posts"}],"about":[{"href":"https:\/\/www.ladislavjakl.cz\/index.php?rest_route=\/wp\/v2\/types\/post"}],"author":[{"embeddable":true,"href":"https:\/\/www.ladislavjakl.cz\/index.php?rest_route=\/wp\/v2\/users\/9"}],"replies":[{"embeddable":true,"href":"https:\/\/www.ladislavjakl.cz\/index.php?rest_route=%2Fwp%2Fv2%2Fcomments&post=13922"}],"version-history":[{"count":2,"href":"https:\/\/www.ladislavjakl.cz\/index.php?rest_route=\/wp\/v2\/posts\/13922\/revisions"}],"predecessor-version":[{"id":13924,"href":"https:\/\/www.ladislavjakl.cz\/index.php?rest_route=\/wp\/v2\/posts\/13922\/revisions\/13924"}],"wp:attachment":[{"href":"https:\/\/www.ladislavjakl.cz\/index.php?rest_route=%2Fwp%2Fv2%2Fmedia&parent=13922"}],"wp:term":[{"taxonomy":"category","embeddable":true,"href":"https:\/\/www.ladislavjakl.cz\/index.php?rest_route=%2Fwp%2Fv2%2Fcategories&post=13922"},{"taxonomy":"post_tag","embeddable":true,"href":"https:\/\/www.ladislavjakl.cz\/index.php?rest_route=%2Fwp%2Fv2%2Ftags&post=13922"}],"curies":[{"name":"wp","href":"https:\/\/api.w.org\/{rel}","templated":true}]}}