{"id":13925,"date":"2023-12-29T15:19:49","date_gmt":"2023-12-29T14:19:49","guid":{"rendered":"https:\/\/www.ladislavjakl.cz\/?p=13925"},"modified":"2023-12-29T15:19:49","modified_gmt":"2023-12-29T14:19:49","slug":"prislo-vetsi-nez-mala-voda","status":"publish","type":"post","link":"https:\/\/www.ladislavjakl.cz\/?p=13925","title":{"rendered":"P\u0158I\u0160LO: V\u011bt\u0161\u00ed ne\u017e mal\u00e1 voda"},"content":{"rendered":"<p>Byla zima. Hodn\u011b nasn\u011b\u017eilo. Pak se oteplilo. Do toho v\u00edtr, d\u00e9\u0161\u0165 a o to rychlej\u0161\u00ed t\u00e1n\u00ed. Do vymrzl\u00e9 p\u016fdy se voda h\u016f\u0159 vsakuje, t\u00edm rychleji pak odt\u00e9k\u00e1.<\/p>\n<p><!--more--><\/p>\n<p>A proto\u017ee podobn\u00e9 to je v Po\u0161umav\u00ed i na Vyso\u010din\u011b, s\u010d\u00edtaj\u00ed se ob\u011b vlny na Vltav\u011b, a to v mocnosti mnohem objemn\u011bj\u0161\u00ed, ne\u017e kolik \u010din\u00ed reten\u010dn\u00ed kapacita Vltavsk\u00e9 kask\u00e1dy. V\u00fdsledkem je velk\u00e1 voda. Takov\u00e1, kter\u00e1 je zp\u016fsobil\u00e1 ohro\u017eovat bezpe\u010d\u00ed, majetky, zdrav\u00ed i \u017eivoty. Na\u0161t\u011bst\u00ed existuje monitorovac\u00ed syst\u00e9m a voda nep\u0159it\u00e9k\u00e1 tak rychle. Je \u010das zmobilizovat v\u0161echny slo\u017eky z\u00e1chrann\u00e9ho syst\u00e9mu a zkoordinovat je.<br \/>\nP\u0159ich\u00e1z\u00ed chv\u00edle nejen pro z\u00e1chran\u00e1\u0159e, hasi\u010de, policisty, ale i pro krizov\u00e9 \u0161t\u00e1by \u00fazce napojen\u00e9 na st\u00e1tn\u00ed a politick\u00e9 org\u00e1ny. Na obce, na kraje, na centr\u00e1ln\u00ed instituce, a i na n\u011bkter\u00e1 ministerstva. P\u0159ich\u00e1z\u00ed \u010das, kdy m\u00e1 st\u00e1t zafungovat, kdy m\u00e1 b\u00fdt oporou. Kdy m\u00e1 b\u00fdt za sv\u00e1 aktu\u00e1ln\u00ed rozhodnut\u00ed oce\u0148ov\u00e1n nebo kritizov\u00e1n, stejn\u00e9 jako za dlouhodob\u011b budovan\u00e9 struktury a syst\u00e9my komunikace a \u0159\u00edzen\u00ed.<br \/>\nAlespo\u0148 zat\u00edm snad na\u0161t\u011bst\u00ed nejde o \u017e\u00e1dnou n\u00e1rodn\u00ed katastrofu kalibru 1997 nebo 2002, ale jist\u00e9 \u0161kody re\u00e1ln\u011b hroz\u00ed, tak\u017ee zat\u011b\u017ek\u00e1vac\u00ed zkou\u0161ka to pro mechanismus ve\u0159ejn\u00fdch instituc\u00ed je. Je to jeho pr\u00e1ce. Od toho ho m\u00e1me.<br \/>\nNem\u00e1me ho od toho, aby n\u00e1m strkal ruce do kapes a za na\u0161e pen\u00edze pak vnucoval dobra, kter\u00e1 si nep\u0159ejeme. Nem\u00e1me ho ani od toho, aby se montoval do situace v Siamsk\u00e9m z\u00e1livu a sv\u011bt\u00e1cky d\u011blal ramena. Nem\u00e1me ho od toho, aby \u00fadajn\u011b v na\u0161em z\u00e1jmu omezoval na\u0161e svobody v\u010detn\u011b svobody projevu, nem\u00e1me ho od toho, aby reguloval ka\u017ed\u00fd n\u00e1\u0161 krok. Nem\u00e1me ho od toho, aby porou\u010del v\u011btru de\u0161ti a zakazoval n\u00e1m v\u00fdrobky, slu\u017eby a aktivity, kter\u00e9 preferujeme. Nem\u00e1me ho od toho, aby n\u00e1m lezl pod sukni a do poklopce.<br \/>\nNe nadarmo Ronald Reagan kdysi pravil, \u017ee nejhor\u0161\u00ed v\u011bta, kterou m\u016f\u017eete sly\u0161et, zn\u00ed: \u201eJ\u00e1 jsem z vl\u00e1dy a p\u0159ich\u00e1z\u00edm v\u00e1m pomoci\u201c. Vidle na takov\u00e9 pomaha\u010de, kte\u0159\u00ed netu\u0161\u00ed, kde moc st\u00e1tu kon\u010d\u00ed a kam u\u017e er\u00e1r pou\u0161t\u011bt nesm\u00edme.<br \/>\nNeple\u0165 se, st\u00e1te, do na\u0161ich \u017eivot\u016f. D\u011blej svou pr\u00e1ci. D\u011blej ji dob\u0159e, ale z\u016fsta\u0148 u n\u00ed a ani o krok d\u00e1l.<br \/>\nP\u0159i\u0161la voda, tady je tv\u016fj Rhodos. Po na\u0161ich svobod\u00e1ch a \u017eivotech ale u\u017e nesk\u00e1kej.<\/p>\n<p><a href=\"https:\/\/neviditelnypes.lidovky.cz\/spolecnost\/prislo-vetsi-nez-mala-voda.A231228_184210_p_spolecnost_nef\">Zdroj<\/a><\/p>\n","protected":false},"excerpt":{"rendered":"<p>Byla zima. Hodn\u011b nasn\u011b\u017eilo. Pak se oteplilo. Do toho v\u00edtr, d\u00e9\u0161\u0165 a o to rychlej\u0161\u00ed t\u00e1n\u00ed. Do vymrzl\u00e9 p\u016fdy se voda h\u016f\u0159 vsakuje, t\u00edm rychleji pak odt\u00e9k\u00e1.<\/p>\n","protected":false},"author":9,"featured_media":0,"comment_status":"open","ping_status":"open","sticky":false,"template":"","format":"standard","meta":{"ngg_post_thumbnail":0,"footnotes":""},"categories":[1],"tags":[],"class_list":["post-13925","post","type-post","status-publish","format-standard","hentry","category-publikovane-clanky"],"_links":{"self":[{"href":"https:\/\/www.ladislavjakl.cz\/index.php?rest_route=\/wp\/v2\/posts\/13925","targetHints":{"allow":["GET"]}}],"collection":[{"href":"https:\/\/www.ladislavjakl.cz\/index.php?rest_route=\/wp\/v2\/posts"}],"about":[{"href":"https:\/\/www.ladislavjakl.cz\/index.php?rest_route=\/wp\/v2\/types\/post"}],"author":[{"embeddable":true,"href":"https:\/\/www.ladislavjakl.cz\/index.php?rest_route=\/wp\/v2\/users\/9"}],"replies":[{"embeddable":true,"href":"https:\/\/www.ladislavjakl.cz\/index.php?rest_route=%2Fwp%2Fv2%2Fcomments&post=13925"}],"version-history":[{"count":1,"href":"https:\/\/www.ladislavjakl.cz\/index.php?rest_route=\/wp\/v2\/posts\/13925\/revisions"}],"predecessor-version":[{"id":13926,"href":"https:\/\/www.ladislavjakl.cz\/index.php?rest_route=\/wp\/v2\/posts\/13925\/revisions\/13926"}],"wp:attachment":[{"href":"https:\/\/www.ladislavjakl.cz\/index.php?rest_route=%2Fwp%2Fv2%2Fmedia&parent=13925"}],"wp:term":[{"taxonomy":"category","embeddable":true,"href":"https:\/\/www.ladislavjakl.cz\/index.php?rest_route=%2Fwp%2Fv2%2Fcategories&post=13925"},{"taxonomy":"post_tag","embeddable":true,"href":"https:\/\/www.ladislavjakl.cz\/index.php?rest_route=%2Fwp%2Fv2%2Ftags&post=13925"}],"curies":[{"name":"wp","href":"https:\/\/api.w.org\/{rel}","templated":true}]}}