{"id":13928,"date":"2024-01-04T23:55:28","date_gmt":"2024-01-04T22:55:28","guid":{"rendered":"https:\/\/www.ladislavjakl.cz\/?p=13928"},"modified":"2024-01-04T23:55:28","modified_gmt":"2024-01-04T22:55:28","slug":"zisky-a-ztraty-ocekavane-i-neocekavane","status":"publish","type":"post","link":"https:\/\/www.ladislavjakl.cz\/?p=13928","title":{"rendered":"Zisky a ztr\u00e1ty o\u010dek\u00e1van\u00e9 i neo\u010dek\u00e1van\u00e9"},"content":{"rendered":"<p>Podnik\u00e1te? Zaznamenali jste neo\u010dek\u00e1vanou ztr\u00e1tu? Nebo neo\u010dek\u00e1van\u011b mal\u00fd zisk? Dostanete st\u00e1tn\u00ed subvenci. M\u00e1te ztr\u00e1tu nebo ni\u017e\u0161\u00ed zisk podle sv\u00e9ho o\u010dek\u00e1v\u00e1n\u00ed? Dostanete\u2026 nic. Zd\u00e1 se v\u00e1m ta logika divn\u00e1? Pak se v\u00e1m mus\u00ed zd\u00e1t divn\u00e1 i logika na\u0161\u00ed vl\u00e1dy.<\/p>\n<p><!--more--><\/p>\n<p>Ta loni zavedla zvl\u00e1\u0161tn\u00ed dodate\u010dnou da\u0148 z&nbsp;\u201eneo\u010dek\u00e1van\u00fdch zisk\u016f\u201c. Ano, n\u011bkdy se firm\u011b da\u0159\u00ed v\u00edc, ne\u017e \u010dekala. Bude tedy potrest\u00e1na pokutou. Da\u0159\u00ed se firm\u011b sice skv\u011ble, ale o\u010dek\u00e1van\u011b? Pokutu k&nbsp;b\u011b\u017en\u00e9mu zdan\u011bn\u00ed nedostane. Tuhle marnou debatu m\u00e1me ale u\u017e za sebou a&nbsp;vl\u00e1da prosadila svou. \u010cekala, \u017ee na nov\u00e9 dani (pokut\u011b) vybere t\u0159icet miliard. Pak sv\u016fj odhad up\u0159esnila sm\u011brem dol\u016f, ale realita je je\u0161t\u011b trochu jin\u00e1: nevybrala se ani miliarda. Podle vl\u00e1dn\u00ed logiky by te\u010f st\u00e1t m\u011bl volat po dotaci, proto\u017ee jeho p\u0159\u00edjmy z&nbsp;nov\u00e9 dan\u011b byly asi \u010dty\u0159procentn\u00ed oproti o\u010dek\u00e1v\u00e1n\u00ed. Kam by se m\u011bl st\u00e1t se \u017e\u00e1dost\u00ed obr\u00e1tit? Do Bruselu? K&nbsp;OSN? K Ufon\u016fm?<\/p>\n<p>No, asi by od nich nedostala na\u0161e vl\u00e1da nic, proto\u017ee by sh\u016fry byla pou\u010dena, \u017ee se minim\u00e1ln\u00ed v\u00fdb\u011br \u010dekat dal. Nebyl neo\u010dek\u00e1van\u00fd, naopak o\u010dek\u00e1v\u00e1n\u00ed vl\u00e1dy bylo nere\u00e1ln\u00e9. Kdekdo varoval, \u017ee p\u0159edev\u0161\u00edm banky jednoduch\u00fdmi operacemi sn\u00ed\u017e\u00ed da\u0148ov\u00fd z\u00e1klad pro v\u00fdpo\u010det dodate\u010dn\u00e9 dan\u011b a rad\u011bji kup\u0159\u00edkladu zv\u00fd\u0161\u00ed bonusy za sv\u00e9 produkty, ne\u017e aby cpaly sv\u00e9 pen\u00edze do vl\u00e1dn\u00edho ch\u0159t\u00e1nu.<\/p>\n<p>Jak se asi \u0159\u00edk\u00e1 \u010dlov\u011bku, kter\u00fd cosi odhadne na sto, a v\u00fdsledek pak jsou jen \u010dty\u0159i? Sn\u00edlek? \u010clov\u011bk, kter\u00fd si l\u017ee do kapsy? Dezinform\u00e1tor? Ekonomick\u00fd analfabet? Ur\u010dit\u011b v\u00e1s napadne n\u011bjak\u00e9 lep\u0161\u00ed ozna\u010den\u00ed. Windfall tax byl prost\u011b od za\u010d\u00e1tku projekt pok\u0159iven\u00fd, vykonstruovan\u00fd, nere\u00e1ln\u00fd, nespravedliv\u00fd a fiaskem skon\u010dit musel.<\/p>\n<p>O dan\u00edch se ostatn\u011b tyto dny bude mluvit asi hodn\u011b. Nyn\u00ed je sice t\u00e9matem inkaso za minul\u00fd rok, ale sou\u010dasn\u011b se do cen za\u010d\u00ednaj\u00ed prom\u00edtat zv\u00fd\u0161en\u00e9 sazby pro rok leto\u0161n\u00ed. Mluvit se o dan\u00edch bude t\u0159eba v&nbsp;hospod\u00e1ch. Od prvn\u00edch novoro\u010dn\u00edch dn\u016f u\u017e se zm\u011bna sazby DPH projevuje zdra\u017een\u00edm piva o n\u011bkolik korun za p\u016fllitr. Mo\u017en\u00e1 to tak nepoc\u00edt\u00ed bohat\u0161\u00ed Pra\u017e\u00e1k, kter\u00e9mu je mo\u017en\u00e1 jedno, jestli ho p\u011bt ve\u010dern\u00edch piv bude st\u00e1t 300 korun nebo 350 korun, ale pro ty venkovsk\u00e9 hospody, kter\u00e9 s&nbsp;vyp\u011bt\u00edm sil p\u0159e\u017eily regulace, restrikce a omezen\u00ed z&nbsp;posledn\u00edch let, tohle m\u016f\u017ee b\u00fdt ten posledn\u00ed h\u0159eb\u00edk do rakve.<\/p>\n<p>A\u017e si \u010dlov\u011bk \u0159\u00edk\u00e1, jestli se vl\u00e1dnouc\u00ed politick\u00e1 kasta neboj\u00ed, \u017ee ji na\u0161tvan\u00fd lid vym\u011bn\u00ed. Boj\u00ed. Ale elita m\u00e1 sv\u00e9 recepty. Proto ten usp\u011bchan\u00fd tlak na koresponden\u010dn\u00ed volbu. Pak u\u017e by se s&nbsp;volebn\u00edmi v\u00fdsledky dalo n\u011bco d\u011blat. A kdyby to nevy\u0161lo? Ud\u011blaj\u00ed usp\u011bchan\u011b a v\u010das z&nbsp;na\u0161\u00ed republiky bruselsk\u00fd protektor\u00e1t. Zru\u0161\u00ed jeden z&nbsp;posledn\u00edch znak\u016f suver\u00e9nn\u00edho st\u00e1tu, j\u00edm\u017e je samostatn\u00e1 m\u011bnov\u00e1 politika, usp\u011bchan\u011b se za n\u00e1s vzdaj\u00ed pr\u00e1va veta v&nbsp;EU \u2013 a budou v&nbsp;klidu. Pak u\u017e bude skoro jedno, kdo tu form\u00e1ln\u011b bude vl\u00e1dnout, rozhodovat se bude jinde.<\/p>\n<p>Byla by to o\u010dek\u00e1vateln\u00e1 ztr\u00e1ta suverenity, nebo neo\u010dek\u00e1vateln\u00e1?<\/p>\n<p><em>Ladislav Jakl, 4. ledna 2024<\/em><\/p>\n<p><a href=\"https:\/\/www.institutvk.cz\/clanky\/2568.html\">Zdroj<\/a><\/p>\n","protected":false},"excerpt":{"rendered":"<p>Podnik\u00e1te? Zaznamenali jste neo\u010dek\u00e1vanou ztr\u00e1tu? Nebo neo\u010dek\u00e1van\u011b mal\u00fd zisk? Dostanete st\u00e1tn\u00ed subvenci. M\u00e1te ztr\u00e1tu nebo ni\u017e\u0161\u00ed zisk podle sv\u00e9ho o\u010dek\u00e1v\u00e1n\u00ed? Dostanete\u2026 nic. Zd\u00e1 se v\u00e1m ta logika divn\u00e1? Pak se v\u00e1m mus\u00ed zd\u00e1t divn\u00e1 i logika na\u0161\u00ed vl\u00e1dy.<\/p>\n","protected":false},"author":9,"featured_media":0,"comment_status":"open","ping_status":"open","sticky":false,"template":"","format":"standard","meta":{"ngg_post_thumbnail":0,"footnotes":""},"categories":[1],"tags":[],"class_list":["post-13928","post","type-post","status-publish","format-standard","hentry","category-publikovane-clanky"],"_links":{"self":[{"href":"https:\/\/www.ladislavjakl.cz\/index.php?rest_route=\/wp\/v2\/posts\/13928","targetHints":{"allow":["GET"]}}],"collection":[{"href":"https:\/\/www.ladislavjakl.cz\/index.php?rest_route=\/wp\/v2\/posts"}],"about":[{"href":"https:\/\/www.ladislavjakl.cz\/index.php?rest_route=\/wp\/v2\/types\/post"}],"author":[{"embeddable":true,"href":"https:\/\/www.ladislavjakl.cz\/index.php?rest_route=\/wp\/v2\/users\/9"}],"replies":[{"embeddable":true,"href":"https:\/\/www.ladislavjakl.cz\/index.php?rest_route=%2Fwp%2Fv2%2Fcomments&post=13928"}],"version-history":[{"count":1,"href":"https:\/\/www.ladislavjakl.cz\/index.php?rest_route=\/wp\/v2\/posts\/13928\/revisions"}],"predecessor-version":[{"id":13929,"href":"https:\/\/www.ladislavjakl.cz\/index.php?rest_route=\/wp\/v2\/posts\/13928\/revisions\/13929"}],"wp:attachment":[{"href":"https:\/\/www.ladislavjakl.cz\/index.php?rest_route=%2Fwp%2Fv2%2Fmedia&parent=13928"}],"wp:term":[{"taxonomy":"category","embeddable":true,"href":"https:\/\/www.ladislavjakl.cz\/index.php?rest_route=%2Fwp%2Fv2%2Fcategories&post=13928"},{"taxonomy":"post_tag","embeddable":true,"href":"https:\/\/www.ladislavjakl.cz\/index.php?rest_route=%2Fwp%2Fv2%2Ftags&post=13928"}],"curies":[{"name":"wp","href":"https:\/\/api.w.org\/{rel}","templated":true}]}}