{"id":13933,"date":"2024-01-05T23:23:52","date_gmt":"2024-01-05T22:23:52","guid":{"rendered":"https:\/\/www.ladislavjakl.cz\/?p=13933"},"modified":"2024-01-05T23:23:52","modified_gmt":"2024-01-05T22:23:52","slug":"petardy-a-rachejtle","status":"publish","type":"post","link":"https:\/\/www.ladislavjakl.cz\/?p=13933","title":{"rendered":"Petardy a rachejtle"},"content":{"rendered":"<p>Letos pr\u00fd m\u00e1 b\u00fdt klid. Zrovna letos a pr\u00e1v\u011b letos. N\u011bkter\u00e1 na\u0161e m\u011bste\u010dka, ba i m\u011bstsk\u00e9 \u010d\u00e1sti Prahy toti\u017e byly u\u017e v&nbsp;listopadu polepeny plak\u00e1ty (\u010dasto v&nbsp;\u010de\u0161tin\u011b i angli\u010dtin\u011b), kter\u00e9 hl\u00e1saj\u00ed \u201eLetos bez petard a rachejtl\u00ed\u201c.<\/p>\n<p><!--more--><\/p>\n<p>No, \u00fapln\u011b nev\u00edm, jak\u00fd maj\u00ed podobn\u00e9 apely \u00fa\u010dinek na ve\u0159ejnost, mo\u017en\u00e1 podobn\u00fd, jako m\u011bly sv\u00e9ho \u010dasu transparenty na budov\u00e1ch s&nbsp;n\u00e1pisy Prolet\u00e1\u0159i v\u0161ech zem\u00ed spojte se. Ale i kdyby. Hlavn\u00ed toti\u017e je, \u017ee se letos \u010de\u0161t\u00ed ob\u010dan\u00e9 i ml\u00e1de\u017e, ba i zde konec roku slav\u00edc\u00ed turist\u00e9 \u017e\u00e1dn\u00e9 petardy ve velk\u00e9m opalovat u\u017e nechystali. Pro\u010d? Proto\u017ee tak u\u017e p\u0159ece letos u\u010dinili. Prvn\u00edho ledna, hned v&nbsp;prvn\u00edch des\u00edtk\u00e1ch minut leto\u0161n\u00edho roku. Proto letos mo\u017en\u00e1 n\u011bkomu n\u011bjak\u00e9 rachejtle ulet\u00ed p\u0159i tr\u00e9ninku, zcela ur\u010dit\u011b si ale ti, kdo si cht\u011bj\u00ed zablbnout s&nbsp;pyrotechnikou, jako v\u017edy po\u010dkaj\u00ed a\u017e na prvn\u00ed chv\u00edle po p\u016flnoc\u00ed, a to u\u017e nebude letos. Letos to nikdo nepl\u00e1nuje a nepl\u00e1noval. V\u00fdzva je zbyte\u010dn\u00e1.<\/p>\n<p>Z&nbsp;pietn\u00edch d\u016fvod\u016f se k&nbsp;v\u00fdzv\u011b po filosofick\u00e9 st\u0159elb\u011b p\u0159idal i ministr Raku\u0161an. Letos si dejte klid. Mysl\u00edm, \u017ee ho m\u016f\u017eeme uklidnit. V\u011bt\u0161ina z&nbsp;n\u00e1s krav\u00e1l k&nbsp;oslav\u011b p\u0159\u00edchodu nov\u00e9ho roku nepot\u0159ebuje, a ti, kter\u00e9 to bav\u00ed, si opravdu po\u010dkaj\u00ed a\u017e na za\u010d\u00e1tek roku p\u0159\u00ed\u0161t\u00edho.<\/p>\n<p>Mo\u017en\u00e1 si ale mnoz\u00ed budou \u0161et\u0159it oslavn\u00e9 rachejtle na veselej\u0161\u00ed p\u0159\u00edle\u017eitost: na v\u00fdm\u011bnu t\u00fdmu ve Strakov\u011b akademii.&nbsp; A bude to.<\/p>\n<p>Ps\u00e1no pro Den\u00edk TO<\/p>\n<p><a href=\"https:\/\/denik.to\/petardy-a-rachejtle\/\">Zdroj<\/a><\/p>\n","protected":false},"excerpt":{"rendered":"<p>Letos pr\u00fd m\u00e1 b\u00fdt klid. Zrovna letos a pr\u00e1v\u011b letos. N\u011bkter\u00e1 na\u0161e m\u011bste\u010dka, ba i m\u011bstsk\u00e9 \u010d\u00e1sti Prahy toti\u017e byly u\u017e v&nbsp;listopadu polepeny plak\u00e1ty (\u010dasto v&nbsp;\u010de\u0161tin\u011b i angli\u010dtin\u011b), kter\u00e9 hl\u00e1saj\u00ed \u201eLetos bez petard a rachejtl\u00ed\u201c.<\/p>\n","protected":false},"author":9,"featured_media":0,"comment_status":"open","ping_status":"open","sticky":false,"template":"","format":"standard","meta":{"ngg_post_thumbnail":0,"footnotes":""},"categories":[11,1],"tags":[],"class_list":["post-13933","post","type-post","status-publish","format-standard","hentry","category-ozvena","category-publikovane-clanky"],"_links":{"self":[{"href":"https:\/\/www.ladislavjakl.cz\/index.php?rest_route=\/wp\/v2\/posts\/13933","targetHints":{"allow":["GET"]}}],"collection":[{"href":"https:\/\/www.ladislavjakl.cz\/index.php?rest_route=\/wp\/v2\/posts"}],"about":[{"href":"https:\/\/www.ladislavjakl.cz\/index.php?rest_route=\/wp\/v2\/types\/post"}],"author":[{"embeddable":true,"href":"https:\/\/www.ladislavjakl.cz\/index.php?rest_route=\/wp\/v2\/users\/9"}],"replies":[{"embeddable":true,"href":"https:\/\/www.ladislavjakl.cz\/index.php?rest_route=%2Fwp%2Fv2%2Fcomments&post=13933"}],"version-history":[{"count":1,"href":"https:\/\/www.ladislavjakl.cz\/index.php?rest_route=\/wp\/v2\/posts\/13933\/revisions"}],"predecessor-version":[{"id":13934,"href":"https:\/\/www.ladislavjakl.cz\/index.php?rest_route=\/wp\/v2\/posts\/13933\/revisions\/13934"}],"wp:attachment":[{"href":"https:\/\/www.ladislavjakl.cz\/index.php?rest_route=%2Fwp%2Fv2%2Fmedia&parent=13933"}],"wp:term":[{"taxonomy":"category","embeddable":true,"href":"https:\/\/www.ladislavjakl.cz\/index.php?rest_route=%2Fwp%2Fv2%2Fcategories&post=13933"},{"taxonomy":"post_tag","embeddable":true,"href":"https:\/\/www.ladislavjakl.cz\/index.php?rest_route=%2Fwp%2Fv2%2Ftags&post=13933"}],"curies":[{"name":"wp","href":"https:\/\/api.w.org\/{rel}","templated":true}]}}