{"id":13935,"date":"2024-01-05T23:27:16","date_gmt":"2024-01-05T22:27:16","guid":{"rendered":"https:\/\/www.ladislavjakl.cz\/?p=13935"},"modified":"2024-01-05T23:30:59","modified_gmt":"2024-01-05T22:30:59","slug":"fialova-vlada-chysta-puc","status":"publish","type":"post","link":"https:\/\/www.ladislavjakl.cz\/?p=13935","title":{"rendered":"Fialova vl\u00e1da chyst\u00e1 pu\u010d"},"content":{"rendered":"<p>V Polsku prob\u00edh\u00e1 nejen zm\u011bna vl\u00e1dy, ale sp\u00ed\u0161e to vypad\u00e1 skoro na zm\u011bnu re\u017eimu. Zm\u011bnu, pro kterou se u na\u0161ich sousedu ujal roztomil\u00fd politologick\u00fd term\u00edn KTM (teraz kurwa my).<\/p>\n<p><!--more--><\/p>\n<p>No, ale podobn\u00e9 rysy z\u00edsk\u00e1v\u00e1 i vl\u00e1dnut\u00ed na\u0161\u00ed aktu\u00e1ln\u00ed Stoosmi\u010dky. \u0158\u00edkaj\u00ed si: m\u00e1me v\u011bt\u0161inu, prosad\u00edme cokoli, co si zamaneme nebo co si u n\u00e1s zadaj\u00ed na\u0161i podporovatel\u00e9 z&nbsp;centra euromoci. A tak se trochu zni\u010dehonic dov\u00edd\u00e1me, \u017ee je ten prav\u00fd \u010das p\u0159ijmout euro.<\/p>\n<p>\u010clov\u011bk by \u010dekal, \u017ee nejd\u0159\u00edv se bude medi\u00e1ln\u00ed, politick\u00fd i ekonomick\u00fd odborn\u00fd rybn\u00ed\u010dek va\u0159it vzru\u0161enou debatou na t\u00e9ma, pro\u010d u\u017e najednou nepot\u0159ebujeme samostatnou m\u011bnovou politiku. \u010clov\u011bk by \u010dekal, \u017ee nejd\u0159\u00edv se to stane spole\u010densk\u00fdm t\u00e9matem \u010d\u00edslo jedna, \u017ee jeden argument bude st\u00edhat druh\u00fd.<\/p>\n<p><strong>Trumf v&nbsp;podob\u011b ERM2<\/strong><\/p>\n<p>\u017d\u00e1dnou takovouhle debatu ale zjevn\u011b nepot\u0159ebujete, kdy\u017e m\u00e1te 108. A tak za z\u00e1dy obecn\u00e9 i odborn\u00e9 ve\u0159ejnosti na\u0161e vl\u00e1da v&nbsp;tichosti p\u0159ipravuje m\u011bnov\u00fd pu\u010d. Pu\u010d v&nbsp;podob\u011b p\u0159echodu ke sm\u011bnn\u00e9mu re\u017eimu ERM2. Mnoha lidem ta zkratka nic ne\u0159\u00edk\u00e1, \u010deho\u017e chce vl\u00e1da zneu\u017e\u00edt. Euro jako takov\u00e9 p\u0159\u00edli\u0161 bije do o\u010d\u00ed, ale re\u017eim EMR2 re\u00e1ln\u011b znamen\u00e1 konec samostatn\u00e9 m\u011bny. Koruna by u\u017e existovala jen podle n\u00e1zvu. Byla by pevn\u011b fixov\u00e1na na euro, voln\u00fd kurs by zmizel (p\u0159esn\u011bji \u0159e\u010deno musel by se realizovat v&nbsp;\u00fazk\u00e9m, pevn\u011b stanoven\u00e9m koridoru), centr\u00e1ln\u00ed banka by ztratila n\u00e1stroje vlastn\u00ed m\u011bnov\u00e9 politiky a kurs coby nejd\u016fle\u017eit\u011bj\u0161\u00ed cena v&nbsp;ekonomice by existoval vlastn\u011b u\u017e jen jako. Bylo by to vlastn\u011b takov\u00e9 euro bez eura, z n\u011bho\u017e by u\u017e nebyla cesta zp\u011bt.<\/p>\n<p><strong>I prezident PP<\/strong><\/p>\n<p>P\u0159ed n\u011bkolika m\u011bs\u00edci euro v\u016fbec nebylo prioritn\u00edm t\u00e9matem, skoro ka\u017ed\u00fd m\u011bl za to, \u017ee n\u00e1m bezprost\u0159edn\u011b nehroz\u00ed, vzru\u0161en\u00e1 debata na toto t\u00e9ma se leckomu zd\u00e1la nem\u00edstn\u00e1. A do tohoto ticha p\u0159ich\u00e1z\u00ed ministr Martin Dvo\u0159\u00e1k, korunu ozna\u010d\u00ed za \u201epidim\u011bnu\u201c a z&nbsp;p\u0159echodu na euro u\u010din\u00ed agendu vl\u00e1dn\u00ed koalice, co\u017e vz\u00e1p\u011bt\u00ed horliv\u011b stvrd\u00ed i prezident republiky ve sv\u00e9m novoro\u010dn\u00edm projevu.<\/p>\n<p>Jednotn\u00e1 m\u011bna m\u016f\u017ee existoval jen v&nbsp;r\u00e1mci homogenn\u00ed ekonomick\u00e9 z\u00f3ny, jinak to p\u0159ijde stra\u0161liv\u011b draho, jinak vy\u017eaduje ohromn\u00e9 p\u0159esuny pen\u011bz (jako tomu bylo za \u0159eck\u00e9 dluhov\u00e9 krize). Tyto p\u0159esuny, pokud by se m\u011bly d\u00edt bez ultim\u00e1t a ot\u0159es\u016f, by si vynutily centr\u00e1ln\u00ed \u0159\u00edzen\u00ed, tedy zru\u0161en\u00ed suverenity \u010dlensk\u00fdch st\u00e1t\u016f. A to je prav\u00fd c\u00edl. Euro je krok, jak z&nbsp;EU kone\u010dn\u011b ud\u011blat jeden st\u00e1t a ze suver\u00e9nn\u00edch zem\u00ed provincie.<\/p>\n<p>Nedovolme, aby se nevratn\u00e9 kroky d\u011blaly bez spole\u010densk\u00e9 objedn\u00e1vky, bez ve\u0159ejn\u00e9 debaty, bez mand\u00e1tu ob\u010dan\u016f. Nedovolme to.&nbsp; &nbsp;<\/p>\n<p>Ps\u00e1no pro Den\u00edk TO<\/p>\n<p><a href=\"https:\/\/denik.to\/fialova-vlada-chysta-menovy-puc\/\">Zdroj<\/a><\/p>\n","protected":false},"excerpt":{"rendered":"<p>V Polsku prob\u00edh\u00e1 nejen zm\u011bna vl\u00e1dy, ale sp\u00ed\u0161e to vypad\u00e1 skoro na zm\u011bnu re\u017eimu. Zm\u011bnu, pro kterou se u na\u0161ich sousedu ujal roztomil\u00fd politologick\u00fd term\u00edn KTM (teraz kurwa my).<\/p>\n","protected":false},"author":9,"featured_media":0,"comment_status":"open","ping_status":"open","sticky":false,"template":"","format":"standard","meta":{"ngg_post_thumbnail":0,"footnotes":""},"categories":[11,1],"tags":[],"class_list":["post-13935","post","type-post","status-publish","format-standard","hentry","category-ozvena","category-publikovane-clanky"],"_links":{"self":[{"href":"https:\/\/www.ladislavjakl.cz\/index.php?rest_route=\/wp\/v2\/posts\/13935","targetHints":{"allow":["GET"]}}],"collection":[{"href":"https:\/\/www.ladislavjakl.cz\/index.php?rest_route=\/wp\/v2\/posts"}],"about":[{"href":"https:\/\/www.ladislavjakl.cz\/index.php?rest_route=\/wp\/v2\/types\/post"}],"author":[{"embeddable":true,"href":"https:\/\/www.ladislavjakl.cz\/index.php?rest_route=\/wp\/v2\/users\/9"}],"replies":[{"embeddable":true,"href":"https:\/\/www.ladislavjakl.cz\/index.php?rest_route=%2Fwp%2Fv2%2Fcomments&post=13935"}],"version-history":[{"count":2,"href":"https:\/\/www.ladislavjakl.cz\/index.php?rest_route=\/wp\/v2\/posts\/13935\/revisions"}],"predecessor-version":[{"id":13937,"href":"https:\/\/www.ladislavjakl.cz\/index.php?rest_route=\/wp\/v2\/posts\/13935\/revisions\/13937"}],"wp:attachment":[{"href":"https:\/\/www.ladislavjakl.cz\/index.php?rest_route=%2Fwp%2Fv2%2Fmedia&parent=13935"}],"wp:term":[{"taxonomy":"category","embeddable":true,"href":"https:\/\/www.ladislavjakl.cz\/index.php?rest_route=%2Fwp%2Fv2%2Fcategories&post=13935"},{"taxonomy":"post_tag","embeddable":true,"href":"https:\/\/www.ladislavjakl.cz\/index.php?rest_route=%2Fwp%2Fv2%2Ftags&post=13935"}],"curies":[{"name":"wp","href":"https:\/\/api.w.org\/{rel}","templated":true}]}}