{"id":1394,"date":"2011-12-07T11:44:27","date_gmt":"2011-12-07T10:44:27","guid":{"rendered":"http:\/\/www.ladislavjakl.cz\/?p=1394"},"modified":"2011-12-07T11:45:53","modified_gmt":"2011-12-07T10:45:53","slug":"klausuv-jakl-obcanska-spolecnost-je-fasismus-a-demokracie-je-nasili","status":"publish","type":"post","link":"https:\/\/www.ladislavjakl.cz\/?p=1394","title":{"rendered":"Klaus\u016fv Jakl: Ob\u010dansk\u00e1 spole\u010dnost je fa\u0161ismus a demokracie je n\u00e1sil\u00ed"},"content":{"rendered":"<p>Centrum pro ekonomiku prezidenta V\u00e1clava Klause uspo\u0159\u00e1dalo  semin\u00e1\u0159 na t\u00e9ma \u201eOb\u010dansk\u00e1 spole\u010dnost-nep\u0159\u00edtel svobodn\u00e9ho ob\u010dana?\u201c a o  zaj\u00edmav\u00e9, politicky nekorektn\u00ed p\u0159\u00edsp\u011bvky zde rozhodn\u011b nebyla nouze.  Zvl\u00e1\u0161t\u011b prezident\u016fv tajemn\u00edk Ladislav Jakl si nenechal zav\u0159\u00edt \u00fasta  politickou korektnost\u00ed.<\/p>\n<p><strong><!--more--><\/strong><\/p>\n<p>Je\u0161t\u011b p\u0159ed vlastn\u00edm semin\u00e1\u0159em prezident republiky V\u00e1clav Klaus spole\u010dn\u011b  s\u00a0autorem knihy p\u0159edstavil publikaci viceguvern\u00e9ra \u010cesk\u00e9 n\u00e1rodn\u00ed banky  Vladim\u00edra Tom\u0161\u00edka \u201eEkonomie a zdrav\u00fd rozum&#8220;. Prezident Tom\u0161\u00edka  pochv\u00e1lil, \u017ee si neplete \u017e\u00e1nry a ve sv\u00e9 pr\u00e1ci postupuje na z\u00e1klad\u011b  p\u0159\u00edsn\u011b deskriptivn\u00ed, nikoli normativn\u00ed ekonomick\u00e9 anal\u00fdzy.<\/p>\n<p><strong>psali jsme:<\/strong> <a title=\"Klaus: Havel je levi\u010d\u00e1k a Evropu cht\u011bl sjednotit u\u017e Hitler\" href=\"http:\/\/www.parlamentnilisty.cz\/zpravy\/215268.aspx\"><span style=\"color: #993300\"><strong>Klaus: Havel je levi\u010d\u00e1k a Evropu cht\u011bl sjednotit u\u017e Hitler<\/strong><\/span><\/a><\/p>\n<p><strong>Ekonomie a zdrav\u00fd rozum<\/strong><\/p>\n<p>Tom\u0161\u00edk ve sv\u00e9 publikaci, kter\u00e1, jak s\u00e1m n\u00e1zev napov\u00edd\u00e1, je ur\u010den\u00e1 lidem  se zdrav\u00fdm rozumem, tedy i \u0161ir\u0161\u00ed ve\u0159ejnosti, aplikoval z\u00e1kladn\u00ed postupy  anal\u00fdzy v\u00fdnos\u016f a n\u00e1klad\u016f a vyu\u017eil i teorii her. Popisuje v\u00a0n\u00ed na b\u00e1zi  z\u00e1kladn\u00edch makroekonomick\u00fdch \u00fadaj\u016f fikci homogenity euroz\u00f3ny, vysv\u011btluje  pro\u010d se hospod\u00e1\u0159stv\u00ed i ve\u0159ejn\u00e9 finance mus\u00ed vr\u00e1tit k\u00a0tr\u017en\u00edm princip\u016fm a  pro\u010d jsou st\u00e1tn\u00ed pob\u00eddky a dotace nesmysln\u00e9. Z\u00a0hlediska v\u00fdnos\u016f a  n\u00e1klad\u016f zhodnotil i boj proti \u00fadajn\u00e9mu glob\u00e1ln\u00edmu oteplov\u00e1n\u00ed a hru na  trh v\u00a0podob\u011b emisn\u00edch povolenek a analyzoval i \u010deskou ekonomiku  z\u00a0hlediska energetiky a p\u0159\u00edrodn\u00edch zdroj\u016f.<\/p>\n<p><strong>\u010ct\u011bte tak\u00e9: <\/strong><a title=\"Klaus: J\u00e1 to \u0159\u00edkal, euro je iracion\u00e1ln\u00ed projekt\" href=\"http:\/\/www.parlamentnilisty.cz\/parlament\/176653.aspx\"><span style=\"color: #993300\"><strong>Klaus: J\u00e1 to \u0159\u00edkal, euro je iracion\u00e1ln\u00ed projekt<\/strong><\/span><\/a><\/p>\n<p>Potom ji\u017e za\u010dal samotn\u00fd semin\u00e1\u0159 CEPu, kter\u00fd moderoval jeho \u0159editel Jan  Skope\u010dek. Vystoupili zde tajemn\u00edk prezidenta republiky Ladislav Jakl,  profesor politologie CEVRO Institutu Miroslav Nov\u00e1k, \u0159editel Institutu  sv. Josefa a neform\u00e1ln\u00ed mluv\u010d\u00ed konzervativn\u00ed Akce D.O.S.T. Michal Sem\u00edn a  b\u00fdval\u00fd sen\u00e1tor a exposlanec Evropsk\u00e9ho parlamentu Vladim\u00edr \u017delezn\u00fd.<\/p>\n<p><strong>Fa\u0161istick\u00e1 ob\u010dansk\u00e1 spole\u010dnost<\/strong><\/p>\n<p>Jan Skope\u010dek na \u00favod \u0159ekl, \u017ee m\u00e1 semin\u00e1\u0159 p\u0159isp\u011bt i k\u00a0tomu, aby se na  fenom\u00e9n ob\u010dansk\u00e9 spole\u010dnosti nahl\u00ed\u017eelo bez br\u00fdl\u00ed politick\u00e9 korektnosti a  prezident\u016fv tajemn\u00edk Ladislav Jakl to splnil naprosto bez v\u00fdhrad. Ov\u0161em  ani ostatn\u00ed \u0159e\u010dn\u00edci si nebrali serv\u00edtky.<\/p>\n<p>\u201eMy\u0161lenkov\u00fd koncept ob\u010dansk\u00e9 spole\u010dnosti se v\u00a0podstat\u011b kryje s\u00a0ideologi\u00ed  fa\u0161ismu,&#8220; vyst\u0159elil hned na \u00favod d\u011blovou r\u00e1nu z\u00a0kontrarevolu\u010dn\u00ed Aurory  Ladislav Jakl. Vysv\u011btloval, \u017ee koncept ob\u010dansk\u00e9 spole\u010dnosti se kryje  s\u00a0korporativismem, kter\u00fd je zase z\u00e1kladem fa\u0161ismu. Fa\u0161ismus je podle  n\u011bho levicov\u00e9 socialistick\u00e9 hnut\u00ed, kter\u00e1 nen\u00e1vid\u00ed kapitalismus a tr\u017en\u00ed  ekonomiku podobn\u011b jako ob\u010dansk\u00e1 spole\u010dnost.<\/p>\n<p><strong>St\u00e1t je formou n\u00e1sil\u00ed<\/strong><\/p>\n<p>Ta je zalo\u017eena na privilegovan\u00fdch organizovan\u00fdch skupin\u00e1ch, kter\u00e9 si  uzurpuj\u00ed pr\u00e1vo rozhodovat m\u00edsto demokraticky zvolen\u00fdch a  legitimizovan\u00fdch org\u00e1n\u016f st\u00e1tu. Jako p\u0159\u00edklad uvedl povinn\u00e9 \u010dlenstv\u00ed  v\u00a0profesn\u00edch komor\u00e1ch, kter\u00e9 vykon\u00e1vaj\u00ed i pravomoci st\u00e1tn\u00ed spr\u00e1vy a maj\u00ed  monopol, vyjedn\u00e1v\u00e1n\u00ed kolektivn\u00edch smluv, kter\u00e9 zavazuj\u00ed i zam\u011bstnance,  kte\u0159\u00ed v\u00a0odborech nejsou, delegov\u00e1n\u00ed \u010dlen\u016f ob\u010dansk\u00fdch sdru\u017een\u00ed do org\u00e1n\u016f  st\u00e1tu, nap\u0159\u00edklad medi\u00e1ln\u00edch rad, \u010di fakt, \u017ee p\u0159edev\u0161\u00edm r\u016fzn\u00e1  ekologistick\u00e1 sdru\u017een\u00ed spolurozhoduj\u00ed v\u00a0r\u016fzn\u00fdch stavebn\u00edch \u0159\u00edzen\u00edch.<\/p>\n<p><strong>\u010ct\u011bte tak\u00e9: <\/strong><\/p>\n<p><a title=\"Ladislav Jakl: Ob\u010dansk\u00e1 spole\u010dnost - nevinn\u00e1 bestie. V\u00e1clav Klaus jako zt\u011blesn\u011bn\u00e9 zlo\" href=\"http:\/\/www.parlamentnilisty.cz\/arena\/nazory-a-petice\/201109.aspx\"><span style=\"color: #993300\"><strong>Ladislav Jakl: Ob\u010dansk\u00e1 spole\u010dnost &#8211; nevinn\u00e1 bestie. V\u00e1clav Klaus jako zt\u011blesn\u011bn\u00e9 zlo<\/strong><\/span><\/a><\/p>\n<p>Jakl t\u00e9\u017e rozli\u0161il mezi legitimn\u00edm vlivem, kter\u00fd vykon\u00e1vaj\u00ed r\u016fzn\u00e1 z\u00e1jmov\u00e1  sdru\u017een\u00ed, a moc\u00ed st\u00e1tu, kter\u00e1 je z\u00e1vazn\u00e1, vynutiteln\u00e1 a je formou  n\u00e1sil\u00ed, kter\u00e9 je v\u0161ak pro vynucen\u00ed pr\u00e1va nezbytn\u00e9. Pr\u00e1v\u011b proto, \u017ee se  jedn\u00e1 o n\u00e1siln\u00e9 donucov\u00e1n\u00ed, m\u00e1 b\u00fdt pod demokratickou kontrolou. A pr\u00e1v\u011b  kv\u016fli tomu, \u017ee jde o \u201en\u00e1sil\u00ed&#8220; a donucov\u00e1n\u00ed, m\u011bla by se moc a rozhodov\u00e1n\u00ed  v\u011bt\u0161iny dot\u00fdkat jen omezen\u00e9 sf\u00e9ry, aby nezn\u00e1sil\u0148ovala svobodu  jednotlivc\u016f.<\/p>\n<p>Miroslav Nov\u00e1k naopak nepova\u017euje ob\u010danskou spole\u010dnost za negativn\u00ed v\u011bc a  pokl\u00e1d\u00e1 ji za dopln\u011bk k\u00a0demokratick\u00e9 sout\u011b\u017ei politick\u00fdch stran, i kdy\u017e  p\u0159iznal, \u017ee d\u00edky disident\u016fm se pojet\u00ed ob\u010dansk\u00e9 spole\u010dnosti posunulo  nespr\u00e1vn\u00fdm sm\u011brem. V\u00a0dob\u011b komunismu ji toti\u017e opr\u00e1vn\u011bn\u011b pova\u017eovali za  protiklad k\u00a0totalitn\u00edmu st\u00e1tu, ale po p\u00e1du komunismu pon\u011bkud opomn\u011bli,  \u017ee demokratick\u00fd st\u00e1t nen\u00ed ji\u017e nep\u0159\u00edtelem. Jako p\u0159\u00edklady rozd\u00edln\u00fdch  koncepc\u00ed proti sob\u011b postavil exprezidenta V\u00e1clava Havla a sou\u010dasn\u00e9ho  prezidenta V\u00e1clava Klause.<\/p>\n<p><strong>Aristotelova societas civilis vs. Havlova ob\u010dansk\u00e1 spole\u010dnost<\/strong><\/p>\n<p>Michal Sem\u00edn se vymezil proti havlistick\u00e9 ob\u010dansk\u00e9 spole\u010dnosti, nicm\u00e9n\u011b  obhajoval jej\u00ed jin\u00e9 pojet\u00ed a zd\u016fraznil, \u017ee tento pojem ve sv\u00e9 politick\u00e9  filozofii pou\u017e\u00edval ji\u017e Aristotel\u00e9s a st\u0159edov\u011bc\u00ed myslitel\u00e9, kte\u0159\u00ed na n\u011bj  navazovali. V\u00a0tomto pojet\u00ed se ob\u010dansk\u00e1 spole\u010dnost rovn\u00e1 st\u00e1tu, kter\u00fd  zaji\u0161\u0165uje obecn\u00e1 dobra (v modern\u00ed ekonomii by do jist\u00e9 m\u00edry \u0161lo \u0159\u00edci  ve\u0159ejn\u00e9 statky), kter\u00e9 si neum\u00ed zajistit jedinec, rodina, obec, profesn\u00ed  sdru\u017een\u00ed \u010di kraj.<\/p>\n<p><strong>Psali jsme:<\/strong> <a title=\"Co p\u0159in\u00e1\u0161\u00ed Klaus\u016fv \u010dasopis? Hal\u00edka a havlisty tref\u00ed \u0161lak\" href=\"http:\/\/www.parlamentnilisty.cz\/zpravy\/209683.aspx\"><span style=\"color: #993300\"><strong>Co p\u0159in\u00e1\u0161\u00ed Klaus\u016fv \u010dasopis? Hal\u00edka a havlisty tref\u00ed \u0161lak<\/strong><\/span><\/a><\/p>\n<p>\u010clov\u011bk je dle antick\u00e9 filozofie i k\u0159es\u0165ansk\u00e9 teologie od sv\u00e9  p\u0159irozenosti tvorem spole\u010densk\u00fdm, \u010dili p\u0159irozen\u00fdm \u00fatvarem je i st\u00e1t. Tan  m\u00e1 ale striktn\u011b vykon\u00e1vat jen ty funkce, kter\u00e9 nejsou schopny vykon\u00e1vat  ni\u017e\u0161\u00ed slo\u017eky a nesm\u00ed vstupovat do sf\u00e9ry jednotlivce a rodin, pokud to  nen\u00ed nezbytn\u011b nutn\u00e9. Jinak se st\u00e1t st\u00e1v\u00e1 nelegitimn\u00edm a ve sv\u00e9 podstat\u011b  totalitn\u00edm.<\/p>\n<p><strong>Tradi\u010dn\u00ed subsidiarita vs. subsidiarita EU<\/strong><\/p>\n<p>Sem\u00edn zde vysv\u011btloval, \u017ee pojem subsidiarita pr\u00e1v\u011b znamenala toto  pojet\u00ed, zat\u00edmco eurokrat\u00e9 si ho ukradli a vyu\u017e\u00edvaj\u00ed ho ke st\u00e1le v\u011bt\u0161\u00ed  centralizaci v\u00a0Evropsk\u00e9 unii a omezov\u00e1n\u00ed ob\u010dansk\u00fdch svobod. Klaus podle  Sem\u00edna opr\u00e1vn\u011bn\u011b kritizuje sou\u010dasn\u00e9 fale\u0161n\u00e9 a pr\u00e1zdn\u00e9 pojet\u00ed  subsidiarity ukraden\u00e9 Evropskou uni\u00ed a jej\u00edmi byrokraty.<\/p>\n<p><strong>psali jsme:<\/strong> <a title=\"H\u00e1jek b\u011bdoval nad pravic\u00ed. Vid\u00ed jen pravicov\u00e9 socany\" href=\"http:\/\/www.parlamentnilisty.cz\/zpravy\/183619.aspx\"><span style=\"color: #993300\"><strong>H\u00e1jek b\u011bdoval nad pravic\u00ed. Vid\u00ed jen pravicov\u00e9 socany<\/strong><\/span><\/a><\/p>\n<p>Sem\u00edn t\u00e9\u017e varoval p\u0159ed r\u016fzn\u00fdmi tajn\u00fdmi spole\u010dnostmi. Je podle n\u011bho  legitimn\u00ed, pokud se z\u00e1jmov\u00e9 skupiny sna\u017e\u00ed uplatnit sv\u016fj vliv, ale nesm\u00ed  to b\u00fdt netransparentn\u00ed jako t\u0159eba v\u00a0p\u0159\u00edpad\u011b svobodn\u00fdch zedn\u00e1\u0159\u016f, kde je  \u010dlenstv\u00ed tajn\u00e9. P\u0159esto jim ale \u0161\u00e9f Evropsk\u00e9 komise Jos\u00e9 Manuel Barroso  p\u0159isl\u00edbil, \u017ee jejich p\u0159ipom\u00ednky bude br\u00e1t p\u0159i sv\u00e9m vl\u00e1dnut\u00ed v\u00a0potaz.<\/p>\n<p><strong>V EU demokracie nen\u00ed, tak si musela naj\u00edt n\u00e1hra\u017eku<\/strong><\/p>\n<p>Vladim\u00edr \u017delezn\u00fd se do zna\u010dn\u00e9 m\u00edry ztoto\u017enil s\u00a0p\u0159\u00edsp\u011bvkem Michala  Sem\u00edna. P\u0159i\u0161el s\u00a0hlavn\u00ed tez\u00ed, \u017ee proto\u017ee eurobyrokrat\u00e9 a Evropsk\u00e1 unie  nem\u00e1 sv\u016fj d\u00e9mos, politick\u00fd n\u00e1rod, vytvo\u0159ila si n\u00e1hra\u017eku ve form\u011b  nevl\u00e1dn\u00edch organizac\u00ed, kter\u00e9 maj\u00ed nahradit \u201eevropsk\u00fd lid&#8220; a demokracii a  tyto organizace \u0161t\u011bd\u0159e dotuje. \u201eNevolen\u00ed \u0161pidlov\u00e9 nemaj\u00ed d\u00e9mos, tak si  vymysleli ob\u010danskou spole\u010dnost, kter\u00e1 je dotov\u00e1na neuv\u011b\u0159iteln\u00fdmi  \u010d\u00e1stkami,&#8220; posteskl si b\u00fdval\u00fd europoslanec.<\/p>\n<p><strong>\u010ct\u011bte tak\u00e9:<\/strong> <a title=\"\u017delezn\u00fd: Z EU vystupovat nemus\u00edme. Ona se \u00fasp\u011b\u0161n\u011b drol\u00ed sama\" href=\"http:\/\/www.parlamentnilisty.cz\/parlament\/169389.aspx\"><span style=\"color: #993300\"><strong>\u017delezn\u00fd: Z EU vystupovat nemus\u00edme. Ona se \u00fasp\u011b\u0161n\u011b drol\u00ed sama<\/strong><\/span><\/a><\/p>\n<p>Rovn\u011b\u017e uvedl, \u017ee europarlament nem\u00e1 z\u00e1konod\u00e1rnou iniciativu. Tu m\u00e1 pouze  nik\u00fdm nevolen\u00e1 byrokratick\u00e1 Evropsk\u00e1 komise. Europoslanec Hynek Fajmon  pak p\u0159ipomn\u011bl, \u017ee v\u0161echny n\u00e1vrhy Evropsk\u00e9 komise jsou nejd\u0159\u00edve  konzultov\u00e1ny nikoli s\u00a0volen\u00fdmi z\u00e1stupci ob\u010dan\u016f, n\u00fdbr\u017e pr\u00e1v\u011b se z\u00e1stupci  nevl\u00e1dn\u00edch organizac\u00ed. Podle \u017delezn\u00e9ho takzvan\u00e1 ob\u010dansk\u00e1 spole\u010dnost je  tvrd\u011b konkuren\u010dn\u00ed a nep\u0159\u00e1telsk\u00e1 k\u00a0tradi\u010dn\u00ed demokracii.<\/p>\n<p><a href=\"http:\/\/www.parlamentnilisty.cz\/zpravy\/216190.aspx\" target=\"_blank\">Zdroj<\/a><\/p>\n","protected":false},"excerpt":{"rendered":"<p>Centrum pro ekonomiku prezidenta V\u00e1clava Klause uspo\u0159\u00e1dalo semin\u00e1\u0159 na t\u00e9ma \u201eOb\u010dansk\u00e1 spole\u010dnost-nep\u0159\u00edtel svobodn\u00e9ho ob\u010dana?\u201c a o zaj\u00edmav\u00e9, politicky nekorektn\u00ed p\u0159\u00edsp\u011bvky zde rozhodn\u011b nebyla nouze. Zvl\u00e1\u0161t\u011b prezident\u016fv tajemn\u00edk Ladislav Jakl si nenechal zav\u0159\u00edt \u00fasta politickou korektnost\u00ed.<\/p>\n","protected":false},"author":1,"featured_media":0,"comment_status":"open","ping_status":"open","sticky":false,"template":"","format":"standard","meta":{"ngg_post_thumbnail":0,"footnotes":""},"categories":[11],"tags":[],"class_list":["post-1394","post","type-post","status-publish","format-standard","hentry","category-ozvena"],"_links":{"self":[{"href":"https:\/\/www.ladislavjakl.cz\/index.php?rest_route=\/wp\/v2\/posts\/1394","targetHints":{"allow":["GET"]}}],"collection":[{"href":"https:\/\/www.ladislavjakl.cz\/index.php?rest_route=\/wp\/v2\/posts"}],"about":[{"href":"https:\/\/www.ladislavjakl.cz\/index.php?rest_route=\/wp\/v2\/types\/post"}],"author":[{"embeddable":true,"href":"https:\/\/www.ladislavjakl.cz\/index.php?rest_route=\/wp\/v2\/users\/1"}],"replies":[{"embeddable":true,"href":"https:\/\/www.ladislavjakl.cz\/index.php?rest_route=%2Fwp%2Fv2%2Fcomments&post=1394"}],"version-history":[{"count":4,"href":"https:\/\/www.ladislavjakl.cz\/index.php?rest_route=\/wp\/v2\/posts\/1394\/revisions"}],"predecessor-version":[{"id":1397,"href":"https:\/\/www.ladislavjakl.cz\/index.php?rest_route=\/wp\/v2\/posts\/1394\/revisions\/1397"}],"wp:attachment":[{"href":"https:\/\/www.ladislavjakl.cz\/index.php?rest_route=%2Fwp%2Fv2%2Fmedia&parent=1394"}],"wp:term":[{"taxonomy":"category","embeddable":true,"href":"https:\/\/www.ladislavjakl.cz\/index.php?rest_route=%2Fwp%2Fv2%2Fcategories&post=1394"},{"taxonomy":"post_tag","embeddable":true,"href":"https:\/\/www.ladislavjakl.cz\/index.php?rest_route=%2Fwp%2Fv2%2Ftags&post=1394"}],"curies":[{"name":"wp","href":"https:\/\/api.w.org\/{rel}","templated":true}]}}