{"id":13957,"date":"2024-01-13T15:09:49","date_gmt":"2024-01-13T14:09:49","guid":{"rendered":"https:\/\/www.ladislavjakl.cz\/?p=13957"},"modified":"2024-01-13T15:09:49","modified_gmt":"2024-01-13T14:09:49","slug":"my-nejsme-deti","status":"publish","type":"post","link":"https:\/\/www.ladislavjakl.cz\/?p=13957","title":{"rendered":"My nejsme d\u011bti!"},"content":{"rendered":"<p>Bruselsk\u00fd pidiministr Dvo\u0159\u00e1k se m\u00e9di\u00edm sv\u011b\u0159il se zaj\u00edmavou my\u0161lenkou. Mezi \u010deskou ve\u0159ejnost\u00ed panuje odpor ke spole\u010dn\u00e9 m\u011bn\u011b euro, proto\u017ee n\u00e1rod dosud spr\u00e1vn\u011b nepochopil v\u00fdhody tohoto projektu. Ty jsou podle n\u011bj jasn\u00e9 a nesporn\u00e9 a ka\u017ed\u00fd, kdo v\u011bci rozum\u00ed a je spr\u00e1vn\u011b informovan\u00fd, mus\u00ed rychl\u00e9 p\u0159ijet\u00ed eura podporovat.<\/p>\n<p><!--more--><\/p>\n<p>Odstartoval tak novou velkolepou \u00e9ru \u010desk\u00e9 politiky. \u00c9ru p\u0159ev\u00fdchovy ob\u010dan\u016f. Mezi lidmi toti\u017e panuje d\u011btinsk\u00fd chaos. Ka\u017ed\u00fd nedosp\u011ble vol\u00ed \u010di podporuje n\u011bkoho jin\u00e9ho, kdekdo m\u00e1 na kdeco sv\u016fj vlastn\u00ed pidin\u00e1zor, lid se neum\u00ed sjednotit kolem t\u011bch zaru\u010den\u011b spr\u00e1vn\u00fdch idej\u00ed.<\/p>\n<p><strong>P\u0159ev\u00fdchova<\/strong><\/p>\n<p>A tak je nutn\u00e1 organizovan\u00e1 p\u0159ev\u00fdchova. Pokud m\u00e1 n\u011bkdo odli\u0161n\u00fd n\u00e1zor od n\u00e1zoru elit EU, nem\u016f\u017ee to b\u00fdt toti\u017e ni\u010d\u00edm jin\u00fdm ne\u017e jeho neinformovanost\u00ed, zaostalost\u00ed nebo nezralost\u00ed. Lid\u00e9 jsou zkr\u00e1tka jako d\u011bti. Pot\u0159ebuj\u00ed dor\u016fst, pot\u0159ebuj\u00ed dosp\u011bt.<\/p>\n<p>Jen nedosp\u011bl\u00e9 d\u011bcko m\u016f\u017ee nech\u00e1pat \u00fa\u017easn\u00e9 p\u0159ednosti, kter\u00e9 n\u00e1m ka\u017ed\u00fd den p\u0159in\u00e1\u0161\u00ed st\u00e1le unifikovan\u011bj\u0161\u00ed Unie. A d\u011bti p\u0159ece nemohou volit, proto\u017ee by volily blbosti. Musej\u00ed nejd\u0159\u00edv dozr\u00e1t.<\/p>\n<p>P\u0159\u00ed\u0161t\u011b mo\u017en\u00e1 pidiministr zajde d\u00e1l a p\u0159edstav\u00ed n\u00e1m konkr\u00e9tn\u00ed vizi speci\u00e1ln\u00edho za\u0159\u00edzen\u00ed, do kter\u00e9ho budeme vstupovat jako zabedn\u011bn\u00ed retardovan\u00ed tupci a vych\u00e1zet z&nbsp;n\u011bj jako nov\u00ed, polep\u0161en\u00ed, dosp\u011bl\u00ed eurolid\u00e9.<\/p>\n<p><strong>Pidiministr<\/strong><\/p>\n<p>No, mo\u017en\u00e1 by m\u011bl pidiministrovi n\u011bkdo vysv\u011btlit, jak vznik\u00e1 mand\u00e1t. \u017de vych\u00e1z\u00ed z&nbsp;pot\u0159eb, z\u00e1jm\u016f a n\u00e1zor\u016f lid\u00ed ve ve\u0161ker\u00e9 jejich r\u016fznosti. \u017de pokud n\u011bkdo hodnot\u00ed jevy jinak ne\u017e pidiministr, m\u016f\u017ee to b\u00fdt prost\u011b t\u00edm, \u017ee m\u00e1 jinou \u017eivotn\u00ed zku\u0161enost, \u017ee se jinak d\u00edv\u00e1 na svobodu a na roli st\u00e1tu, na efektivitu hospod\u00e1\u0159sk\u00e9 politiky, na pot\u0159ebu samostatn\u00e9 m\u011bnov\u00e9 politiky. \u017de je osobnostn\u011b jinak vybaven a \u017ee m\u00e1 sv\u00e9 vlastn\u00ed specifick\u00e9 z\u00e1jmy.<\/p>\n<p>Existoval jeden takov\u00fd elitn\u00ed komunista. Miroslav \u0160t\u011bp\u00e1n se jmenoval. A ten p\u0159i n\u00e1v\u0161t\u011bv\u011b \u010cKD na konci roku 1989 sly\u0161el od shrom\u00e1\u017ed\u011bn\u00ed d\u011bln\u00edk\u016f skandov\u00e1n\u00ed \u201emy nejsme d\u011bti\u201c. Mo\u017en\u00e1 by m\u011bl od voli\u010d\u016f n\u011bco takov\u00e9ho usly\u0161et i pidiministr Dvo\u0159\u00e1k.<\/p>\n<p><a href=\"https:\/\/denik.to\/my-nejsme-deti\/\">Zdroj<\/a><\/p>\n","protected":false},"excerpt":{"rendered":"<p>Bruselsk\u00fd pidiministr Dvo\u0159\u00e1k se m\u00e9di\u00edm sv\u011b\u0159il se zaj\u00edmavou my\u0161lenkou. Mezi \u010deskou ve\u0159ejnost\u00ed panuje odpor ke spole\u010dn\u00e9 m\u011bn\u011b euro, proto\u017ee n\u00e1rod dosud spr\u00e1vn\u011b nepochopil v\u00fdhody tohoto projektu. Ty jsou podle n\u011bj jasn\u00e9 a nesporn\u00e9 a ka\u017ed\u00fd, kdo v\u011bci rozum\u00ed a je spr\u00e1vn\u011b informovan\u00fd, mus\u00ed rychl\u00e9 p\u0159ijet\u00ed eura podporovat.<\/p>\n","protected":false},"author":9,"featured_media":0,"comment_status":"open","ping_status":"open","sticky":false,"template":"","format":"standard","meta":{"ngg_post_thumbnail":0,"footnotes":""},"categories":[11,1],"tags":[],"class_list":["post-13957","post","type-post","status-publish","format-standard","hentry","category-ozvena","category-publikovane-clanky"],"_links":{"self":[{"href":"https:\/\/www.ladislavjakl.cz\/index.php?rest_route=\/wp\/v2\/posts\/13957","targetHints":{"allow":["GET"]}}],"collection":[{"href":"https:\/\/www.ladislavjakl.cz\/index.php?rest_route=\/wp\/v2\/posts"}],"about":[{"href":"https:\/\/www.ladislavjakl.cz\/index.php?rest_route=\/wp\/v2\/types\/post"}],"author":[{"embeddable":true,"href":"https:\/\/www.ladislavjakl.cz\/index.php?rest_route=\/wp\/v2\/users\/9"}],"replies":[{"embeddable":true,"href":"https:\/\/www.ladislavjakl.cz\/index.php?rest_route=%2Fwp%2Fv2%2Fcomments&post=13957"}],"version-history":[{"count":1,"href":"https:\/\/www.ladislavjakl.cz\/index.php?rest_route=\/wp\/v2\/posts\/13957\/revisions"}],"predecessor-version":[{"id":13958,"href":"https:\/\/www.ladislavjakl.cz\/index.php?rest_route=\/wp\/v2\/posts\/13957\/revisions\/13958"}],"wp:attachment":[{"href":"https:\/\/www.ladislavjakl.cz\/index.php?rest_route=%2Fwp%2Fv2%2Fmedia&parent=13957"}],"wp:term":[{"taxonomy":"category","embeddable":true,"href":"https:\/\/www.ladislavjakl.cz\/index.php?rest_route=%2Fwp%2Fv2%2Fcategories&post=13957"},{"taxonomy":"post_tag","embeddable":true,"href":"https:\/\/www.ladislavjakl.cz\/index.php?rest_route=%2Fwp%2Fv2%2Ftags&post=13957"}],"curies":[{"name":"wp","href":"https:\/\/api.w.org\/{rel}","templated":true}]}}