{"id":13966,"date":"2024-01-16T22:28:33","date_gmt":"2024-01-16T21:28:33","guid":{"rendered":"https:\/\/www.ladislavjakl.cz\/?p=13966"},"modified":"2024-01-16T22:28:33","modified_gmt":"2024-01-16T21:28:33","slug":"pokrok-nezastavis","status":"publish","type":"post","link":"https:\/\/www.ladislavjakl.cz\/?p=13966","title":{"rendered":"Pokrok nezastav\u00ed\u0161"},"content":{"rendered":"<p>Homosexu\u00e1ln\u00ed t\u0159ic\u00e1tn\u00edk se st\u00e1v\u00e1 p\u0159edsedou vl\u00e1dy jedn\u00e9 z&nbsp;nejv\u00fdznamn\u011bj\u0161\u00edch zem\u00ed sv\u011bta, jadern\u00e9 velmoci, d\u011bdice ohromn\u00fdch mocensk\u00fdch a kulturn\u00edch tradic. Ne to nelze reagovat jinak ne\u017e v\u00fdrokem: pokrok nezastav\u00ed\u0161.<\/p>\n<p><!--more--><\/p>\n<p>To zku\u0161en\u00e1 \u0161v\u00e9dsk\u00e1 komunistka (to nen\u00ed nad\u00e1vka, to je jej\u00ed p\u0159ed lety otev\u0159en\u011b deklarovan\u00e1 orientace) &#8211; a nyn\u00ed pan\u00ed&nbsp; EU komisarka &#8211; \u0159\u00edk\u00e1, \u017ee masov\u00e9 migraci se EU br\u00e1nit nem\u00e1, \u017ee ji m\u00e1 naopak podporovat, \u017ee to chce milion p\u0159ist\u011bhovalc\u016f ro\u010dn\u011b nav\u00edc, aby pr\u00fd tu m\u011bl kdo pracovat. Korektn\u011b trv\u00e1 na tom, \u017ee j\u00ed jde o imigranty leg\u00e1ln\u00ed, ne o ileg\u00e1ln\u00ed. No, nev\u00edm, jak na \u010dernochovi nebo Arabovi n\u011bkde na ulici pozn\u00e1te, jestli je leg\u00e1l nebo ileg\u00e1l, a co je v&nbsp;tom za rozd\u00edl. Z ileg\u00e1la ud\u011bl\u00e1 leg\u00e1la jedno raz\u00edtko.<\/p>\n<p><strong>Fanatismus men\u0161in<\/strong><\/p>\n<p>N\u00e1s by m\u011blo Zaj\u00edmat jin\u00e9 krit\u00e9rium: integrovatelnost. Ta se u p\u0159id\u011blov\u00e1n\u00ed raz\u00edtka zkoum\u00e1 jak? Vysv\u011btlil n\u011bkdo protla\u010dovatel\u016fm multikulti ideologie, \u017ee z&nbsp;milionov\u00e9 vlny, kter\u00e1 p\u0159ed dev\u00edti lety zalila N\u011bmecko, jich do dne\u0161n\u00edho dne stihla nastoupit do pr\u00e1ce asi polovina, zat\u00edmco ta druh\u00e9 u\u017e nejsp\u00ed\u0161 pracovat nikdy nebude? No, pokrok nezastav\u00ed\u0161.<\/p>\n<p>V\u00fdchodn\u00ed my\u0161len\u00ed bylo na Z\u00e1pad\u011b v\u017edy obl\u00edben\u00e9 a\u017e idealizovan\u00e9. Proto ona fascinace teokratick\u00fdm Tibetem nebo hare hare kr\u0161na kr\u0161na vlivy v&nbsp;rockov\u00e9 hudb\u011b. Na Kamp\u011b p\u0159ed patn\u00e1cti postavili u b\u0159ehu Vltavy sochu indick\u00e9ho mudrce \u0160r\u00ed \u010cinmoje.&nbsp; Te\u010f se socha st\u011bhuje do skladu, proto\u017ee mudrc pr\u00fd drcal do mal\u00fdch hol\u010di\u010dek. Fuj, mudrci! Nezastaviteln\u00fd pokrok je zaj\u00edmav\u00fd i t\u00edm, jak fanatismus men\u0161in sv\u00e1d\u00ed do t\u011bsn\u00e9ho sousedstv\u00ed aktivisty, kte\u0159\u00ed by se navz\u00e1jem uml\u00e1tili.<\/p>\n<p><strong>Ve\u010d\u00edrek<\/strong><\/p>\n<p>Na jeden star\u00fd Jir\u00e1nk\u016fv kreslen\u00fd vtip jsem si vzpomn\u011bl p\u0159i gradaci kauzy juchaj\u00edc\u00edho lidoveck\u00e9ho p\u0159edsedy v&nbsp;dob\u011b masov\u00e9 vra\u017edy a dlouh\u00e9 hodiny po n\u00ed. Lh\u00e1t se nem\u00e1 a politik stoj\u00ed na d\u016fv\u011b\u0159e ve\u0159ejnosti. J\u00e1 nejsem ministr ani \u010dlen Bezpe\u010dnostn\u00ed rady st\u00e1tu, ale kdy\u017e v&nbsp;dob\u011b st\u0159elby zastavila moje tramvaj mimo zast\u00e1vku naproti Filosofick\u00e9 fakult\u011b a z\u016fstala st\u00e1t, trvalo sotva p\u00e1r minut, ne\u017e se \u010dlov\u011bk z&nbsp;telefonu dov\u011bd\u011bl, co se d\u011bje.<\/p>\n<p>Je to legra\u010dn\u00ed, je to trapn\u00e9, je to ned\u016fstojn\u00e9. Ale mn\u011b na tom zaj\u00edm\u00e1 jin\u00fd moment. \u0158\u00edk\u00e1m tomu er\u00f3h\u00e1ctv\u00ed. Jist\u00e1 omezenost v&nbsp;tom, \u017ee \u010dlov\u011bk si na pracovi\u0161ti nejen p\u0159\u00e1telsky p\u0159ipije s&nbsp;kolegy a popov\u00edd\u00e1 si s nimi, ale \u017ee mus\u00ed do r\u00e1na tan\u010dit na Michala Davida (!!) a pa\u0159it s&nbsp;kolegy z&nbsp;kancel\u00e1\u0159e. To maj\u00ed ti byrokrati tak \u00fazk\u00e9 obzory? Nemaj\u00ed sv\u00e9 vlastn\u00ed kamar\u00e1dy? Mus\u00ed sd\u00edlet intimn\u00ed chv\u00edle opilosti, milostn\u00e9ho roztou\u017een\u00ed nebo poka\u017een\u00e9ho \u017ealudku zrovna s&nbsp;kolegy z&nbsp;pr\u00e1ce? Jak to tam asi vypadalo, 12 hodin po za\u010d\u00e1tku mejdanu?<\/p>\n<p>Po pr\u00e1ci legraci, \u0159\u00edk\u00e1v\u00e1 jeden m\u016fj n\u011bkdej\u0161\u00ed kolega a dnes kamar\u00e1d. Tyhle sv\u011bty se nemaj\u00ed m\u00edchat. D\u011bl\u00e1 to zlo v&nbsp;pracovn\u00edch vztaz\u00edch. A hlavn\u011b, je to nevkusn\u00e9. Ale v&nbsp;dn\u011bn\u00ed dob\u011b teambuildingov\u00e1n\u00ed asi pokrokov\u00e9.&nbsp;<\/p>\n<p>ps\u00e1no pro Den\u00edk TO<\/p>\n<p><a href=\"https:\/\/denik.to\/pokrok-nezastavis\/\">Zdroj<\/a><\/p>\n<p>&nbsp;&nbsp;&nbsp;&nbsp; &nbsp;&nbsp;&nbsp;&nbsp;&nbsp;&nbsp;&nbsp;&nbsp;&nbsp;&nbsp;<\/p>\n<p>&nbsp;<\/p>\n","protected":false},"excerpt":{"rendered":"<p>Homosexu\u00e1ln\u00ed t\u0159ic\u00e1tn\u00edk se st\u00e1v\u00e1 p\u0159edsedou vl\u00e1dy jedn\u00e9 z&nbsp;nejv\u00fdznamn\u011bj\u0161\u00edch zem\u00ed sv\u011bta, jadern\u00e9 velmoci, d\u011bdice ohromn\u00fdch mocensk\u00fdch a kulturn\u00edch tradic. Ne to nelze reagovat jinak ne\u017e v\u00fdrokem: pokrok nezastav\u00ed\u0161.<\/p>\n","protected":false},"author":9,"featured_media":0,"comment_status":"open","ping_status":"open","sticky":false,"template":"","format":"standard","meta":{"ngg_post_thumbnail":0,"footnotes":""},"categories":[11,1],"tags":[],"class_list":["post-13966","post","type-post","status-publish","format-standard","hentry","category-ozvena","category-publikovane-clanky"],"_links":{"self":[{"href":"https:\/\/www.ladislavjakl.cz\/index.php?rest_route=\/wp\/v2\/posts\/13966","targetHints":{"allow":["GET"]}}],"collection":[{"href":"https:\/\/www.ladislavjakl.cz\/index.php?rest_route=\/wp\/v2\/posts"}],"about":[{"href":"https:\/\/www.ladislavjakl.cz\/index.php?rest_route=\/wp\/v2\/types\/post"}],"author":[{"embeddable":true,"href":"https:\/\/www.ladislavjakl.cz\/index.php?rest_route=\/wp\/v2\/users\/9"}],"replies":[{"embeddable":true,"href":"https:\/\/www.ladislavjakl.cz\/index.php?rest_route=%2Fwp%2Fv2%2Fcomments&post=13966"}],"version-history":[{"count":1,"href":"https:\/\/www.ladislavjakl.cz\/index.php?rest_route=\/wp\/v2\/posts\/13966\/revisions"}],"predecessor-version":[{"id":13967,"href":"https:\/\/www.ladislavjakl.cz\/index.php?rest_route=\/wp\/v2\/posts\/13966\/revisions\/13967"}],"wp:attachment":[{"href":"https:\/\/www.ladislavjakl.cz\/index.php?rest_route=%2Fwp%2Fv2%2Fmedia&parent=13966"}],"wp:term":[{"taxonomy":"category","embeddable":true,"href":"https:\/\/www.ladislavjakl.cz\/index.php?rest_route=%2Fwp%2Fv2%2Fcategories&post=13966"},{"taxonomy":"post_tag","embeddable":true,"href":"https:\/\/www.ladislavjakl.cz\/index.php?rest_route=%2Fwp%2Fv2%2Ftags&post=13966"}],"curies":[{"name":"wp","href":"https:\/\/api.w.org\/{rel}","templated":true}]}}