{"id":13968,"date":"2024-01-17T11:17:40","date_gmt":"2024-01-17T10:17:40","guid":{"rendered":"https:\/\/www.ladislavjakl.cz\/?p=13968"},"modified":"2024-01-17T11:17:40","modified_gmt":"2024-01-17T10:17:40","slug":"tvorte-si-na-veci-svuj-nazor","status":"publish","type":"post","link":"https:\/\/www.ladislavjakl.cz\/?p=13968","title":{"rendered":"Tvo\u0159te si na v\u011bci sv\u016fj n\u00e1zor"},"content":{"rendered":"<p>Na z\u00e1klad\u011b toho, \u017ee si poslechnete a p\u0159e\u010dtete r\u016fzn\u00e9 pohledy na jevy \u010di ud\u00e1losti a p\u0159id\u00e1te k tomu vlastn\u00ed zku\u0161enost. To zazn\u011blo v \u00favodu i z\u00e1v\u011brem p\u0159edn\u00e1\u0161ky a besedy se studenty ostrovsk\u00e9ho gymn\u00e1zia z \u00fast Ladislava Jakla.<\/p>\n<p><!--more--><\/p>\n<p>P\u0159edn\u00e1\u0161ka hudebn\u00edka, publicisty, b\u00fdval\u00e9ho politika i \u0159editele politick\u00e9ho odboru prezidenta V\u00e1clava Klause, byla ojedin\u011bl\u00e1. V\u011bnovala se t\u00e9matu lidsk\u00fdch pr\u00e1v a jejich p\u0159esahu do spole\u010dnosti. V pod\u00e1n\u00ed t\u00e9to konzervativn\u00ed osobnosti s velk\u00fdm v\u011bdomostn\u00edm i \u017eivotn\u00edm p\u0159ehledem studenty zaujala a pob\u00eddla k polo\u017een\u00ed r\u016fzn\u00fdch ot\u00e1zek. Studenti se krom\u011b konzervativn\u00edho pohledu na r\u016fzn\u00e9 formy pr\u00e1va v lidsk\u00e9 spole\u010dnosti dozv\u011bd\u011bli i to, jak pan Jakl pro\u017eil listopad 1989 mezi demonstranty, \u017ee napsal slova chebsk\u00e9 hymny, sponzoruje d\u011bjepisnou sout\u011b\u017e gymn\u00e1zi\u00ed a byl p\u0159\u00edjemn\u011b p\u0159ekvapen, \u017ee se po besed\u011b setkal s jedn\u00edm z jej\u00edch v\u00edt\u011bz\u016f. Bylo toho hodn\u011b a spont\u00e1nnost setk\u00e1n\u00ed dokreslil i \u017e\u00e1k, kter\u00fd p\u0159i\u0161el vy\u0159\u00eddit panu Jaklovi pozdrav od sv\u00e9 p\u0159\u00edbuzn\u00e9, kter\u00e1 s n\u00edm kdysi pracovala v kulturn\u00edm st\u0159edisku kdesi v Praze. D\u011bkuji za vst\u0159\u00edcn\u00fd p\u0159\u00edstup \u0161koly k m\u00e9mu n\u00e1vrhu hosta, student\u016fm za aktivn\u00ed i kultivovan\u00fd projev a panu Jaklovi mimo jin\u00e9 i za to, \u017ee jako dlouholet\u00fd \u010dlen degusta\u010dn\u00ed komise p\u0159isp\u011bl k ocen\u011bn\u00ed za kvalitu ostrovsk\u00e9ho piva Rudohor na pivovarnick\u00fdch sout\u011b\u017e\u00edch.<\/p>\n<p>Miloslav Li\u0161ka<\/p>\n<p><a href=\"https:\/\/ostrovskymesicnik.cz\/#page\/21\">Zdroj<\/a><\/p>\n","protected":false},"excerpt":{"rendered":"<p>Na z\u00e1klad\u011b toho, \u017ee si poslechnete a p\u0159e\u010dtete r\u016fzn\u00e9 pohledy na jevy \u010di ud\u00e1losti a p\u0159id\u00e1te k tomu vlastn\u00ed zku\u0161enost. To zazn\u011blo v \u00favodu i z\u00e1v\u011brem p\u0159edn\u00e1\u0161ky a besedy se studenty ostrovsk\u00e9ho gymn\u00e1zia z \u00fast Ladislava Jakla.<\/p>\n","protected":false},"author":9,"featured_media":0,"comment_status":"open","ping_status":"open","sticky":false,"template":"","format":"standard","meta":{"ngg_post_thumbnail":0,"footnotes":""},"categories":[1],"tags":[],"class_list":["post-13968","post","type-post","status-publish","format-standard","hentry","category-publikovane-clanky"],"_links":{"self":[{"href":"https:\/\/www.ladislavjakl.cz\/index.php?rest_route=\/wp\/v2\/posts\/13968","targetHints":{"allow":["GET"]}}],"collection":[{"href":"https:\/\/www.ladislavjakl.cz\/index.php?rest_route=\/wp\/v2\/posts"}],"about":[{"href":"https:\/\/www.ladislavjakl.cz\/index.php?rest_route=\/wp\/v2\/types\/post"}],"author":[{"embeddable":true,"href":"https:\/\/www.ladislavjakl.cz\/index.php?rest_route=\/wp\/v2\/users\/9"}],"replies":[{"embeddable":true,"href":"https:\/\/www.ladislavjakl.cz\/index.php?rest_route=%2Fwp%2Fv2%2Fcomments&post=13968"}],"version-history":[{"count":1,"href":"https:\/\/www.ladislavjakl.cz\/index.php?rest_route=\/wp\/v2\/posts\/13968\/revisions"}],"predecessor-version":[{"id":13969,"href":"https:\/\/www.ladislavjakl.cz\/index.php?rest_route=\/wp\/v2\/posts\/13968\/revisions\/13969"}],"wp:attachment":[{"href":"https:\/\/www.ladislavjakl.cz\/index.php?rest_route=%2Fwp%2Fv2%2Fmedia&parent=13968"}],"wp:term":[{"taxonomy":"category","embeddable":true,"href":"https:\/\/www.ladislavjakl.cz\/index.php?rest_route=%2Fwp%2Fv2%2Fcategories&post=13968"},{"taxonomy":"post_tag","embeddable":true,"href":"https:\/\/www.ladislavjakl.cz\/index.php?rest_route=%2Fwp%2Fv2%2Ftags&post=13968"}],"curies":[{"name":"wp","href":"https:\/\/api.w.org\/{rel}","templated":true}]}}