{"id":13973,"date":"2024-01-19T16:09:08","date_gmt":"2024-01-19T15:09:08","guid":{"rendered":"https:\/\/www.ladislavjakl.cz\/?p=13973"},"modified":"2024-01-19T16:10:53","modified_gmt":"2024-01-19T15:10:53","slug":"pripoji-tchajvan-k-sobe-i-mongolsko","status":"publish","type":"post","link":"https:\/\/www.ladislavjakl.cz\/?p=13973","title":{"rendered":"P\u0159ipoj\u00ed Tchajvan k sob\u011b i Mongolsko?"},"content":{"rendered":"<p>Sv\u011btov\u00e1 diplomacie se ot\u0159\u00e1sla v&nbsp;z\u00e1kladech. Nauru p\u0159eru\u0161\u00ed sv\u00e9 ofici\u00e1ln\u00ed kontakty s&nbsp;Tchajvanem a nad\u00e1le uzn\u00e1v\u00e1 \u010c\u00ednu. Tak n\u00e1m to aspo\u0148 zv\u011bstuj\u00ed i na\u0161e m\u00e9dia, dokonce p\u0159\u00edmo v&nbsp;titulku. A nikomu nen\u00ed divn\u00e9, \u017ee to je pitomost.<\/p>\n<p><!--more--><\/p>\n<p>Kdyby to \u0161lo sv\u00e9st jen na historickogeografickou negramotnost p\u0159\u00edslu\u0161n\u00e9ho redaktora, \u010dlov\u011bk by m\u00e1vl rukou. Jen\u017ee v&nbsp;onom titulku se zrcadl\u00ed i celkov\u00e9 \u00fapln\u011b chybn\u00e9 ch\u00e1p\u00e1n\u00ed v\u011bt\u0161iny m\u00e9di\u00ed i na\u0161\u00ed politick\u00e9 sc\u00e9ny cel\u00e9ho onoho d\u00e1ln\u011bv\u00fdchodn\u00edho probl\u00e9mu.<\/p>\n<p>\u010c\u00edna je toti\u017e i Tchajvan. Ofici\u00e1ln\u011b se onen ostrovn\u00ed re\u017eim jmenuje \u010c\u00ednsk\u00e1 republika. U n\u00e1s panuje p\u0159esv\u011bd\u010den\u00ed, \u017ee jde o jak\u00fdsi samostatn\u00fd ostrovn\u00ed st\u00e1t, kter\u00fd chce zl\u00e1 sousedn\u00ed velmoc dob\u00fdt a obsadit. A\u0165 to ale p\u0159ipad\u00e1 jakkoli bizarn\u00ed, ono je to oboustrann\u00e9. S\u00e1m Tchajvan se za samostatn\u00fd st\u00e1t nepova\u017euje a d\u011bl\u00e1 si n\u00e1roky na celou \u010c\u00ednu, proto\u017ee on je pr\u00fd tou pravou \u010c\u00ednou.<\/p>\n<p><strong>Dv\u011b \u010c\u00edny<\/strong><\/p>\n<p>V&nbsp;Tchajpeji najdeme ministerstva v\u0161ech resort\u016f s&nbsp;fiktivn\u00ed p\u016fsobnost\u00ed pro celou \u010c\u00ednu. Co se tam v&nbsp;t\u011bch kancel\u00e1\u0159\u00edch re\u00e1ln\u00e9ho d\u011bje, t\u011b\u017eko \u0159\u00edct, faktem ale je, \u017ee jedna z&nbsp;t\u011bch ministersk\u00fdch budov&nbsp;se jmenuje Ministerstvo pro Tchajvan. A to je cel\u00e1 m\u00edstn\u00ed vl\u00e1da.<\/p>\n<p>V&nbsp;\u010c\u00edn\u011b vlastn\u011b st\u00e1le prob\u00edh\u00e1 ob\u010dansk\u00e1 v\u00e1lka mezi nacionalistick\u00fdm Kuomitangem a komunistickou \u010cLR. Tato v\u00e1lka je des\u00edtky let ve zmra\u017een\u00e9m stavu a ob\u011b \u010c\u00edny spolu \u010dile obchoduj\u00ed. Fakticky a re\u00e1ln\u011b se v\u0161ak vz\u00e1jemn\u011b neuzn\u00e1vaj\u00ed coby st\u00e1ty ale jen jako \u00fazem\u00ed do\u010dasn\u011b dr\u017een\u00e1 vzbou\u0159enci.<\/p>\n<p>Tak to tak\u00e9 uzn\u00e1v\u00e1 skoro cel\u00fd sv\u011bt v\u010detn\u011b n\u00e1s a t\u0159eba USA. Ov\u0161em s&nbsp;t\u00edm, \u017ee za re\u00e1ln\u00e9ho partnera pova\u017euje t\u00e9m\u011b\u0159 cel\u00fd sv\u011bt vl\u00e1du v&nbsp;Pekingu, a to od dob Henryho Kissingera. Politika jedn\u00e9 \u010c\u00edny je sv\u011btovou normou. Jen si mo\u017en\u00e1 n\u011bkter\u00e9 st\u00e1ty p\u0159ej\u00ed, aby re\u017eim velk\u00e9 \u010c\u00edny zavl\u00e1dl nad cel\u00fdm \u010d\u00ednsk\u00fdm \u00fazem\u00edm v\u010detn\u011b ostrovn\u00ed provincie, jin\u00e9 st\u00e1ty si p\u0159ej\u00ed opak, tedy p\u0159\u00edchod tchajvansk\u00e9 moci do Pekingu.<\/p>\n<p>Realisti\u010dt\u00ed politici i byznysmeni ale v\u011bd\u00ed, \u017ee sou\u010dasn\u00fd stav \u2013 by\u0165 je vlastn\u011b nenorm\u00e1ln\u00ed \u2013 je do zna\u010dn\u00e9 m\u00edry stabiln\u00ed a jeho rozkol\u00eds\u00e1n\u00ed by se mohlo st\u00e1t celosv\u011btovou katastrofou. A tak se tv\u00e1\u0159\u00edme, \u017ee na pevninsk\u00e9 \u010c\u00edn\u011b vl\u00e1dne supervelmoc, kterou neradi mus\u00edme br\u00e1t na v\u011bdom\u00ed, a na ostrovn\u00ed \u010c\u00edn\u011b je skorost\u00e1t, kter\u00e9mu bychom p\u0159\u00e1li st\u00e1tnost. Ov\u0161em ne s&nbsp;platnost\u00ed pro celou \u010c\u00ednu, proto\u017ee my to jako nev\u00edme, \u017ee Tchajvan sebe pova\u017euje za tu pravou \u010c\u00ednu.<\/p>\n<p><strong>A co s Mongolskem?<\/strong><\/p>\n<p>Na Tchajvanu se st\u0159\u00eddaj\u00ed na\u0161i politici jako na orloji. Ptali se n\u011bkdy sv\u00fdch hostitel\u016f, jak to maj\u00ed t\u0159eba s&nbsp;Tibetem? Nebo jak to maj\u00ed s&nbsp;platnost\u00ed hranic s&nbsp;Barmou? Je prima, \u017ee je pro na\u0161e m\u00e9dia zpr\u00e1va hodn\u00e1 titulku, \u017ee Vanuatu uzn\u00e1v\u00e1 \u010c\u00ednu, ale \u017ee Tchajvan, \u010dili ona \u201eostrovn\u00ed \u010c\u00edna\u201c, dodnes neuzn\u00e1v\u00e1 samostatnost Mongolska, kter\u00e9 existuje u\u017e 103 let, to nikdo z&nbsp;t\u011bch novin\u00e1\u0159\u016f asi netu\u0161\u00ed.<\/p>\n<p>Ofici\u00e1ln\u00ed politikou Tchajvanu je snaha o v\u00edt\u011bzstv\u00ed nad cel\u00fdm \u00fazem\u00edm pevninsk\u00e9 \u010c\u00edny v\u010detn\u011b \u00fazem\u00ed dal\u0161\u00edch sousedn\u00edch zem\u00ed. A kdy\u017e se ob\u010das najde m\u00edstn\u00ed politik, kter\u00fd by na tyhle bojovn\u00e9 sny cht\u011bl rezignovat a u\u010dinit z&nbsp;Tchajvanu samostatnou nez\u00e1vislou zem bez n\u00e1rok\u016f, zpravidla kon\u010d\u00ed ve v\u011bzen\u00ed. To se&nbsp;u n\u00e1s v\u00ed?<\/p>\n<p>P\u016fvodn\u00ed obyvatel\u00e9 Tchajvanu nebyli \u010c\u00ed\u0148ani, ale domorodci etnicky bli\u017e\u0161\u00ed sp\u00ed\u0161e Filip\u00ednc\u016fm a obyvatel\u016fm Oce\u00e1nie. Tak tomu bylo i po cel\u00e1 stalet\u00ed, kdy ostrov pat\u0159il k&nbsp;\u0158\u00ed\u0161i St\u0159edu. Kdy\u017e pak po prohran\u00e9 v\u00e1lce na pevnin\u011b p\u0159i\u0161la na ostrov ohromn\u00e1 pora\u017een\u00e1 arm\u00e1da Kuomitangu a s&nbsp;n\u00ed i rodiny a p\u0159\u00edslu\u0161n\u00edci do t\u00e9 doby vl\u00e1dnouc\u00edch elit, stali se domorodci men\u0161inou ve vlastn\u00ed zemi.<\/p>\n<p>Diplomacie ostrova Vanuatu je ur\u010dit\u011b tuze zaj\u00edmav\u00e1, ale mo\u017en\u00e1 by se n\u011bjak\u00fd novin\u00e1\u0159 mohl p\u00eddit m\u00edsto po tom, koho uzn\u00e1v\u00e1 Vanuatu, rad\u011bji po tom, kdy u\u017e \u010c\u00ednsk\u00e1 republika s\u00eddl\u00edc\u00ed na Tchajvanu uzn\u00e1 Mongolsko.&nbsp;&nbsp;&nbsp; &nbsp;&nbsp;&nbsp;<\/p>\n<p>Ps\u00e1no pro Den\u00edk TO &#8211; 17. 1. 2024<\/p>\n<p><a href=\"https:\/\/denik.to\/pripoji-tchajvan-k-sobe-i-mongolsko\/\">Zdroj<\/a><\/p>\n","protected":false},"excerpt":{"rendered":"<p>Sv\u011btov\u00e1 diplomacie se ot\u0159\u00e1sla v&nbsp;z\u00e1kladech. Nauru p\u0159eru\u0161\u00ed sv\u00e9 ofici\u00e1ln\u00ed kontakty s&nbsp;Tchajvanem a nad\u00e1le uzn\u00e1v\u00e1 \u010c\u00ednu. Tak n\u00e1m to aspo\u0148 zv\u011bstuj\u00ed i na\u0161e m\u00e9dia, dokonce p\u0159\u00edmo v&nbsp;titulku. A nikomu nen\u00ed divn\u00e9, \u017ee to je pitomost.<\/p>\n","protected":false},"author":9,"featured_media":0,"comment_status":"open","ping_status":"open","sticky":false,"template":"","format":"standard","meta":{"ngg_post_thumbnail":0,"footnotes":""},"categories":[11,1],"tags":[],"class_list":["post-13973","post","type-post","status-publish","format-standard","hentry","category-ozvena","category-publikovane-clanky"],"_links":{"self":[{"href":"https:\/\/www.ladislavjakl.cz\/index.php?rest_route=\/wp\/v2\/posts\/13973","targetHints":{"allow":["GET"]}}],"collection":[{"href":"https:\/\/www.ladislavjakl.cz\/index.php?rest_route=\/wp\/v2\/posts"}],"about":[{"href":"https:\/\/www.ladislavjakl.cz\/index.php?rest_route=\/wp\/v2\/types\/post"}],"author":[{"embeddable":true,"href":"https:\/\/www.ladislavjakl.cz\/index.php?rest_route=\/wp\/v2\/users\/9"}],"replies":[{"embeddable":true,"href":"https:\/\/www.ladislavjakl.cz\/index.php?rest_route=%2Fwp%2Fv2%2Fcomments&post=13973"}],"version-history":[{"count":1,"href":"https:\/\/www.ladislavjakl.cz\/index.php?rest_route=\/wp\/v2\/posts\/13973\/revisions"}],"predecessor-version":[{"id":13974,"href":"https:\/\/www.ladislavjakl.cz\/index.php?rest_route=\/wp\/v2\/posts\/13973\/revisions\/13974"}],"wp:attachment":[{"href":"https:\/\/www.ladislavjakl.cz\/index.php?rest_route=%2Fwp%2Fv2%2Fmedia&parent=13973"}],"wp:term":[{"taxonomy":"category","embeddable":true,"href":"https:\/\/www.ladislavjakl.cz\/index.php?rest_route=%2Fwp%2Fv2%2Fcategories&post=13973"},{"taxonomy":"post_tag","embeddable":true,"href":"https:\/\/www.ladislavjakl.cz\/index.php?rest_route=%2Fwp%2Fv2%2Ftags&post=13973"}],"curies":[{"name":"wp","href":"https:\/\/api.w.org\/{rel}","templated":true}]}}