{"id":13976,"date":"2024-01-23T15:15:21","date_gmt":"2024-01-23T14:15:21","guid":{"rendered":"https:\/\/www.ladislavjakl.cz\/?p=13976"},"modified":"2024-01-23T15:17:40","modified_gmt":"2024-01-23T14:17:40","slug":"mokry-hadr-aneb-nebudme-tak-pri-zdi","status":"publish","type":"post","link":"https:\/\/www.ladislavjakl.cz\/?p=13976","title":{"rendered":"Mokr\u00fd hadr, aneb nebu\u010fme tak p\u0159i zdi"},"content":{"rendered":"<p>O koresponden\u010dn\u00ed volb\u011b u\u017e bylo naps\u00e1no skoro v\u0161e a k&nbsp;t\u011bm mnoha bystr\u00fdm post\u0159eh\u016fm t\u011b\u017eko co dod\u00e1vat. Jen m\u011b napadlo, \u017ee by m\u011b nikdy nenapadlo p\u0159i n\u00e1v\u0161t\u011bv\u011b sv\u00fdch rodi\u010d\u016f v&nbsp;dob\u011b, kdy jsem u\u017e des\u00edtky let \u017eil jinde, kibicovat, jak si maj\u00ed za\u0159\u00eddit dom\u00e1cnost.<\/p>\n<p><!--more--><\/p>\n<p>Dnes m\u00e1m ale na mysli jin\u00fd, i kdy\u017e trochu souvisej\u00edc\u00ed moment. P\u0159edstavme si bl\u00e1znivou situaci, kdy o veden\u00ed t\u00e9 \u010di on\u00e9 zem\u011b budou rozhodovat ob\u010dan\u00e9 jin\u00fdch st\u00e1t\u016f. Kdyby t\u0159eba Evropan\u00e9 rozhodovali o tom, kdo se stane americk\u00fdm prezidentem. No, jsem si skoro jist, \u017ee Evropan\u00e9 by nikdy v d\u011bjin\u00e1ch nezvolili ani jednoho republik\u00e1na.<\/p>\n<p>Ono je to ka\u017ed\u00e9 \u010dty\u0159i roky jasn\u011b vid\u011bt. Politici, m\u00e9dia i valn\u00e1 \u010d\u00e1st eurove\u0159ejnosti fand\u00ed v\u017edy jedn\u00e9 americk\u00e9 stran\u011b. T\u00e9 levicov\u00e9, t\u00e9 pokrokov\u00e9, t\u00e9 modr\u00e9. Bylo to tak p\u0159i kandidatu\u0159e Reaganov\u011b, obou Bush\u016f i v&nbsp;p\u0159\u00edpad\u011b Donalda Trumpa.<\/p>\n<p>Trump nyn\u00ed vyhr\u00e1l prim\u00e1rky ve venkovsk\u00e9m st\u00e1t\u011b Iowa ohromn\u00fdm rozd\u00edlem. Ale je\u0161t\u011b dva dny p\u0159ed touto volbou papou\u0161kovala evropsk\u00e1 (i na\u0161e) m\u00e9dia tvrzen\u00ed liber\u00e1ln\u00edch americk\u00fdch agentur, jak to asi bude t\u011bsn\u00e9, jak se Trumpovi zved\u00e1 stranick\u00e1 konkurence. Ano, to je zbo\u017en\u00fdm p\u0159\u00e1n\u00edm Demokrat\u016f, aby Republik\u00e1ni nominovali do prezidentsk\u00e9ho souboje kohokoli jin\u00e9ho, proto\u017ee proti Trumpovi si (pr\u00e1vem) nev\u011b\u0159\u00ed.<\/p>\n<p>Nejde ale jen o americk\u00e9 volby. Podobn\u011b se na\u0161e m\u00e9dia chovaj\u00ed i p\u0159i volb\u00e1ch v&nbsp;Rakousku, v&nbsp;Polsku \u010di na Slovensku. To fand\u011bn\u00ed je evidentn\u00ed. A pak \u010dasto \u00fadiv nad v\u00fdsledkem. Je z\u0159ejm\u00e9, \u017ee voli\u010d je ve sv\u00e9 zemi indoktrinov\u00e1n svou denn\u00ed zku\u0161enost\u00ed. Zat\u00edmco ob\u010dan\u00e9 z&nbsp;jin\u00fdch, t\u0159eba i dalek\u00fdch zem\u00ed nejsou praktick\u00fdm \u017eivotem ovlivn\u011bni a mohli by volit ideov\u011b \u010dist\u011b, \u017ee.<\/p>\n<p>Mo\u017en\u00e1 bychom p\u0159i \u00favah\u00e1ch o reform\u011b volebn\u00edch z\u00e1kon\u016f nem\u011bli z\u016fst\u00e1vat p\u0159i zdi, od kter\u00e9 n\u00e1m rad\u00ed se odlepit i n\u00e1\u0161 vnit\u0159n\u00ed ministr. Poj\u010fme ud\u011blat celosv\u011btovou dohodu. Japonci by volili politiky brazilsk\u00e9, Brazilci p\u00e1kist\u00e1nsk\u00e9, P\u00e1kist\u00e1nci mexick\u00e9, Mexi\u010dani filip\u00ednsk\u00e9, Filip\u00ednci nig\u00e9rijsk\u00e9, Nig\u00e9rijci rusk\u00e9, Rusov\u00e9 indick\u00e9, Indov\u00e9 americk\u00e9, Ameri\u010dani \u010d\u00ednsk\u00e9 a \u010c\u00ed\u0148ani t\u0159eba egyptsk\u00e9. U n\u00e1s by se pak volilo veden\u00ed Nov\u00e9ho Z\u00e9landu a Novoz\u00e9lan\u010fani by volili p\u0159edstavitele Izraele.<\/p>\n<p>Ano, to by byl teprve skute\u010dn\u00fd pokrok. V&nbsp;dne\u0161n\u00edm propojen\u00e9m sv\u011bt\u011b by si voli\u010di na internetu o dan\u00e9 zemi za p\u00e1r minut nastudovali v\u0161e pot\u0159ebn\u00e9, a hlavn\u011b by jejich \u00fasudek nebyl zkreslen zku\u0161enost\u00ed se zdravotnictv\u00edm, \u0161kolstv\u00edm, bezpe\u010dnost\u00ed, dan\u011bmi \u010di m\u00edrou regulace v&nbsp;t\u00e9 zemi, o kter\u00e9 by pak teprve opravdu objektivn\u011b rozhodovali. Voli\u010d m\u00e1 b\u00fdt nezat\u00ed\u017een t\u011bmito nepodstatnostmi. Obr\u00e1zek kandiduj\u00edc\u00edho politika a jeho stru\u010dn\u00fd internetov\u00fd \u017eivotopis mus\u00ed sta\u010dit.<\/p>\n<p>Te\u010f jsem si uv\u011bdomil, \u017ee m\u00e9 mamince by dnes bylo 99 let. A kdy\u017e tak na ni vzpom\u00edn\u00e1m, p\u0159edstavuju si, jak by asi reagovala, kdybych dvacet let po sv\u00e9m odst\u011bhov\u00e1n\u00ed z Chebu do Prahy najednou p\u0159ijel a za\u010dal j\u00ed doma st\u011bhovat sk\u0159\u00ed\u0148. Nejsp\u00ed\u0161 by m\u011b vzala mokr\u00fdm hadrem. A dob\u0159e by ud\u011blala.<\/p>\n<p><em>Ladislav Jakl, 18. ledna 2024<\/em><\/p>\n<p><a href=\"https:\/\/www.institutvk.cz\/clanky\/2577.html\">Zdroj<\/a><\/p>\n","protected":false},"excerpt":{"rendered":"<p>O koresponden\u010dn\u00ed volb\u011b u\u017e bylo naps\u00e1no skoro v\u0161e a k&nbsp;t\u011bm mnoha bystr\u00fdm post\u0159eh\u016fm t\u011b\u017eko co dod\u00e1vat. Jen m\u011b napadlo, \u017ee by m\u011b nikdy nenapadlo p\u0159i n\u00e1v\u0161t\u011bv\u011b sv\u00fdch rodi\u010d\u016f v&nbsp;dob\u011b, kdy jsem u\u017e des\u00edtky let \u017eil jinde, kibicovat, jak si maj\u00ed za\u0159\u00eddit dom\u00e1cnost.<\/p>\n","protected":false},"author":9,"featured_media":0,"comment_status":"open","ping_status":"open","sticky":false,"template":"","format":"standard","meta":{"ngg_post_thumbnail":0,"footnotes":""},"categories":[1],"tags":[],"class_list":["post-13976","post","type-post","status-publish","format-standard","hentry","category-publikovane-clanky"],"_links":{"self":[{"href":"https:\/\/www.ladislavjakl.cz\/index.php?rest_route=\/wp\/v2\/posts\/13976","targetHints":{"allow":["GET"]}}],"collection":[{"href":"https:\/\/www.ladislavjakl.cz\/index.php?rest_route=\/wp\/v2\/posts"}],"about":[{"href":"https:\/\/www.ladislavjakl.cz\/index.php?rest_route=\/wp\/v2\/types\/post"}],"author":[{"embeddable":true,"href":"https:\/\/www.ladislavjakl.cz\/index.php?rest_route=\/wp\/v2\/users\/9"}],"replies":[{"embeddable":true,"href":"https:\/\/www.ladislavjakl.cz\/index.php?rest_route=%2Fwp%2Fv2%2Fcomments&post=13976"}],"version-history":[{"count":2,"href":"https:\/\/www.ladislavjakl.cz\/index.php?rest_route=\/wp\/v2\/posts\/13976\/revisions"}],"predecessor-version":[{"id":13978,"href":"https:\/\/www.ladislavjakl.cz\/index.php?rest_route=\/wp\/v2\/posts\/13976\/revisions\/13978"}],"wp:attachment":[{"href":"https:\/\/www.ladislavjakl.cz\/index.php?rest_route=%2Fwp%2Fv2%2Fmedia&parent=13976"}],"wp:term":[{"taxonomy":"category","embeddable":true,"href":"https:\/\/www.ladislavjakl.cz\/index.php?rest_route=%2Fwp%2Fv2%2Fcategories&post=13976"},{"taxonomy":"post_tag","embeddable":true,"href":"https:\/\/www.ladislavjakl.cz\/index.php?rest_route=%2Fwp%2Fv2%2Ftags&post=13976"}],"curies":[{"name":"wp","href":"https:\/\/api.w.org\/{rel}","templated":true}]}}