{"id":13982,"date":"2024-01-24T11:54:17","date_gmt":"2024-01-24T10:54:17","guid":{"rendered":"https:\/\/www.ladislavjakl.cz\/?p=13982"},"modified":"2024-01-24T11:54:17","modified_gmt":"2024-01-24T10:54:17","slug":"strach-dobry-zly-a-nas","status":"publish","type":"post","link":"https:\/\/www.ladislavjakl.cz\/?p=13982","title":{"rendered":"Strach dobr\u00fd, zl\u00fd a n\u00e1\u0161"},"content":{"rendered":"<p>\u00c9ru \u201e\u0161pagetov\u00fdch\u201c western\u016f odstartoval u\u017e p\u0159ed \u0161edes\u00e1ti lety Sergio Leone sv\u00fdm legend\u00e1rn\u00edm filmem Hodn\u00fd, Zl\u00fd a O\u0161kliv\u00fd. \u010c\u00edm se zejm\u00e9na tenhle film a dal\u0161\u00ed klasiky tohoto \u017e\u00e1nru staly tak slavn\u00fdmi? Absolutn\u00ed stylizac\u00ed.<\/p>\n<p><!--more--><\/p>\n<p>Ano. Tyhle evropsk\u00e9 kooproduk\u010dn\u00ed filmy nemohly konkurovat americk\u00fdm origin\u00e1l\u016fm rozpo\u010dtem, z\u00e1zem\u00edm filmov\u00e9ho pr\u016fmyslu, a tedy ani realisti\u010dnost\u00ed, v\u00fdpravnost\u00ed a hodnov\u011brnost\u00ed. \u0160ly \u00fapln\u011b jinou cestou.<\/p>\n<p>Absolutn\u00edm zjednodu\u0161en\u00edm charakter\u016f (i situac\u00ed) a\u017e na kost. Jako v&nbsp;italsk\u00e9 renesan\u010dn\u00ed commedia dell\u2018 arte. Tam vystupovaly figury v\u017edy se stejn\u00fdmi jm\u00e9ny a charaktery, od za\u010d\u00e1tku ka\u017ed\u00fd v\u011bd\u011bl, kdo bude padouch, kdo srandista, kdo naivka, kdo bonviv\u00e1n, kdo osudov\u00e1 \u017eena. Ani nemusel konkr\u00e9tn\u00ed hru a jej\u00ed d\u011bj zn\u00e1t, postavy byly p\u0159edem ur\u010deny, jen byly stav\u011bny do r\u016fzn\u00fdch situac\u00ed a p\u0159\u00edb\u011bh\u016f.<\/p>\n<p><strong>Strach unie a strach z unie<\/strong><\/p>\n<p>Stejn\u011b tak bylo u filmu Hodn\u00fd, Zl\u00fd a O\u0161kliv\u00fd doslovn\u011b a explicitn\u011b ur\u010deno, jakou roli, kdo v&nbsp;p\u0159\u00edb\u011bhu zast\u00e1v\u00e1. Vlastn\u011b to m\u011bli hrdinov\u00e9 filmu naps\u00e1no na \u010dele. Podobn\u00e9 to je i s&nbsp;chystan\u00fdmi volbami do eulamentu. Bruselsk\u00fdm papal\u00e1\u0161\u016fm te\u010de do bot, a tak varuj\u00ed p\u0159ed t\u00edm, aby protestn\u00ed strany nebrnkaly na strunu strachu a aby na takov\u00e9 brnk\u00e1n\u00ed voli\u010d nesly\u0161el. Pochopiteln\u011b t\u00edm ale mysl\u00ed pouze strach z&nbsp;migrace a strach o soci\u00e1ln\u00ed pom\u011bry. To je velmi pozoruhodn\u00e9.<\/p>\n<p>Pro\u010d? Proto\u017ee unijn\u00ed elity toti\u017e samy strach pou\u017e\u00edvaj\u00ed jako hlavn\u00ed n\u00e1stroj udr\u017een\u00ed sv\u00e9 moci. A p\u0159itom to ani nemus\u00ed b\u00fdt strach zalo\u017een\u00fd na re\u00e1ln\u00e9 a hmatateln\u00e9 zku\u0161enosti. M\u00e1me se b\u00e1t, \u017ee se lidstvo za sto let upe\u010de. A takto vystra\u0161en\u00e9 obyvatelstvo, kter\u00e9mu se nav\u00edc vnut\u00ed pocit viny a zodpov\u011bdnosti za osud podneb\u00ed, je teprve schopno nejen \u201espr\u00e1vn\u011b\u201c volit, ale nechat se i pat\u0159i\u010dn\u011b podojit a vnutit si politiku vedouc\u00ed k&nbsp;chudob\u011b.<\/p>\n<p>Tak\u017ee, mil\u00ed voli\u010di: strach z&nbsp;migrace, to je O\u0161kliv\u00fd a Zl\u00fd strach. Strach o podneb\u00ed je strach Hodn\u00fd. A kdy\u017e v\u00e1s n\u011bjak\u00fd europapal\u00e1\u0161 varuje, aby u eurovoleb nebyl va\u0161\u00edm motivem strach, pochopiteln\u011b ml\u010d\u00ed o onom strachu Hodn\u00e9m, se kter\u00fdm pracuje on, ale m\u00e1 namysli je onen strach Zl\u00fd a O\u0161kliv\u00fd, na kter\u00e9m surfuj\u00ed tamti popapulist\u00e9.<\/p>\n<p>Pro po\u0159\u00e1dek to shrnu. Jsou strachy r\u016fzn\u00e9. Je strach dobr\u00fd, zl\u00fd, a pak ten n\u00e1\u0161. To je re\u017eis\u00e9r Ji\u0159\u00ed Strach. Nespletete to?&nbsp; &nbsp;&nbsp;&nbsp;&nbsp;&nbsp;<\/p>\n<p>Ps\u00e1no pro Den\u00edk TO<\/p>\n<p><a href=\"https:\/\/denik.to\/strach-dobry-zly-a-nas\/\">Zdroj&nbsp; &nbsp;<\/a><\/p>\n","protected":false},"excerpt":{"rendered":"<p>\u00c9ru \u201e\u0161pagetov\u00fdch\u201c western\u016f odstartoval u\u017e p\u0159ed \u0161edes\u00e1ti lety Sergio Leone sv\u00fdm legend\u00e1rn\u00edm filmem Hodn\u00fd, Zl\u00fd a O\u0161kliv\u00fd. \u010c\u00edm se zejm\u00e9na tenhle film a dal\u0161\u00ed klasiky tohoto \u017e\u00e1nru staly tak slavn\u00fdmi? Absolutn\u00ed stylizac\u00ed.<\/p>\n","protected":false},"author":9,"featured_media":0,"comment_status":"open","ping_status":"open","sticky":false,"template":"","format":"standard","meta":{"ngg_post_thumbnail":0,"footnotes":""},"categories":[1],"tags":[],"class_list":["post-13982","post","type-post","status-publish","format-standard","hentry","category-publikovane-clanky"],"_links":{"self":[{"href":"https:\/\/www.ladislavjakl.cz\/index.php?rest_route=\/wp\/v2\/posts\/13982","targetHints":{"allow":["GET"]}}],"collection":[{"href":"https:\/\/www.ladislavjakl.cz\/index.php?rest_route=\/wp\/v2\/posts"}],"about":[{"href":"https:\/\/www.ladislavjakl.cz\/index.php?rest_route=\/wp\/v2\/types\/post"}],"author":[{"embeddable":true,"href":"https:\/\/www.ladislavjakl.cz\/index.php?rest_route=\/wp\/v2\/users\/9"}],"replies":[{"embeddable":true,"href":"https:\/\/www.ladislavjakl.cz\/index.php?rest_route=%2Fwp%2Fv2%2Fcomments&post=13982"}],"version-history":[{"count":1,"href":"https:\/\/www.ladislavjakl.cz\/index.php?rest_route=\/wp\/v2\/posts\/13982\/revisions"}],"predecessor-version":[{"id":13983,"href":"https:\/\/www.ladislavjakl.cz\/index.php?rest_route=\/wp\/v2\/posts\/13982\/revisions\/13983"}],"wp:attachment":[{"href":"https:\/\/www.ladislavjakl.cz\/index.php?rest_route=%2Fwp%2Fv2%2Fmedia&parent=13982"}],"wp:term":[{"taxonomy":"category","embeddable":true,"href":"https:\/\/www.ladislavjakl.cz\/index.php?rest_route=%2Fwp%2Fv2%2Fcategories&post=13982"},{"taxonomy":"post_tag","embeddable":true,"href":"https:\/\/www.ladislavjakl.cz\/index.php?rest_route=%2Fwp%2Fv2%2Ftags&post=13982"}],"curies":[{"name":"wp","href":"https:\/\/api.w.org\/{rel}","templated":true}]}}