{"id":13985,"date":"2024-01-27T10:00:41","date_gmt":"2024-01-27T09:00:41","guid":{"rendered":"https:\/\/www.ladislavjakl.cz\/?p=13985"},"modified":"2024-01-28T22:57:23","modified_gmt":"2024-01-28T21:57:23","slug":"koncime-zavirame","status":"publish","type":"post","link":"https:\/\/www.ladislavjakl.cz\/?p=13985","title":{"rendered":"Kon\u010d\u00edme, zav\u00edr\u00e1me!"},"content":{"rendered":"<p>Oby\u010dejn\u00e1 star\u00e1 demokracie se p\u0159e\u017eila. Je kostrbat\u00e1, klopotn\u00e1, nep\u0159edv\u00eddateln\u00e1, nekontrolovateln\u00e1, n\u00e1ladov\u00e1 a plod\u00ed n\u011bkdy v\u00fdsledky, kter\u00e9 jsou o\u010dividn\u011b proti na\u0161im z\u00e1kladn\u00edm hodnot\u00e1m. Tento nedobr\u00fd stav je nutno \u0159e\u0161it.<\/p>\n<p><!--more--><\/p>\n<div class=\"author\"><img loading=\"lazy\" decoding=\"async\" class=\"attachment-thumbnail lazyloaded\" title=\"Ladislav Jakl\" src=\"https:\/\/denik.to\/wp-content\/uploads\/2023\/11\/LJ-a-cerne-bryle-400x400.jpg\" alt=\"Ladislav Jakl\" width=\"170\" height=\"170\" data-src=\"https:\/\/denik.to\/wp-content\/uploads\/2023\/11\/LJ-a-cerne-bryle-400x400.jpg\"><span class=\"name\">Ladislav Jakl<\/span><\/div>\n<div class=\"date\">Publikov\u00e1no 24\/01\/2024<\/div>\n<div class=\"reading-time\"><span class=\"span-reading-time rt-reading-time\"><span class=\"rt-label rt-prefix\">Doba \u010dten\u00ed<\/span>&nbsp;<span class=\"rt-time\">2<\/span>&nbsp;<span class=\"rt-label rt-postfix\">min.<\/span><\/span><\/div>\n<div>\n<p>Oby\u010dejn\u00e1 star\u00e1 demokracie se p\u0159e\u017eila. Je kostrbat\u00e1, klopotn\u00e1, nep\u0159edv\u00eddateln\u00e1, nekontrolovateln\u00e1, n\u00e1ladov\u00e1 a plod\u00ed n\u011bkdy v\u00fdsledky, kter\u00e9 jsou o\u010dividn\u011b proti na\u0161im z\u00e1kladn\u00edm hodnot\u00e1m. Tento nedobr\u00fd stav je nutno \u0159e\u0161it.<\/p>\n<p>A taky se s&nbsp;t\u00edm nov\u00fdm \u0159e\u0161en\u00edm u\u017e leckde za\u010dalo. Nen\u00ed to ale v\u016fbec jednoduch\u00e9. St\u00e1t mus\u00ed b\u00fdt moud\u0159e \u0159\u00edzen. K&nbsp;tomu pot\u0159ebuje sv\u00e9 kultivovan\u00e9 elity. Ale jak se ony elity budou generovat, kdy\u017e ne prost\u0159ednictv\u00edm evidentn\u011b nefunguj\u00edc\u00edch a zastaral\u00fdch demokratick\u00fdch proces\u016f? \u0158e\u0161en\u00ed je, ale prosazuje se zat\u00edm p\u0159\u00edli\u0161 opatrn\u011b.<\/p>\n<p><strong>Rovnou zav\u0159\u00edt!<\/strong><\/p>\n<p>A co je on\u00edm \u0159e\u0161en\u00edm? M\u00edsto sout\u011b\u017ee v&nbsp;p\u0159edpotopn\u00edch demokratick\u00fdch volb\u00e1ch zav\u00e1d\u00edme sout\u011b\u017e \u00fapln\u011b jinou. V\u00edt\u011bzem \u2013 a tedy pot\u00e9 i dr\u017eitelem moci \u2013 se stane ten, komu se poda\u0159\u00ed sv\u00e9 protivn\u00edky d\u0159\u00edve zav\u0159\u00edt. Tak t\u0159eba prob\u00edh\u00e1 sou\u010dasn\u00fd boj o moc v&nbsp;USA. Sice se tam zrovna rozb\u00edhaj\u00ed prim\u00e1rky, ale to je jen takov\u00e1 st\u00ednohra ze setrva\u010dnosti. Skute\u010dn\u00fd boj prob\u00edh\u00e1 na prokuratur\u00e1ch a v&nbsp;soudn\u00edch s\u00edn\u00edch.<\/p>\n<p>Zav\u0159ou republik\u00e1ni Bidenovic rodinu za jej\u00ed sv\u00e9r\u00e1zn\u00e9 podnik\u00e1n\u00ed nap\u0159\u00edklad na Ukrajin\u011b? Nebo za komplot v\u016f\u010di tehdej\u0161\u00edmu prezidentovi USA po t\u00e9m\u011b\u0159 cel\u00e9 jeho volebn\u00ed obdob\u00ed, kdy se z&nbsp;n\u011bj demokrati pokou\u0161eli ud\u011blat rusk\u00e9ho agenta?<\/p>\n<p>Nebo naopak demokrat\u00e9 zav\u0159ou Trumpa? Kdyby n\u00e1hodnou nevy\u0161lo jeho obvin\u011bn\u00ed z&nbsp;ponouk\u00e1n\u00ed ke spont\u00e1nn\u00ed exkurzi dav\u016f do budovy Kapitolu, kter\u00e1 se ale pak o\u0161kliv\u011b zvrtla, po\u0159\u00e1d jsou v\u017edy po ruce n\u011bjak\u00e9 ty mravnostn\u00ed nebo da\u0148ov\u00e9 delikty.<\/p>\n<p>Kdo ute\u010de, vyhraje. Rozum\u00ed se, kdo ute\u010de od soudu nezav\u0159en. A bude hotovo. V&nbsp;budoucnu se pak bude moci zru\u0161it zbyte\u010dn\u011b drah\u00e1 p\u0159edvolebn\u00ed kampa\u0148 a politickou sout\u011b\u017e nahrad\u00ed bitvy pr\u00e1vn\u00edk\u016f. Je to tak l\u00e1kav\u00e9, \u017ee se o cosi podobn\u00e9ho ned\u00e1vno pokou\u0161eli i u n\u00e1s. Prost\u011b oponenta dostat do tepl\u00e1k\u016f.<\/p>\n<p>A proto\u017ee dobr\u00e9 p\u0159\u00edklady t\u00e1hnou, vid\u00edme zav\u00edr\u00e1n\u00ed \u010di snahy o zav\u00edr\u00e1n\u00ed politick\u00e9 konkurence i v&nbsp;sousedn\u00edm Polsku. Politika je zkr\u00e1tka kr\u00e1tk\u00e1 na to, aby byly v\u0161echny \u00fa\u010dty vy\u0159\u00edzeny. Tak se povol\u00e1 policie, st\u00e1tn\u00ed zastupitelstv\u00ed, soudy \u2013 a to by bylo, aby to nebylo.<\/p>\n<p><strong>Zav\u0159\u00edt, a\u017e z\u010dernaj\u00ed!<\/strong><\/p>\n<p>To v&nbsp;N\u011bmecku na to jdou od podlahy. Tam se nechystaj\u00ed zav\u0159\u00edt n\u011bjak\u00fdch p\u00e1r konkr\u00e9tn\u00edch politik\u016f, ale rovnou celou stranu. Opozi\u010dn\u00ed Alternative f\u00fcr Deutschland se p\u0159ed zemsk\u00fdmi volbami a volbami do eulamentu st\u00e1v\u00e1 druhou nejsiln\u011bj\u0161\u00ed politickou silou \u2013 a to by tak hr\u00e1lo. A tak dr\u017eitel\u00e9 moci p\u0159ipravuj\u00ed z\u00e1kaz cel\u00e9 t\u00e9hle zlobiv\u00e9 strany. Co bude s&nbsp;miliony jej\u00edch voli\u010d\u016f, to zat\u00edm nikdo ne\u0159e\u0161\u00ed. Jako ostatn\u011b ani ve v\u0161ech ostatn\u00edch podobn\u00fdch p\u0159\u00edkladech.<\/p>\n<p>Voli\u010d, kter\u00e9mu je odep\u0159eno demokratick\u00e9 zastoupen\u00ed, je tak n\u011bjak trochu pod\u010dlov\u011bk. M\u016f\u017ee se ale je\u0161t\u011b polep\u0161it, kdy\u017e si ze zbyl\u00e9 nab\u00eddky vybere tu spr\u00e1vnou. P\u0159esv\u011bd\u010dovat ho medi\u00e1ln\u00ed propagandou evidentn\u011b nesta\u010d\u00ed, tak se prost\u011b jedny dve\u0159e zav\u0159ou. A zbudou jen ty, kter\u00e9 vedou k&nbsp;lep\u0161\u00ed budoucnosti. Kon\u010d\u00edme, zav\u00edr\u00e1me!<\/p>\n<p>\u010cekaj\u00ed n\u00e1s u\u017e jen sam\u00e9 lep\u0161\u00ed, zav\u0159en\u00e9 \u010dasy. Sm\u011b\u0161n\u00e1 demokracie se odporou\u010d\u00ed do minulosti. L\u00edb\u00ed se v\u00e1m to?<\/p>\n<p>Ps\u00e1no pro Den\u00edk TO&nbsp;&nbsp;<\/p>\n<p><a href=\"https:\/\/denik.to\/koncime-zavirame\/\">Zdroj<\/a><\/p>\n<\/div>\n<div class=\"container\">\n<div class=\"wrap\">\n<div class=\"left\">\n<section class=\"content\"><\/section>\n<\/div>\n<\/div>\n<\/div>\n","protected":false},"excerpt":{"rendered":"<p>Oby\u010dejn\u00e1 star\u00e1 demokracie se p\u0159e\u017eila. Je kostrbat\u00e1, klopotn\u00e1, nep\u0159edv\u00eddateln\u00e1, nekontrolovateln\u00e1, n\u00e1ladov\u00e1 a plod\u00ed n\u011bkdy v\u00fdsledky, kter\u00e9 jsou o\u010dividn\u011b proti na\u0161im z\u00e1kladn\u00edm hodnot\u00e1m. Tento nedobr\u00fd stav je nutno \u0159e\u0161it.<\/p>\n","protected":false},"author":9,"featured_media":0,"comment_status":"open","ping_status":"open","sticky":false,"template":"","format":"standard","meta":{"ngg_post_thumbnail":0,"footnotes":""},"categories":[1],"tags":[],"class_list":["post-13985","post","type-post","status-publish","format-standard","hentry","category-publikovane-clanky"],"_links":{"self":[{"href":"https:\/\/www.ladislavjakl.cz\/index.php?rest_route=\/wp\/v2\/posts\/13985","targetHints":{"allow":["GET"]}}],"collection":[{"href":"https:\/\/www.ladislavjakl.cz\/index.php?rest_route=\/wp\/v2\/posts"}],"about":[{"href":"https:\/\/www.ladislavjakl.cz\/index.php?rest_route=\/wp\/v2\/types\/post"}],"author":[{"embeddable":true,"href":"https:\/\/www.ladislavjakl.cz\/index.php?rest_route=\/wp\/v2\/users\/9"}],"replies":[{"embeddable":true,"href":"https:\/\/www.ladislavjakl.cz\/index.php?rest_route=%2Fwp%2Fv2%2Fcomments&post=13985"}],"version-history":[{"count":5,"href":"https:\/\/www.ladislavjakl.cz\/index.php?rest_route=\/wp\/v2\/posts\/13985\/revisions"}],"predecessor-version":[{"id":13992,"href":"https:\/\/www.ladislavjakl.cz\/index.php?rest_route=\/wp\/v2\/posts\/13985\/revisions\/13992"}],"wp:attachment":[{"href":"https:\/\/www.ladislavjakl.cz\/index.php?rest_route=%2Fwp%2Fv2%2Fmedia&parent=13985"}],"wp:term":[{"taxonomy":"category","embeddable":true,"href":"https:\/\/www.ladislavjakl.cz\/index.php?rest_route=%2Fwp%2Fv2%2Fcategories&post=13985"},{"taxonomy":"post_tag","embeddable":true,"href":"https:\/\/www.ladislavjakl.cz\/index.php?rest_route=%2Fwp%2Fv2%2Ftags&post=13985"}],"curies":[{"name":"wp","href":"https:\/\/api.w.org\/{rel}","templated":true}]}}