{"id":13987,"date":"2024-01-28T22:52:28","date_gmt":"2024-01-28T21:52:28","guid":{"rendered":"https:\/\/www.ladislavjakl.cz\/?p=13987"},"modified":"2024-01-28T22:54:01","modified_gmt":"2024-01-28T21:54:01","slug":"vanicka-a-dite","status":"publish","type":"post","link":"https:\/\/www.ladislavjakl.cz\/?p=13987","title":{"rendered":"Vani\u010dka a d\u00edt\u011b"},"content":{"rendered":"<p>\u010cesk\u00e1 spole\u010dnost nen\u00ed tak otup\u011bl\u00e1 a pasivn\u00ed, jak by se n\u011bkomu zd\u00e1lo. V&nbsp;ulic\u00edch auta neho\u0159\u00ed, hlavn\u00ed tahy nejsou zataraseny kombajny, n\u00e1m\u011bst\u00ed nejsou pln\u00e1 nespokojen\u00fdch demonstrant\u016f. Ale v\u011bci se d\u011bj\u00ed, ne \u017ee ne.<\/p>\n<p><!--more--><\/p>\n<p>T\u00e9matem n\u00e1sleduj\u00edc\u00edch \u0159\u00e1dek v\u0161ak rozhodn\u011b nebude snaha o probouzen\u00ed fale\u0161n\u00fdch nad\u011bj\u00ed. Horliv\u00ed aktivist\u00e9 o\u010dek\u00e1vali p\u00e1d vl\u00e1dy u\u017e p\u0159edloni na podzim a necht\u011bli sly\u0161el, \u017ee tohle bude b\u011bh na je\u0161t\u011b hodn\u011b dlouhou tra\u0165. Podobn\u00e1 vlna o\u010dek\u00e1v\u00e1n\u00ed ra\u0161\u00ed i nyn\u00ed a i nyn\u00ed je nutno ji trochu chladit. Ne, nepropadejme pesimismu, apatii a pasivit\u011b. Ale nemalujme si naopak vzdu\u0161n\u00e9 z\u00e1mky, proto\u017ee jejich rozfouk\u00e1n\u00ed pak vede k&nbsp;deziluzi. A opakovan\u00e1 deziluze nakonec vede pr\u00e1v\u011b k&nbsp;on\u00e9 apatii, se kterou se cht\u011bli nevyl\u00e9\u010diteln\u00ed optimist\u00e9 vypo\u0159\u00e1dat.<\/p>\n<p>Zamysleme se dnes proto nad \u010d\u00edmsi jin\u00fdm. Je z&nbsp;dlouhodob\u00e9ho hlediska celkem jedno, jestli sou\u010dasn\u00e1 vl\u00e1dn\u00ed garnitura bude smetena za n\u011bkolik t\u00fddn\u016f, m\u011bs\u00edc\u016f nebo let. Let mo\u017en\u00e1 i vzd\u00e1len\u011bj\u0161\u00edch ne\u017e p\u0159\u00ed\u0161t\u00ed volby do sn\u011bmovny. Ale v\u016fbec nen\u00ed jedno, co p\u0159ijde potom.<\/p>\n<p>Politick\u00e9 iniciativy, strany a strani\u010dky, hnut\u00ed a organizovan\u00e9 skupiny, dokonce nov\u00e1 a na hlavn\u00edm proudu nez\u00e1visl\u00e1 m\u00e9dia, to v\u0161e kvas\u00ed v\u0161ude kolem n\u00e1s. A spole\u010dn\u00fdm jmenovatelem je nespokojenost s mocensk\u00fdm uspo\u0159\u00e1d\u00e1n\u00edm u n\u00e1s, v&nbsp;EU i na cel\u00e9m na\u0161em Z\u00e1pad\u011b. Ur\u010dit\u011b je dob\u0159e, kdy\u017e tyhle r\u016fzn\u00e9 platformy spolu za\u010d\u00ednaj\u00ed komunikovat a navzdory sv\u00e9 \u010dasto hodn\u011b z\u00e1sadn\u00ed odli\u0161nosti se dok\u00e1\u017eou shodnout aspo\u0148 na tom, \u017ee pot\u0159ebujeme v\u00edce n\u00e1rodn\u00ed suverenity a m\u00e9n\u011b bruselsk\u00e9ho centralismu, v\u00edce rozumn\u00e9 energetick\u00e9 politiky a m\u00e9n\u011b fanatick\u00e9ho boje s&nbsp;podneb\u00edm, v\u00edce diplomacie a m\u00e9n\u011b \u0159in\u010den\u00ed zbran\u011bmi. U toho ale shoda kon\u010d\u00ed a je iluz\u00ed, \u017ee by tomu v&nbsp;dohledn\u00e9 dob\u011b mohlo b\u00fdt jinak.<\/p>\n<p>Shoda toti\u017e nen\u00ed u\u017e na tom, co je ko\u0159enem na\u0161eho spole\u010densk\u00e9ho a politick\u00e9ho probl\u00e9mu, ani na tom, kudy vykro\u010dit ven ze sou\u010dasn\u00e9ho \u00fapadku. To v\u0161ak v&nbsp;dne\u0161n\u00ed embryon\u00e1ln\u00ed f\u00e1zi spole\u010densk\u00e9ho kvasu nen\u00ed \u017e\u00e1dnou trag\u00e9di\u00ed, je to naopak docela p\u0159irozen\u00e9. Hor\u0161\u00ed ale je, \u017ee \u010d\u00e1st alternativn\u00ed spole\u010densk\u00e9 sc\u00e9ny nasko\u010dila na vl\u00e1dn\u00ed l\u017eivou sebeidentifikaci, a od toho odvozuje sv\u00e9 pojmenov\u00e1n\u00ed jak na\u0161eho probl\u00e9mu, tak i jeho \u0159e\u0161en\u00ed.<\/p>\n<p>U t\u011bchto skupin vlastn\u011b Fialova vl\u00e1da vlastn\u011b vyhr\u00e1la, alespo\u0148 co se t\u00fd\u010de pojmenov\u00e1n\u00ed jednotliv\u00fdch k\u00f3t na map\u011b \u010desk\u00e9ho spole\u010densk\u00e9ho boji\u0161t\u011b. Vnutila sv\u00fdm oponent\u016fm sv\u00e9 l\u017eiv\u00e9 identifikace a sebeidentifikace, a ti pak vyrazili jako oha\u0159i\u2026 po \u0161patn\u00e9 stop\u011b.<\/p>\n<p>Vl\u00e1da \u0159ekne: my jsme Evropa. A oponenti odpov\u011bd\u00ed: vl\u00e1da je \u0161patn\u00e1, a pakli\u017ee toto je Evropa, pak my jsme rad\u011bji Afrika. Vl\u00e1da \u0159ekne: j\u00e1 jsem konzervativn\u00ed. A oponenti odpov\u011bd\u00ed: vl\u00e1da je \u0161patn\u00e1, tedy i konzervativismus je nutn\u011b \u0161patn\u00fd a je ho t\u0159eba odm\u00edtnout. Vl\u00e1da \u0159ekne: my jsme pro voln\u00fd trh. A oponenti \u0159eknou, jestli je voln\u00fd trh tohle, co p\u0159edv\u00e1d\u00ed vl\u00e1da, pak my jsme sp\u00ed\u0161e pro regulace, kv\u00f3ty, limity, ochranu spot\u0159ebitele, cla a cenov\u00e9 stropy. Vl\u00e1da \u0159\u00edk\u00e1: jsem pro ni\u017e\u0161\u00ed p\u0159erozd\u011blov\u00e1n\u00ed a pro omezen\u00ed dotac\u00ed. A oponenti odpov\u011bd\u00ed: v&nbsp;tom p\u0159\u00edpad\u011b my chceme rad\u011bji vy\u0161\u0161\u00ed dan\u011b, v\u00edce p\u0159erozd\u011blov\u00e1n\u00ed a masivn\u011bj\u0161\u00ed dotov\u00e1n\u00ed. Vl\u00e1da \u0159ekne: my jsme pro ochranu soukrom\u00e9ho vlastnictv\u00ed. A oponenti odpov\u011bd\u00ed: ale tahle va\u0161e politika n\u00e1s dept\u00e1 a v&nbsp;tom p\u0159\u00edpad\u011b my jme pro zn\u00e1rod\u0148ov\u00e1n\u00ed. Vl\u00e1da \u0159ekne: j\u00e1 jsem kapitalismus. A oponenti odpov\u011bd\u00ed: no, jestli tohle je kapitalismus, tak to my jsme tedy rad\u011bji pro socialismus.<\/p>\n<p>A tak se nedivme, \u017ee st\u00e1le v\u011bt\u0161\u00ed podporu mezi nespokojen\u00fdmi ob\u010dany z\u00edsk\u00e1vaj\u00ed recepty na zp\u016fsob hojen\u00ed ran sol\u00ed a l\u00e9\u010den\u00ed alkoholika chlastem. A zcela re\u00e1ln\u011b hroz\u00ed, \u017ee po dramatick\u00fdch spole\u010densk\u00fdch ot\u0159esech, ke kter\u00fdm aktu\u00e1ln\u00ed vl\u00e1dn\u00ed garnitura na\u0161i republiku nevyhnuteln\u011b d\u0159\u00edv nebo pozd\u011bji dovede, p\u0159ijde k&nbsp;moci politika je\u0161t\u011b hor\u0161\u00ed.<\/p>\n<p>Nelze si nechat od vl\u00e1dy vnutit jej\u00ed propagandistick\u00e9 pojmoslov\u00ed. Je t\u0159eba \u0159\u00edci: mil\u00e1 vl\u00e1do, ty v\u016fbec nejsi Evropa, ty v\u016fbec nejsi konzervativn\u00ed, ty v\u016fbec neprosazuje\u0161 voln\u00fd trh, ty v\u016fbec neprosazuje\u0161 ni\u017e\u0161\u00ed m\u00edru p\u0159erozd\u011blov\u00e1n\u00ed, ty se v\u016fbec nezasazuje\u0161 za ochranu soukrom\u00e9ho vlastnictv\u00ed a podnik\u00e1n\u00ed, ty v\u016fbec nereprezentuje\u0161 kapitalismus. Ty jsi leda o\u0161kliv\u00e9 a prolhan\u00e9 k\u00e1\u010d\u00e1tko.<\/p>\n<p>To my jsme Evropa, to my jsme konzervativn\u00ed, to my jsme pro voln\u00fd trh, to my jsme proti p\u0159erozd\u011blov\u00e1n\u00ed, to my chceme chr\u00e1nit soukrom\u00e9 vlastnictv\u00ed, to my chceme omezit dotace a z\u00e1sahy st\u00e1tu do ekonomiky, to my chceme norm\u00e1ln\u00ed svobodn\u00e9 konkuren\u010dn\u00ed prost\u0159ed\u00ed a tedy kapitalismus! Ty nejsi d\u00edt\u011b, ty jsi jen \u0161pinav\u00e1 voda! D\u00edt\u011b kv\u016fli tob\u011b vyl\u00e9vat nebudeme!<\/p>\n<p>Jen\u017ee k&nbsp;takov\u00e9mu postoji protestn\u00ed sc\u00e9na zdaleka nedosp\u011bla. A tak za\u017e\u00edv\u00e1me paradox: i ty nejradik\u00e1ln\u011bj\u0161\u00ed protivl\u00e1dn\u00ed protestn\u00ed s\u00edly nev\u011bdomky ochotn\u011b zp\u00edvaj\u00ed podle vl\u00e1dn\u00edch not a p\u0159ij\u00edmaj\u00ed vl\u00e1dn\u00ed pojmologii. A vyvozuj\u00ed z&nbsp;toho \u00fapln\u011b chybn\u00e9 recepty pro na\u0161i cestu ze sou\u010dasn\u00e9ho mal\u00e9ru.<\/p>\n<p>A nesouvisej\u00edc\u00ed aktu\u00e1ln\u00ed dodatek: ostatn\u011b soud\u00edm, \u017ee Istanbulsk\u00e1 \u00famluva byla \u0161upem posl\u00e1na tam, odkud se k&nbsp;n\u00e1m cpala: do pekla.<\/p>\n<p><em>Ladislav Jakl, 25. ledna 2024<\/em><\/p>\n<p><a href=\"https:\/\/www.institutvk.cz\/clanky\/2584.html\">Zdroj<\/a><\/p>\n","protected":false},"excerpt":{"rendered":"<p>\u010cesk\u00e1 spole\u010dnost nen\u00ed tak otup\u011bl\u00e1 a pasivn\u00ed, jak by se n\u011bkomu zd\u00e1lo. V&nbsp;ulic\u00edch auta neho\u0159\u00ed, hlavn\u00ed tahy nejsou zataraseny kombajny, n\u00e1m\u011bst\u00ed nejsou pln\u00e1 nespokojen\u00fdch demonstrant\u016f. Ale v\u011bci se d\u011bj\u00ed, ne \u017ee ne.<\/p>\n","protected":false},"author":9,"featured_media":0,"comment_status":"open","ping_status":"open","sticky":false,"template":"","format":"standard","meta":{"ngg_post_thumbnail":0,"footnotes":""},"categories":[1],"tags":[],"class_list":["post-13987","post","type-post","status-publish","format-standard","hentry","category-publikovane-clanky"],"_links":{"self":[{"href":"https:\/\/www.ladislavjakl.cz\/index.php?rest_route=\/wp\/v2\/posts\/13987","targetHints":{"allow":["GET"]}}],"collection":[{"href":"https:\/\/www.ladislavjakl.cz\/index.php?rest_route=\/wp\/v2\/posts"}],"about":[{"href":"https:\/\/www.ladislavjakl.cz\/index.php?rest_route=\/wp\/v2\/types\/post"}],"author":[{"embeddable":true,"href":"https:\/\/www.ladislavjakl.cz\/index.php?rest_route=\/wp\/v2\/users\/9"}],"replies":[{"embeddable":true,"href":"https:\/\/www.ladislavjakl.cz\/index.php?rest_route=%2Fwp%2Fv2%2Fcomments&post=13987"}],"version-history":[{"count":1,"href":"https:\/\/www.ladislavjakl.cz\/index.php?rest_route=\/wp\/v2\/posts\/13987\/revisions"}],"predecessor-version":[{"id":13988,"href":"https:\/\/www.ladislavjakl.cz\/index.php?rest_route=\/wp\/v2\/posts\/13987\/revisions\/13988"}],"wp:attachment":[{"href":"https:\/\/www.ladislavjakl.cz\/index.php?rest_route=%2Fwp%2Fv2%2Fmedia&parent=13987"}],"wp:term":[{"taxonomy":"category","embeddable":true,"href":"https:\/\/www.ladislavjakl.cz\/index.php?rest_route=%2Fwp%2Fv2%2Fcategories&post=13987"},{"taxonomy":"post_tag","embeddable":true,"href":"https:\/\/www.ladislavjakl.cz\/index.php?rest_route=%2Fwp%2Fv2%2Ftags&post=13987"}],"curies":[{"name":"wp","href":"https:\/\/api.w.org\/{rel}","templated":true}]}}