{"id":14002,"date":"2024-02-02T22:16:26","date_gmt":"2024-02-02T21:16:26","guid":{"rendered":"https:\/\/www.ladislavjakl.cz\/?p=14002"},"modified":"2024-02-02T22:16:26","modified_gmt":"2024-02-02T21:16:26","slug":"tocte-se-federalove-okolo-trebone","status":"publish","type":"post","link":"https:\/\/www.ladislavjakl.cz\/?p=14002","title":{"rendered":"To\u010dte se, feder\u00e1lov\u00e9, okolo T\u0159ebon\u011b"},"content":{"rendered":"<p>Foto naleznete po otev\u0159en\u00ed Zdroje<\/p>\n<p>Z&nbsp;na\u0161\u00ed federace u\u017e Slov\u00e1ci d\u00e1vno ode\u0161li, ale v&nbsp;pivu jsme po\u0159\u00e1d na jedn\u00e9 lodi. Prokazuje to i \u010cesko-slovensk\u00e9 Superfin\u00e1le, kter\u00e9 PPE po\u0159\u00e1d\u00e1 u\u017e od roku 2011. Do n\u011bj v\u017edy postoup\u00ed nejlep\u0161\u00ed piva z&nbsp;celoro\u010dn\u00ed degustace \u010desk\u00fdch le\u017e\u00e1k\u016f a nejlep\u0161\u00ed piva z&nbsp;jednor\u00e1zov\u00e9ho slovensk\u00e9ho fin\u00e1le.<\/p>\n<p><!--more--><\/p>\n<p>Pokud se \u010ce\u0161i v&nbsp;pivu na Slov\u00e1ky n\u011bkdy vytahuj\u00ed, d\u011blaj\u00ed velkou chybu, proto\u017ee za historii t\u011bchto \u201efeder\u00e1ln\u00edch\u201c degustac\u00ed u\u017e slovensk\u00e9 kousky mnohokr\u00e1t vyhr\u00e1ly. Velk\u00fd rozd\u00edl je jen v&nbsp;\u0161\u00ed\u0159i sortimentu, proto\u017ee kompetitivn\u00edch zna\u010dek je v&nbsp;\u010cesku asi 55, na Slovensku asi pouh\u00fdch deset. \u0160pi\u010dky z obou zem\u00ed jsou ale zcela srovnateln\u00e9, i kdy\u017e zrovna posledn\u00ed Superfin\u00e1le z&nbsp;toho trochu vybo\u010duje, proto\u017ee tentokr\u00e1t byla \u010desk\u00e1 dominance obrovsk\u00e1. Le\u010d nep\u0159edb\u00edhejme.<\/p>\n<p>Z&nbsp;\u010dervnov\u00e9ho slovensk\u00e9ho fin\u00e1le postoupily Steiger, Stein, Sit\u0148an, Popper a Zlat\u00fd Ba\u017eant, z&nbsp;\u0159\u00edjnov\u00e9ho \u010desk\u00e9ho fin\u00e1le Prazdroj, Starobrno, Litovel, B\u0159ez\u0148\u00e1k a Regent. Fin\u00e1le se uskute\u010dnilo v&nbsp;listopadu v&nbsp;p\u0159ekr\u00e1sn\u00e9m slovensk\u00e9m hornick\u00e9m m\u011bst\u011b Bansk\u00e1 \u0160tiavnica, stylov\u011b v&nbsp;hotelu Sv\u00e4t\u00e1 Barborka. \u010cty\u0159i kmenov\u00e9 \u010dleny PPE doplnili na\u0161i st\u00e1l\u00ed \u010destn\u00ed sloven\u0161t\u00ed host\u00e9 Laco a Bobo, a proto\u017ee jsme p\u0159eci jen byli v&nbsp;slavn\u00e9m hornick\u00e9m prost\u0159ed\u00ed, museli b\u00fdt zastoupeni i p\u0159edstavitel\u00e9 m\u00edstn\u00ed ban\u00edck\u00e9 honorace v&nbsp;osob\u00e1ch Lubom\u00edra Matkovi\u010de a Erika Sombathyho. Nutno \u0159\u00edci, \u017ee po z\u00e1kladn\u00ed instrukci ohledn\u011b metodiky degustace bylo hodnocen\u00ed hostuj\u00edc\u00edch degust\u00e9r\u016f zcela srovnateln\u00e9 s&nbsp;bodov\u00e1n\u00edm kmenov\u00fdch z\u00e1stupc\u016f.<\/p>\n<p>No a jak to dopadlo? \u201eFeder\u00e1ln\u00edm\u201c v\u00edt\u011bzem za rok 2023 se stal Bohemia Regent z&nbsp;T\u0159ebon\u011b, na druh\u00e9m m\u00edst\u011b skon\u010dil Le\u017e\u00e1k star\u00e9 \u0161koly B\u0159ez\u0148\u00e1k z&nbsp;\u00dast\u00ed nad Labem a na t\u0159et\u00edm Litovel Medium, p\u0159ekvapiv\u011b z&nbsp;Litovle. Dodejme, \u017ee \u00farove\u0148 vzork\u016f byla podle bodov\u00fdch ukazatel\u016f hodn\u011b vysok\u00e1, jak se na Superfin\u00e1le slu\u0161\u00ed a pat\u0159\u00ed.<\/p>\n<p>No, a po degustaci jsme si spolu se slovensk\u00fdmi p\u0159\u00e1teli vym\u011bnili nejen vyznamen\u00e1n\u00ed a \u010destn\u00e9 insignie, ale i mnoho pivn\u00edch z\u00e1\u017eitk\u016f a zku\u0161enost\u00ed. No, zkr\u00e1tka jsme pospolu popa\u0159ili jaksepat\u0159\u00ed. Sem se rozhodn\u011b je\u0161t\u011b mus\u00edme n\u011bkdy vr\u00e1tit.<\/p>\n<p>Slu\u0161elo by se dodat, \u017ee p\u0159ed degustac\u00ed jsme byli uv\u00edt\u00e1ni v&nbsp;nedalek\u00e9m pivovaru Vyhne, kde jsme absolvovali pou\u010dnou prohl\u00eddku a n\u00e1slednou p\u0159\u00e1telskou besedu.<\/p>\n<p>Foto naleznete po otev\u0159en\u00ed Zdroje!<\/p>\n<p><a href=\"https:\/\/www.prvnipivniextraliga.cz\/novinky\/tocte-se-federalove-okolo-trebone\/\">Zdroj<\/a><\/p>\n","protected":false},"excerpt":{"rendered":"<p>Foto naleznete po otev\u0159en\u00ed Zdroje Z&nbsp;na\u0161\u00ed federace u\u017e Slov\u00e1ci d\u00e1vno ode\u0161li, ale v&nbsp;pivu jsme po\u0159\u00e1d na jedn\u00e9 lodi. Prokazuje to i \u010cesko-slovensk\u00e9 Superfin\u00e1le, kter\u00e9 PPE po\u0159\u00e1d\u00e1 u\u017e od roku 2011. Do n\u011bj v\u017edy postoup\u00ed nejlep\u0161\u00ed piva z&nbsp;celoro\u010dn\u00ed degustace \u010desk\u00fdch le\u017e\u00e1k\u016f a nejlep\u0161\u00ed piva z&nbsp;jednor\u00e1zov\u00e9ho slovensk\u00e9ho fin\u00e1le.<\/p>\n","protected":false},"author":9,"featured_media":0,"comment_status":"open","ping_status":"open","sticky":false,"template":"","format":"standard","meta":{"ngg_post_thumbnail":0,"footnotes":""},"categories":[20,1],"tags":[],"class_list":["post-14002","post","type-post","status-publish","format-standard","hentry","category-pivo","category-publikovane-clanky"],"_links":{"self":[{"href":"https:\/\/www.ladislavjakl.cz\/index.php?rest_route=\/wp\/v2\/posts\/14002","targetHints":{"allow":["GET"]}}],"collection":[{"href":"https:\/\/www.ladislavjakl.cz\/index.php?rest_route=\/wp\/v2\/posts"}],"about":[{"href":"https:\/\/www.ladislavjakl.cz\/index.php?rest_route=\/wp\/v2\/types\/post"}],"author":[{"embeddable":true,"href":"https:\/\/www.ladislavjakl.cz\/index.php?rest_route=\/wp\/v2\/users\/9"}],"replies":[{"embeddable":true,"href":"https:\/\/www.ladislavjakl.cz\/index.php?rest_route=%2Fwp%2Fv2%2Fcomments&post=14002"}],"version-history":[{"count":1,"href":"https:\/\/www.ladislavjakl.cz\/index.php?rest_route=\/wp\/v2\/posts\/14002\/revisions"}],"predecessor-version":[{"id":14003,"href":"https:\/\/www.ladislavjakl.cz\/index.php?rest_route=\/wp\/v2\/posts\/14002\/revisions\/14003"}],"wp:attachment":[{"href":"https:\/\/www.ladislavjakl.cz\/index.php?rest_route=%2Fwp%2Fv2%2Fmedia&parent=14002"}],"wp:term":[{"taxonomy":"category","embeddable":true,"href":"https:\/\/www.ladislavjakl.cz\/index.php?rest_route=%2Fwp%2Fv2%2Fcategories&post=14002"},{"taxonomy":"post_tag","embeddable":true,"href":"https:\/\/www.ladislavjakl.cz\/index.php?rest_route=%2Fwp%2Fv2%2Ftags&post=14002"}],"curies":[{"name":"wp","href":"https:\/\/api.w.org\/{rel}","templated":true}]}}