{"id":14015,"date":"2024-02-09T00:53:21","date_gmt":"2024-02-08T23:53:21","guid":{"rendered":"https:\/\/www.ladislavjakl.cz\/?p=14015"},"modified":"2024-02-09T00:53:21","modified_gmt":"2024-02-08T23:53:21","slug":"nemcum-blika-kontrolka-ale-nas-zachrani-stihacky","status":"publish","type":"post","link":"https:\/\/www.ladislavjakl.cz\/?p=14015","title":{"rendered":"N\u011bmc\u016fm blik\u00e1 kontrolka, ale n\u00e1s zachr\u00e1n\u00ed st\u00edha\u010dky"},"content":{"rendered":"<p>N\u011bmecko ned\u011bl\u00e1 mal\u00e9 chyby. Tahle u\u017e trochu ot\u0159epan\u00e1 pravda nikdy nezest\u00e1rne, proto\u017ee na\u0161i z\u00e1padn\u00ed p\u0159\u00e1tel\u00e9 o jej\u00ed platnosti poskytuj\u00ed st\u00e1le nov\u00e9 a nov\u00e9 d\u016fkazy.<\/p>\n<p><!--more--><\/p>\n<p>Ten nep\u00e1dn\u011bj\u0161\u00ed z&nbsp;posledn\u00ed doby vid\u00edme v&nbsp;podob\u011b velkolep\u00e9ho energetick\u00e9ho experimentu, kter\u00fd u\u017e dnes zni\u010dil prosperitu t\u00e9hle je\u0161t\u011b doned\u00e1vna nev\u00edce se rozv\u00edjej\u00edc\u00ed zemi Evropy. N\u011bkdej\u0161\u00ed Havl\u016fv bank\u00e9\u0159 a nyn\u00ed poslanec Evropsk\u00e9ho parlamentu Lud\u011bk Niedermayer evidentn\u011b trp\u00ed malost\u00ed \u010desk\u00fdch pom\u011br\u016f a tedy i malost\u00ed \u010desk\u00fdch chyb, a tak n\u00e1m ka\u017edou chv\u00edli \u0159\u00edk\u00e1, \u017ee energie z&nbsp;v\u011btru a slunce je vlastn\u011b zadarmo, \u017ee data o drahot\u011b energie jsou poh\u00e1dky a \u017ee za pokrokov\u00fdm n\u011bmeck\u00fdm vzorem ostudn\u011b zaost\u00e1v\u00e1me, proto\u017ee u n\u00e1s vl\u00e1dne jadern\u00e1 a uheln\u00e1 lobby.<\/p>\n<p>Mo\u017en\u00e1 by to m\u011bl \u010dast\u011bji vysv\u011btlovat n\u011bmeck\u00fdm pr\u016fmysln\u00edk\u016fm. T\u0159eba p\u0159\u00edmo prezidentovi n\u011bmeck\u00e9ho Svazu pr\u016fmyslu Siegfriedovi Russwurmovi, kter\u00fd v&nbsp;rozhovoru pro Financial Times sv\u00e9 zoufalstv\u00ed z&nbsp;n\u011bmeck\u00fdch energetick\u00fdch c\u00edl\u016f u\u017e p\u0159\u00edli\u0161 nem\u00edrnil. Je zaj\u00edmav\u00e9, \u017ee takto fundovan\u00fd pr\u016fmysln\u00edk p\u0159itom pou\u017e\u00edv\u00e1 argument\u016f, kter\u00e9 lze sly\u0161et v&nbsp;ka\u017ed\u00e9 druh\u00e9 \u010desk\u00e9 hospod\u011b. Toti\u017e, \u017ee n\u011bme\u010dt\u00ed minist\u0159i nedok\u00e1zali vysv\u011btlit firm\u00e1m, \u201eco se stane, kdy nefouk\u00e1 v\u00edtr a nesv\u00edt\u00ed slunce.\u201c Autorita kdysi tak slavn\u00e9ho n\u011bmeck\u00e9ho pr\u016fmyslu si st\u011b\u017euje, \u017ee n\u011bmeck\u00e9 firmy plat\u00ed za proud dvojn\u00e1sobek oproti francouzsk\u00fdm, kde p\u00e1te\u0159 energetiky tvo\u0159\u00ed jadern\u00e9 elektr\u00e1rny. Polovi\u010dn\u00ed ceny by asi Niedermayer ozna\u010dil za zlomyslnost jadern\u00e9 lobby. N\u011bmeck\u00e9 pl\u00e1ny ohledn\u011b boje s&nbsp;podneb\u00edm ozna\u010dil Russwurm za dogmati\u010dt\u011bj\u0161\u00ed ne\u017e v&nbsp;jak\u00e9koli jin\u00e9 zemi, kterou zn\u00e1. N\u011bmeck\u00fd pr\u016fmysl je tak i podle n\u011bj oproti konkurent\u016fm zat\u00ed\u017een daleko v\u00edce a za\u010d\u00edn\u00e1 v&nbsp;tr\u017en\u00ed sout\u011b\u017ei ztr\u00e1cet dech.<\/p>\n<p>Pokud by se ale cht\u011bl n\u011bkdo po\u0161klebovat \u201ehloup\u00fdm N\u011bmc\u016fm\u201c, ud\u011blal by chybu. Ze t\u0159\u00ed d\u016fvod\u016f. Zaprv\u00e9, n\u011bmeckou energetickou politiku prosazuje p\u016flka sv\u011bta, zadruh\u00e9 jsou j\u00ed z\u00e1sadn\u011b zasa\u017eeni bl\u00edzc\u00ed obchodn\u00ed partne\u0159i, i kdyby s&nbsp;podneb\u00edm nebojovali (nejv\u00edce ti u n\u00e1s, v \u010cesk\u00e9 republice), a za t\u0159et\u00ed, N\u011bmecko je zem\u00ed, zde z\u00edtra ji\u017e znamen\u00e1 v\u010dera a podneb\u00ed\u010dk\u00e1\u0159\u0161t\u00ed lobbist\u00e9 typu Niedermayera za\u0159\u00edd\u00ed, abychom i my po N\u011bmc\u00edch sko\u010dili z&nbsp;okna.<\/p>\n<p>Russwurm tak\u00e9 dne\u0161n\u00edm m\u00f3dn\u00edm slovn\u00edkem \u0159ekl, \u017ee nikdo dnes nedok\u00e1\u017ee \u0159\u00edci n\u011bmeck\u00fdm firm\u00e1m, jak budou zaru\u010deny dod\u00e1vky energie za sedm let, co\u017e je pro firmy, kter\u00e9 pot\u0159ebuj\u00ed rozhodovat o investic\u00edch, \u201enaprosto toxick\u00e9\u201c.<\/p>\n<p>N\u011bmeck\u00e9 zku\u0161enosti jsou ale evidentn\u011b nep\u0159enosn\u00e9, i my stoj\u00edme ve front\u011b, abychom si tak\u00e9 mohli s\u00e1hnout na rozp\u00e1len\u00e1 kamna. Ale mo\u017en\u00e1 m\u00e1 na\u0161e vl\u00e1da tajn\u00fd pl\u00e1n. Tedy, jeho obrysy u\u017e pomalinku vykukuj\u00ed na povrch. Kritikov\u00e9 rozhodnut\u00ed, podle kter\u00e9ho ka\u017ed\u00fd obyvatel \u010cesk\u00e9 republiky v\u010detn\u011b d\u016fchodc\u016f a nemluv\u0148at zaplat\u00ed asi dvacet nebo t\u0159icet tis\u00edc korun za modern\u00ed americk\u00e9 st\u00edha\u010dky, evidentn\u011b netu\u0161\u00ed, \u017ee se tyhle stroje se budou pou\u017e\u00edvat k&nbsp;rozh\u00e1n\u011bn\u00ed mrak\u016f na sol\u00e1rn\u00edmi parky a \u017ee takov\u00fd pr\u016flet nadzvukov\u00e9ho letadla um\u00ed rozto\u010dit cel\u00fd les v\u011btrn\u00edk\u016f.<\/p>\n<p>Nen\u00ed tedy \u010deho se b\u00e1t. A kdyby p\u0159ece jen do\u0161el proud a p\u0159estalo se topit, lid\u00e9 se k&nbsp;sob\u011b holt budou v\u00edce tulit, a to je p\u0159ece tak\u00e9 p\u0159\u00edjemn\u00e9. &nbsp;A je\u0161t\u011b budou potm\u011b nen\u00e1padn\u00ed.<\/p>\n<p><em>Ladislav Jakl, 8. \u00fanora 2024<\/em><\/p>\n<p><a href=\"https:\/\/www.institutvk.cz\/clanky\/2599.html\">Zdroj<\/a><\/p>\n","protected":false},"excerpt":{"rendered":"<p>N\u011bmecko ned\u011bl\u00e1 mal\u00e9 chyby. Tahle u\u017e trochu ot\u0159epan\u00e1 pravda nikdy nezest\u00e1rne, proto\u017ee na\u0161i z\u00e1padn\u00ed p\u0159\u00e1tel\u00e9 o jej\u00ed platnosti poskytuj\u00ed st\u00e1le nov\u00e9 a nov\u00e9 d\u016fkazy.<\/p>\n","protected":false},"author":9,"featured_media":0,"comment_status":"open","ping_status":"open","sticky":false,"template":"","format":"standard","meta":{"ngg_post_thumbnail":0,"footnotes":""},"categories":[1],"tags":[],"class_list":["post-14015","post","type-post","status-publish","format-standard","hentry","category-publikovane-clanky"],"_links":{"self":[{"href":"https:\/\/www.ladislavjakl.cz\/index.php?rest_route=\/wp\/v2\/posts\/14015","targetHints":{"allow":["GET"]}}],"collection":[{"href":"https:\/\/www.ladislavjakl.cz\/index.php?rest_route=\/wp\/v2\/posts"}],"about":[{"href":"https:\/\/www.ladislavjakl.cz\/index.php?rest_route=\/wp\/v2\/types\/post"}],"author":[{"embeddable":true,"href":"https:\/\/www.ladislavjakl.cz\/index.php?rest_route=\/wp\/v2\/users\/9"}],"replies":[{"embeddable":true,"href":"https:\/\/www.ladislavjakl.cz\/index.php?rest_route=%2Fwp%2Fv2%2Fcomments&post=14015"}],"version-history":[{"count":1,"href":"https:\/\/www.ladislavjakl.cz\/index.php?rest_route=\/wp\/v2\/posts\/14015\/revisions"}],"predecessor-version":[{"id":14016,"href":"https:\/\/www.ladislavjakl.cz\/index.php?rest_route=\/wp\/v2\/posts\/14015\/revisions\/14016"}],"wp:attachment":[{"href":"https:\/\/www.ladislavjakl.cz\/index.php?rest_route=%2Fwp%2Fv2%2Fmedia&parent=14015"}],"wp:term":[{"taxonomy":"category","embeddable":true,"href":"https:\/\/www.ladislavjakl.cz\/index.php?rest_route=%2Fwp%2Fv2%2Fcategories&post=14015"},{"taxonomy":"post_tag","embeddable":true,"href":"https:\/\/www.ladislavjakl.cz\/index.php?rest_route=%2Fwp%2Fv2%2Ftags&post=14015"}],"curies":[{"name":"wp","href":"https:\/\/api.w.org\/{rel}","templated":true}]}}