{"id":14018,"date":"2024-02-15T20:18:36","date_gmt":"2024-02-15T19:18:36","guid":{"rendered":"https:\/\/www.ladislavjakl.cz\/?p=14018"},"modified":"2024-02-15T20:18:36","modified_gmt":"2024-02-15T19:18:36","slug":"postit-se-lze-vselijak","status":"publish","type":"post","link":"https:\/\/www.ladislavjakl.cz\/?p=14018","title":{"rendered":"Postit se lze v\u0161elijak"},"content":{"rendered":"<p>V&nbsp;\u00fater\u00fd vyvrcholil leto\u0161n\u00ed masopust \u2013 a ve st\u0159edu spadla klec. Po masopustu toti\u017e p\u0159ich\u00e1z\u00edv\u00e1 st\u0159eda Popele\u010dn\u00ed a s&nbsp;n\u00ed za\u010d\u00e1tek p\u016fstu, trvaj\u00edc\u00edho a\u017e do Velikonoc.<\/p>\n<p><!--more--><\/p>\n<p>Je skoro s&nbsp;podivem, jak masopust s\u00e1m, ale i nadch\u00e1zej\u00edc\u00ed postn\u00ed obdob\u00ed nejsou marketingov\u011b t\u00e9m\u011b\u0159 nijak vyu\u017e\u00edv\u00e1ny. Nezaznamen\u00e1te, \u017ee by v\u00e1m v&nbsp;masopustn\u00ed dny strkali vep\u0159ov\u00e9 pod nos a od Popele\u010dn\u00ed st\u0159edy \u017ee by naopak vypukly reklamn\u00ed zeleninov\u00e9 orgie. Zato si nebylo mo\u017en\u00e9 nev\u0161imnout, \u017ee se leto\u0161n\u00ed Popele\u010dn\u00ed st\u0159eda kryla s&nbsp;novodob\u00fdm marketingov\u00fdm \u0161l\u00e1grem, s m\u00f3dn\u00edm sv\u00e1tkem sv. Valent\u00fdna. \u010clov\u011bk by \u0159ekl, \u017ee l\u00e1sky \u010das je p\u0159ece a\u017e na Prvn\u00edho m\u00e1je, jak o tom hezky ver\u0161oval u\u017e Karel Hynek M\u00e1cha. Ale s&nbsp;Valent\u00fdnem jsme takov\u00ed v\u00edce sv\u011bt\u00e1\u010dkov\u0161t\u00ed. No, kdy\u017e to podpo\u0159\u00ed popula\u010dn\u00ed v\u00fdvoj, pro\u010d ne.<\/p>\n<p>Kde na k\u0159es\u0165ansk\u00e9 tradice ur\u010dit\u011b nezapom\u00ednaj\u00ed, to je Arm\u00e9nie. Arm\u00e9ni byli prvn\u00edm n\u00e1rodem sv\u011bta, kter\u00fd ve sv\u00e9 v\u011bt\u0161in\u011b p\u0159ijal k\u0159es\u0165anskou v\u00edru. A jsou tam tak\u00e9 nejstar\u0161\u00ed rotundy a baziliky sv\u011bta. N\u011bkter\u00e9 z&nbsp;nich najdeme i v&nbsp;sousedn\u00edm \u00c1zerbajd\u017e\u00e1nu, proto\u017ee Arm\u00e9nie se za ty dva tis\u00edce let dosti zmen\u0161ila. Z\u00e1sadn\u011b se zmen\u0161ila i loni, kdy\u017e \u00c1zerbajd\u017e\u00e1n vojensky obsadil enkl\u00e1vu N\u00e1horn\u00ed Karabach, o kterou tyhle dva n\u00e1rody bojovaly v&nbsp;regul\u00e9rn\u00edch tankov\u00fdch a leteck\u00fdch v\u00e1lk\u00e1ch u\u017e od dob Sov\u011btsk\u00e9ho svazu. Ano, v\u00e1lka na Ukrajin\u011b nen\u00ed jedin\u00fdm konfliktem v&nbsp;postsov\u011btsk\u00e9m prostoru. Ta je n\u00e1m o dost bl\u00ed\u017e, ale tis\u00edce mrtv\u00fdch m\u00e1 na sv\u011bdom\u00ed i podkavkazsk\u00fd konflikt.<\/p>\n<p>Z \u00c1zerbajd\u017e\u00e1nu se v posledn\u00edch letech stalo n\u011bco jako ropn\u00fd emir\u00e1t. Je to prosperuj\u00edc\u00ed a sebev\u011bdom\u00e1 zem\u011b. Muslimsk\u00e1, pochopiteln\u011b, i kdy\u017e takov\u00fdm tak trochu vla\u017en\u00fdm zp\u016fsobem. Co\u017e jsem si potvrdil p\u0159i n\u00e1v\u0161t\u011bv\u011b dvou pivovar\u016f v Baku. Arm\u00e9ni tvrd\u00ed, \u017ee Aze\u0159i jsou p\u0159i chuti a chystaj\u00ed proti Arm\u00e9n\u016fm regul\u00e9rn\u00ed v\u00e1lku, kterou by z\u00edskali spojen\u00ed s enkl\u00e1vou Nachi\u010devan. Mo\u017en\u00e1 jsou to obavy opr\u00e1vn\u011bn\u00e9. Jestli toti\u017e jistou rovnov\u00e1hu zde p\u0159in\u00e1\u0161ela v posledn\u00edch desetilet\u00edch rusk\u00e1 podpora Arm\u00e9nie, pak po zah\u00e1jen\u00ed invaze na Ukrajinu rusk\u00e1 ochota hl\u00eddat m\u00edr v Arm\u00e9nii dosti opadla. Bli\u017e\u0161\u00ed ko\u0161ile ne\u017e kab\u00e1t. Nav\u00edc je \u00c1zerbajd\u017e\u00e1n mocensky i etnicky sp\u0159\u00edzn\u011bn s Tureckem, se kter\u00fdm si to Rusov\u00e9 nyn\u00ed necht\u011bj\u00ed rozh\u00e1zet.<\/p>\n<p>Arm\u00e9ni tak z\u016fst\u00e1vaj\u00ed sami. Ale krajina pod Kavkazem sv\u011btov\u00e9 velmoci (mo\u017en\u00e1 na\u0161t\u011bst\u00ed) moc nezaj\u00edm\u00e1, tak\u017ee se tam patrn\u011b stane to, co se m\u00e1 st\u00e1t. A nikdo tomu nezabr\u00e1n\u00ed. Kdy\u017e v&nbsp;Arm\u00e9nii p\u0159ed v\u00edce ne\u017e t\u0159emi des\u00edtkami let nad\u011blalo d\u011bsivou pohromu zni\u010duj\u00edc\u00ed zem\u011bt\u0159esen\u00ed, sv\u011bt se zaj\u00edmal. A i u n\u00e1s prob\u011bhla ohromn\u00e1 lidov\u00e1 humanit\u00e1rn\u00ed akce na pomoc Arm\u00e9n\u016fm. Dnes o tamn\u00ed situaci nen\u00ed z\u00e1jem.<\/p>\n<p>Z\u00e1jem m\u00e1 ale cel\u00fd sv\u011bt o situaci v&nbsp;USA. Obr\u00e1tky nab\u00edr\u00e1 jeden z&nbsp;nejv\u011bt\u0161\u00edch politick\u00fdch st\u0159et\u016f v&nbsp;americk\u00fdch d\u011bjin\u00e1ch. N\u011bkte\u0159\u00ed koment\u00e1to\u0159i nepokryt\u011b fand\u00ed, jin\u00ed se sna\u017e\u00ed o poctivou anal\u00fdzu. Ale skoro v\u0161ichni se zab\u00fdvaj\u00ed jen prezidentskou kampan\u00ed a d\u011bn\u00edm kolem n\u00ed. Je to pochopiteln\u00e9. Ale v&nbsp;USA jde o cosi mnohem v\u011bt\u0161\u00edho ne\u017e o jeden politick\u00fd souboj. A\u0165 u\u017e toti\u017e tamn\u00ed prezidentsk\u00e9 volby dopadnou jakkoli, americk\u00e1 spole\u010dnost z\u016fstane dramaticky rozd\u011blena. Jedna p\u016flka u\u017e by r\u00e1da \u017eila v&nbsp;budoucnosti, druh\u00e1 si mysl\u00ed, \u017ee osv\u011bd\u010den\u00e9 hodnoty a ctnosti jsou \u201edobr\u00e9 pro n\u00e1s dost\u201c.<\/p>\n<p>Stejn\u00e9 rozd\u011blen\u00ed u\u017e se z&nbsp;USA p\u0159el\u00e9v\u00e1 i do Evropy a jej\u00edch n\u00e1rod\u016f. Je do zna\u010dn\u00e9 m\u00edry p\u0159irozen\u00e9 a pochopiteln\u00e9. Lid\u00e9 se li\u0161\u00ed sv\u00fdmi z\u00e1jmy i sv\u00fdm sv\u011bton\u00e1zorem. Probl\u00e9m nastane tehdy, kdy\u017e pozbydou schopnosti spolu v\u016fbec n\u011bjak komunikovat. Nebo u\u017e nast\u00e1v\u00e1?<\/p>\n<p>Mo\u017en\u00e1 by to cht\u011blo pod Kavkazem, v&nbsp;USA i u n\u00e1s trochu pop\u0159em\u00fd\u0161let, kam a\u017e na\u0161e kulturn\u00ed v\u00e1lky mohou v\u00e9st. A mo\u017en\u00e1 by cht\u011blo zah\u00e1jit mal\u00fd p\u016fst a ten \u201eboj o z\u00edt\u0159ek\u201c tak ne\u017erat.<\/p>\n<p><em>Ladislav Jakl, 15. \u00fanora 2024<\/em><\/p>\n<p><a href=\"https:\/\/www.institutvk.cz\/clanky\/2606.html\">Zdroj<\/a><\/p>\n","protected":false},"excerpt":{"rendered":"<p>V&nbsp;\u00fater\u00fd vyvrcholil leto\u0161n\u00ed masopust \u2013 a ve st\u0159edu spadla klec. Po masopustu toti\u017e p\u0159ich\u00e1z\u00edv\u00e1 st\u0159eda Popele\u010dn\u00ed a s&nbsp;n\u00ed za\u010d\u00e1tek p\u016fstu, trvaj\u00edc\u00edho a\u017e do Velikonoc.<\/p>\n","protected":false},"author":9,"featured_media":0,"comment_status":"open","ping_status":"open","sticky":false,"template":"","format":"standard","meta":{"ngg_post_thumbnail":0,"footnotes":""},"categories":[1],"tags":[],"class_list":["post-14018","post","type-post","status-publish","format-standard","hentry","category-publikovane-clanky"],"_links":{"self":[{"href":"https:\/\/www.ladislavjakl.cz\/index.php?rest_route=\/wp\/v2\/posts\/14018","targetHints":{"allow":["GET"]}}],"collection":[{"href":"https:\/\/www.ladislavjakl.cz\/index.php?rest_route=\/wp\/v2\/posts"}],"about":[{"href":"https:\/\/www.ladislavjakl.cz\/index.php?rest_route=\/wp\/v2\/types\/post"}],"author":[{"embeddable":true,"href":"https:\/\/www.ladislavjakl.cz\/index.php?rest_route=\/wp\/v2\/users\/9"}],"replies":[{"embeddable":true,"href":"https:\/\/www.ladislavjakl.cz\/index.php?rest_route=%2Fwp%2Fv2%2Fcomments&post=14018"}],"version-history":[{"count":1,"href":"https:\/\/www.ladislavjakl.cz\/index.php?rest_route=\/wp\/v2\/posts\/14018\/revisions"}],"predecessor-version":[{"id":14019,"href":"https:\/\/www.ladislavjakl.cz\/index.php?rest_route=\/wp\/v2\/posts\/14018\/revisions\/14019"}],"wp:attachment":[{"href":"https:\/\/www.ladislavjakl.cz\/index.php?rest_route=%2Fwp%2Fv2%2Fmedia&parent=14018"}],"wp:term":[{"taxonomy":"category","embeddable":true,"href":"https:\/\/www.ladislavjakl.cz\/index.php?rest_route=%2Fwp%2Fv2%2Fcategories&post=14018"},{"taxonomy":"post_tag","embeddable":true,"href":"https:\/\/www.ladislavjakl.cz\/index.php?rest_route=%2Fwp%2Fv2%2Ftags&post=14018"}],"curies":[{"name":"wp","href":"https:\/\/api.w.org\/{rel}","templated":true}]}}