{"id":14026,"date":"2024-02-19T22:56:54","date_gmt":"2024-02-19T21:56:54","guid":{"rendered":"https:\/\/www.ladislavjakl.cz\/?p=14026"},"modified":"2024-02-19T22:57:19","modified_gmt":"2024-02-19T21:57:19","slug":"cimrfest-2024","status":"publish","type":"post","link":"https:\/\/www.ladislavjakl.cz\/?p=14026","title":{"rendered":"Cimrfest 2024"},"content":{"rendered":"<p>Bigb\u00edtov\u00fd koncert pro muzikanty, kte\u0159\u00ed u\u017e nejsou mezi n\u00e1mi. Co je Cimrfest. Kon\u00e1v\u00e1 se ka\u017edoro\u010dn\u011b od roku 2005, v\u017edy 28. \u00fanora (od 19.30) a v\u017edy v klubu Vagon na N\u00e1rodn\u00ed t\u0159\u00edd\u011b.<\/p>\n<p><!--more--><\/p>\n<p>A v\u017edy je hostitelem kapela Ladislava Jakla Folimanka Blues. A v\u017edy hraj\u00ed je\u0161t\u011b dv\u011b hostuj\u00edc\u00ed kapely. Letos to budou libere\u010dt\u00ed Blues and the Gang a plze\u0148\u0161t\u00ed Beer Reminder band. A jako ka\u017ed\u00fd rok, ani letos to nebude \u017e\u00e1dn\u00e9 truchlen\u00ed, to by se ti naho\u0159e na\u0161tvali. Bude to jako v\u017edy po\u0159\u00e1dn\u00fd rockov\u00fd ve\u010d\u00edrek. Bu\u010fte u toho. Cimrfest je akc\u00ed, kter\u00e1 m\u00e1 ducha.<\/p>\n<p><img loading=\"lazy\" decoding=\"async\" class=\"alignnone size-medium wp-image-14027\" src=\"https:\/\/www.ladislavjakl.cz\/wp-content\/uploads\/2024\/02\/CIMRFEST-TISK-2-214x310.jpg\" alt=\"\" width=\"214\" height=\"310\" srcset=\"https:\/\/www.ladislavjakl.cz\/wp-content\/uploads\/2024\/02\/CIMRFEST-TISK-2-214x310.jpg 214w, https:\/\/www.ladislavjakl.cz\/wp-content\/uploads\/2024\/02\/CIMRFEST-TISK-2-483x700.jpg 483w, https:\/\/www.ladislavjakl.cz\/wp-content\/uploads\/2024\/02\/CIMRFEST-TISK-2-768x1113.jpg 768w, https:\/\/www.ladislavjakl.cz\/wp-content\/uploads\/2024\/02\/CIMRFEST-TISK-2-1059x1536.jpg 1059w, https:\/\/www.ladislavjakl.cz\/wp-content\/uploads\/2024\/02\/CIMRFEST-TISK-2-1413x2048.jpg 1413w, https:\/\/www.ladislavjakl.cz\/wp-content\/uploads\/2024\/02\/CIMRFEST-TISK-2-scaled.jpg 1766w\" sizes=\"auto, (max-width: 214px) 100vw, 214px\" \/><\/p>\n","protected":false},"excerpt":{"rendered":"<p>Bigb\u00edtov\u00fd koncert pro muzikanty, kte\u0159\u00ed u\u017e nejsou mezi n\u00e1mi. Co je Cimrfest. Kon\u00e1v\u00e1 se ka\u017edoro\u010dn\u011b od roku 2005, v\u017edy 28. \u00fanora (od 19.30) a v\u017edy v klubu Vagon na N\u00e1rodn\u00ed t\u0159\u00edd\u011b.<\/p>\n","protected":false},"author":9,"featured_media":0,"comment_status":"open","ping_status":"open","sticky":false,"template":"","format":"standard","meta":{"ngg_post_thumbnail":0,"footnotes":""},"categories":[1],"tags":[],"class_list":["post-14026","post","type-post","status-publish","format-standard","hentry","category-publikovane-clanky"],"_links":{"self":[{"href":"https:\/\/www.ladislavjakl.cz\/index.php?rest_route=\/wp\/v2\/posts\/14026","targetHints":{"allow":["GET"]}}],"collection":[{"href":"https:\/\/www.ladislavjakl.cz\/index.php?rest_route=\/wp\/v2\/posts"}],"about":[{"href":"https:\/\/www.ladislavjakl.cz\/index.php?rest_route=\/wp\/v2\/types\/post"}],"author":[{"embeddable":true,"href":"https:\/\/www.ladislavjakl.cz\/index.php?rest_route=\/wp\/v2\/users\/9"}],"replies":[{"embeddable":true,"href":"https:\/\/www.ladislavjakl.cz\/index.php?rest_route=%2Fwp%2Fv2%2Fcomments&post=14026"}],"version-history":[{"count":2,"href":"https:\/\/www.ladislavjakl.cz\/index.php?rest_route=\/wp\/v2\/posts\/14026\/revisions"}],"predecessor-version":[{"id":14029,"href":"https:\/\/www.ladislavjakl.cz\/index.php?rest_route=\/wp\/v2\/posts\/14026\/revisions\/14029"}],"wp:attachment":[{"href":"https:\/\/www.ladislavjakl.cz\/index.php?rest_route=%2Fwp%2Fv2%2Fmedia&parent=14026"}],"wp:term":[{"taxonomy":"category","embeddable":true,"href":"https:\/\/www.ladislavjakl.cz\/index.php?rest_route=%2Fwp%2Fv2%2Fcategories&post=14026"},{"taxonomy":"post_tag","embeddable":true,"href":"https:\/\/www.ladislavjakl.cz\/index.php?rest_route=%2Fwp%2Fv2%2Ftags&post=14026"}],"curies":[{"name":"wp","href":"https:\/\/api.w.org\/{rel}","templated":true}]}}