{"id":14030,"date":"2024-02-22T20:18:01","date_gmt":"2024-02-22T19:18:01","guid":{"rendered":"https:\/\/www.ladislavjakl.cz\/?p=14030"},"modified":"2024-02-22T20:21:55","modified_gmt":"2024-02-22T19:21:55","slug":"doktor-traktor-prisel-lecit-klimafanatiky","status":"publish","type":"post","link":"https:\/\/www.ladislavjakl.cz\/?p=14030","title":{"rendered":"Doktor traktor p\u0159i\u0161el l\u00e9\u010dit klimafanatiky"},"content":{"rendered":"<p>Na po\u010d\u00e1tku bylo slovo. A to slovo bylo \u201edotace.\u201c A tak za\u010d\u00ednal evropsk\u00fd integra\u010dn\u00ed proces. A mohli bychom dodat, \u017ee na po\u010d\u00e1tku evropsk\u00e9 integrace byla slova dv\u011b: \u201ezem\u011bd\u011blsk\u00e9 dotace\u201c.<\/p>\n<p><!--more--><\/p>\n<p>M\u016f\u017eete nam\u00edtat, \u017ee nejd\u0159\u00edve \u0161lo o slova \u201euhl\u00ed\u201c a \u201eocel\u201c, ale u t\u00e9to pov\u00e1le\u010dn\u00e9 f\u00e1ze kolektivizace st\u00e1t\u016f je\u0161t\u011b ne\u0161lo o integraci v&nbsp;modern\u00edm slova smyslu, jen o dohody o komoditn\u00edm obchodu. Dal\u0161\u00ed f\u00e1ze unifikace a centralizace u\u017e byly neseny politick\u00fdmi c\u00edli. A proto\u017ee ve Francii v&nbsp;onu dobu tvo\u0159ili venkovan\u00e9 v\u00fdznamnou \u010d\u00e1st elektor\u00e1tu a Francie hr\u00e1la v&nbsp;tu dobu prvn\u00ed housle v&nbsp;integra\u010dn\u00edm orchestru, \u0161la v\u00edce ne\u017e polovina rozpo\u010dtu EHS a ES na zem\u011bd\u011blsk\u00e9 dotace a z&nbsp;t\u00e9to v\u011bt\u0161\u00ed poloviny \u0161la v\u011bt\u0161\u00ed polovina pr\u00e1v\u011b na podporu francouzsk\u00fdch sedl\u00e1k\u016f.<\/p>\n<p>Jen\u017ee kdo plat\u00ed, ten porou\u010d\u00ed. A tak dotace od za\u010d\u00e1tku nebyly zadarmo. Naopak jejich \u201ecena\u201c st\u00e1le rostla. Touto cenou byly n\u00e1klady za v\u0161emo\u017en\u00e1 omezen\u00ed, regulace, kv\u00f3ty, limity, jejich\u017e pln\u011bn\u00ed er\u00e1r pod z\u00e1minkou toho, \u017ee na venkov jdou velk\u00e9 ve\u0159ejn\u00e9 pen\u00edze, za\u010dal po zem\u011bd\u011blc\u00edch vynucovat. A tak se zem\u011bd\u011blstv\u00ed postupn\u011b stalo nejregulovan\u011bj\u0161\u00edm ekonomick\u00fdch odv\u011btv\u00edm.<\/p>\n<p>Dotace t\u00edm p\u0159estaly b\u00fdt d\u00e1re\u010dkem, ale staly se vlastn\u011b platbou za ve\u0159ejnou zak\u00e1zku. St\u00e1t si jako by objedn\u00e1val (ve skute\u010dnosti na\u0159izoval) pln\u011bn\u00ed mimohospod\u00e1\u0159sk\u00fdch funkc\u00ed, kter\u00e9 prohl\u00e1sil za pozitivn\u00ed externality. Ve skute\u010dnosti \u0161lo ale t\u00e9m\u011b\u0159 v\u017edy o nadb\u00edh\u00e1n\u00ed r\u016fzn\u00fdm z\u00e1jmov\u00fdm skupin\u00e1m, kter\u00fdm pr\u00fd se nem\u00e1 moc konkurovat. A tak p\u0159i\u0161la na\u0159\u00edzen\u00ed nep\u011bstovat to \u010di ono, neobd\u011bl\u00e1vat, nezas\u00edvat, nechovat, neprodukovat, neobchodovat.<\/p>\n<p>A v&nbsp;posledn\u00edch dvou desetilet\u00edch se v\u011bc dostala do st\u00e1dia, kdy si b\u011b\u017en\u00fd statk\u00e1\u0159 (kter\u00e9mu se dnes m\u00e1 \u0159\u00edkat farm\u00e1\u0159, z\u00edtra mo\u017en\u00e1 kulak) vyd\u011bl\u00e1v\u00e1 v\u00edc vypl\u0148ov\u00e1n\u00edm r\u016fzn\u00fdch lejster a pln\u011bn\u00edm ulo\u017een\u00fdch povinnost\u00ed ne\u017e prodejem sv\u00fdch produkt\u016f. Celkem popr\u00e1vu tak p\u0159estali zem\u011bd\u011blci jak\u00e9koli velikosti sv\u00e9 firmy pova\u017eovat dotace za n\u011bjak\u00fd d\u00e1re\u010dek na p\u0159ilep\u0161enou \u010di na udr\u017een\u00ed sv\u00e9 \u017eivotn\u00ed \u00farovn\u011b, ale za nutnou kompenzaci n\u00e1klad\u016f, kter\u00e9 vypl\u00fdvaly ze st\u00e1tem ulo\u017een\u00fdch \u00fakol\u016f, tedy vlastn\u011b za jist\u00e9 od\u0161kodn\u011bn\u00ed.<\/p>\n<p>N\u011bkter\u00e9 z&nbsp;on\u011bch \u00fakol\u016f se tv\u00e1\u0159\u00ed bohulib\u011b, zejm\u00e9na ty, kter\u00e9 souvisej\u00ed s&nbsp;krajinotvorbou a s&nbsp;omezov\u00e1n\u00edm negativn\u00edch externalit dopadaj\u00edc\u00edch na okoln\u00ed p\u0159\u00edrodu, ale v\u011bt\u0161ina ostatn\u00edch regul\u00ed m\u00e1 typicky soci\u00e1ln\u011b in\u017een\u00fdrsk\u00fd charakter: maj\u00ed vym\u00fdtit zem\u011bd\u011blstv\u00ed jako jeden z&nbsp;norm\u00e1ln\u00edch poctiv\u00fdch zp\u016fsob\u016f hospoda\u0159en\u00ed a podnik\u00e1n\u00ed a u\u010dinit z&nbsp;n\u011bj nositele my\u0161lenek architekt\u016f nov\u00e9 podoby spole\u010dnosti.<\/p>\n<p>A do toho p\u0159i\u0161el \u0161\u00edlen\u00fd fanatick\u00fd boj s podneb\u00edm. A jeho \u017eelezn\u00e1 p\u011bst dopadla na zem\u011bd\u011blstv\u00ed asi nejtvrd\u011bji ze v\u0161ech obor\u016f. Prostor k ob\u017eiv\u011b a podnik\u00e1n\u00ed se za\u010dal st\u00e1le v\u00edce omezovat a n\u00e1klady jak\u00e9hokoli smyslupln\u00e9ho hospoda\u0159en\u00ed naopak mnohem rychleji zvy\u0161ovat. A v soub\u011bhu s t\u00edm nav\u00edc p\u0159i\u0161la \u00fasporn\u00e1 opat\u0159en\u00ed a s nimi omezov\u00e1n\u00ed n\u011bkter\u00fdch dotac\u00ed.<\/p>\n<p>Ano, dotace pok\u0159ivuj\u00ed trh, zp\u016fsobuj\u00ed chybnou alokaci zdroj\u016f, jsou projevem n\u00e1siln\u00e9ho p\u0159erozd\u011blov\u00e1n\u00ed a \u017eiv\u00ed gigantickou byrokracii. Pry\u010d s&nbsp;nimi. Ale pokud jsou v\u00fdznamnou \u010d\u00e1st\u00ed podnikatel\u016f br\u00e1ny jako n\u00e1hrada za \u0161kody, kter\u00e9 jim p\u016fsob\u00ed unijn\u00ed a st\u00e1tn\u00ed regulace, pak lze ch\u00e1pat, \u017ee se jich zem\u011bd\u011blci necht\u011bj\u00ed vzd\u00e1t.<\/p>\n<p>Umo\u017en\u011bte zem\u011bd\u011blc\u016fm norm\u00e1ln\u011b hospoda\u0159it, norm\u00e1ln\u011b podnikat, norm\u00e1ln\u011b obchodovat. A\u017e pak jim m\u016f\u017eete sahat na dotace. N\u00e9 obr\u00e1cen\u011b, n\u00e9 obr\u00e1cen\u011b! To je poselstv\u00ed protestuj\u00edc\u00edch zem\u011bd\u011blc\u016f. Ano vl\u00e1dn\u00ed propagandist\u00e9 to p\u0159ekl\u00e1daj\u00ed jako heslo ve stylu \u201edejte n\u00e1m v\u00edce pen\u011bz da\u0148ov\u00fdch poplatn\u00edk\u016f\u201c. Ale to je le\u017e, kter\u00e1 m\u00e1 proti zem\u011bd\u011blc\u016fm po\u0161tvat ostatn\u00ed ve\u0159ejnost. Tuto le\u017e pop\u00edr\u00e1 i fakt, \u017ee hlavn\u00edm ter\u010dem odporu protestuj\u00edc\u00edch je nikoli n\u00e1hodou bal\u00edk unijn\u00edch opat\u0159en\u00ed s&nbsp;n\u00e1zvem Green Deal.<\/p>\n<p>Nechte n\u00e1s \u017e\u00edt a pracovat, volaj\u00ed zem\u011bd\u011blci ze sv\u00fdch traktor\u016f. A my nebudeme pot\u0159ebovat \u017e\u00e1dn\u00e9 dotace, proto\u017ee um\u00edme vyr\u00e1b\u011bt kvalitn\u011b a levn\u011b, kdyby n\u00e1m to st\u00e1t dovolil.<\/p>\n<p>Ladislav Jakl, 22. \u00fanora 2024<\/p>\n<p><a href=\"https:\/\/www.institutvk.cz\/clanky\/2611.html\">Zdroj<\/a><\/p>\n","protected":false},"excerpt":{"rendered":"<p>Na po\u010d\u00e1tku bylo slovo. A to slovo bylo \u201edotace.\u201c A tak za\u010d\u00ednal evropsk\u00fd integra\u010dn\u00ed proces. A mohli bychom dodat, \u017ee na po\u010d\u00e1tku evropsk\u00e9 integrace byla slova dv\u011b: \u201ezem\u011bd\u011blsk\u00e9 dotace\u201c.<\/p>\n","protected":false},"author":9,"featured_media":0,"comment_status":"open","ping_status":"open","sticky":false,"template":"","format":"standard","meta":{"ngg_post_thumbnail":0,"footnotes":""},"categories":[1],"tags":[],"class_list":["post-14030","post","type-post","status-publish","format-standard","hentry","category-publikovane-clanky"],"_links":{"self":[{"href":"https:\/\/www.ladislavjakl.cz\/index.php?rest_route=\/wp\/v2\/posts\/14030","targetHints":{"allow":["GET"]}}],"collection":[{"href":"https:\/\/www.ladislavjakl.cz\/index.php?rest_route=\/wp\/v2\/posts"}],"about":[{"href":"https:\/\/www.ladislavjakl.cz\/index.php?rest_route=\/wp\/v2\/types\/post"}],"author":[{"embeddable":true,"href":"https:\/\/www.ladislavjakl.cz\/index.php?rest_route=\/wp\/v2\/users\/9"}],"replies":[{"embeddable":true,"href":"https:\/\/www.ladislavjakl.cz\/index.php?rest_route=%2Fwp%2Fv2%2Fcomments&post=14030"}],"version-history":[{"count":2,"href":"https:\/\/www.ladislavjakl.cz\/index.php?rest_route=\/wp\/v2\/posts\/14030\/revisions"}],"predecessor-version":[{"id":14032,"href":"https:\/\/www.ladislavjakl.cz\/index.php?rest_route=\/wp\/v2\/posts\/14030\/revisions\/14032"}],"wp:attachment":[{"href":"https:\/\/www.ladislavjakl.cz\/index.php?rest_route=%2Fwp%2Fv2%2Fmedia&parent=14030"}],"wp:term":[{"taxonomy":"category","embeddable":true,"href":"https:\/\/www.ladislavjakl.cz\/index.php?rest_route=%2Fwp%2Fv2%2Fcategories&post=14030"},{"taxonomy":"post_tag","embeddable":true,"href":"https:\/\/www.ladislavjakl.cz\/index.php?rest_route=%2Fwp%2Fv2%2Ftags&post=14030"}],"curies":[{"name":"wp","href":"https:\/\/api.w.org\/{rel}","templated":true}]}}