{"id":14035,"date":"2024-02-23T17:52:55","date_gmt":"2024-02-23T16:52:55","guid":{"rendered":"https:\/\/www.ladislavjakl.cz\/?p=14035"},"modified":"2024-02-23T17:52:55","modified_gmt":"2024-02-23T16:52:55","slug":"tiskova-zprava-ze-3-zasedani-rady-konaneho-dne-20-2-2024","status":"publish","type":"post","link":"https:\/\/www.ladislavjakl.cz\/?p=14035","title":{"rendered":"Tiskov\u00e1 zpr\u00e1va ze 3. zased\u00e1n\u00ed Rady, konan\u00e9ho dne 20. 2. 2024"},"content":{"rendered":"<p>Rada pro rozhlasov\u00e9 a televizn\u00ed vys\u00edl\u00e1n\u00ed (d\u00e1le jen &#8222;Rada&#8220;) na sv\u00e9m 3. zased\u00e1n\u00ed projednala 70 bod\u016f<br \/>\nprogramu. Vyhodnotila 28 st\u00ed\u017enost\u00ed div\u00e1k\u016f a poslucha\u010d\u016f, vydala p\u011bt upozorn\u011bn\u00ed na poru\u0161en\u00ed<br \/>\nz\u00e1kona.<\/p>\n<p><!--more--><br \/>\nNa 3. zased\u00e1n\u00ed prob\u011bhlo ve\u0159ejn\u00e9 sly\u0161en\u00ed v \u0159\u00edzen\u00ed o ud\u011blen\u00ed licence k provozov\u00e1n\u00ed rozhlasov\u00e9ho<br \/>\nvys\u00edl\u00e1n\u00ed \u0161\u00ed\u0159en\u00e9ho prost\u0159ednictv\u00edm vys\u00edla\u010d\u016f se soubory technick\u00fdch parametr\u016f Hranice 1 107,0 MHz<br \/>\n\/ 100 W, \u0160umperk II 102,9 MHz \/ 100 W a Z\u00e1b\u0159eh 105,8 MHz \/ 100 W.<br \/>\nPodrobn\u011bj\u0161\u00ed informace naleznete v p\u0159episech usnesen\u00ed Rady:<br \/>\nROZHLASOV\u00c9 VYS\u00cdL\u00c1N\u00cd<br \/>\n&#8211; Rada na ve\u0159ejn\u00e9m sly\u0161en\u00ed v \u0159\u00edzen\u00ed o ud\u011blen\u00ed licence k provozov\u00e1n\u00ed rozhlasov\u00e9ho vys\u00edl\u00e1n\u00ed<br \/>\n\u0161\u00ed\u0159en\u00e9ho prost\u0159ednictv\u00edm vys\u00edla\u010d\u016f se soubory technick\u00fdch parametr\u016f Hranice 1 107,0 MHz \/ 100<br \/>\nW, sou\u0159adnice WGS 84: 17 45 00 \/ 49 32 53; \u0160umperk II 102,9 MHz \/ 100 W, sou\u0159adnice WGS 84:<br \/>\n16 58 46 \/ 49 57 31; Z\u00e1b\u0159eh 105,8 MHz \/ 100 W, sou\u0159adnice WGS 84: 16 51 49 \/ 49 51 43<br \/>\nprojednala se \u017eadatelem ot\u00e1zky t\u00fdkaj\u00edc\u00ed se programov\u00e9 skladby navrhovan\u00e9 \u00fa\u010dastn\u00edkem licen\u010dn\u00edho<br \/>\n\u0159\u00edzen\u00ed.<br \/>\n&#8211; Rada ud\u011bluje spole\u010dnosti JOE Media s.r.o., I\u010c: 26152002, se s\u00eddlem Brani\u0161ovsk\u00e1 187\/16, Praha<br \/>\n4, PS\u010c 14300, podle \u00a7 18 z\u00e1kona \u010d. 231\/2001 Sb. licenci k provozov\u00e1n\u00ed rozhlasov\u00e9ho vys\u00edl\u00e1n\u00ed<br \/>\nprost\u0159ednictv\u00edm vys\u00edla\u010d\u016f se soubory technick\u00fdch parametr\u016f T\u0159inec nemocnice 99,4 MHz \/ 100 W,<br \/>\nsou\u0159adnice WGS 84: 18 41 26 \/ 49 40 28 a \u00dast\u00ed nad Labem P\u0159edlice 100,2 MHz \/ 100 W, sou\u0159adnice<br \/>\nWGS 84: 13 57 13 \/ 50 40 50, pro program HEY Radio na standardn\u00ed z\u00e1konnou dobu osmi let<br \/>\npodle ustanoven\u00ed \u00a7 12 odst. 5 p\u00edsm. a) z\u00e1kona \u010d\u00eds. 231\/2001 Sb., av\u0161ak s mo\u017en\u00fdm zkr\u00e1cen\u00edm doby<br \/>\njej\u00ed platnosti v n\u00e1vaznosti na postup vl\u00e1dy podle ustanoven\u00ed \u010d\u00e1sti prvn\u00ed, \u010dl\u00e1nku II, odst. 9 a 10<br \/>\nz\u00e1kona \u010d\u00eds. 196\/2009 Sb., kter\u00fdm se m\u011bn\u00ed z\u00e1kon \u010d\u00eds. 231\/2001 Sb.<br \/>\n&#8211; Rada se sezn\u00e1mila s p\u0159edb\u011b\u017enou koordinac\u00ed spo\u010d\u00edvaj\u00edc\u00ed ve stanoven\u00ed po\u010dtu obyvatel \u010cR<br \/>\npokryt\u00fdch sign\u00e1lem a \u00fazemn\u00edm rozsahem vys\u00edl\u00e1n\u00ed p\u0159ed zm\u011bnou a po zm\u011bn\u011b stanovi\u0161t\u011b kmito\u010dtu<br \/>\nZl\u00edn Ji\u017en\u00ed Svahy 87,9 MHz \/ 100 W, \u017eadatele 4S PRODUCTION, a.s., I\u010c: 25113054 se s\u00eddlem<br \/>\nRadlick\u00e1 3294\/10, Sm\u00edchov, 150 00 Praha 5, program EXPRES FM (licence sp.zn.<br \/>\nRRTV\/2021\/816\/zab) a souhlas\u00ed s dokon\u010den\u00edm p\u0159edm\u011btn\u00e9 koordinace.<br \/>\n&#8211; Rada v r\u00e1mci sv\u00e9 kompetence dan\u00e9 ustanoven\u00edm \u00a7 5 p\u00edsm. b) a v souladu s \u00a7 21 odst. 1 p\u00edsm.<br \/>\nb) a odst. 3 z\u00e1kona \u010d. 231\/2001 Sb. p\u0159ijala ve v\u011bci \u017e\u00e1dosti provozovatele JOE Media s.r.o., I\u010c:<br \/>\n26152002, se s\u00eddlem Brani\u0161ovsk\u00e1 187\/16, Praha 4, PS\u010c 14300, o zm\u011bnu skute\u010dnost\u00ed uveden\u00fdch<br \/>\nv \u017e\u00e1dosti o licenci k provozov\u00e1n\u00ed rozhlasov\u00e9ho vys\u00edl\u00e1n\u00ed programu HEY Radio (licence sp.zn.:<br \/>\nRRTV\/2015\/352\/zab), a to o zm\u011bn\u011b \u00fazemn\u00edho rozsahu vys\u00edl\u00e1n\u00ed a souboru technick\u00fdch parametr\u016f<br \/>\nspo\u010d\u00edvaj\u00edc\u00ed ve zm\u011bn\u011b stanovi\u0161t\u011b kmito\u010dtu \u010cesk\u00e9 Bud\u011bjovice 91,6 MHz \/ 200 W, toto rozhodnut\u00ed:<br \/>\nRada ud\u011bluje provozovateli JOE Media s.r.o., I\u010c: 26152002, se s\u00eddlem Brani\u0161ovsk\u00e1 187\/16, Praha<br \/>\n4, PS\u010c 14300, souhlas se zm\u011bnou skute\u010dnost\u00ed uveden\u00fdch v \u017e\u00e1dosti o licenci k provozov\u00e1n\u00ed<br \/>\nrozhlasov\u00e9ho vys\u00edl\u00e1n\u00ed prost\u0159ednictv\u00edm vys\u00edla\u010d\u016f, program HEY Radio (licence sp.zn.:<br \/>\nRRTV\/2015\/352\/zab), a to o zm\u011bn\u011b \u00fazemn\u00edho rozsahu vys\u00edl\u00e1n\u00ed a souboru technick\u00fdch parametr\u016f<br \/>\nspo\u010d\u00edvaj\u00edc\u00ed ve zm\u011bn\u011b stanovi\u0161t\u011b kmito\u010dtu \u010cesk\u00e9 Bud\u011bjovice 91,6 MHz \/ 200 W na nov\u00e9 stanovi\u0161t\u011b<br \/>\n\u010cesk\u00e9 Bud\u011bjovice 7 91,6 MHz \/ 200 W, sou\u0159adnice WGS 84: 14 28 11 \/ 48 57 33.-<\/p>\n<p>Rada ud\u011bluje spole\u010dnosti R\u00e1dio P\u00e1lava s.r.o., I\u010c: 262 30 780, se s\u00eddlem Brn\u011bnsk\u00e1 3163\/38,<br \/>\nPS\u010c 695 01 Hodon\u00edn, transforma\u010dn\u00ed licenci k provozov\u00e1n\u00ed rozhlasov\u00e9ho vys\u00edl\u00e1n\u00ed prost\u0159ednictv\u00edm<br \/>\nvys\u00edla\u010d\u016f podle \u010dl\u00e1nku II z\u00e1kona \u010d. 196\/2009 Sb., kter\u00fdm se m\u011bn\u00ed z\u00e1kon \u010d. 231\/2001 Sb., pro<br \/>\nprogram R\u00c1DIO JIH (licence sp. zn. 2008\/1043\/CUN\/Int ze dne 7.12.2010) se souborem<br \/>\ntechnick\u00fdch parametr\u016f Brno-Kohoutovice 105,1 MHz \/ 0,5 kW. Transforma\u010dn\u00ed licence nezanikne<br \/>\nd\u0159\u00edve, ne\u017e uplynut\u00edm t\u0159\u00ed let ode dne p\u0159echodu na zemsk\u00e9 digit\u00e1ln\u00ed rozhlasov\u00e9 vys\u00edl\u00e1n\u00ed v n\u00e1vaznosti<br \/>\nna postup vl\u00e1dy podle ustanoven\u00ed \u010d\u00e1sti prvn\u00ed, \u010dl\u00e1nku II, odst. 9 z\u00e1kona \u010d. 196\/2009 Sb., kter\u00fdm se<br \/>\nm\u011bn\u00ed z\u00e1kon \u010d. 231\/2001 Sb.<br \/>\n&#8211; Rada ud\u011bluje spole\u010dnosti JOE Media, s.r.o., I\u010c: 261 52 002, se s\u00eddlem Brani\u0161ovsk\u00e1 187\/16, PS\u010c<br \/>\n143 00 Praha 4, transforma\u010dn\u00ed licenci k provozov\u00e1n\u00ed rozhlasov\u00e9ho vys\u00edl\u00e1n\u00ed prost\u0159ednictv\u00edm<br \/>\nvys\u00edla\u010d\u016f podle \u010dl\u00e1nku II z\u00e1kona \u010d. 196\/2009 Sb., kter\u00fdm se m\u011bn\u00ed z\u00e1kon \u010d. 231\/2001 Sb., pro<br \/>\nprogram HEY Radio (licence sp. zn. 2015\/988\/zab ze dne 5.4.2016) se souborem technick\u00fdch<br \/>\nparametr\u016f \u010cesk\u00fd Krumlov 100 MHz \/ 0,05 kW. Transforma\u010dn\u00ed licence nezanikne d\u0159\u00edve, ne\u017e<br \/>\nuplynut\u00edm t\u0159\u00ed let ode dne p\u0159echodu na zemsk\u00e9 digit\u00e1ln\u00ed rozhlasov\u00e9 vys\u00edl\u00e1n\u00ed v n\u00e1vaznosti na postup<br \/>\nvl\u00e1dy podle ustanoven\u00ed \u010d\u00e1sti prvn\u00ed, \u010dl\u00e1nku II, odst. 9 z\u00e1kona \u010d. 196\/2009 Sb., kter\u00fdm se m\u011bn\u00ed z\u00e1kon<br \/>\n\u010d. 231\/2001 Sb.<br \/>\n&#8211; Rada ud\u011bluje spole\u010dnosti JOE MEDIA s.r.o., se s\u00eddlem Brani\u0161ovsk\u00e1 187\/16, 143 00 Praha 4,<br \/>\nI\u010cO 2615 2002, transforma\u010dn\u00ed licenci k provozov\u00e1n\u00ed rozhlasov\u00e9ho vys\u00edl\u00e1n\u00ed prost\u0159ednictv\u00edm<br \/>\nvys\u00edla\u010d\u016f podle \u010dl\u00e1nku II z\u00e1kona \u010d. 196\/2009 Sb., kter\u00fdm se m\u011bn\u00ed z\u00e1kon \u010d. 231\/2001 Sb., pro<br \/>\nprogram HEY Radio (licence sp. zn. 2015\/116\/zab ze dne 1.12.2015) se souborem technick\u00fdch<br \/>\nparametr\u016f T\u00e1bor m\u011bsto 99,9 Mhz \/ 0,2 kW. Transforma\u010dn\u00ed licence nezanikne d\u0159\u00edve, ne\u017e uplynut\u00edm<br \/>\nt\u0159\u00ed let ode dne p\u0159echodu na zemsk\u00e9 digit\u00e1ln\u00ed rozhlasov\u00e9 vys\u00edl\u00e1n\u00ed v n\u00e1vaznosti na postup vl\u00e1dy podle<br \/>\nustanoven\u00ed \u010d\u00e1sti prvn\u00ed, \u010dl\u00e1nku II, odst. 9 z\u00e1kona \u010d. 196\/2009 Sb., kter\u00fdm se m\u011bn\u00ed z\u00e1kon \u010d. 231\/2001<br \/>\nSb.<br \/>\n&#8211; Rada odm\u00edt\u00e1 \u017e\u00e1dost spole\u010dnosti R\u00e1dio \u010cesk\u00e1 Kanada s.r.o., I\u010c: 032 22 845, se s\u00eddlem<br \/>\nKl\u00e1\u0161tersk\u00e1 140\/II, PS\u010c 377 01 Jind\u0159ich\u016fv Hradec, o ud\u011blen\u00ed transforma\u010dn\u00ed licence k provozov\u00e1n\u00ed<br \/>\nrozhlasov\u00e9ho vys\u00edl\u00e1n\u00ed prost\u0159ednictv\u00edm vys\u00edla\u010d\u016f podle \u010dl\u00e1nku II z\u00e1kona \u010d. 196\/2009 Sb., kter\u00fdm se<br \/>\nm\u011bn\u00ed z\u00e1kon \u010d. 231\/2001 Sb., pro program R\u00e1dio \u010cesk\u00e1 Kanada (licence sp. zn. 2014\/827\/zab ze<br \/>\ndne 19.1.2016) se souborem technick\u00fdch parametr\u016f Nov\u00e1 Byst\u0159ice 106,9 MHz \/ 0,2 kW, Da\u010dice-<\/p>\n<p>\u010cerven\u00fd vrch 92,9 MHz \/ 1 kW a Jind\u0159ich\u016fv Hradec-Pol\u00edkno 103,6 MHz \/ 1 kW, nebo\u0165 \u017e\u00e1dost<br \/>\nneobsahovala v\u0161echny z\u00e1konem p\u0159edepsan\u00e9 n\u00e1le\u017eitosti.<br \/>\n&#8211; Rada v souladu s ustanoven\u00edm \u00a7 5 odst. 1 p\u00edsm. b), \u00a7 21 odst. 1 p\u00edsm. e) a \u00a7 21 odst. 3 z\u00e1kona<br \/>\n\u010d. 231\/2001 Sb., o provozov\u00e1n\u00ed rozhlasov\u00e9ho a televizn\u00edho vys\u00edl\u00e1n\u00ed a o zm\u011bn\u011b dal\u0161\u00edch z\u00e1kon\u016f, v<br \/>\nplatn\u00e9m zn\u011bn\u00ed (d\u00e1le jen \u201ez\u00e1kon \u010d. 231\/2001 Sb.\u201c), a ustanoven\u00edm \u00a7 67 a n\u00e1sl. z\u00e1kona \u010d. 500\/2004<br \/>\nSb., spr\u00e1vn\u00edho \u0159\u00e1du, v platn\u00e9m zn\u011bn\u00ed (d\u00e1le jen \u201ez\u00e1kon \u010d. 500\/2004 Sb.\u201c), vydala toto rozhodnut\u00ed:<br \/>\nRada ud\u011bluje provozovateli R\u00e1dio \u010cesk\u00e1 Kanada s.r.o., I\u010c: 032 22 845, se s\u00eddlem Kl\u00e1\u0161tersk\u00e1<br \/>\n140\/II, PS\u010c 377 01 Jind\u0159ich\u016fv Hradec, souhlas se zm\u011bnou skute\u010dnost\u00ed uveden\u00fdch v \u017e\u00e1dosti o<br \/>\nlicenci k provozov\u00e1n\u00ed rozhlasov\u00e9ho vys\u00edl\u00e1n\u00ed programu R\u00e1dio \u010cesk\u00e1 Kanada (licence sp. zn.<br \/>\n2014\/827\/zab ze dne 19.1.2016) dle \u00a7 21 odst. 1 p\u00edsm. e) a \u00a7 21 odst. 3 z\u00e1kona \u010d. 231\/2001 Sb.,<br \/>\nspo\u010d\u00edvaj\u00edc\u00ed v p\u0159evodu obchodn\u00edho pod\u00edlu ve spole\u010dnosti provozovatele ve v\u00fd\u0161i 50 % ze spole\u010dn\u00edka<br \/>\nAVA &#8211; Ing. Rostislav Dan\u011bk s.r.o. a obchodn\u00edho pod\u00edlu ve v\u00fd\u0161i 50 % ze spole\u010dn\u00edka Ing. Bohumila<br \/>\nKom\u00ednka, na nov\u00e9ho spole\u010dn\u00edka, spole\u010dnost JOE Media s.r.o., I\u010c: 261 52 002, nebo\u0165 tato zm\u011bna<br \/>\nby nevedla k neud\u011blen\u00ed licence na z\u00e1klad\u011b ve\u0159ejn\u00e9ho sly\u0161en\u00ed.<br \/>\n&#8211; Rada podle ustanoven\u00ed \u00a7 5 odst. 1 p\u00edsm. b) z\u00e1kona \u010d. 231\/2001 Sb., o provozov\u00e1n\u00ed rozhlasov\u00e9ho<br \/>\na televizn\u00edho vys\u00edl\u00e1n\u00ed a o zm\u011bn\u011b dal\u0161\u00edch z\u00e1kon\u016f, ve zn\u011bn\u00ed pozd\u011bj\u0161\u00edch p\u0159edpis\u016f (d\u00e1le jen \u201ez\u00e1kon<br \/>\n\u010d. 231\/2001 Sb.\u201c), vyd\u00e1v\u00e1 toto rozhodnut\u00ed: Rada ud\u011bluje na z\u00e1klad\u011b ustanoven\u00ed \u010dl. II z\u00e1kona<br \/>\n\u010d. 196\/2009 Sb., kter\u00fdm se m\u011bn\u00ed z\u00e1kon \u010d. 231\/2001 Sb., provozovateli MEDIA BOHEMIA a.s., I\u010c:<br \/>\n26765586, se s\u00eddlem B\u011blehradsk\u00e1 299\/132, Vinohrady, 120 00 Praha 2, souhlas se slou\u010den\u00edm<br \/>\nlicence \u010d.j. Ru\/106\/01 ze dne 9.5.2001 k rozhlasov\u00e9mu vys\u00edl\u00e1n\u00ed programu Hitr\u00e1dio FM Plus<\/p>\n<p>\u0161\u00ed\u0159en\u00e9ho prost\u0159ednictv\u00edm vys\u00edla\u010d\u016f (licence n\u00e1stupnick\u00e1), a licence sp. zn. 2013\/681\/zab\/MED ze<br \/>\ndne 15.4.2014 k rozhlasov\u00e9mu vys\u00edl\u00e1n\u00ed programu Hitr\u00e1dio FM Plus \u0161\u00ed\u0159en\u00e9ho prost\u0159ednictv\u00edm<br \/>\nvys\u00edla\u010d\u016f (licence zanikaj\u00edc\u00ed).<br \/>\n&#8211; Rada se sezn\u00e1mila s odpov\u011bd\u00ed provozovatele \u010cesk\u00fd rozhlas, I\u010c: 45245053, se s\u00eddlem<br \/>\nVinohradsk\u00e1 12, 120 99 Praha 2, doru\u010denou Rad\u011b dne 11. ledna 2024 pod \u010d.j. RRTV\/815\/2024-<br \/>\nvra, na \u017e\u00e1dost o pod\u00e1n\u00ed vysv\u011btlen\u00ed sp.zn. 2023\/1072\/pot, \u010d.j. RRTV\/13586\/2023-pot ze dne<br \/>\n1. prosince 2023.<br \/>\n&#8211; Rada v r\u00e1mci sv\u00e9 kompetence dan\u00e9 ustanoven\u00edm \u00a7 5 p\u00edsm. a) z\u00e1kona \u010d. 231\/2001 Sb., o<br \/>\nprovozov\u00e1n\u00ed rozhlasov\u00e9ho a televizn\u00edho vys\u00edl\u00e1n\u00ed a o zm\u011bn\u011b dal\u0161\u00edch z\u00e1kon\u016f (d\u00e1le jen z\u00e1kon<br \/>\n\u010d. 231\/2001 Sb.), rozhodla v souladu s ustanoven\u00edm \u00a7 76 odst. 1 p\u00edsm. a) z\u00e1kona \u010d. 250\/2016 Sb.,<br \/>\no odpov\u011bdnosti za p\u0159estupky a \u0159\u00edzen\u00ed o nich, v platn\u00e9m zn\u011bn\u00ed, ve v\u011bci pod\u00e1n\u00ed \u010d.j.<br \/>\nRRTV\/11790\/2023-vra ze dne 13. \u0159\u00edjna 2023, \u017ee v\u011bc odkl\u00e1d\u00e1.<br \/>\n&#8211; Rada se sezn\u00e1mila s anal\u00fdzou programu Radio Metropole, provozovatele HAMCO s.r.o. ze dne<br \/>\n8.11. 2023 od 00:00 do 24:00 hodin a shledala, \u017ee vys\u00edl\u00e1n\u00ed bylo v souladu se z\u00e1konem o<br \/>\nrozhlasov\u00e9m a televizn\u00edm vys\u00edl\u00e1n\u00ed a v souladu s platn\u00fdmi licen\u010dn\u00edmi podm\u00ednkami<br \/>\n&#8211; Rada se sezn\u00e1mila s anal\u00fdzami obchodn\u00edch sd\u011blen\u00ed odvys\u00edlan\u00fdch provozovateli RADIO UNITED<br \/>\nBROADCASTING s.r.o. (program Sign\u00e1l r\u00e1dio Praha; Praha 96,6 MHz) dne 16. ledna 2024, MAX<br \/>\nLOYD s.r.o. (program DANCE RADIO; Praha 102,9 MHz) dne 16. ledna 2024, EVROPA 2, spol s<br \/>\nr. o. (program EVROPA 2; Praha 88,2 MHz) dne 16. ledna 2024, 4S PRODUCTION a.s. (program<br \/>\nExpres FM; Praha 90,3 MHz) dne 16. ledna 2024.<br \/>\n&#8211; Rada se sezn\u00e1mila s ozn\u00e1men\u00edm provozovatele MEDIA BOHEMIA a.s., I\u010c: 26765586, se<br \/>\ns\u00eddlem B\u011blehradsk\u00e1 299\/132, 120 00 Praha 2, doru\u010den\u00fdm dne 25.1.2024 pod \u010d.j.<br \/>\nRRTV\/1330\/2024-vra, spo\u010d\u00edvaj\u00edc\u00edm v informaci o p\u0159eru\u0161en\u00ed vys\u00edl\u00e1n\u00ed dne 24.1.2024, program Fajn<br \/>\nradio, licence sp.zn.: RRTV\/2022\/1402\/zab. Rada se sezn\u00e1mila s ozn\u00e1men\u00edm provozovatele<br \/>\nLONDA spol. s r. o., I\u010c: 49241931, se s\u00eddlem Na p\u0159\u00edkop\u011b 859\/22, Nov\u00e9 M\u011bsto, 110 00 Praha 1,<br \/>\ndoru\u010den\u00fdm dne 2.2.2024 \u010d.j. RRTV\/1558\/2024-vra, spo\u010d\u00edvaj\u00edc\u00edm v informaci o zaps\u00e1n\u00ed zm\u011bn do<br \/>\nobchodn\u00edho rejst\u0159\u00edku spo\u010d\u00edvaj\u00edc\u00edch v p\u0159evodu 100% obchodn\u00edho pod\u00edlu spole\u010dnosti a ve zm\u011bn\u011b<br \/>\njednatele spole\u010dnosti. Tyto zm\u011bny byly provedeny v n\u00e1vaznosti na rozhodnut\u00ed Rady ze dne 7. 11.<br \/>\n2023, \u010d.j. RRTV\/13188\/2023-bro.<br \/>\n&#8211; Rada se sezn\u00e1mila se st\u00ed\u017enost\u00ed (\u010d. j. RRTV\/1397\/2024-vra), ve kter\u00e9 si pisatel st\u011b\u017euje na to, \u017ee<br \/>\nprogram \u010cRo Radio\u017eurn\u00e1l vys\u00edl\u00e1 z\u00e1znamy a informace z prob\u00edhaj\u00edc\u00edho tenisov\u00e9ho turnaje<br \/>\nAustralian Open. Rada se sezn\u00e1mila se st\u00ed\u017enost\u00ed (\u010d. j. RRTV\/1412\/2024-vra) na \u00fadajn\u011b<br \/>\nneobjektivn\u00ed a nevyv\u00e1\u017een\u00fd p\u0159\u00edsp\u011bvek, kter\u00fd byl na programu \u010cRo Plus odvys\u00edl\u00e1n 26. ledna 2024<br \/>\nkolem 9. hodiny.<br \/>\n&#8211; Rada bere na v\u011bdom\u00ed, \u017ee provozovateli AMC Networks Central Europe s.r.o., I\u010c: 27112501, se<br \/>\ns\u00eddlem: Pob\u0159e\u017en\u00ed 620\/3, Praha 8, 186 00 Praha 1, zanik\u00e1 ke dni 5. ledna 2024 na z\u00e1klad\u011b pod\u00e1n\u00ed<br \/>\n\u010d.j. RRTV\/1432\/2024-vra, doru\u010den\u00e9ho Rad\u011b dne 29. ledna 2024, licence k provozov\u00e1n\u00ed televizn\u00edho<br \/>\nvys\u00edl\u00e1n\u00ed programu FILM CAFE, \u0161\u00ed\u0159en\u00e9ho prost\u0159ednictv\u00edm dru\u017eice dle licence sp.zn.<br \/>\n2011\/1052\/FIA\/Che, \u010d.j. FIA\/76\/2012 ze dne 3. ledna 2012. O t\u00e9to skute\u010dnosti vyd\u00e1v\u00e1 Rada<br \/>\nprovozovateli osv\u011bd\u010den\u00ed dle \u00a7 154 a n\u00e1sl. z\u00e1kona \u010d. 500\/2004 Sb.<br \/>\n&#8211; Rada bere na v\u011bdom\u00ed, \u017ee provozovateli AMC Networks Central Europe s.r.o., I\u010c: 27112501, se<br \/>\ns\u00eddlem: Pob\u0159e\u017en\u00ed 620\/3, Praha 8, 186 00 Praha 1, zanik\u00e1 ke dni 5. ledna 2024 na z\u00e1klad\u011b pod\u00e1n\u00ed<br \/>\n\u010d.j. RRTV\/1433\/2024-vra, doru\u010den\u00e9ho Rad\u011b dne 29. ledna 2024, licence k provozov\u00e1n\u00ed televizn\u00edho<br \/>\nvys\u00edl\u00e1n\u00ed programu FILM CAFE ROMANIA, \u0161\u00ed\u0159en\u00e9ho prost\u0159ednictv\u00edm dru\u017eice dle licence sp.zn.<br \/>\n2012\/594\/FIA\/Che, \u010d.j. FIA\/3007\/2012 ze dne 21. srpna 2012. O t\u00e9to skute\u010dnosti vyd\u00e1v\u00e1 Rada<br \/>\nprovozovateli osv\u011bd\u010den\u00ed dle \u00a7 154 a n\u00e1sl. z\u00e1kona \u010d. 500\/2004 Sb.<br \/>\n&#8211; Rada bere na v\u011bdom\u00ed, \u017ee provozovateli \u00dasteck\u00e1 m\u00e9dia s.r.o., I\u010c: 07083858, se s\u00eddlem:<br \/>\nBratislavsk\u00e1 1444\/10, \u00dast\u00ed nad Labem-centrum, \u00dast\u00ed nad Labem, 400 01, zanik\u00e1 ke dni 31. ledna<br \/>\n2024 na z\u00e1klad\u011b pod\u00e1n\u00ed \u010d.j. RRTV\/1302\/2024-vra, doru\u010den\u00e9ho Rad\u011b dne 24. ledna 2024,<\/p>\n<p>licence k provozov\u00e1n\u00ed televizn\u00edho vys\u00edl\u00e1n\u00ed programu \u00dasteck\u00e1 TV, \u0161\u00ed\u0159en\u00e9ho prost\u0159ednictv\u00edm vys\u00edla\u010d\u016f dle<br \/>\nlicence sp.zn. RRTV\/2021\/896\/zem, \u010d.j. RRTV\/1624\/2022-zem ze dne 18. ledna 2022. O t\u00e9to<br \/>\nskute\u010dnosti vyd\u00e1v\u00e1 Rada provozovateli osv\u011bd\u010den\u00ed dle \u00a7 154 a n\u00e1sl. z\u00e1kona \u010d. 500\/2004 Sb.<br \/>\n&#8211; Rada ud\u011bluje spole\u010dnosti ViacomCBS Networks International Czech s.r.o., I\u010c: 289 70 438, se<br \/>\ns\u00eddlem Perlov\u00e1 371\/5, Star\u00e9 M\u011bsto, 110 00 Praha 1, souhlas se zm\u011bnou skute\u010dnost\u00ed uveden\u00fdch v<br \/>\n\u017e\u00e1dosti o licenci, sp. zn.: RRTV\/2019\/49\/fia, \u010d.j. RRTV\/2867\/2019-fia, ze dne 19. \u00fanora 2019, podle<br \/>\n\u00a7 21 odst. 1 p\u00edsm. d) z\u00e1kona \u010d. 231\/2001 Sb., spo\u010d\u00edvaj\u00edc\u00ed v roz\u0161\u00ed\u0159en\u00ed v\u00fd\u010dtu st\u00e1t\u016f, na jejich\u017e \u00fazem\u00ed<br \/>\nm\u00e1 b\u00fdt vys\u00edl\u00e1n\u00ed programu Nick Music, \u0161\u00ed\u0159en\u00e9ho prost\u0159ednictv\u00edm dru\u017eice, zcela nebo p\u0159ev\u00e1\u017en\u011b<br \/>\nsm\u011brov\u00e1no, o Alb\u00e1nii, Bosnu a Hercegovinu, Bulharsko, \u010cernou Horu, \u010ceskou republiku,<br \/>\nRumunsko, Severn\u00ed Makedonii a Slovensko, dle \u017e\u00e1dosti ze dne 30. ledna 2024, \u010d.j.:<br \/>\nRRTV\/1461\/2024-vra.<br \/>\n&#8211; Rada se sezn\u00e1mila s odpov\u011bd\u00ed (\u010d.j. RRTV\/1655\/2024-vra) spole\u010dnosti PRAHA12.com s.r.o., I\u010c:<br \/>\n04700813, se s\u00eddlem Z\u00e1ti\u0161sk\u00e1 1914\/1, Mod\u0159any, 143 00 Praha 4, kter\u00e9 bylo Rad\u011b doru\u010deno dne<br \/>\n7. \u00fanora 2024, na \u017e\u00e1dost Rady o vysv\u011btlen\u00ed sp.zn. 2023\/1223\/blu, \u010d.j. RRTV\/3\/2024-blu ze dne<br \/>\n19. prosince 2023, t\u00fdkaj\u00edc\u00ed se toho, pro\u010d je na internetov\u00fdch str\u00e1nk\u00e1ch spole\u010dnosti nab\u00edzeno<br \/>\nposkytov\u00e1n\u00ed dopl\u0148kov\u00e9 slu\u017eby ozna\u010den\u00e9 jako &#8222;Televize&#8220;.<br \/>\n&#8211; Rada se sezn\u00e1mila s proveden\u00fdm monitoringem internetov\u00fdch str\u00e1nek OKTAGON.TV a<br \/>\nrozhodla v p\u0159edm\u011btn\u00e9 v\u011bci o postoupen\u00ed Rad\u011b pre medi\u00e1ln\u00e9 slu\u017eby.<br \/>\n&#8211; Rada v r\u00e1mci sv\u00e9 kompetence dan\u00e9 ustanoven\u00edm \u00a7 5 odst. 1 p\u00edsm. a) a f), \u00a7 59 odst. 1 &#8211; 3<br \/>\nz\u00e1kona \u010d. 231\/2001 Sb., upozor\u0148uje provozovatele televizn\u00edho vys\u00edl\u00e1n\u00ed \u0161\u00ed\u0159en\u00e9ho prost\u0159ednictv\u00edm<br \/>\nkabelov\u00fdch syst\u00e9mu (licence, \u010d.j.: Ru\/80\/02\/1082, ze dne 19. b\u0159ezna 2002 ve zn\u011bn\u00ed pozd\u011bj\u0161\u00edch<br \/>\nzm\u011bn) a provozovatele p\u0159evzat\u00e9ho vys\u00edl\u00e1n\u00ed \u0161\u00ed\u0159en\u00e9ho prost\u0159ednictv\u00edm kabelov\u00fdch syst\u00e9m\u016f (\u010d. j.:<br \/>\nRg\/35\/96, ze dne 12. \u010dervna 1996) a zvl\u00e1\u0161tn\u00edch p\u0159enosov\u00fdch syst\u00e9m\u016f (\u010d. j.: RRTV\/15379\/2018-<br \/>\nzem, ze dne 14. srpna 2018) KATRO SERVIS, spol. s r.o., I\u010c: 150 43 355 se s\u00eddlem Plyn\u00e1rensk\u00e1<br \/>\n671, Kol\u00edn IV, 280 02 Kol\u00edn, na poru\u0161en\u00ed ustanoven\u00ed \u00a7 21 odst. 1, p\u00edsm. e), \u00a7 21 odst. 2, \u00a7 29 odst.<br \/>\n1, p\u00edsm. a), b) a \u00a7 29 odst. 3 z\u00e1kona \u010d. 231\/2001 Sb., kter\u00e9ho se dopustil t\u00edm, \u017ee p\u0159edem nepo\u017e\u00e1dal<br \/>\nRadu o p\u00edsemn\u00fd souhlas se zm\u011bnou zp\u016fsobu rozd\u011blen\u00ed hlasovac\u00edch pr\u00e1v, vkladu jednotliv\u00fdch<br \/>\nspole\u010dn\u00edk\u016f, v\u00fd\u0161e jejich obchodn\u00edch pod\u00edl\u016f, spole\u010densk\u00e9 nebo zakladatelsk\u00e9 smlouvy, seznamu<br \/>\nspole\u010dn\u00edk\u016f a neozn\u00e1mil Rad\u011b zm\u011bnu ostatn\u00edch skute\u010dnost\u00ed ve lh\u016ft\u011b do 30 dn\u016f ode dne zaps\u00e1n\u00ed<br \/>\nzm\u011bny v obchodn\u00edm rejst\u0159\u00edku a nep\u0159edlo\u017eil doklady o schv\u00e1len\u00fdch zm\u011bn\u00e1ch do 30 dn\u016f ode dne,<br \/>\nkdy k t\u011bmto zm\u011bn\u00e1m do\u0161lo (licence) a v p\u0159ihl\u00e1\u0161ce k registraci p\u0159edem neozn\u00e1mil Rad\u011b zm\u011bnu<br \/>\nvklad\u016f jednotliv\u00fdch spole\u010dn\u00edk\u016f, v\u00fd\u0161e jejich obchodn\u00edch pod\u00edl\u016f, zp\u016fsob rozd\u011blen\u00ed hlasovac\u00edch pr\u00e1v,<br \/>\nzm\u011bnu seznamu spole\u010dn\u00edk\u016f a neozn\u00e1mil zm\u011bnu ostatn\u00edch skute\u010dnost\u00ed uveden\u00fdch v p\u0159ihl\u00e1\u0161ce k<br \/>\nregistraci &#8211; zm\u011bnu v osob\u00e1ch jednatel\u016f Rad\u011b ve lh\u016ft\u011b do 15 dn\u016f ode dne, kdy k t\u00e9to zm\u011bn\u011b do\u0161lo.<br \/>\nRada stanov\u00ed provozovateli lh\u016ftu k n\u00e1prav\u011b 30 dn\u016f ode dne doru\u010den\u00ed tohoto upozorn\u011bn\u00ed.<br \/>\n&#8211; Rada se sezn\u00e1mila s ozn\u00e1men\u00edm provozovatele ZAK TV s.r.o., I\u010c 648 35 669, doru\u010den\u00fdm Rad\u011b<br \/>\npod \u010d.j. RRTV\/1444\/2024-vra, spo\u010d\u00edvaj\u00edc\u00edm v ozn\u00e1men\u00ed zah\u00e1jen\u00ed vys\u00edl\u00e1n\u00ed programu Televize<br \/>\n\u00dasteck\u00e9ho kraje ke dni 1. \u00fanora 2024.<br \/>\n&#8211; Rada se, dle ustanoven\u00ed \u00a7 29 odst. 3 z\u00e1kona \u010d. 231\/2001 Sb., sezn\u00e1mila s ozn\u00e1men\u00edm<br \/>\nprovozovatele p\u0159evzat\u00e9ho vys\u00edl\u00e1n\u00ed \u0161\u00ed\u0159en\u00e9ho prost\u0159ednictv\u00edm kabelov\u00fdch syst\u00e9m\u016f, ANTIK Telecom<br \/>\nCZ s.r.o., I\u010c: 24823341, se s\u00eddlem: n\u00e1m\u011bst\u00ed Tov\u00e1rn\u00ed 1112, Chrudim, 537 01, o zm\u011bn\u011b ostatn\u00edch<br \/>\nskute\u010dnost\u00ed uveden\u00fdch v p\u0159ihl\u00e1\u0161ce k registraci sp. zn. 2016\/110\/SMU\/Tan, \u010d.j. RRTV\/1059\/2016-<br \/>\nSMU ze dne 5. dubna 2016, spo\u010d\u00edvaj\u00edc\u00edm v roz\u0161\u00ed\u0159en\u00ed programov\u00e9 nab\u00eddky o zahrani\u010dn\u00ed televizn\u00ed<br \/>\nprogram DIM; d\u00e1le v rozsahu dal\u0161\u00edch informac\u00ed, uveden\u00fdch v pod\u00e1n\u00ed \u010d.j. RRTV\/1122\/2024-vra<br \/>\ndoru\u010den\u00e9m dne 19. ledna 2024.TELEVIZN\u00cd VYS\u00cdL\u00c1N\u00cd<br \/>\n&#8211; Rada se sezn\u00e1mila s n\u00e1sleduj\u00edc\u00edmi pod\u00e1n\u00edmi k obsahu televizn\u00edch program\u016f doru\u010den\u00fdmi od<br \/>\n15. ledna 2024 do 7. \u00fanora 2024: Stanice O, a.s. \/ \u00d3\u010dko STAR \u2013 upout\u00e1vka na po\u0159ad Moje ob\u0159\u00ed<br \/>\np\u00e9ro; FTV Prima, spol. s r.o. \/ Prima \u2013 Prost\u0159eno; FTV Prima, spol. s r.o. \/ Prima \u2013 Mal\u00e1 velk\u00e1 liga;<br \/>\nRegion\u00e1ln\u00ed televize CZ s.r.o. \/ A11 \u2013 Rozhovor s&#8230;; FTV Prima, spol. s r.o. \/ Prima \u2013 S \u010derty nejsou<br \/>\n\u017eerty; \u010cesk\u00e1 televize \/ \u010cT1 a \u010cT24 \u2013 Ud\u00e1losti \u2013 Istanbulsk\u00e1 \u00famluva v divadeln\u00ed h\u0159e; Google Ireland<br \/>\nLtd. \/ Youtube \u2013 reklamy propaguj\u00edc\u00ed investice; \u010cesk\u00e1 televize \/ \u010cT1 a \u010cT24 \u2013 Ud\u00e1losti 9. ledna<br \/>\n2024; \u010cesk\u00e1 televize \/ \u010cT24 \u2013 Interview \u010cT24; \u010ceskoslovensk\u00e1 filmov\u00e1 spole\u010dnost, s.r.o. a<br \/>\nBarrandov Televizn\u00ed Studio a.s. \/ CS Film a Televize Barrandov, Kino Barrandov a Barrandov Krimi<br \/>\n\u2013 vys\u00edl\u00e1n\u00ed bez loga a v\u00fdpadek vys\u00edl\u00e1n\u00ed; TV Nova s.r.o. \/ Nova \u2013 Rizzoli &amp; Isles: Vra\u017edy na pitevn\u011b;<br \/>\nFTV Prima, spol. s r.o. \/ Prima COOL \u2013 upout\u00e1vka Dexter: Nov\u00e1 krev; TV Nova s.r.o. \/ Nova \u2013<br \/>\nupout\u00e1vka Metoda Markovi\u010d: Hojer; \u010cesk\u00e1 televize \/ \u010cT2 \u2013 Dobr\u00e9 r\u00e1no; Simply You<br \/>\nPharmaceuticals \/ Nova &#8211; HEMOSTOP gel MAX; Tesco Stores \u010cR \/ Nova &#8211; Tesco (Clubcard);<br \/>\nFilmbox Iberia, S.L.U. \/ Filmbox Stars \u2013 B\u00e1ba z ledu; TV Nova s.r.o. \/ Nova \u2013 Zlat\u00e1 labu\u0165; TV Nova<br \/>\ns.r.o. \/ Nova \u2013 obchodn\u00ed sd\u011blen\u00ed ve filmu o Harry Potterovi; FTV Prima, spol. s r.o. \/ Prima ZOOM<br \/>\n\u2013 Zabij\u00e1ci v divo\u010din\u011b; TELEMEDIA INTERACTV \/ O (\u00d3\u010cKO) \u2013 Virtu\u00e1ln\u00ed sv\u011bt TV; \u010cesk\u00e1 televize \/<br \/>\n\u010cT1 a \u010cT24 &#8211; Ud\u00e1losti; HP Tronic Zl\u00edn \/ Prima &#8211; Datart; TV Nova s.r.o. \/ Nova (ZPS) \u2013 reklamy ve<br \/>\nvys\u00edl\u00e1n\u00ed po\u0159adu Na lovu: Silvestrovsk\u00fd speci\u00e1l; ViacomCBS Networks International Czech s.r.o. \/<br \/>\nComedy Central Hun \u2013 Comedy Club; TV Nova s.r.o. \/ Nova \u2013 hlasit\u00e9 reklamy; HBO Europe s.r.o.<br \/>\n\/ Cinemax 2 \u2013 In the Basement<br \/>\n&#8211; Rada v r\u00e1mci sv\u00e9 p\u016fsobnosti dan\u00e9 ustanoven\u00edm \u00a7 5 odst. 1 p\u00edsm. a) a f) a \u00a7 59 odst. 1-3 z\u00e1kona<br \/>\n\u010d. 231\/2001 Sb., o provozov\u00e1n\u00ed rozhlasov\u00e9ho a televizn\u00edho vys\u00edl\u00e1n\u00ed a o zm\u011bn\u011b dal\u0161\u00edch z\u00e1kon\u016f, v<br \/>\nplatn\u00e9m zn\u011bn\u00ed, upozor\u0148uje provozovatele Stanice O, a.s., I\u010c 26509911, s\u00eddlem Karla Engli\u0161e<br \/>\n519\/11, Sm\u00edchov, Praha 5, PS\u010c 150 00, na poru\u0161en\u00ed ustanoven\u00ed \u00a7 32 odst. 1 p\u00edsm. g) z\u00e1kona<br \/>\n\u010d. 231\/2001 Sb. ve spojen\u00ed s \u00a7 32 odst. 7 z\u00e1kona \u010d. 231\/2001 Sb., kter\u00e9ho se dopustil odvys\u00edl\u00e1n\u00edm<br \/>\nupout\u00e1vky na po\u0159ad Moje ob\u0159\u00ed p\u00e9ro, dne 13. ledna 2024 od 11:28 hodin na programu \u00d3\u010dko STAR.<br \/>\nUpout\u00e1vka zvala div\u00e1ky ke sledov\u00e1n\u00ed dokument\u00e1rn\u00edho po\u0159adu Moje ob\u0159\u00ed p\u00e9ro, kter\u00fd se v\u011bnuje<br \/>\npot\u00ed\u017e\u00edm mu\u017e\u016f s nadm\u011brn\u011b velk\u00fdmi genit\u00e1liemi. Upout\u00e1vka, kter\u00e1 byla odvys\u00edl\u00e1na v dopoledn\u00edch<br \/>\nhodin\u00e1ch, kdy mohou b\u00fdt u televizn\u00edch obrazovek d\u011bti, p\u0159edstavila uveden\u00e9 t\u00e9ma v\u00fdrazn\u011b<br \/>\nbulvarizuj\u00edc\u00edm zp\u016fsobem a za pomoci term\u00edn\u016f (\u201ep\u00e9ro\u201c) a obrazov\u00fdch prost\u0159edk\u016f, kter\u00e9 mohou<br \/>\nvyvol\u00e1vat konotace s pornografick\u00fdm obsahem. To mohlo u nezletil\u00fdch div\u00e1k\u016f vzbudit<br \/>\ndeformovan\u00e9 p\u0159edstavy o lidsk\u00e9 sexualit\u011b a naru\u0161it tak jejich mravn\u00ed v\u00fdvoj. Provozovatel se t\u00edm<br \/>\ndopustil poru\u0161en\u00ed povinnosti neza\u0159azovat v dob\u011b od 06:00 hodin do 22:00 hodin do vys\u00edl\u00e1n\u00ed po\u0159ady,<br \/>\nkter\u00e9 by mohly naru\u0161it fyzick\u00fd, psychick\u00fd nebo mravn\u00ed v\u00fdvoj nezletil\u00fdch osob, kter\u00e1 se dle \u00a7 32<br \/>\nodst. 7 z\u00e1kona \u010d. 231\/2001 Sb. vztahuje i ke v\u0161em dal\u0161\u00edm \u010d\u00e1stem vys\u00edl\u00e1n\u00ed. Rada stanovuje lh\u016ftu k<br \/>\nn\u00e1prav\u011b 7 dn\u016f od doru\u010den\u00ed upozorn\u011bn\u00ed.<br \/>\n&#8211; Rada v r\u00e1mci sv\u00e9 kompetence dan\u00e9 \u00a7 5 odst. 1 p\u00edsm. a) a f) z\u00e1kona \u010d. 231\/2001 Sb., o<br \/>\nprovozov\u00e1n\u00ed rozhlasov\u00e9ho a televizn\u00edho vys\u00edl\u00e1n\u00ed a o zm\u011bn\u011b dal\u0161\u00edch z\u00e1kon\u016f, v platn\u00e9m zn\u011bn\u00ed a v<br \/>\nsouladu s ustanoven\u00edm \u00a7 137 odst. 1 z\u00e1kona \u010d. 500\/2004 Sb., spr\u00e1vn\u00ed \u0159\u00e1d, (d\u00e1le jen \u201ez\u00e1kon<br \/>\n\u010d. 500\/2004 Sb.\u201c) \u017e\u00e1d\u00e1 provozovatele Region\u00e1ln\u00ed televize CZ s.r.o, I\u010c: 24141372, se s\u00eddlem:<br \/>\nVinohradsk\u00e1 1597\/174, Vinohrady, 130 00 Praha 3, o pod\u00e1n\u00ed vysv\u011btlen\u00ed k obsahu st\u00ed\u017enosti na po\u0159ad<br \/>\nRozhovor s\u2026, jeho\u017e hostem byl Ji\u0159\u00ed \u010cernohorsk\u00fd a byl odvys\u00edl\u00e1n nap\u0159\u00edklad 3. \u0159\u00edjna 2023 od 3:19<br \/>\nhodin na televizn\u00edm programu A11. Rada stanovuje lh\u016ftu k pod\u00e1n\u00ed vysv\u011btlen\u00ed 30 dn\u00ed ode dne<br \/>\ndoru\u010den\u00ed t\u00e9to v\u00fdzvy.<br \/>\n&#8211; Rada v r\u00e1mci sv\u00e9 kompetence dan\u00e9 \u00a7 5 odst. 1 p\u00edsm. a) a f) z\u00e1kona \u010d. 231\/2001 Sb., o<br \/>\nprovozov\u00e1n\u00ed rozhlasov\u00e9ho a televizn\u00edho vys\u00edl\u00e1n\u00ed a o zm\u011bn\u011b dal\u0161\u00edch z\u00e1kon\u016f, v platn\u00e9m zn\u011bn\u00ed a v<br \/>\nsouladu s ustanoven\u00edm \u00a7 137 odst. 1 z\u00e1kona \u010d. 500\/2004 Sb., spr\u00e1vn\u00ed \u0159\u00e1d, \u017e\u00e1d\u00e1 provozovatele<br \/>\nFTV Prima, spol. s r.o., I\u010c 48115908, s\u00eddlem Vinohradsk\u00e1 3217\/167, Stra\u0161nice, 100 00 Praha 10,<br \/>\no pod\u00e1n\u00ed vysv\u011btlen\u00ed, zda dle jeho m\u00edn\u011bn\u00ed vyhovovalo za\u0159azen\u00ed ozna\u010den\u00ed sponzora programu, j\u00edm\u017e<br \/>\nbyl v\u00fdrobce a distributor alkoholick\u00fdch n\u00e1poj\u016f STOCK Plze\u0148-Bo\u017ekov s.r.o., v p\u0159eru\u0161en\u00ed po\u0159adu<\/p>\n<p>S \u010derty nejsou \u017eerty, vys\u00edlan\u00e9ho dne 26. prosince 2024 od 20:15 hodin na programu Prima,<br \/>\nz\u00e1sad\u00e1m Etick\u00e9ho kodexu Rady pro reklamu, konkr\u00e9tn\u011b stanoven\u00fdm v \u010d\u00e1sti 2., kapitole 1., odst.<br \/>\n3.2., kter\u00e9 upravuje vys\u00edl\u00e1n\u00ed reklamy na alkoholick\u00e9 n\u00e1poje p\u0159ed, b\u011bhem nebo bezprost\u0159edn\u011b po<br \/>\ntelevizn\u00edch nebo rozhlasov\u00fdch po\u0159adech ur\u010den\u00fdch d\u011btem. Rada stanovuje lh\u016ftu k pod\u00e1n\u00ed<br \/>\nvysv\u011btlen\u00ed 30 dn\u00ed ode dne doru\u010den\u00ed t\u00e9to v\u00fdzvy.<br \/>\n&#8211; Rada v r\u00e1mci sv\u00e9 p\u016fsobnosti dan\u00e9 ustanoven\u00edm \u00a7 5 odst. 1 p\u00edsm. a) a f) a \u00a7 59 odst. 1\u20133 z\u00e1kona<br \/>\n\u010d. 231\/2001 Sb., o provozov\u00e1n\u00ed rozhlasov\u00e9ho a televizn\u00edho vys\u00edl\u00e1n\u00ed a o zm\u011bn\u011b dal\u0161\u00edch z\u00e1kon\u016f, v<br \/>\nplatn\u00e9m zn\u011bn\u00ed, upozor\u0148uje provozovatele \u010cESK\u00c1 TELEVIZE, I\u010c 00027383, s\u00eddlem Na h\u0159ebenech<br \/>\nII 1132\/4, Praha 4, PS\u010c 14700, na poru\u0161en\u00ed ustanoven\u00ed \u00a7 31 odst. 1 z\u00e1kona \u010d. 231\/2001 Sb.,<br \/>\nkter\u00e9ho se dopustil odvys\u00edl\u00e1n\u00edm report\u00e1\u017ee Istanbulsk\u00e1 \u00famluva v divadeln\u00ed h\u0159e dne 24. ledna 2024<br \/>\nv r\u00e1mci po\u0159adu Ud\u00e1losti od 19:00 hodin na programech \u010cT1 a \u010cT24. Za\u0159azen\u00edm report\u00e1\u017ee<br \/>\nbezprost\u0159edn\u011b po p\u0159\u00edsp\u011bvku informuj\u00edc\u00edm o projedn\u00e1v\u00e1n\u00ed ratifikace Istanbulsk\u00e9 \u00famluvy v Sen\u00e1tu<br \/>\nP\u010cR z\u00edskalo dan\u00e9 t\u00e9ma pom\u011brn\u011b jednozna\u010dn\u00e9 r\u00e1mov\u00e1n\u00ed, na jeho\u017e z\u00e1klad\u011b si div\u00e1k utv\u00e1\u0159\u00ed na t\u00e9ma<br \/>\nn\u00e1zor. A\u010dkoliv se report\u00e1\u017e \u00fasty report\u00e9rky nebo mluv\u010d\u00edch explicitn\u011b nevyjad\u0159uje pro p\u0159ijet\u00ed \u00famluvy,<br \/>\nzazn\u011bly v report\u00e1\u017ei argumenty v jej\u00ed prosp\u011bch, ani\u017e by byly vyv\u00e1\u017eeny oponentn\u00edm postojem. T\u00edm,<br \/>\n\u017ee tak byl zv\u00fdhodn\u011bn n\u00e1zor jedn\u00e9 skupiny ve\u0159ejnosti, do\u0161lo k poru\u0161en\u00ed povinnosti zajistit, aby ve<br \/>\nzpravodajsk\u00fdch a politicko-publicistick\u00fdch po\u0159adech bylo db\u00e1no z\u00e1sad objektivity a vyv\u00e1\u017eenosti.<br \/>\nRada stanovuje lh\u016ftu k n\u00e1prav\u011b 7 dn\u00ed ode dne doru\u010den\u00ed upozorn\u011bn\u00ed.<br \/>\n&#8211; Rada postupuje pod\u00e1n\u00ed \u010d.j. RRTV\/1402\/2024-vra \u010cesk\u00e9mu telekomunika\u010dn\u00edmu \u00fa\u0159adu.<br \/>\n&#8211; Rada pod\u00e1v\u00e1 Policii \u010cR podn\u011bt k pro\u0161et\u0159en\u00ed st\u00ed\u017enosti \u010d. j. RRTV\/1402\/2024-vra ve v\u011bci mo\u017en\u00e9ho<br \/>\ntrestn\u00e9ho jedn\u00e1n\u00ed, ke kter\u00e9mu m\u011blo doj\u00edt prost\u0159ednictv\u00edm \u0161\u00ed\u0159en\u00ed obchodn\u00edch sd\u011blen\u00ed v r\u00e1mci<br \/>\nplatformy YouTube p\u0159i propagaci mo\u017en\u00fdch podvodn\u00fdch investic.<br \/>\n&#8211; Rada se sezn\u00e1mila s anal\u00fdzou z\u00e1znamu vys\u00edl\u00e1n\u00ed programu OIK TV provozovatele OIK TV s. r. o.<br \/>\nze dn\u016f 3. &#8211; 4. prosince 2023.<br \/>\n&#8211; Rada v r\u00e1mci sv\u00e9 kompetence dan\u00e9 \u00a7 5 odst. 1 p\u00edsm. a) a f) z\u00e1kona \u010d. 231\/2001 Sb., o<br \/>\nprovozov\u00e1n\u00ed rozhlasov\u00e9ho a televizn\u00edho vys\u00edl\u00e1n\u00ed a o zm\u011bn\u011b dal\u0161\u00edch z\u00e1kon\u016f, v platn\u00e9m zn\u011bn\u00ed a v<br \/>\nsouladu s ustanoven\u00edm \u00a7 137 odst. 1 z\u00e1kona \u010d. 500\/2004 Sb., spr\u00e1vn\u00ed \u0159\u00e1d, \u017e\u00e1d\u00e1 provozovatele<br \/>\nOIK TV s. r. o., I\u010c: 25927281, s\u00eddlem: H\u00fdblova 543, \u010cesk\u00e1 T\u0159ebov\u00e1, PS\u010c 560 02, o pod\u00e1n\u00ed<br \/>\nvysv\u011btlen\u00ed, z jak\u00e9ho d\u016fvodu bylo na programu OIK TV ve smy\u010dce, odvys\u00edlan\u00e9 premi\u00e9rov\u011b dne<br \/>\n4. prosince 2023 v 18:00 hodin, odvys\u00edl\u00e1no ozn\u00e1men\u00ed o sponzorovi Invia \u010cesk\u00e1 T\u0159ebov\u00e1 p\u0159ed<br \/>\npo\u0159adem Na\u0161e m\u011bsto: \u010cesk\u00e1 T\u0159ebov\u00e1, kdy\u017e tento po\u0159ad jako zpravodajsk\u00fd nem\u016f\u017ee b\u00fdt dle \u00a7 53<br \/>\nodst. 6. z\u00e1kona \u010d. 231\/2001 Sb. sponzorov\u00e1n, a pro\u010d bylo ozn\u00e1men\u00ed o sponzorovi za\u0159azeno<br \/>\nv\u00fdhradn\u011b p\u0159ed po\u0159adem, nikoli v pr\u016fb\u011bhu po\u0159adu \u010di na jeho konci. Rada stanovuje lh\u016ftu k pod\u00e1n\u00ed<br \/>\nvysv\u011btlen\u00ed 30 dn\u00ed ode dne doru\u010den\u00ed t\u00e9to v\u00fdzvy.<br \/>\n&#8211; Rada se sezn\u00e1mila s anal\u00fdzou z\u00e1znamu vys\u00edl\u00e1n\u00ed programu Cartoonito MENA provozovatele<br \/>\nHBO Europe s.r.o. ze dne 4. prosince 2023, \u010dasov\u00e9ho \u00faseku od 12.00 do 24.00 hodin.<br \/>\n&#8211; Rada se sezn\u00e1mila s anal\u00fdzou z\u00e1znamu vys\u00edl\u00e1n\u00ed programu MTV Wallonia provozovatele<br \/>\nViacomCBS Networks International Czech s.r.o. ze dne 4. 12. 2023 od 12:00 do 24:00 hod.<br \/>\n&#8211; Rada se sezn\u00e1mila s anal\u00fdzou po\u0159adu Ordinace v r\u016f\u017eov\u00e9 zahrad\u011b 2 (689) odvys\u00edlan\u00e9ho dne<br \/>\n26. \u0159\u00edjna 2023 v 15:50 hod. na programu Nova International provozovatele TV Nova s.r.o.<br \/>\n&#8211; Rada se sezn\u00e1mila s v\u00fdsledky anal\u00fdzy obchodn\u00edch sd\u011blen\u00ed za m\u011bs\u00edc \u0159\u00edjen 2023.<br \/>\n&#8211; Rada informuje \u010ceskou inspekci \u017eivotn\u00edho prost\u0159ed\u00ed o v\u00fdskytu obchodn\u00edho sd\u011blen\u00ed, v jeho\u017e r\u00e1mci<br \/>\nje propagov\u00e1na koncentrovan\u00e1 chlad\u00edc\u00ed kapalina pod n\u00e1zvem FRIDEX, v televizn\u00edm vys\u00edl\u00e1n\u00ed.<br \/>\n&#8211; Rada se sezn\u00e1mila s podan\u00fdm vysv\u011btlen\u00edm provozovatele FTV Prima, spol. s r.o., I\u010c 48115908,<br \/>\ns\u00eddlem Vinohradsk\u00e1 3217\/167, Praha 10, PS\u010c 10000, z jak\u00e9ho d\u016fvodu v r\u00e1mci p\u0159edlo\u017een\u00e9ho<br \/>\nAk\u010dn\u00edho pl\u00e1nu zp\u0159\u00edstup\u0148ov\u00e1n\u00ed televizn\u00edch po\u0159ad\u016f pro osoby se sluchov\u00fdm posti\u017een\u00edm a osoby se<br \/>\nzrakov\u00fdm posti\u017een\u00edm na obdob\u00ed ode dne 1. \u010dervence 2023 do dne 30. \u010dervna 2025 pro programy<br \/>\nPrima, Prima +1, Prima COOL, Prima love, Prima ZOOM, Prima Max, Prima KRIMI, CNN PrimaNews,<\/p>\n<p>Prima STAR a Prima SHOW, uvedl souhrnn\u00e9 \u00fadaje t\u00fdkaj\u00edc\u00ed se z\u00e1vazk\u016f zp\u0159\u00edstupn\u011bn\u00ed po\u0159ad\u016f<br \/>\npro osoby se sluchov\u00fdm a osoby se zrakov\u00fdm posti\u017een\u00edm, p\u0159esto\u017ee ustanoven\u00ed \u00a7 16 odst. 7 z\u00e1kona<br \/>\n\u010d. 242\/2022 Sb., o slu\u017eb\u00e1ch platforem pro sd\u00edlen\u00ed videonahr\u00e1vek, explicitn\u011b stanovuje, \u017ee<br \/>\nprovozovatel Ak\u010dn\u00ed pl\u00e1n na zkr\u00e1cen\u00e9 hodnocen\u00e9 obdob\u00ed zpracuje v \u010dlen\u011bn\u00ed podle jednotliv\u00fdch<br \/>\nprogram\u016f.<br \/>\n&#8211; Rada \u017e\u00e1d\u00e1 Asociaci organizac\u00ed nesly\u0161\u00edc\u00edch, nedosl\u00fdchav\u00fdch a jejich p\u0159\u00e1tel, z. s. (ASNEP) a<br \/>\nSjednocenou organizaci nevidom\u00fdch a slabozrak\u00fdch \u010cesk\u00e9 republiky, zapsan\u00fd spolek (SONS) o<br \/>\nvyj\u00e1d\u0159en\u00ed k Ak\u010dn\u00edmu pl\u00e1nu zp\u0159\u00edstup\u0148ov\u00e1n\u00ed televizn\u00edch po\u0159ad\u016f pro osoby se sluchov\u00fdm posti\u017een\u00edm<br \/>\na osoby se zrakov\u00fdm posti\u017een\u00edm na obdob\u00ed ode dne 1. \u010dervence 2023 do dne 30. \u010dervna 2025 pro<br \/>\nprogramy Prima, Prima +1, Prima COOL, Prima love, Prima ZOOM, Prima Max, Prima KRIMI, CNN<br \/>\nPrima News, Prima STAR a Prima SHOW, kter\u00fd provozovatel FTV Prima, spol. s r.o., p\u0159edlo\u017eil<br \/>\nRad\u011b dne 10. ledna 2024.<br \/>\n&#8211; Rada se sezn\u00e1mila s podan\u00fdm vysv\u011btlen\u00edm FTV Prima, spol. s r.o., I\u010c 48115908, s\u00eddlem<br \/>\nVinohradsk\u00e1 3217\/167, Praha 10, PS\u010c 10000, z jak\u00e9ho d\u016fvodu na p\u00edsemnou v\u00fdzvu Rady<br \/>\nnep\u0159edlo\u017eil Zav\u00e1d\u011bc\u00ed pl\u00e1n zp\u0159\u00edstup\u0148ov\u00e1n\u00ed televizn\u00edch po\u0159ad\u016f pro osoby se sluchov\u00fdm posti\u017een\u00edm<br \/>\na osoby se zrakov\u00fdm posti\u017een\u00edm na obdob\u00ed ode dne 1. \u010dervence 2023 do dne 30. \u010dervna 2025,<br \/>\npro program Prima plus, jak ukl\u00e1d\u00e1 ustanoven\u00ed \u00a7 16 odst. 10 z\u00e1kona \u010d. 242\/2022 Sb., o slu\u017eb\u00e1ch<br \/>\nplatforem pro sd\u00edlen\u00ed videonahr\u00e1vek.<br \/>\n&#8211; Rada \u017e\u00e1d\u00e1 Asociaci organizac\u00ed nesly\u0161\u00edc\u00edch, nedosl\u00fdchav\u00fdch a jejich p\u0159\u00e1tel, z. s. (ASNEP) a<br \/>\nSjednocenou organizaci nevidom\u00fdch a slabozrak\u00fdch \u010cesk\u00e9 republiky, zapsan\u00fd spolek (SONS) o<br \/>\nvyj\u00e1d\u0159en\u00ed k z\u00e1m\u011bru provozovatele FTV Prima, spol. s r.o., nezp\u0159\u00edstup\u0148ovat program Prima plus pro<br \/>\nosoby se sluchov\u00fdm posti\u017een\u00edm a osoby se zrakov\u00fdm posti\u017een\u00edm v obdob\u00ed ode dne 1. \u010dervence<br \/>\n2023 do dne 30. \u010dervna 2025.<br \/>\n&#8211; Rada se sezn\u00e1mila s podan\u00fdm vysv\u011btlen\u00edm provozovatele TV Nova s.r.o., I\u010c 45800456, s\u00eddlem<br \/>\nK\u0159\u00ed\u017eeneck\u00e9ho n\u00e1m\u011bst\u00ed 1078\/5a, Praha 5, PS\u010c 15200, z jak\u00e9ho d\u016fvodu v r\u00e1mci p\u0159edlo\u017een\u00e9ho<br \/>\nZav\u00e1d\u011bc\u00edho pl\u00e1nu zp\u0159\u00edstup\u0148ov\u00e1n\u00ed televizn\u00edch po\u0159ad\u016f pro osoby se sluchov\u00fdm posti\u017een\u00edm a osoby<br \/>\nse zrakov\u00fdm posti\u017een\u00edm na obdob\u00ed ode dne 1. \u010dervence 2023 do dne 30. \u010dervna 2025<br \/>\nnespecifikoval sv\u00e9 z\u00e1vazky ohledn\u011b zp\u0159\u00edstup\u0148ov\u00e1n\u00ed po\u0159ad\u016f osob\u00e1m se sluchov\u00fdm a osob\u00e1m se<br \/>\nzrakov\u00fdm posti\u017een\u00edm na programech Nova sport 1, Nova sport 2, Nova sport 3 a Nova sport 4.<br \/>\n&#8211; Rada \u017e\u00e1d\u00e1 Asociaci organizac\u00ed nesly\u0161\u00edc\u00edch, nedosl\u00fdchav\u00fdch a jejich p\u0159\u00e1tel, z. s. (ASNEP) a<br \/>\nSjednocenou organizaci nevidom\u00fdch a slabozrak\u00fdch \u010cesk\u00e9 republiky, zapsan\u00fd spolek (SONS) o<br \/>\nvyj\u00e1d\u0159en\u00ed k z\u00e1m\u011bru provozovatele TV Nova s.r.o., nezp\u0159\u00edstup\u0148ovat minim\u00e1ln\u011b v obdob\u00ed ode dne<br \/>\n1.\u010dervence 2023 do dne 30. \u010dervna 2024 programy Nova sport 1, Nova sport 2, Nova sport 3 a<br \/>\nNova sport 4 pro osoby se sluchov\u00fdm posti\u017een\u00edm a osoby se zrakov\u00fdm posti\u017een\u00edm.<br \/>\n&#8211; Rada se sezn\u00e1mila s podan\u00fdm vysv\u011btlen\u00edm provozovatele TV Nova s.r.o., I\u010c 45800456, s\u00eddlem<br \/>\nK\u0159\u00ed\u017eeneck\u00e9ho n\u00e1m\u011bst\u00ed 1078\/5a, Praha 5, PS\u010c 15200, z jak\u00e9ho d\u016fvodu v r\u00e1mci p\u0159edlo\u017een\u00e9ho<br \/>\nAk\u010dn\u00edho pl\u00e1nu zp\u0159\u00edstup\u0148ov\u00e1n\u00ed televizn\u00edch po\u0159ad\u016f pro osoby se sluchov\u00fdm posti\u017een\u00edm a osoby se<br \/>\nzrakov\u00fdm posti\u017een\u00edm na obdob\u00ed ode dne 1. \u010dervence 2023 do dne 30. \u010dervna 2025 pro programy<br \/>\nNOVA, Nova Cinema, Nova Action, Nova Fun, Nova Gold a Nova Lady, uvedl souhrnn\u00e9 \u00fadaje<br \/>\nt\u00fdkaj\u00edc\u00ed se z\u00e1vazk\u016f zp\u0159\u00edstupn\u011bn\u00ed po\u0159ad\u016f pro osoby se sluchov\u00fdm a osoby se zrakov\u00fdm posti\u017een\u00edm,<br \/>\np\u0159esto\u017ee ustanoven\u00ed \u00a7 16 odst. 7 z\u00e1kona \u010d. 242\/2022 Sb., o slu\u017eb\u00e1ch platforem pro sd\u00edlen\u00ed<br \/>\nvideonahr\u00e1vek, explicitn\u011b stanovuje, \u017ee provozovatel Ak\u010dn\u00ed pl\u00e1n na zkr\u00e1cen\u00e9 hodnocen\u00e9 obdob\u00ed<br \/>\nzpracuje v \u010dlen\u011bn\u00ed podle jednotliv\u00fdch program\u016f.<br \/>\n&#8211; Rada \u017e\u00e1d\u00e1 Asociaci organizac\u00ed nesly\u0161\u00edc\u00edch, nedosl\u00fdchav\u00fdch a jejich p\u0159\u00e1tel, z. s. (ASNEP) a<br \/>\nSjednocenou organizaci nevidom\u00fdch a slabozrak\u00fdch \u010cesk\u00e9 republiky, zapsan\u00fd spolek (SONS) o<br \/>\nvyj\u00e1d\u0159en\u00ed k Ak\u010dn\u00edmu pl\u00e1nu zp\u0159\u00edstup\u0148ov\u00e1n\u00ed televizn\u00edch po\u0159ad\u016f pro osoby se sluchov\u00fdm posti\u017een\u00edm<br \/>\na osoby se zrakov\u00fdm posti\u017een\u00edm na obdob\u00ed ode dne 1. \u010dervence 2023 do dne 30. \u010dervna 2025 pro<br \/>\nprogramy NOVA, Nova Cinema, Nova Action, Nova Fun, Nova Gold a Nova Lady, kter\u00fd<br \/>\nprovozovatel TV Nova s.r.o., p\u0159edlo\u017eil Rad\u011b dne 13. prosince 2023.-<\/p>\n<p>Rada se sezn\u00e1mila s podan\u00fdm vysv\u011btlen\u00edm provozovatele FTV Prima spol. s r. o., na z\u00e1klad\u011b<br \/>\njak\u00fdch smluvn\u00edch ujedn\u00e1n\u00ed nebo jin\u00fdch dohod byl rozhovor s marketingov\u00fdm \u0159editelem spole\u010dnosti<br \/>\nCeWe Color, a.s., Milo\u0161em Z\u00e1me\u010dn\u00edkem (p\u0159\u00edsp\u011bvek Vzpom\u00ednky na jednom m\u00edst\u011b), za\u0159azen jako<br \/>\nsou\u010d\u00e1st po\u0159adu Nov\u00fd den, dne 11. z\u00e1\u0159\u00ed 2023 od 07:00 hodin na programu Prima.<br \/>\n&#8211; Rada coby \u00fast\u0159edn\u00ed spr\u00e1vn\u00ed \u00fa\u0159ad v r\u00e1mci sv\u00e9 kompetence dan\u00e9 ustanoven\u00edm \u00a7 5 odst. 1 p\u00edsm.<br \/>\na) z\u00e1kona \u010d. 231\/2001 Sb., o provozov\u00e1n\u00ed rozhlasov\u00e9ho a televizn\u00edho vys\u00edl\u00e1n\u00ed a o zm\u011bn\u011b dal\u0161\u00edch<br \/>\nz\u00e1kon\u016f, rozhodla v souladu s ustanoven\u00edm \u00a7 76 odst. 1 p\u00edsm. a) z\u00e1kona \u010d. 250\/2016 Sb., o<br \/>\nodpov\u011bdnosti za p\u0159estupky a \u0159\u00edzen\u00ed o nich, v platn\u00e9m zn\u011bn\u00ed, ve v\u011bci mo\u017en\u00e9ho p\u0159estupku<br \/>\nsp\u00e1chan\u00e9ho odvys\u00edl\u00e1n\u00edm po\u0159adu Nov\u00fd den, dne 11. z\u00e1\u0159\u00ed 2023 od 07:00 hodin na programu Prima,<br \/>\n\u017ee v\u011bc odkl\u00e1d\u00e1.<br \/>\n&#8211; Rada se sezn\u00e1mila s podan\u00fdm vysv\u011btlen\u00edm provozovatele TV Nova s.r.o., jak\u00e9 povahy byl<br \/>\nsponzorsk\u00fd vzkaz spole\u010dnosti Betano odvys\u00edlan\u00fd na programu Nova Fun dne 24. \u0159\u00edjna 2023 v \u010dase<br \/>\nod 18:22:16 do 18:22:26 hodin.<br \/>\n&#8211; Rada se sezn\u00e1mila s podan\u00fdm vysv\u011btlen\u00edm provozovatele O2 Czech Republic a. s., z jak\u00e9ho<br \/>\nd\u016fvodu je na webu jako provozovatel programu O2 Info uvedena spole\u010dnost O2 Family, s.r.o., kdy\u017e<br \/>\nse jej\u00edm pr\u00e1vn\u00edm n\u00e1stupcem po f\u00fazi stala O2 Czech Republic, a.s., a d\u00e1le z jak\u00e9ho d\u016fvodu nejsou<br \/>\nna jeho webu v souvislosti s provozovatelem programu O2 Info uvedeny \u00fadaje umo\u017e\u0148uj\u00edc\u00ed rychl\u00e9,<br \/>\np\u0159\u00edm\u00e9 a \u00fa\u010dinn\u00e9 nav\u00e1z\u00e1n\u00ed kontaktu s provozovatelem televizn\u00edho vys\u00edl\u00e1n\u00ed, tak, jak ukl\u00e1d\u00e1 ustanoven\u00ed<br \/>\n\u00a7 32 odst. 9 p\u00edsm. b) z\u00e1kona \u010d. 231\/2001 Sb..<br \/>\n&#8211; Rada se sezn\u00e1mila s podan\u00fdm vysv\u011btlen\u00edm provozovatele KATRO SERVIS, spol. s r.o., ohledn\u011b<br \/>\nnejasnost\u00ed t\u00fdkaj\u00edc\u00edch se ozna\u010den\u00ed televizn\u00edch program\u016f Info-kan\u00e1l Bene\u0161ov u Semil a Info-kan\u00e1l<br \/>\nRokytnice nad Jizerou a nesrovnalost\u00ed t\u00fdkaj\u00edc\u00edch se smy\u010dek textov\u00e9ho zpravodajstv\u00ed program\u016f<br \/>\nInfo-kan\u00e1l H\u00e1j ve Slezsku, Info-kan\u00e1l Rokytnice nad Jizerou a TRIONET INFOKAN\u00c1L.<br \/>\n&#8211; Rada se sezn\u00e1mila s reakc\u00ed provozovatele KATRO SERVIS, spol. s r.o., na ulo\u017een\u00e9 upozorn\u011bn\u00ed<br \/>\nna poru\u0161en\u00ed licen\u010dn\u00edch podm\u00ednek licence ze dne 19. b\u0159ezna 2002, \u010d. j. Ru\/80\/02\/1082, ve zn\u011bn\u00ed<br \/>\npozd\u011bj\u0161\u00edch zm\u011bn, oprav\u0148uj\u00edc\u00ed k vys\u00edl\u00e1n\u00ed infokan\u00e1l\u016f, kter\u00e9ho se dopustil t\u00edm, \u017ee ve dnech 4.-5.<br \/>\n\u010dervna 2023 odvys\u00edlal na programu Info-kan\u00e1l Bat\u0148ovice smy\u010dku o d\u00e9lce cca 9:32 minut, a\u010dkoli<br \/>\npodle platn\u00e9ho zn\u011bn\u00ed licen\u010dn\u00edch podm\u00ednek m\u00e1 smy\u010dka textov\u00e9ho zpravodajstv\u00ed trvat 30 minut,<br \/>\np\u0159i\u010dem\u017e tato smy\u010dka nebyla dopln\u011bna o obrazov\u00e9 zpravodajstv\u00ed, kter\u00e9 m\u00e1 b\u00fdt dle licence do<br \/>\nvys\u00edl\u00e1n\u00ed za\u0159azov\u00e1no v rozsahu 60 minut dvakr\u00e1t denn\u011b.<br \/>\n&#8211; Rada se sezn\u00e1mila s reakc\u00ed provozovatele KATRO SERVIS, spol. s r.o., na ulo\u017een\u00e9 upozorn\u011bn\u00ed<br \/>\nna poru\u0161en\u00ed licen\u010dn\u00edch podm\u00ednek licence ze dne 19. b\u0159ezna 2002, \u010d. j. Ru\/80\/02\/1082, ve zn\u011bn\u00ed<br \/>\npozd\u011bj\u0161\u00edch zm\u011bn, oprav\u0148uj\u00edc\u00ed k vys\u00edl\u00e1n\u00ed infokan\u00e1l\u016f, kter\u00e9ho se dopustil t\u00edm, \u017ee z\u00fa\u017eil rozsah vys\u00edl\u00e1n\u00ed<br \/>\no programy Info-kan\u00e1l v m\u011bstsk\u00e9 \u010d\u00e1sti SIDONIE, Info-kan\u00e1l Mlad\u00e9 Buky a Info-kan\u00e1l Ko\u0159enov, ani\u017e<br \/>\nby po\u017e\u00e1dal Radu o p\u0159edchoz\u00ed souhlas se zm\u011bnou licen\u010dn\u00edch podm\u00ednek.<br \/>\n&#8211; Rada se sezn\u00e1mila s reakc\u00ed provozovatele KATRO SERVIS, spol. s r.o., na ulo\u017een\u00e9 upozorn\u011bn\u00ed<br \/>\nna poru\u0161en\u00ed ustanoven\u00ed \u00a7 32 odst. 1 p\u00edsm. n) z\u00e1kona \u010d. 231\/2001 Sb., kter\u00e9ho se dopustil t\u00edm, \u017ee<br \/>\nna programu Info-kan\u00e1l Bat\u0148ovice ve dnech 4.-5. \u010dervna 2023 v \u010dasov\u00e9m \u00faseku 00:00-24:00 hodin<br \/>\nneuv\u00e1d\u011bl ozna\u010den\u00ed televizn\u00edho programu (logo).<br \/>\n&#8211; Rada se sezn\u00e1mila s rozsudkem M\u011bstsk\u00e9ho soudu v Praze ze dne 25. ledna 2024, \u010d. j. 10 A<br \/>\n136\/2023, kter\u00fdm bylo zru\u0161eno rozhodnut\u00ed Rady ze dne 8. srpna 2023, \u010d. j. RRTV\/10279\/2023-<br \/>\nbeh, sp. zn. RRTV\/2023\/274\/beh, a rozhodnut\u00ed Rady ze dne 8. srpna 2023, \u010d. j. RRTV\/10266\/2023-<br \/>\nbeh, sp. zn. RRTV\/2022\/1386\/beh.<br \/>\n&#8211; Rada souhlas\u00ed s pod\u00e1n\u00edm kasa\u010dn\u00ed st\u00ed\u017enosti proti rozsudku M\u011bstsk\u00e9ho soudu v Praze ze dne<br \/>\n25. ledna 2024, \u010d. j. 10 A 136\/2023, kter\u00fdm bylo zru\u0161eno rozhodnut\u00ed Rady ze dne 8. srpna 2023,<br \/>\n\u010d. j. RRTV\/10279\/2023-beh, sp. zn. RRTV\/2023\/274\/beh, a rozhodnut\u00ed Rady ze dne 8. srpna 2023,<br \/>\n\u010d. j. RRTV\/10266\/2023-beh, sp. zn. RRTV\/2022\/1386\/beh.- Rada se sezn\u00e1mila se sd\u011blen\u00edm<\/p>\n<p>Asociace komer\u010dn\u00edch televiz\u00ed, z.s. (\u201eAKTV\u201c), s\u00eddlem<br \/>\nVinohradsk\u00e1 3217\/167, Stra\u0161nice, PS\u010c 100 00, Praha 10, je\u017e je reakc\u00ed na za\u0159azen\u00ed do seznamu<br \/>\nspolupracuj\u00edc\u00edch samoregula\u010dn\u00edch org\u00e1n\u016f dle ustanoven\u00ed \u00a7 5 p\u00edsm. w) z\u00e1kona \u010d. 231\/2001 Sb., o<br \/>\nprovozov\u00e1n\u00ed rozhlasov\u00e9ho a televizn\u00edho vys\u00edl\u00e1n\u00ed, a rovn\u011b\u017e s opraven\u00fdm zn\u011bn\u00edm etick\u00e9ho kodexu.<br \/>\n&#8211; Rada v r\u00e1mci \u0159\u00edzen\u00ed o p\u0159estupku veden\u00e9m pod sp. zn. RRTV\/2023\/1265\/lem provedla d\u016fkaz<br \/>\nzhl\u00e9dnut\u00edm z\u00e1znamu reklamn\u00edho spotu s motivem HOT PEPPERS Prague odvys\u00edlan\u00e9ho dne<br \/>\n12. listopadu 2023 v \u010dase od 17:20 hodin na programu NOVA<br \/>\n&#8211; Rada v r\u00e1mci \u0159\u00edzen\u00ed o p\u0159estupku sp. zn. RRTV\/2022\/1328\/ale provedla d\u016fkaz zhl\u00e9dnut\u00edm<br \/>\nz\u00e1znamu reklamy, respektive teleshoppingu Klenot TV vys\u00edlan\u00e9ho dne 26. srpna 2022 od 9:07<br \/>\nhodin na programu Televize Barrandov.<br \/>\nAUDIOVIZU\u00c1LN\u00cd MEDI\u00c1LN\u00cd SLU\u017dBY NA VY\u017d\u00c1D\u00c1N\u00cd A SLU\u017dBY PLATFOREM PRO SD\u00cdLEN\u00cd<br \/>\nVIDEONAHR\u00c1VEK<br \/>\n&#8211; Rada v r\u00e1mci sv\u00e9 p\u016fsobnosti dan\u00e9 ustanoven\u00edm \u00a7 5 p\u00edsm. d) z\u00e1kona \u010d. 242\/2022 Sb., o slu\u017eb\u00e1ch<br \/>\nplatforem pro sd\u00edlen\u00ed videonahr\u00e1vek; \u00a7 7 p\u00edsm. a) z\u00e1kona \u010d. 40\/1995 Sb., o regulaci reklamy,<br \/>\nsd\u011bluje, \u017ee Celn\u00ed \u00fa\u0159ad pro hlavn\u00ed m\u011bsto Prahu (d\u00e1le jen \u201eceln\u00ed \u00fa\u0159ad\u201c) jako\u017eto org\u00e1n v\u011bcn\u011b a m\u00edstn\u011b<br \/>\nnep\u0159\u00edslu\u0161n\u00fd p\u0159edal podle \u00a7 64 odst. 2 a odst. 3 z\u00e1kona \u010d. 250\/2016 Sb., o odpov\u011bdnosti za<br \/>\np\u0159estupky a \u0159\u00edzen\u00ed o nich (d\u00e1le jen \u201ez\u00e1kon o odpov\u011bdnosti za p\u0159estupky\u201c), Rad\u011b pro rozhlasov\u00e9 a<br \/>\ntelevizn\u00ed vys\u00edl\u00e1n\u00ed, \u0160kr\u00e9tova 44\/6,12000 Praha 2 &#8211; Vinohrady (d\u00e1le jen \u201eRada\u201c) osm p\u0159estupk\u016f<br \/>\nsp\u00e1chan\u00fdch podle \u00a7 8a odst. 1 p\u00edsm. o) a odst. 3 p\u00edsm. j) z\u00e1kona \u010d. 40\/1995 Sb., o regulaci reklamy,<br \/>\n\u00fa\u010dinn\u00fdch v obdob\u00ed od 28.4.2018 do 17.11.2019 rozhodn\u00e9m pro projedn\u00e1n\u00ed jednotliv\u00fdch<br \/>\np\u0159edm\u011btn\u00fdch p\u0159estupk\u016f (d\u00e1le jen \u201ez\u00e1kon o regulaci reklamy\u201c), kter\u00fdch se m\u011bla dopustit fyzick\u00e1<br \/>\nosoba podnikaj\u00edc\u00ed na z\u00e1klad\u011b \u017eivnostensk\u00e9ho nebo jin\u00e9ho z\u00e1kona D. S., I\u010c 02798468 (d\u00e1le jen<br \/>\n\u201eobvin\u011bn\u00fd\u201c), zastupovan\u00e1 na z\u00e1klad\u011b pln\u00e9 moci fyzickou osobou XXX, (d\u00e1le jen \u201ez\u00e1stupce\u201c) t\u00edm, \u017ee<br \/>\nv rozporu s ustanoven\u00edm \u00a7 2 odst. 1 p\u00edsm. f) z\u00e1kona o regulaci reklamy ve spojen\u00ed s ustanoven\u00edmi<br \/>\n\u00a7 1 odst. 2, odst. 6 a odst. 7 z\u00e1kona o regulaci reklamy zpracovala zak\u00e1zanou reklamu propaguj\u00edc\u00ed<br \/>\nhazardn\u00ed hry provozovan\u00e9 v \u010cesk\u00e9 republice bez z\u00e1kladn\u00edho povolen\u00ed vydan\u00e9ho Ministerstvem<br \/>\nfinanc\u00ed (d\u00e1le jen \u201eMF\u201c) podle z\u00e1kona \u010d. 186\/2016 Sb., o hazardn\u00edch hr\u00e1ch, ve zn\u011bn\u00ed pozd\u011bj\u0161\u00edch<br \/>\np\u0159edpis\u016f (d\u00e1le jen \u201ez\u00e1kon o hazardn\u00edch hr\u00e1ch\u201c), kterou n\u00e1sledn\u011b prost\u0159ednictv\u00edm u\u017eivatelsk\u00e9ho<br \/>\n\u00fa\u010dtu (kan\u00e1lu) nazvan\u00e9m TVTwixx z\u0159\u00edzen\u00e9m na platform\u011b pro sd\u00edlen\u00ed videonahr\u00e1vek YouTube<br \/>\n(www.youtube.com) ve\u0159ejn\u011b d\u00e1lkov\u011b p\u0159\u00edstupn\u00e9m na elektronick\u00e9 adrese<br \/>\nwww.youtube.com\/user\/TVTwixx \u010di www.youtube.com\/TVTwixx (d\u00e1le jen \u201ekan\u00e1l TVTwixx&#8220;) \u0161\u00ed\u0159ila.<br \/>\nSpr\u00e1vn\u00ed \u0159\u00edzen\u00ed v p\u0159edm\u011btn\u00e9 v\u011bci bude nad\u00e1le vedeno pod spis. zn. RRTV\/2024\/316\/had.<br \/>\n&#8211; Rada v r\u00e1mci sv\u00e9 p\u016fsobnosti dan\u00e9 ustanoven\u00edm \u00a7 5 p\u00edsm. d) z\u00e1kona \u010d. 242\/2022 Sb., o slu\u017eb\u00e1ch<br \/>\nplatforem pro sd\u00edlen\u00ed videonahr\u00e1vek; \u00a7 7 p\u00edsm. a) z\u00e1kona \u010d. 40\/1995 Sb., o regulaci reklamy, a na<br \/>\nz\u00e1klad\u011b ustanoven\u00ed \u00a7 64 odst. 1 p\u00edsm. e) a \u00a7 57 odst. 1 p\u00edsm. a) z\u00e1kona \u010d. 500\/2004 Sb., spr\u00e1vn\u00ed<br \/>\n\u0159\u00e1d, rozhodla dne 20. \u00fanora 2024 vydat n\u00e1sleduj\u00edc\u00ed usnesen\u00ed: Spr\u00e1vn\u00ed \u0159\u00edzen\u00ed, spis. zn.<br \/>\nRRTV\/2024\/316\/had, veden\u00e9 s D. S., dat. nar., (d\u00e1le jen \u201eobvin\u011bn\u00fd\u201c), zastoupen\u00fdm na z\u00e1klad\u011b<br \/>\npln\u00e9 moci fyzickou osobou XXX, dat. nar. XXX, (d\u00e1le jen \u201ez\u00e1stupce\u201c); se p\u0159eru\u0161uje do doby<br \/>\nskon\u010den\u00ed \u0159\u00edzen\u00ed o p\u0159edb\u011b\u017en\u00e9 ot\u00e1zce, kterou je kompeten\u010dn\u00ed \u017ealoba posuzuj\u00edc\u00ed pravomoc Rady v<br \/>\np\u0159edm\u011btn\u00e9 v\u011bci.<br \/>\n&#8211; Rada se sezn\u00e1mila s podan\u00fdm vysv\u011btlen\u00edm poskytovatele audiovizu\u00e1ln\u00edch medi\u00e1ln\u00edch slu\u017eeb na<br \/>\nvy\u017e\u00e1d\u00e1n\u00ed Autosalon a Prima+, spole\u010dnosti FTV Prima, spol. s r.o., I\u010c 48115908, s\u00eddlem<br \/>\nVinohradsk\u00e1 3217\/167, Praha 10, PS\u010c 10000, z jak\u00e9ho d\u016fvodu v r\u00e1mci p\u0159edlo\u017een\u00e9ho Ak\u010dn\u00edho<br \/>\npl\u00e1nu zp\u0159\u00edstup\u0148ov\u00e1n\u00ed nab\u00edzen\u00fdch po\u0159ad\u016f pro osoby se sluchov\u00fdm posti\u017een\u00edm a osoby se zrakov\u00fdm<br \/>\nposti\u017een\u00edm na obdob\u00ed ode dne 1. \u010dervence 2023 do dne 30. \u010dervna 2025 nen\u00ed uveden konkr\u00e9tn\u00ed<br \/>\nminim\u00e1ln\u00ed z\u00e1vazek zp\u0159\u00edstupn\u011bn\u00ed k jednotliv\u00fdm slu\u017eb\u00e1m na sledovan\u00e1 ro\u010dn\u00ed obdob\u00ed,<\/p>\n<p>z nich\u017e by bylo mo\u017en\u00e9 dovozovat navy\u0161ov\u00e1n\u00ed celkov\u00e9ho pod\u00edlu zp\u0159\u00edstupn\u011bn\u00fdch po\u0159ad\u016f v \u010dase, a sou\u010dasn\u011b s<br \/>\nvysv\u011btlen\u00edm, zda byl Ak\u010dn\u00ed pl\u00e1n schv\u00e1len zastupuj\u00edc\u00ed organizac\u00ed SONS.<br \/>\n&#8211; Rada \u017e\u00e1d\u00e1 Asociaci organizac\u00ed nesly\u0161\u00edc\u00edch, nedosl\u00fdchav\u00fdch a jejich p\u0159\u00e1tel, z. s. (ASNEP) a<br \/>\nSjednocenou organizaci nevidom\u00fdch a slabozrak\u00fdch \u010cesk\u00e9 republiky, zapsan\u00fd spolek (SONS) o<br \/>\nvyj\u00e1d\u0159en\u00ed k podan\u00e9mu vysv\u011btlen\u00ed poskytovatele audiovizu\u00e1ln\u00edch medi\u00e1ln\u00edch slu\u017eeb na vy\u017e\u00e1d\u00e1n\u00ed<br \/>\nAutosalon a Prima+, spole\u010dnosti FTV Prima, spol. s r.o., v souvislosti s Ak\u010dn\u00edm pl\u00e1nem<br \/>\nzp\u0159\u00edstup\u0148ov\u00e1n\u00ed nab\u00edzen\u00fdch po\u0159ad\u016f pro osoby se sluchov\u00fdm posti\u017een\u00edm a osoby se zrakov\u00fdm<br \/>\nposti\u017een\u00edm na obdob\u00ed ode dne 1. \u010dervence 2023 do dne 30. \u010dervna 2025, kter\u00fd neobsahuje \u017e\u00e1dn\u00fd<br \/>\nkonkr\u00e9tn\u00ed minim\u00e1ln\u00ed z\u00e1vazek zp\u0159\u00edstupn\u011bn\u00ed k jednotliv\u00fdm slu\u017eb\u00e1m na sledovan\u00e1 ro\u010dn\u00ed obdob\u00ed.<br \/>\n&#8211; Rada se sezn\u00e1mila s podan\u00fdm vysv\u011btlen\u00edm poskytovatele audiovizu\u00e1ln\u00ed medi\u00e1ln\u00ed slu\u017eby na<br \/>\nvy\u017e\u00e1d\u00e1n\u00ed nova.cz, um\u00edst\u011bn\u00e9 na internetov\u00e9 adrese nova.cz, spole\u010dnosti TV Nova s.r.o., I\u010c<br \/>\n458 00 456, se s\u00eddlem K\u0159\u00ed\u017eeneck\u00e9ho n\u00e1m\u011bst\u00ed 1078\/5A, Praha, PS\u010c 152 00, z jak\u00e9ho d\u016fvodu v<br \/>\nr\u00e1mci p\u0159edlo\u017een\u00e9ho Ak\u010dn\u00edho pl\u00e1nu zp\u0159\u00edstup\u0148ov\u00e1n\u00ed nab\u00edzen\u00fdch po\u0159ad\u016f pro osoby se sluchov\u00fdm<br \/>\nposti\u017een\u00edm a osoby se zrakov\u00fdm posti\u017een\u00edm na obdob\u00ed ode dne 1. \u010dervence 2023 do dne<br \/>\n30. \u010dervna 2025 nen\u00ed uveden konkr\u00e9tn\u00ed minim\u00e1ln\u00ed z\u00e1vazek zp\u0159\u00edstupn\u011bn\u00ed slu\u017eby nova.cz pro osoby<br \/>\nse zrakov\u00fdm posti\u017een\u00edm na jednotliv\u00e1 sledovan\u00e1 ro\u010dn\u00ed obdob\u00ed, z n\u011bho\u017e by bylo mo\u017en\u00e9 dovozovat<br \/>\nnavy\u0161ov\u00e1n\u00ed celkov\u00e9ho pod\u00edlu zp\u0159\u00edstupn\u011bn\u00fdch po\u0159ad\u016f v \u010dase, respektive s vysv\u011btlen\u00edm, zda Ak\u010dn\u00ed<br \/>\npl\u00e1n byl schv\u00e1len zastupuj\u00edc\u00ed organizac\u00ed SONS.<br \/>\n&#8211; Rada \u017e\u00e1d\u00e1 Asociaci organizac\u00ed nesly\u0161\u00edc\u00edch, nedosl\u00fdchav\u00fdch a jejich p\u0159\u00e1tel, z. s. (ASNEP) a<br \/>\nSjednocenou organizaci nevidom\u00fdch a slabozrak\u00fdch \u010cesk\u00e9 republiky, zapsan\u00fd spolek (SONS) o<br \/>\nvyj\u00e1d\u0159en\u00ed k Ak\u010dn\u00edmu pl\u00e1nu zp\u0159\u00edstup\u0148ov\u00e1n\u00ed nab\u00edzen\u00fdch po\u0159ad\u016f pro osoby se sluchov\u00fdm posti\u017een\u00edm<br \/>\na osoby se zrakov\u00fdm posti\u017een\u00edm na obdob\u00ed ode dne 1. \u010dervence 2023 do dne 30. \u010dervna 2025 pro<br \/>\naudiovizu\u00e1ln\u00ed medi\u00e1ln\u00ed slu\u017ebu na vy\u017e\u00e1d\u00e1n\u00ed nova.cz, um\u00edst\u011bnou na internetov\u00e9 adrese nova.cz,<br \/>\nkter\u00fd poskytovatel TV Nova s.r.o., p\u0159edlo\u017eil Rad\u011b dne 13. prosince 2023.<br \/>\n&#8211; Rada se sezn\u00e1mila s podan\u00fdm vysv\u011btlen\u00edm poskytovatele \u010ceskoslovensk\u00e1 filmov\u00e1 spole\u010dnost,<br \/>\ns.r.o., z jak\u00e9ho d\u016fvodu na p\u00edsemnou v\u00fdzvu Rady nep\u0159edlo\u017eil Ak\u010dn\u00ed pl\u00e1n zp\u0159\u00edstup\u0148ov\u00e1n\u00ed nab\u00edzen\u00fdch<br \/>\npo\u0159ad\u016f pro osoby se sluchov\u00fdm posti\u017een\u00edm a osoby se zrakov\u00fdm posti\u017een\u00edm na obdob\u00ed ode dne<br \/>\n1. \u010dervence 2023 do dne 30. \u010dervna 2025.<br \/>\n&#8211; Rada se sezn\u00e1mila s Ak\u010dn\u00edm pl\u00e1nem zp\u0159\u00edstup\u0148ov\u00e1n\u00ed nab\u00edzen\u00fdch po\u0159ad\u016f pro osoby se<br \/>\nsluchov\u00fdm a pro osoby se zrakov\u00fdm posti\u017een\u00edm na obdob\u00ed ode dne 1. \u010dervence 2023 do dne<br \/>\n30. \u010dervna 2025 poskytovatele \u010ceskoslovensk\u00e1 filmov\u00e1 spole\u010dnost, s.r.o. pro audiovizu\u00e1ln\u00ed<br \/>\nmedi\u00e1ln\u00ed slu\u017ebu na vy\u017e\u00e1d\u00e1n\u00ed FILM POPULAR.<br \/>\n&#8211; Rada v r\u00e1mci sv\u00e9 kompetence dan\u00e9 ustanoven\u00edm \u00a7 4 odst. 1 a odst. 2 p\u00edsm. b) a ustanoven\u00edm<br \/>\n\u00a7 11 z\u00e1kona \u010d. 132\/2010 Sb., o audiovizu\u00e1ln\u00edch medi\u00e1ln\u00edch slu\u017eb\u00e1ch na vy\u017e\u00e1d\u00e1n\u00ed a o zm\u011bn\u011b<br \/>\nn\u011bkter\u00fdch z\u00e1kon\u016f (d\u00e1le jen z\u00e1kon \u010d. 132\/2010 Sb.), upozor\u0148uje poskytovatele \u010ceskoslovensk\u00e1<br \/>\nfilmov\u00e1 spole\u010dnost, s.r.o., I\u010c 271 68 425, se s\u00eddlem V\u00e1clavsk\u00e9 n\u00e1m\u011bst\u00ed 831\/21, Praha, PS\u010c 113 60,<br \/>\nna poru\u0161en\u00ed ustanoven\u00ed \u00a7 6b odst. 2 z\u00e1kona \u010d. 132\/2010 Sb., kter\u00e9ho se dopustil t\u00edm, \u017ee<br \/>\nneprojednal s organizacemi sdru\u017euj\u00edc\u00edmi osoby se sluchov\u00fdm posti\u017een\u00edm a osoby se zrakov\u00fdm<br \/>\nposti\u017een\u00edm Ak\u010dn\u00ed pl\u00e1n zp\u0159\u00edstup\u0148ov\u00e1n\u00ed nab\u00edzen\u00fdch po\u0159ad\u016f pro osoby se sluchov\u00fdm posti\u017een\u00edm a<br \/>\nosoby se zrakov\u00fdm posti\u017een\u00edm na obdob\u00ed ode dne 1. \u010dervence 2023 do dne 30. \u010dervna 2025.<br \/>\nRada stanovuje lh\u016ftu k n\u00e1prav\u011b 60 dn\u00ed ode dne doru\u010den\u00ed tohoto upozorn\u011bn\u00ed.<br \/>\n&#8211; Rada se sezn\u00e1mila s podan\u00fdm vysv\u011btlen\u00edm poskytovatele MAFRA, a.s., t\u00fdkaj\u00edc\u00edm se Ak\u010dn\u00edho<br \/>\npl\u00e1nu zp\u0159\u00edstup\u0148ov\u00e1n\u00ed nab\u00edzen\u00fdch po\u0159ad\u016f pro osoby se sluchov\u00fdm a pro osoby se zrakov\u00fdm<br \/>\nposti\u017een\u00edm na obdob\u00ed ode dne 1. \u010dervence 2023 do dne 30. \u010dervna 2025 pro audiovizu\u00e1ln\u00ed medi\u00e1ln\u00ed<br \/>\nslu\u017eby na vy\u017e\u00e1d\u00e1n\u00ed iDnes Kino a VIDEO iDNES.<br \/>\n&#8211; Rada \u017e\u00e1d\u00e1 Sjednocenou organizaci nevidom\u00fdch a slabozrak\u00fdch v \u010cR o vyj\u00e1d\u0159en\u00ed k Ak\u010dn\u00edmu<br \/>\npl\u00e1nu zp\u0159\u00edstup\u0148ov\u00e1n\u00ed nab\u00edzen\u00fdch po\u0159ad\u016f pro osoby se sluchov\u00fdm a pro osoby se zrakov\u00fdm<br \/>\nposti\u017een\u00edm na obdob\u00ed ode dne 1. \u010dervence 2023 do dne 30. \u010dervna 2025 poskytovatele<br \/>\naudiovizu\u00e1ln\u00edch medi\u00e1ln\u00edch slu\u017eeb na vy\u017e\u00e1d\u00e1n\u00ed iDnes Kino a VIDEO iDNES, MAFRA, a.s.-<\/p>\n<p>Rada se sezn\u00e1mila s podan\u00fdm vysv\u011btlen\u00edm poskytovatele Online Partners s.r.o. ve v\u011bci Ak\u010dn\u00edho<br \/>\npl\u00e1nu zp\u0159\u00edstup\u0148ov\u00e1n\u00ed nab\u00edzen\u00fdch po\u0159ad\u016f pro osoby se sluchov\u00fdm a pro osoby se zrakov\u00fdm<br \/>\nposti\u017een\u00edm na obdob\u00ed ode dne 1. \u010dervence 2023 do dne 30. \u010dervna 2025 v r\u00e1mci audiovizu\u00e1ln\u00ed<br \/>\nmedi\u00e1ln\u00ed slu\u017eby na vy\u017e\u00e1d\u00e1n\u00ed DVTV.<br \/>\n&#8211; Rada se sezn\u00e1mila s podan\u00fdm vysv\u011btlen\u00edm poskytovatele SATT a.s., z jak\u00e9ho d\u016fvodu na<br \/>\np\u00edsemnou v\u00fdzvu Rady nep\u0159edlo\u017eil Ak\u010dn\u00ed pl\u00e1n zp\u0159\u00edstup\u0148ov\u00e1n\u00ed nab\u00edzen\u00fdch po\u0159ad\u016f pro osoby se<br \/>\nsluchov\u00fdm posti\u017een\u00edm a osoby se zrakov\u00fdm posti\u017een\u00edm na obdob\u00ed ode dne 1. \u010dervence 2023 do<br \/>\ndne 30. \u010dervna 2025.<br \/>\n&#8211; Rada prodlu\u017euje poskytovateli audiovizu\u00e1ln\u00ed medi\u00e1ln\u00ed slu\u017eby na vy\u017e\u00e1d\u00e1n\u00ed, spole\u010dnosti SATT<br \/>\na.s., I\u010c 607 49 105, se s\u00eddlem Okru\u017en\u00ed 1889\/11, \u017d\u010f\u00e1r nad S\u00e1zavou, 591 01, lh\u016ftu k p\u0159edlo\u017een\u00ed<br \/>\nAk\u010dn\u00edho pl\u00e1nu zp\u0159\u00edstup\u0148ov\u00e1n\u00ed nab\u00edzen\u00fdch po\u0159ad\u016f pro osoby se sluchov\u00fdm posti\u017een\u00edm a osoby se<br \/>\nzrakov\u00fdm posti\u017een\u00edm na obdob\u00ed 1. \u010dervence 2023 a\u017e 30.\u010dervna 2025 pro audiovizu\u00e1ln\u00ed medi\u00e1ln\u00ed<br \/>\nslu\u017ebu na vy\u017e\u00e1d\u00e1n\u00ed Televize Vyso\u010dina do 31. kv\u011btna 2024.<br \/>\n&#8211; Rada se sezn\u00e1mila s podan\u00fdm vysv\u011btlen\u00edm poskytovatele Extra Online Media s.r.o., I\u010c<br \/>\n24316920, se s\u00eddlem Olbrachtova 2006\/9, PS\u010c 140 00, Praha 4 &#8211; Kr\u010d ve v\u011bci neposkytnut\u00ed Ak\u010dn\u00edho<br \/>\npl\u00e1nu zp\u0159\u00edstup\u0148ov\u00e1n\u00ed nab\u00edzen\u00fdch po\u0159ad\u016f pro osoby se sluchov\u00fdm posti\u017een\u00edm a osoby se zrakov\u00fdm<br \/>\nposti\u017een\u00edm na obdob\u00ed ode dne 1. \u010dervence 2023 do dne 30. \u010dervna 2025 pro slu\u017ebu<br \/>\nVIDEOPORT\u00c1L p\u0159\u00edstupnou na internetov\u00e9 adrese https:\/\/www.onetv.cz.<br \/>\n&#8211; Rada v r\u00e1mci sv\u00e9 p\u016fsobnosti dan\u00e9 ustanoven\u00edm \u00a7 4 odst. 1 z\u00e1kona \u010d. 132\/2010 Sb., o<br \/>\naudiovizu\u00e1ln\u00edch medi\u00e1ln\u00edch slu\u017eb\u00e1ch na vy\u017e\u00e1d\u00e1n\u00ed a o zm\u011bn\u011b dal\u0161\u00edch z\u00e1kon\u016f (d\u00e1le jen z\u00e1kon<br \/>\n\u010d. 132\/2010 Sb.), v platn\u00e9m zn\u011bn\u00ed, konstatuje, \u017ee slu\u017eba VIDEOPORT\u00c1L poskytovatele Extra<br \/>\nOnline Media s.r.o., I\u010c 24316920, se s\u00eddlem Olbrachtova 2006\/9, PS\u010c 140 00, Praha 4 &#8211; Kr\u010d,<br \/>\np\u0159\u00edstupn\u00e1 na internetov\u00e9 adrese https:\/\/www.onetv.cz, nenapl\u0148uje defini\u010dn\u00ed znaky audiovizu\u00e1ln\u00ed<br \/>\nmedi\u00e1ln\u00ed slu\u017eby na vy\u017e\u00e1d\u00e1n\u00ed, a prov\u00e1d\u00ed v\u00fdmaz poskytovatele Extra Online Media s.r.o., I\u010c<br \/>\n24316920, se s\u00eddlem Olbrachtova 2006\/9, PS\u010c 140 00, Praha 4 &#8211; Kr\u010d, ze Seznamu poskytovatel\u016f<br \/>\naudiovizu\u00e1ln\u00edch medi\u00e1ln\u00edch slu\u017eeb na vy\u017e\u00e1d\u00e1n\u00ed.<br \/>\n&#8211; Rada pro rozhlasov\u00e9 a televizn\u00ed vys\u00edl\u00e1n\u00ed se sezn\u00e1mila s anal\u00fdzou audiovizu\u00e1ln\u00ed medi\u00e1ln\u00ed slu\u017eby<br \/>\nna vy\u017e\u00e1d\u00e1n\u00ed TVS poskytovatele J.D.Production s.r.o., provozovan\u00e9 na webov\u00e9 adrese<br \/>\nwww.tvslovacko.cz.<br \/>\n&#8211; Rada se sezn\u00e1mila s posouzen\u00edm potenci\u00e1ln\u00ed audiovizu\u00e1ln\u00ed medi\u00e1ln\u00ed slu\u017eby na vy\u017e\u00e1d\u00e1n\u00ed Jen<br \/>\nporno, um\u00edst\u011bn\u00e9 na internetov\u00e9 adrese https:\/\/jenporno.cz\/, dle defini\u010dn\u00edch znak\u016f AVMSnV.<br \/>\n&#8211; Rada se sezn\u00e1mila se screeningem slu\u017eby bombuj.si dostupn\u00e9 na internetov\u00fdch str\u00e1nk\u00e1ch<br \/>\nwww.bombuj.si a seznala, \u017ee slu\u017eba nenapl\u0148uje defini\u010dn\u00ed znaky audiovizu\u00e1ln\u00ed medi\u00e1ln\u00ed slu\u017eby na<br \/>\nvy\u017e\u00e1d\u00e1n\u00ed (a tedy podm\u00ednky pro z\u00e1pis do Seznamu poskytovatel\u016f audiovizu\u00e1ln\u00edch medi\u00e1ln\u00edch<br \/>\nslu\u017eeb na vy\u017e\u00e1d\u00e1n\u00ed).<br \/>\n&#8211; Rada se sezn\u00e1mila se screeningem slu\u017eby Filmplanet dostupn\u00e9 na internetov\u00fdch str\u00e1nk\u00e1ch<br \/>\nwww2.filmplanet.to a seznala, \u017ee slu\u017eba nenapl\u0148uje defini\u010dn\u00ed znaky audiovizu\u00e1ln\u00ed medi\u00e1ln\u00ed slu\u017eby<br \/>\nna vy\u017e\u00e1d\u00e1n\u00ed (a tedy podm\u00ednky pro z\u00e1pis do Seznamu poskytovatel\u016f audiovizu\u00e1ln\u00edch medi\u00e1ln\u00edch<br \/>\nslu\u017eeb na vy\u017e\u00e1d\u00e1n\u00ed).<br \/>\n&#8211; Rada se sezn\u00e1mila se screeningem slu\u017eby edisk dostupn\u00e9 na internetov\u00fdch str\u00e1nk\u00e1ch<br \/>\nwww.edisk.cz a seznala, \u017ee slu\u017eba nenapl\u0148uje defini\u010dn\u00ed znaky slu\u017eby platformy pro sd\u00edlen\u00ed<br \/>\nvideonahr\u00e1vek ve smyslu z\u00e1kona \u010d. 242\/2022 Sb.<br \/>\n&#8211; Rada se sezn\u00e1mila s monitoringem slu\u017eby dostupn\u00e9 na adrese https:\/\/fastshare.cz.<br \/>\n&#8211; Rada v r\u00e1mci sv\u00e9 p\u016fsobnosti dan\u00e9 ustanoven\u00edm \u00a7 4 z\u00e1kona \u010d. 242\/2022 Sb., o slu\u017eb\u00e1ch<br \/>\nplatforem pro sd\u00edlen\u00ed videonahr\u00e1vek a o zm\u011bn\u011b n\u011bkter\u00fdch souvisej\u00edc\u00edch z\u00e1kon\u016f (d\u00e1le jen z\u00e1kon<br \/>\n\u010d. 242\/2022 Sb.), v platn\u00e9m zn\u011bn\u00ed, a na z\u00e1klad\u011b \u00a7 137 odst. 1 z\u00e1kona \u010d. 500\/2004 Sb., spr\u00e1vn\u00ed \u0159\u00e1d,<br \/>\n\u017e\u00e1d\u00e1 spole\u010dnost CloudNet s.r.o., I\u010c: 03557111 se s\u00eddlem Hole\u010dkova 789\/49, 150 00 Praha 5, o<br \/>\npod\u00e1n\u00ed vysv\u011btlen\u00ed, zda slu\u017ebu um\u00edst\u011bnou na internetov\u00e9 adrese https:\/\/fastshare.cz poskytuje<\/p>\n<p>jako\u017eto slu\u017ebu platformy pro sd\u00edlen\u00ed videonahr\u00e1vek ve smyslu z\u00e1kona \u010d. 242\/2022 Sb., o slu\u017eb\u00e1ch<br \/>\nplatforem pro sd\u00edlen\u00ed videonahr\u00e1vek, p\u0159\u00edp. z jak\u00e9ho d\u016fvodu Rad\u011b dosud poskytov\u00e1n\u00ed t\u00e9to slu\u017eby<br \/>\nneozn\u00e1mila. Rada stanovuje lh\u016ftu k pod\u00e1n\u00ed vysv\u011btlen\u00ed 30 dn\u00ed ode dne doru\u010den\u00ed v\u00fdzvy.<br \/>\n&#8211; Rada se sezn\u00e1mila se screeningem slu\u017eby FileFactory dostupn\u00e9 na internetov\u00fdch str\u00e1nk\u00e1ch<br \/>\nhttps:\/\/filefactory.com a seznala, \u017ee slu\u017eba nenapl\u0148uje defini\u010dn\u00ed znaky slu\u017eby platformy pro sd\u00edlen\u00ed<br \/>\nvideonahr\u00e1vek ve smyslu z\u00e1kona \u010d. 242\/2022 Sb.<br \/>\n&#8211; Rada se sezn\u00e1mila se screeningem slu\u017eby Pos\u00edlej.cz dostupn\u00e9 na internetov\u00fdch str\u00e1nk\u00e1ch<br \/>\nhttps:\/\/posilej.cz\/ a seznala, \u017ee slu\u017eba nenapl\u0148uje defini\u010dn\u00ed znaky slu\u017eby platforem pro sd\u00edlen\u00ed<br \/>\nvideonahr\u00e1vek ve smyslu z\u00e1kona \u010d. 242\/2022 Sb.<br \/>\n&#8211; Rada se sezn\u00e1mila se screeningem slu\u017eby Rapidgator dostupn\u00e9 na internetov\u00fdch str\u00e1nk\u00e1ch<br \/>\nwww.rapidgator.net a seznala, \u017ee slu\u017eba nenapl\u0148uje defini\u010dn\u00ed znaky slu\u017eby platformy pro sd\u00edlen\u00ed<br \/>\nvideonahr\u00e1vek ve smyslu z\u00e1kona \u010d. 242\/2022 Sb.<br \/>\n&#8211; Rada se sezn\u00e1mila se screeningem slu\u017eby Sd\u00edlej dostupn\u00e9 na internetov\u00fdch str\u00e1nk\u00e1ch<br \/>\nhttps:\/\/sd\u00edlej.cz a seznala, \u017ee slu\u017eba nenapl\u0148uje defini\u010dn\u00ed znaky slu\u017eby platformy pro sd\u00edlen\u00ed<br \/>\nvideonahr\u00e1vek ve smyslu z\u00e1kona \u010d. 242\/2022 Sb.<br \/>\n&#8211; Rada se sezn\u00e1mila se screeningem slu\u017eby Turbobit dostupn\u00e9 na internetov\u00fdch str\u00e1nk\u00e1ch<br \/>\nhttps:\/\/turbobit.me a seznala, \u017ee slu\u017eba nenapl\u0148uje defini\u010dn\u00ed znaky slu\u017eby platformy pro sd\u00edlen\u00ed<br \/>\nvideonahr\u00e1vek ve smyslu z\u00e1kona \u010d. 242\/2022 Sb.<br \/>\n&#8211; Rada pro rozhlasov\u00e9 a televizn\u00ed vys\u00edl\u00e1n\u00ed se sezn\u00e1mila s monitoringem slu\u017eby dostupn\u00e9 na<br \/>\nadrese https:\/\/webshare.cz.<br \/>\n&#8211; Rada v r\u00e1mci sv\u00e9 p\u016fsobnosti dan\u00e9 ustanoven\u00edm \u00a7 4 z\u00e1kona \u010d. 242\/2022 Sb., o slu\u017eb\u00e1ch<br \/>\nplatforem pro sd\u00edlen\u00ed videonahr\u00e1vek a o zm\u011bn\u011b n\u011bkter\u00fdch souvisej\u00edc\u00edch z\u00e1kon\u016f (d\u00e1le jen z\u00e1kon<br \/>\n\u010d. 242\/2022 Sb.), v platn\u00e9m zn\u011bn\u00ed, a na z\u00e1klad\u011b \u00a7 137 odst. 1 z\u00e1kona \u010d. 500\/2004 Sb., spr\u00e1vn\u00ed \u0159\u00e1d,<br \/>\n\u017e\u00e1d\u00e1 spole\u010dnost THINKSMART, s r.o., I\u010c 28985991, s\u00eddlem Tiska\u0159sk\u00e1 257\/10, 108 00, Praha 10 &#8211;<br \/>\nMale\u0161ice, o pod\u00e1n\u00ed vysv\u011btlen\u00ed, zda slu\u017ebu um\u00edst\u011bnou na internetov\u00e9 adrese https:\/\/webshare.cz<br \/>\nposkytuje jako\u017eto slu\u017ebu platformy pro sd\u00edlen\u00ed videonahr\u00e1vek ve smyslu z\u00e1kona \u010d. 242\/2022 Sb.,<br \/>\na pokud ano, z jak\u00e9ho d\u016fvodu Rad\u011b dosud poskytov\u00e1n\u00ed t\u00e9to slu\u017eby neozn\u00e1mila. Rada stanovuje<br \/>\nlh\u016ftu k pod\u00e1n\u00ed vysv\u011btlen\u00ed 30 dn\u00ed ode dne doru\u010den\u00ed v\u00fdzvy.<br \/>\n&#8211; Rada se sezn\u00e1mila s monitoringem slu\u017eby dostupn\u00e9 na adrese https:\/\/datoid.cz.<br \/>\n&#8211; Rada v r\u00e1mci sv\u00e9 p\u016fsobnosti dan\u00e9 ustanoven\u00edm \u00a7 4 z\u00e1kona \u010d. 242\/2022 Sb., o slu\u017eb\u00e1ch<br \/>\nplatforem pro sd\u00edlen\u00ed videonahr\u00e1vek a o zm\u011bn\u011b n\u011bkter\u00fdch souvisej\u00edc\u00edch z\u00e1kon\u016f (d\u00e1le jen z\u00e1kon<br \/>\n\u010d. 242\/2022 Sb.), v platn\u00e9m zn\u011bn\u00ed, a na z\u00e1klad\u011b \u00a7 137 odst. 1 z\u00e1kona \u010d. 500\/2004 Sb., spr\u00e1vn\u00ed \u0159\u00e1d,<br \/>\n\u017e\u00e1d\u00e1 spole\u010dnost Clausula rebus s.r.o., I\u010c 07838336, s\u00eddlem Dopravn\u00ed 500\/9, 104 00, Praha 10 &#8211;<br \/>\nUh\u0159\u00edn\u011bves, o pod\u00e1n\u00ed vysv\u011btlen\u00ed, zda slu\u017ebu um\u00edst\u011bnou na internetov\u00e9 adrese https:\/\/datoid.cz<br \/>\nposkytuje jako\u017eto slu\u017ebu platformy pro sd\u00edlen\u00ed videonahr\u00e1vek ve smyslu z\u00e1kona \u010d. 242\/2022 Sb.,<br \/>\na pokud ano, z jak\u00e9ho d\u016fvodu Rad\u011b dosud poskytov\u00e1n\u00ed t\u00e9to slu\u017eby neozn\u00e1mila. Rada stanovuje<br \/>\nlh\u016ftu k pod\u00e1n\u00ed vysv\u011btlen\u00ed 30 dn\u00ed ode dne doru\u010den\u00ed v\u00fdzvy.<br \/>\n&#8211; Rada v r\u00e1mci sv\u00e9 p\u016fsobnosti dan\u00e9 ustanoven\u00edm \u00a7 5 z\u00e1kona \u010d. 242\/2022 Sb., o slu\u017eb\u00e1ch<br \/>\nplatforem pro sd\u00edlen\u00ed videonahr\u00e1vek a o zm\u011bn\u011b n\u011bkter\u00fdch souvisej\u00edc\u00edch z\u00e1kon\u016f (d\u00e1le jen z\u00e1kon<br \/>\n\u010d. 242\/2022 Sb.), v platn\u00e9m zn\u011bn\u00ed, konstatuje, \u017ee slu\u017eba Zkouknito.cz poskytovatele Zkouknito<br \/>\ns.r.o. (v likvidaci), I\u010c 05876214, se s\u00eddlem B\u00edlinsk\u00e1 516\/4, PS\u010c 190 00, Praha 9 &#8211; Prosek, kter\u00e1<br \/>\nbyla dostupn\u00e1 na internetov\u00e9 adrese www.zkouknito.cz, ji\u017e nen\u00ed poskytov\u00e1na, a proto prov\u00e1d\u00ed<br \/>\nv\u00fdmaz poskytovatele Zkouknito s.r.o. (v likvidaci), I\u010c 05876214, se s\u00eddlem B\u00edlinsk\u00e1 516\/4, PS\u010c<br \/>\n190 00, Praha 9 &#8211; Prosek, ze Seznamu poskytovatel\u016f slu\u017eeb platforem pro sd\u00edlen\u00ed videonahr\u00e1vek.<br \/>\n&#8211; Rada v r\u00e1mci sv\u00e9 p\u016fsobnosti dan\u00e9 ustanoven\u00edm \u00a7 4 odst. 1 z\u00e1kona \u010d. 132\/2010 Sb., o<br \/>\naudiovizu\u00e1ln\u00edch medi\u00e1ln\u00edch slu\u017eb\u00e1ch na vy\u017e\u00e1d\u00e1n\u00ed a o zm\u011bn\u011b dal\u0161\u00edch z\u00e1kon\u016f (d\u00e1le jen z\u00e1kon<br \/>\n\u010d. 132\/2010 Sb.), v platn\u00e9m zn\u011bn\u00ed, konstatuje, \u017ee slu\u017eba TV Rebel poskytovatele Digital<br \/>\nBroadcasting s.r.o., I\u010c 26839407, se s\u00eddlem Stavebn\u00ed 992\/1, PS\u010c 708 00, Ostrava &#8211; Poruba, kter\u00e1<\/p>\n<p>byla dostupn\u00e1 na internetov\u00e9 adrese https:\/\/www.tvrebel.cz, ji\u017e nen\u00ed poskytov\u00e1na, a proto prov\u00e1d\u00ed<br \/>\nv\u00fdmaz poskytovatele Digital Broadcasting s.r.o., I\u010c 26839407, se s\u00eddlem Stavebn\u00ed 992\/1, PS\u010c<br \/>\n708 00, Ostrava &#8211; Poruba, ze Seznamu poskytovatel\u016f audiovizu\u00e1ln\u00edch medi\u00e1ln\u00edch slu\u017eeb na<br \/>\nvy\u017e\u00e1d\u00e1n\u00ed.<br \/>\nOSTATN\u00cd<br \/>\n&#8211; Rada se sezn\u00e1mila se stavem vymo\u017een\u00fdch pohled\u00e1vek p\u0159edan\u00fdch Celn\u00edmu \u00fa\u0159adu pro hlavn\u00ed<br \/>\nm\u011bsto Prahu.<\/p>\n<p>V Praze dne 22. 2. 2024<\/p>\n<p>Ing. arch. V\u00e1clav Mencl<br \/>\np\u0159edseda Rady pro rozhlasov\u00e9<br \/>\na televizn\u00ed vys\u00edl\u00e1n\u00ed<\/p>\n<p>kontakt: podatelna@rrtv.gov.cz<br \/>\n274 813 830&nbsp;<\/p>\n","protected":false},"excerpt":{"rendered":"<p>Rada pro rozhlasov\u00e9 a televizn\u00ed vys\u00edl\u00e1n\u00ed (d\u00e1le jen &#8222;Rada&#8220;) na sv\u00e9m 3. zased\u00e1n\u00ed projednala 70 bod\u016f programu. Vyhodnotila 28 st\u00ed\u017enost\u00ed div\u00e1k\u016f a poslucha\u010d\u016f, vydala p\u011bt upozorn\u011bn\u00ed na poru\u0161en\u00ed z\u00e1kona.<\/p>\n","protected":false},"author":9,"featured_media":0,"comment_status":"open","ping_status":"open","sticky":false,"template":"","format":"standard","meta":{"ngg_post_thumbnail":0,"footnotes":""},"categories":[11],"tags":[],"class_list":["post-14035","post","type-post","status-publish","format-standard","hentry","category-ozvena"],"_links":{"self":[{"href":"https:\/\/www.ladislavjakl.cz\/index.php?rest_route=\/wp\/v2\/posts\/14035","targetHints":{"allow":["GET"]}}],"collection":[{"href":"https:\/\/www.ladislavjakl.cz\/index.php?rest_route=\/wp\/v2\/posts"}],"about":[{"href":"https:\/\/www.ladislavjakl.cz\/index.php?rest_route=\/wp\/v2\/types\/post"}],"author":[{"embeddable":true,"href":"https:\/\/www.ladislavjakl.cz\/index.php?rest_route=\/wp\/v2\/users\/9"}],"replies":[{"embeddable":true,"href":"https:\/\/www.ladislavjakl.cz\/index.php?rest_route=%2Fwp%2Fv2%2Fcomments&post=14035"}],"version-history":[{"count":1,"href":"https:\/\/www.ladislavjakl.cz\/index.php?rest_route=\/wp\/v2\/posts\/14035\/revisions"}],"predecessor-version":[{"id":14036,"href":"https:\/\/www.ladislavjakl.cz\/index.php?rest_route=\/wp\/v2\/posts\/14035\/revisions\/14036"}],"wp:attachment":[{"href":"https:\/\/www.ladislavjakl.cz\/index.php?rest_route=%2Fwp%2Fv2%2Fmedia&parent=14035"}],"wp:term":[{"taxonomy":"category","embeddable":true,"href":"https:\/\/www.ladislavjakl.cz\/index.php?rest_route=%2Fwp%2Fv2%2Fcategories&post=14035"},{"taxonomy":"post_tag","embeddable":true,"href":"https:\/\/www.ladislavjakl.cz\/index.php?rest_route=%2Fwp%2Fv2%2Ftags&post=14035"}],"curies":[{"name":"wp","href":"https:\/\/api.w.org\/{rel}","templated":true}]}}