{"id":14037,"date":"2024-02-23T17:55:36","date_gmt":"2024-02-23T16:55:36","guid":{"rendered":"https:\/\/www.ladislavjakl.cz\/?p=14037"},"modified":"2024-02-23T17:55:36","modified_gmt":"2024-02-23T16:55:36","slug":"istanbulska-umluva-ct-tvrde-napomenuta-za-udalosti","status":"publish","type":"post","link":"https:\/\/www.ladislavjakl.cz\/?p=14037","title":{"rendered":"Istanbulsk\u00e1 \u00famluva: \u010cT tvrd\u011b napomenuta za Ud\u00e1losti"},"content":{"rendered":"<p><strong>Report\u00e1\u017e o divadeln\u00edm p\u0159edstaven\u00ed, kter\u00e9 velmi n\u00e1vodn\u011b prezentuje politick\u00e9 t\u00e9ma Istanbulsk\u00e9 smlouvy. Ud\u00e1losti \u010cT z konce ledna se staly p\u0159edm\u011btem z\u00e1jmu Rady pro rozhlasov\u00e9 a televizn\u00ed vys\u00edl\u00e1n\u00ed, kter\u00e1 televizi vytkla zcela nevyv\u00e1\u017een\u00e9 informov\u00e1n\u00ed.<\/strong><\/p>\n<p><!--more--><\/p>\n<div class=\"social-media-buttons clearfix\">&nbsp;<\/div>\n<figure>\n<div class=\"img\"><img decoding=\"async\" src=\"https:\/\/cms.parlamentnilisty.cz\/image.ashx?w=632&amp;h=307&amp;f=screen_638442155700126396.jpg&amp;id=187092\" alt=\"Istanbulsk\u00e1 \u00famluva: \u010cT tvrd\u011b napomenuta za Ud\u00e1losti\"><\/div><figcaption class=\"photo-info\"><small>Foto:&nbsp;<strong>Screen vys\u00edl\u00e1n\u00ed \u010cT1<\/strong><br \/>\nPopisek:&nbsp;<strong>Report\u00e1\u017e o divadeln\u00edm p\u0159edstaven\u00ed \u201eIstanbulsk\u00e1 \u00famluva\u201c<\/strong><\/small><\/figcaption><\/figure>\n<section class=\"article-content\">\u010cesk\u00e1 televize m\u00e1 probl\u00e9m u Rady pro rozhlasov\u00e9 a televizn\u00ed vys\u00edl\u00e1n\u00ed. Ta ve\u0159ejnopr\u00e1vn\u00edho vys\u00edlatele&nbsp;<a href=\"https:\/\/rrtv.gov.cz\/cz\/files\/press\/TZ_03_24.pdf\" target=\"_blank\" rel=\"nofollow noopener\">upozornila na poru\u0161en\u00ed z\u00e1kona v hlavn\u00ed zpravodajsk\u00e9 relaci Ud\u00e1losti<\/a>. Za to dostala televize ostrou v\u00fdtku s v\u00fdzvou, aby do sedmi dn\u00ed situaci napravila.\u0160lo o vys\u00edl\u00e1n\u00ed z 24. ledna, kde byla podle radn\u00edch nevyv\u00e1\u017een\u011b p\u0159edstavena Istanbulsk\u00e1 smlouva.<\/p>\n<p>Editor vyd\u00e1n\u00ed toti\u017e dostal origin\u00e1ln\u00ed n\u00e1pad spojit dv\u011b report\u00e1\u017ee. V prvn\u00ed bylo referov\u00e1no o projedn\u00e1v\u00e1n\u00ed tohoto mezin\u00e1rodn\u00edho dokumentu v Sen\u00e1tu. A hned pot\u00e9 se div\u00e1k dozv\u011bd\u011bl o divadeln\u00ed h\u0159e, kterou o Istanbulsk\u00e9 \u00famluv\u011b nazkou\u0161eli \u010de\u0161t\u00ed um\u011blci.<\/p>\n<p>Prvn\u00ed report\u00e1\u017e byla uvedena informac\u00ed, \u017ee \u010cR dokument podepsala u\u017e p\u0159ed osmi lety a jeho ratifikaci podpo\u0159il i prezident Petr Pavel.<\/p>\n<p>Hovo\u0159il v n\u00ed ministr Pavel Bla\u017eek, podle kter\u00e9ho m\u00e1 sp\u00ed\u0161e symbolick\u00fd v\u00fdznam, a n\u00e1sledn\u011b dostali zhruba stejn\u00fd prostor Michael Canov za odp\u016frce a Ad\u00e9la \u0160\u00edpov\u00e1 za zast\u00e1nce.&nbsp;<\/p>\n<p>A pot\u00e9 u\u017e do\u0161lo na p\u0159edstaven\u00ed v pra\u017esk\u00e9m A studiu Rub\u00edn. D\u00edlo re\u017eis\u00e9rky Barbary Herz bylo p\u0159edstaveno jako \u201edokument\u00e1rn\u00ed inscenace\u201c.<\/p>\n<p>D\u00edlo vzniklo ve spolupr\u00e1ci s neziskovou organizac\u00ed Otev\u0159en\u00e1 spole\u010dnost a redaktorka ji p\u0159edstavila jako \u201esondu do osobn\u00edch vztah\u016f a nerovnost\u00ed\u201c.<\/p>\n<div class=\"google-auto-placed ap_container\">\n<p>\u201eJak je mo\u017en\u00e9, \u017ee v podstat\u011b velmi kr\u00e1tk\u00fd a ne\u0161kodn\u00fd dokument, kter\u00fd m\u00e1 pomoci ob\u011btem dom\u00e1c\u00edho a sexualizovan\u00e9ho n\u00e1sil\u00ed, jak m\u016f\u017ee vyvolat tak obrovsk\u00e9 v\u00e1\u0161n\u011b,\u201c ptala se re\u017eis\u00e9rka s pohledem up\u0159en\u00fdm do kamery. Cht\u011bla pr\u00fd uk\u00e1zat \u201ezvl\u00e1\u0161tn\u00ed teatralitu t\u00e9 debaty\u201c.<\/p>\n<\/div>\n<p>Do toho tv\u016frci report\u00e1\u017ee st\u0159ihli ze samotn\u00e9 hry v\u00fdklad o tom, \u017ee mu\u017esk\u00e1 nad\u0159azenost je norm\u00e1ln\u00ed, proto\u017ee i b\u016fh je otec.<\/p>\n<p>A redaktorka Pavla Sedlisk\u00e1 objasnila, \u017ee z\u00e1kladn\u00ed d\u011blic\u00ed linie vede mezi \u201ezast\u00e1nci tradi\u010dn\u00ed rodiny\u201c a \u201eliber\u00e1ly\u201c. K zobrazen\u00ed t\u00e9to linie p\u0159istupuj\u00ed tv\u016frci \u201es grotesknost\u00ed a nads\u00e1zkou\u201c. Herec Dan Kranich popsal p\u0159\u00edstup jako \u201enadhled, kter\u00fd z\u00e1rove\u0148 bodne\u201c, ale rozhodn\u011b pr\u00fd nejde o agitku.<\/p>\n<p>Do report\u00e1\u017ee o divadeln\u00edm p\u0159edstaven\u00ed redaktorka n\u00e1sledn\u011b p\u0159im\u00edchala informaci, \u017ee v lo\u0148sk\u00e9m roce bylo na policii ozn\u00e1meno 917 p\u0159\u00edpad\u016f zn\u00e1siln\u011bn\u00ed, ale podle studi\u00ed je nahl\u00e1\u0161eno asi jen deset procent p\u0159\u00edpad\u016f.<\/p>\n<p>K tomu v report\u00e1\u017ei n\u00e1sledn\u011b hovo\u0159ila Marta Smol\u00edkov\u00e1, \u0159editelka neziskov\u00e9 organizace Otev\u0159en\u00e1 spole\u010dnost.<\/p>\n<p>Tato neziskovka vznik p\u0159edstaven\u00ed podle redaktorky \u201einiciovala\u201c.<\/p>\n<p><a href=\"https:\/\/www.parlamentnilisty.cz\/arena\/monitor\/Istanbulska-umluva-CT-tvrde-napomenuta-za-Udalosti-751142\">Zdroj<\/a><\/p>\n<\/section>\n","protected":false},"excerpt":{"rendered":"<p>Report\u00e1\u017e o divadeln\u00edm p\u0159edstaven\u00ed, kter\u00e9 velmi n\u00e1vodn\u011b prezentuje politick\u00e9 t\u00e9ma Istanbulsk\u00e9 smlouvy. Ud\u00e1losti \u010cT z konce ledna se staly p\u0159edm\u011btem z\u00e1jmu Rady pro rozhlasov\u00e9 a televizn\u00ed vys\u00edl\u00e1n\u00ed, kter\u00e1 televizi vytkla zcela nevyv\u00e1\u017een\u00e9 informov\u00e1n\u00ed.<\/p>\n","protected":false},"author":9,"featured_media":0,"comment_status":"open","ping_status":"open","sticky":false,"template":"","format":"standard","meta":{"ngg_post_thumbnail":0,"footnotes":""},"categories":[11],"tags":[],"class_list":["post-14037","post","type-post","status-publish","format-standard","hentry","category-ozvena"],"_links":{"self":[{"href":"https:\/\/www.ladislavjakl.cz\/index.php?rest_route=\/wp\/v2\/posts\/14037","targetHints":{"allow":["GET"]}}],"collection":[{"href":"https:\/\/www.ladislavjakl.cz\/index.php?rest_route=\/wp\/v2\/posts"}],"about":[{"href":"https:\/\/www.ladislavjakl.cz\/index.php?rest_route=\/wp\/v2\/types\/post"}],"author":[{"embeddable":true,"href":"https:\/\/www.ladislavjakl.cz\/index.php?rest_route=\/wp\/v2\/users\/9"}],"replies":[{"embeddable":true,"href":"https:\/\/www.ladislavjakl.cz\/index.php?rest_route=%2Fwp%2Fv2%2Fcomments&post=14037"}],"version-history":[{"count":1,"href":"https:\/\/www.ladislavjakl.cz\/index.php?rest_route=\/wp\/v2\/posts\/14037\/revisions"}],"predecessor-version":[{"id":14038,"href":"https:\/\/www.ladislavjakl.cz\/index.php?rest_route=\/wp\/v2\/posts\/14037\/revisions\/14038"}],"wp:attachment":[{"href":"https:\/\/www.ladislavjakl.cz\/index.php?rest_route=%2Fwp%2Fv2%2Fmedia&parent=14037"}],"wp:term":[{"taxonomy":"category","embeddable":true,"href":"https:\/\/www.ladislavjakl.cz\/index.php?rest_route=%2Fwp%2Fv2%2Fcategories&post=14037"},{"taxonomy":"post_tag","embeddable":true,"href":"https:\/\/www.ladislavjakl.cz\/index.php?rest_route=%2Fwp%2Fv2%2Ftags&post=14037"}],"curies":[{"name":"wp","href":"https:\/\/api.w.org\/{rel}","templated":true}]}}