{"id":14039,"date":"2024-02-23T17:59:14","date_gmt":"2024-02-23T16:59:14","guid":{"rendered":"https:\/\/www.ladislavjakl.cz\/?p=14039"},"modified":"2024-02-23T18:00:23","modified_gmt":"2024-02-23T17:00:23","slug":"dokud-neuverim-ze-to-je-v-hajzlu-nemam-potrebu-se-z-pesimismu-dostavat-rika-ladislav-jakl","status":"publish","type":"post","link":"https:\/\/www.ladislavjakl.cz\/?p=14039","title":{"rendered":"Dokud neuv\u011b\u0159\u00edm, \u017ee to je v hajzlu, nem\u00e1m pot\u0159ebu se z pesimismu dost\u00e1vat, \u0159\u00edk\u00e1 Ladislav Jakl"},"content":{"rendered":"<p>Do Prostoru pro dva si Mark\u00e9ta \u0160ichta\u0159ov\u00e1 pozvala osobnost \u010desk\u00e9 politick\u00e9 sc\u00e9ny a publicistu Ladislava Jakla, kter\u00fd sd\u00edl\u00ed sv\u00e9 n\u00e1zory na sou\u010dasnou spole\u010dnost, politiku a trend progresivismu. V rozhovoru p\u0159in\u00e1\u0161\u00ed pohled na spole\u010densk\u00e9 d\u011bn\u00ed s odstupem a kritick\u00fdm okem.<\/p>\n<p><!--more--><br \/>\n&nbsp;Progresivismus a jeho pochod institucemi, zm\u011bny ve spole\u010dnosti a ztr\u00e1ta svobody jednotlivce jsou t\u00e9mata, kter\u00e1 v sou\u010dasnosti rezonuj\u00ed nejen v politick\u00fdch debat\u00e1ch, ale tak\u00e9 v ka\u017edodenn\u00edm \u017eivot\u011b ob\u010dan\u016f. <strong class=\"styledElements_strong__Xb8vN \">Ladislav Jakl<\/strong>, zn\u00e1m\u00fd svou dlouholetou politickou a publicistickou \u010dinnost\u00ed, poskytl v Prostoru pro dva sv\u016fj pohled na tyto fenom\u00e9ny. Jeho slova odkr\u00fdvaj\u00ed hlubok\u00fd nesouhlas s aktu\u00e1ln\u00edmi spole\u010densk\u00fdmi trendy a nab\u00edzej\u00ed zamy\u0161len\u00ed nad sm\u011b\u0159ov\u00e1n\u00edm, kter\u00fdm se na\u0161e civilizace ub\u00edr\u00e1.<\/p>\n<div class=\"grid_layout__JtlsP Slate_slate-articleContent__yNnip Slate_slate-links__IHTLZ articleDetail_content__8E__7\">\n<p class=\"styledElements_p__oW1u7 \">Jakl kritizuje progresivistick\u00e9 sm\u011b\u0159ov\u00e1n\u00ed sou\u010dasn\u00e9 spole\u010dnosti, kter\u00e9 podle n\u011bj za\u010dalo sv\u016fj skute\u010dn\u00fd n\u00e1stup na konci 60. let 20. stolet\u00ed. Jako z\u00e1sadn\u00ed probl\u00e9m vid\u00ed \u201eva\u0159en\u00ed \u017e\u00e1by&#8220;, tedy postupnou zm\u011bnu spole\u010dnosti bez v\u00fdrazn\u011bj\u0161\u00edho odporu obyvatelstva.<\/p>\n<p class=\"styledElements_p__oW1u7 \">Dal\u0161\u00ed d\u016fle\u017eit\u00fd aspekt, na kter\u00fd Jakl poukazuje, je ot\u00e1zka svobody. Podle n\u011bj je svoboda v sou\u010dasn\u00e9 dob\u011b vn\u00edm\u00e1na sp\u00ed\u0161e jako necht\u011bn\u00fd produkt ne\u017e jako c\u00edl. \u201eVe skute\u010dnosti je svoboda necht\u011bn\u00fdm produktem st\u0159etu z\u00e1jmu r\u016fzn\u00fdch lid\u00ed,&#8220; \u0159\u00edk\u00e1. Tento pohled odr\u00e1\u017e\u00ed Jaklovo p\u0159esv\u011bd\u010den\u00ed o tom, \u017ee svoboda a demokracie jsou v sou\u010dasn\u00e9 dob\u011b ohro\u017eeny kv\u016fli nar\u016fstaj\u00edc\u00edm progresivistick\u00fdm tendenc\u00edm, kter\u00e9 omezuj\u00ed mo\u017enost volby a v\u016fli lid\u00ed.<\/p>\n<p class=\"styledElements_p__oW1u7 \">V kontextu mezin\u00e1rodn\u00ed politiky a zm\u011bn ve Spojen\u00fdch st\u00e1tech americk\u00fdch Jakl vyjad\u0159uje obavy z rostouc\u00ed polarizace a rozd\u011blen\u00ed spole\u010dnosti a poukazuje na hlubok\u00fd rozkol mezi r\u016fzn\u00fdmi soci\u00e1ln\u00edmi a politick\u00fdmi skupinami v USA, co\u017e m\u00e1 podle n\u011bj dalekos\u00e1hl\u00e9 d\u016fsledky i pro zbytek sv\u011bta.<\/p>\n<figure>\n<div class=\"stack_stack__zdZu2 stack_column__e6fWP AudioPlayer_audio__xxZxC\">\n<div class=\"stack_stack__zdZu2 stack_column__e6fWP AudioPlayer_wrapper__LqNmE\">\n<div class=\"stack_stack__zdZu2 stack_dense__jtXYT stack_column__e6fWP AudioPlayer_description__bmnpI\">\n<p class=\"styledElements_topic__BUX0b \">RADIO PROSTOR<\/p>\n<p class=\"styledElements_h3__mNyVA \">Rozhovor s Ladislavem Jaklem<\/p>\n<\/div>\n<div class=\"stack_stack__zdZu2 AudioPlayer_controlls__kc0rN\">\n<div class=\"stack_stack__zdZu2 stack_dense__jtXYT AudioPlayer_additionalControls__GEgRQ\"><a href=\"https:\/\/www.radioprostor.cz\/clanek\/dokud-neuverim-ze-to-je-v-hajzlu-nemam-potrebu-se-z-pesimismu-dostavat-rika-ladislav-jakl-uPGyc\">https:\/\/www.radioprostor.cz\/clanek\/dokud-neuverim-ze-to-je-v-hajzlu-nemam-potrebu-se-z-pesimismu-dostavat-rika-ladislav-jakl-uPGyc<\/a><\/div>\n<\/div>\n<\/div>\n<\/div>\n<\/figure>\n<figure class=\"styledElements_figure__c640_ \"><figcaption class=\"undefined styledElements_imgCaption__zPte8\">Ladislav Jakl<span class=\"styledElements_source__eMiIa\">&nbsp;\u00b7&nbsp;Foto:&nbsp;RADIO PROSTOR<br \/>\n<a href=\"https:\/\/www.radioprostor.cz\/clanek\/dokud-neuverim-ze-to-je-v-hajzlu-nemam-potrebu-se-z-pesimismu-dostavat-rika-ladislav-jakl-uPGyc\">Zdroj<\/a><\/span><\/figcaption><\/figure>\n<\/div>\n","protected":false},"excerpt":{"rendered":"<p>Do Prostoru pro dva si Mark\u00e9ta \u0160ichta\u0159ov\u00e1 pozvala osobnost \u010desk\u00e9 politick\u00e9 sc\u00e9ny a publicistu Ladislava Jakla, kter\u00fd sd\u00edl\u00ed sv\u00e9 n\u00e1zory na sou\u010dasnou spole\u010dnost, politiku a trend progresivismu. V rozhovoru p\u0159in\u00e1\u0161\u00ed pohled na spole\u010densk\u00e9 d\u011bn\u00ed s odstupem a kritick\u00fdm okem.<\/p>\n","protected":false},"author":9,"featured_media":0,"comment_status":"open","ping_status":"open","sticky":false,"template":"","format":"standard","meta":{"ngg_post_thumbnail":0,"footnotes":""},"categories":[13],"tags":[],"class_list":["post-14039","post","type-post","status-publish","format-standard","hentry","category-rozhovory"],"_links":{"self":[{"href":"https:\/\/www.ladislavjakl.cz\/index.php?rest_route=\/wp\/v2\/posts\/14039","targetHints":{"allow":["GET"]}}],"collection":[{"href":"https:\/\/www.ladislavjakl.cz\/index.php?rest_route=\/wp\/v2\/posts"}],"about":[{"href":"https:\/\/www.ladislavjakl.cz\/index.php?rest_route=\/wp\/v2\/types\/post"}],"author":[{"embeddable":true,"href":"https:\/\/www.ladislavjakl.cz\/index.php?rest_route=\/wp\/v2\/users\/9"}],"replies":[{"embeddable":true,"href":"https:\/\/www.ladislavjakl.cz\/index.php?rest_route=%2Fwp%2Fv2%2Fcomments&post=14039"}],"version-history":[{"count":3,"href":"https:\/\/www.ladislavjakl.cz\/index.php?rest_route=\/wp\/v2\/posts\/14039\/revisions"}],"predecessor-version":[{"id":14042,"href":"https:\/\/www.ladislavjakl.cz\/index.php?rest_route=\/wp\/v2\/posts\/14039\/revisions\/14042"}],"wp:attachment":[{"href":"https:\/\/www.ladislavjakl.cz\/index.php?rest_route=%2Fwp%2Fv2%2Fmedia&parent=14039"}],"wp:term":[{"taxonomy":"category","embeddable":true,"href":"https:\/\/www.ladislavjakl.cz\/index.php?rest_route=%2Fwp%2Fv2%2Fcategories&post=14039"},{"taxonomy":"post_tag","embeddable":true,"href":"https:\/\/www.ladislavjakl.cz\/index.php?rest_route=%2Fwp%2Fv2%2Ftags&post=14039"}],"curies":[{"name":"wp","href":"https:\/\/api.w.org\/{rel}","templated":true}]}}