{"id":14044,"date":"2024-02-29T22:11:48","date_gmt":"2024-02-29T21:11:48","guid":{"rendered":"https:\/\/www.ladislavjakl.cz\/?p=14044"},"modified":"2024-02-29T22:11:48","modified_gmt":"2024-02-29T21:11:48","slug":"byt-fer-znamena-lhat","status":"publish","type":"post","link":"https:\/\/www.ladislavjakl.cz\/?p=14044","title":{"rendered":"B\u00fdt f\u00e9r znamen\u00e1 lh\u00e1t?"},"content":{"rendered":"<p>Na proch\u00e1zce v&nbsp;parku se hlasit\u011b h\u00e1d\u00e1 man\u017eelsk\u00fd p\u00e1r o tom, kam pojedou na dovolenou. Z&nbsp;lavi\u010dky je pozoruj\u00ed dva n\u011b\u017en\u00ed chlapci, a jeden z&nbsp;nich prav\u00ed: \u201eVid\u00ed\u0161, Kry\u0161t\u016ffku, j\u00e1 ti \u0159\u00edkal, \u017ee tahleta sm\u00ed\u0161en\u00e1 man\u017eelstv\u00ed ned\u011blaj\u00ed dobrotu\u201c.<\/p>\n<p><!--more--><\/p>\n<p>Sranda ov\u0161em kon\u010d\u00ed, kdy\u017e se tenhle vtip za\u010dne vyd\u00e1vat za seri\u00f3zn\u00ed realitu. N\u011bjak\u00fd tvor, kter\u00fd se podepisuje Senad Kolar, hl\u00e1s\u00e1 n\u011bkde na fejsbuku, \u017ee podle jak\u00fdchsi \u201emezin\u00e1rodn\u00edch studi\u00ed\u201c p\u00e1chaj\u00ed d\u011bti vychov\u00e1van\u00e9 homosexu\u00e1ly m\u00e9n\u011b \u010dasto sebevra\u017edy. Prosazovatel\u00e9 homoagendy se evidentn\u011b ne\u0161t\u00edt\u00ed jak\u00e9koli l\u017ei. A maj\u00ed u toho tolik nestoudnosti, \u017ee svou n\u00e1tlakovou iniciativu naz\u00fdvaj\u00ed \u201eJsme f\u00e9r\u201c.<\/p>\n<p><strong>Tis\u00edce d\u011bt\u00ed<\/strong><\/p>\n<p>Tahle iniciativa v&nbsp;minul\u00fdch dnech vylepila ob\u0159\u00ed plak\u00e1ty (hlavn\u011b v&nbsp;okol\u00ed s\u00eddla vl\u00e1dy a obou parlamentn\u00edch komor), kde f\u00e9rov\u011b bezosty\u0161n\u011b l\u017ee, jak pr\u00fd tis\u00edce d\u011bt\u00ed \u010dekaj\u00ed. \u010cekaj\u00ed na to, a\u017e st\u00e1t uz\u00e1kon\u00ed instituci se z\u00e1kladn\u00edmi rysy man\u017eelstv\u00ed, do kter\u00e9 by mohli vstupovat homosexu\u00e1lov\u00e9. Tis\u00edce d\u011bt\u00ed pr\u00fd n\u011bkde \u010dekaj\u00ed na to, aby mohly m\u00edt dva tat\u00ednky nebo dv\u011b maminky.<\/p>\n<p>Co\u017ee? Tis\u00edce d\u011bt\u00ed? To se jich n\u011bkdo ptal? A kde jsou? Jak\u00e9 d\u011bti maj\u00ed tihle lh\u00e1\u0159i (modern\u011b dnes dezinform\u00e1to\u0159i) namysli? D\u011bti maminek, kter\u00e9 se rozhodnou, \u017ee opust\u00ed t\u00e1tu sv\u00e9ho d\u00edt\u011bte a stanou se lesbami? Jejich d\u011bti \u017ee \u010dekaj\u00ed na druhou maminku? Nebo jsou t\u00edm my\u0161leny d\u011bti z mno\u017e\u00edren, kde se na zak\u00e1zku \u201evyr\u00e1b\u011bj\u00ed\u201c d\u011bti pro homosexu\u00e1ln\u00ed p\u00e1ry? Ty \u017ee \u010dekaj\u00ed? Kdo s&nbsp;nimi mluvil?<\/p>\n<p>Jednou z&nbsp;obl\u00edben\u00fdch l\u017e\u00ed homoaktivist\u016f je to, \u017ee v&nbsp;kojeneck\u00fdch \u00fastavech pr\u00fd trp\u00ed houfy d\u011bcek, proto\u017ee pro n\u011b nejsou n\u00e1hradn\u00ed rodi\u010de. No, na to je t\u0159eba \u0159\u00edci jasn\u011b NE. Ne. \u017d\u00e1dn\u00e9 takov\u00e9 d\u011bti v&nbsp;\u00fastavech nejsou. Nejsou. Je to p\u0159esn\u011b naopak. Existuje velk\u00e9 mno\u017estv\u00ed bezd\u011btn\u00fdch man\u017eelsk\u00fdch p\u00e1r\u016f, kte\u0159\u00ed by tuze r\u00e1dy d\u00edt\u011b adoptovaly, jen\u017ee d\u011bti \u201enejsou na sklad\u011b\u201c.<\/p>\n<p>Jednak je t\u0159eba \u0159\u00edci, \u017ee \u010desk\u00e9 kojeneck\u00e9 \u00fastavy jsou nejkvalitn\u011bj\u0161\u00ed na sv\u011bt\u011b a o d\u011bti je tam postar\u00e1no, jak to jen lze. Ale hlavn\u011b tam ope\u010dov\u00e1van\u00e9 d\u011bti v&nbsp;naprost\u00e9 v\u011bt\u0161in\u011b nejsou pr\u00e1vn\u011b voln\u00e9. Maj\u00ed sv\u00e9 rodi\u010de, kte\u0159\u00ed disponuj\u00ed rodi\u010dovsk\u00fdmi pr\u00e1vy. P\u00e1ry, \u017e\u00e1daj\u00edc\u00ed o adopci, tak \u010dasto \u010dekaj\u00ed dlouh\u00e9 roky, ne\u017e se jim jejich sen o d\u00edt\u011bti spln\u00ed. A mnoh\u00e9 p\u00e1ry se nedo\u010dkaj\u00ed nikdy.<\/p>\n<p><strong>D\u00edt\u011b nen\u00ed hra\u010dka a pejsek<\/strong><\/p>\n<p>S&nbsp;mou man\u017eelkou jsme na d\u00edt\u011b z&nbsp;kojeneck\u00e9ho \u00fastavu \u010dekali t\u0159i a p\u016fl roku. A to jsme si nekladli \u017e\u00e1dn\u00e9 podm\u00ednky ohledn\u011b v\u011bku, pohlav\u00ed \u010di p\u016fvodu. A kr\u010dsk\u00fd kojeneck\u00fd \u00fastav dob\u0159e zn\u00e1me (nat\u00e1\u010del se tam film U\u010ditel tance).<\/p>\n<p>\u010cekaj\u00ed tis\u00edce podobn\u00fdch man\u017eelsk\u00fdch p\u00e1r\u016f. A jejich \u017e\u00e1dosti jsou podrobn\u011b prov\u011b\u0159ov\u00e1ny, je zkoum\u00e1no soci\u00e1ln\u00ed z\u00e1zem\u00ed \u017eadatel\u016f a zp\u016fsobilost d\u00edt\u011b zodpov\u011bdn\u011b vychov\u00e1vat. Ne tis\u00edce d\u011bt\u00ed, ale tis\u00edce potenci\u00e1ln\u00edch rodi\u010dovsk\u00fdch p\u00e1r\u016f \u010dekaj\u00ed. Ale \u201eb\u00fdt f\u00e9r\u201c znamen\u00e1 dnes asi \u00fa\u010delov\u011b lh\u00e1t. A hr\u00e1t na city.<\/p>\n<p>D\u00edt\u011b nen\u00ed hra\u010dka. Nen\u00ed to dom\u00e1c\u00ed mazl\u00ed\u010dek. Nesm\u00ed slou\u017eit k&nbsp;uspokojen\u00ed n\u011b\u010d\u00ed touhy po mazlen\u00ed. Ale m\u00edsto z\u00e1jmu d\u00edt\u011bte je medi\u00e1ln\u00edm hitem p\u0159\u00edb\u011bh jednoho komun\u00e1ln\u00edho p\u0159edstavitele vl\u00e1dn\u00ed strany, kter\u00fd si se sv\u00fdm \u010derno\u0161sk\u00fdm mlad\u00fdm homosexu\u00e1ln\u00edm milencem objednali v&nbsp;Americe mimino p\u0159esn\u011b podle sv\u00fdch p\u0159edstav, a je\u0161t\u011b se pohor\u0161uj\u00ed nad t\u00edm, \u017ee na\u0161e legislativa v&nbsp;tomhle ohledu nen\u00ed dost pru\u017en\u00e1.<\/p>\n<p>A proto\u017ee tu\u017eby takov\u00fdchto lid\u00ed jsou u ve\u0159ejnosti u\u017e dosti zprofanovan\u00e9, vyt\u00e1hli homoaktivist\u00e9 kartu, \u017ee to ne homosexu\u00e1lov\u00e9 \u010dekaj\u00ed na d\u011bti, ale d\u011bti pr\u00fd \u010dekaj\u00ed na homosexu\u00e1ly. A kdo by \u010dekaj\u00edc\u00ed d\u00edt\u011b nepolitoval, \u017ee. Ta karta je ale fale\u0161n\u00e1. A s&nbsp;fale\u0161n\u00fdmi hr\u00e1\u010di se odjak\u017eiva zach\u00e1zelo tak, jak n\u00e1le\u017e\u00ed.<\/p>\n<p>Ps\u00e1no pro Den\u00edk TO<\/p>\n<p><a href=\"https:\/\/denik.to\/byt-fer-znamena-lhat\/\">Zdroj<\/a><\/p>\n<p>&nbsp;<\/p>\n<p>&nbsp;&nbsp;&nbsp;<\/p>\n","protected":false},"excerpt":{"rendered":"<p>Na proch\u00e1zce v&nbsp;parku se hlasit\u011b h\u00e1d\u00e1 man\u017eelsk\u00fd p\u00e1r o tom, kam pojedou na dovolenou. Z&nbsp;lavi\u010dky je pozoruj\u00ed dva n\u011b\u017en\u00ed chlapci, a jeden z&nbsp;nich prav\u00ed: \u201eVid\u00ed\u0161, Kry\u0161t\u016ffku, j\u00e1 ti \u0159\u00edkal, \u017ee tahleta sm\u00ed\u0161en\u00e1 man\u017eelstv\u00ed ned\u011blaj\u00ed dobrotu\u201c.<\/p>\n","protected":false},"author":9,"featured_media":0,"comment_status":"open","ping_status":"open","sticky":false,"template":"","format":"standard","meta":{"ngg_post_thumbnail":0,"footnotes":""},"categories":[1],"tags":[],"class_list":["post-14044","post","type-post","status-publish","format-standard","hentry","category-publikovane-clanky"],"_links":{"self":[{"href":"https:\/\/www.ladislavjakl.cz\/index.php?rest_route=\/wp\/v2\/posts\/14044","targetHints":{"allow":["GET"]}}],"collection":[{"href":"https:\/\/www.ladislavjakl.cz\/index.php?rest_route=\/wp\/v2\/posts"}],"about":[{"href":"https:\/\/www.ladislavjakl.cz\/index.php?rest_route=\/wp\/v2\/types\/post"}],"author":[{"embeddable":true,"href":"https:\/\/www.ladislavjakl.cz\/index.php?rest_route=\/wp\/v2\/users\/9"}],"replies":[{"embeddable":true,"href":"https:\/\/www.ladislavjakl.cz\/index.php?rest_route=%2Fwp%2Fv2%2Fcomments&post=14044"}],"version-history":[{"count":1,"href":"https:\/\/www.ladislavjakl.cz\/index.php?rest_route=\/wp\/v2\/posts\/14044\/revisions"}],"predecessor-version":[{"id":14045,"href":"https:\/\/www.ladislavjakl.cz\/index.php?rest_route=\/wp\/v2\/posts\/14044\/revisions\/14045"}],"wp:attachment":[{"href":"https:\/\/www.ladislavjakl.cz\/index.php?rest_route=%2Fwp%2Fv2%2Fmedia&parent=14044"}],"wp:term":[{"taxonomy":"category","embeddable":true,"href":"https:\/\/www.ladislavjakl.cz\/index.php?rest_route=%2Fwp%2Fv2%2Fcategories&post=14044"},{"taxonomy":"post_tag","embeddable":true,"href":"https:\/\/www.ladislavjakl.cz\/index.php?rest_route=%2Fwp%2Fv2%2Ftags&post=14044"}],"curies":[{"name":"wp","href":"https:\/\/api.w.org\/{rel}","templated":true}]}}