{"id":14049,"date":"2024-02-29T22:17:16","date_gmt":"2024-02-29T21:17:16","guid":{"rendered":"https:\/\/www.ladislavjakl.cz\/?p=14049"},"modified":"2024-02-29T22:17:16","modified_gmt":"2024-02-29T21:17:16","slug":"kdo-vladne-volic-nebo-penize","status":"publish","type":"post","link":"https:\/\/www.ladislavjakl.cz\/?p=14049","title":{"rendered":"Kdo vl\u00e1dne? Voli\u010d, nebo pen\u00edze?"},"content":{"rendered":"<p>Demokracie m\u00e1 sv\u00e9 limity. V\u017edy\u0165 demokraticky byl zvolen i Hitler. To p\u0159ece nejde, jen tak nechat na voli\u010d\u00edch, aby si volili, koho cht\u011bj\u00ed. Je t\u0159eba nastavit mechanismy, aby volby dopadly v\u017edy dob\u0159e.<\/p>\n<p><!--more--><\/p>\n<p>Jinak se bude st\u00e1vat st\u00e1le \u010dast\u011bji, \u017ee dopadnou jako t\u0159eba na Slovensku nebo v&nbsp;Ma\u010farsku. Jedn\u00edm z&nbsp;takov\u00fdch mechanism\u016f je, \u017ee Brusel doty\u010dn\u00e9 zemi, kde to voli\u010di pokazili, zaraz\u00ed pen\u00edze. A kdy\u017e si to voli\u010d spr\u00e1vn\u011b uv\u011bdom\u00ed, pen\u00edze se pak zase uvoln\u00ed. T\u0159eba jako v\u016f\u010di Polsku. Tam Brusel za p\u0159edchoz\u00ed vl\u00e1dy zarazil platby ve v\u00fd\u0161i skoro dvou \u010desk\u00fdch st\u00e1tn\u00edch rozpo\u010dt\u016f. Pr\u00fd kv\u016fli pochybnostem, jestli v&nbsp;Polsku panuje pr\u00e1vn\u00ed st\u00e1t. Polsk\u00fd voli\u010d tento jemn\u00fd vzkaz pochopil, vl\u00e1du vym\u011bnil \u2013 a pen\u00edze se v\u010dera daly do pohybu. Pr\u00e1vn\u00ed st\u00e1t byl evidentn\u011b obnoven.<\/p>\n<p>Ma\u010fa\u0159i budou asi trochu pomalej\u0161\u00ed. Maj\u00ed tam z\u00e1kon, kter\u00fd zakazuje neziskovk\u00e1m, kter\u00e9 propaguj\u00ed homosexualitu jako ten spr\u00e1vn\u00fd pokrokov\u00fd \u017eivotn\u00ed styl, p\u016fsobit na \u0161kol\u00e1ch. Ma\u010farsk\u00e9 d\u011bti tak vyr\u016fstaj\u00ed v&nbsp;bludu, \u017ee hol\u010di\u010dky jsou hol\u010di\u010dky a chlape\u010dkov\u00e9 jsou chlape\u010dkov\u00e9. Jasn\u011b\u017ee Brusel \u017e\u00e1dn\u00e9 sv\u00e9 pen\u00edze nem\u00e1. M\u00e1 jen ty, kter\u00e9 mu pos\u00edlaj\u00ed da\u0148ov\u00ed poplatn\u00edci v\u0161ech \u010dlensk\u00fdch zem\u00ed. A proto\u017ee sami tito poplatn\u00edci by sv\u00e9 pen\u00edze jist\u011b utratili za n\u011bjak\u00e9 nesmysly, Brusel jim je vezme a nalo\u017e\u00ed s&nbsp;nimi mnohem moud\u0159eji.<\/p>\n<p>T\u0159eba tak, \u017ee s&nbsp;nimi nenalo\u017e\u00ed. Po\u010dk\u00e1 si, a\u017e ve\u0159ejnost v&nbsp;dan\u00e9 zemi pochop\u00ed, \u017ee by byla sama proti sob\u011b, kdyby podporovala vl\u00e1du, kter\u00e1 odpuzuje pen\u00edze. N\u011bkter\u00e9 vl\u00e1dy jsou v\u016fbec takov\u00e9 &#8230; nezodpov\u011bdn\u00e9. Nadb\u00edhaj\u00ed sv\u00fdm voli\u010d\u016fm m\u00edsto toho, aby usilovali o pochvalu unijn\u00edch autorit. Vzorn\u00e1 je t\u0159eba \u010desk\u00e1 vl\u00e1da. Na\u0161im m\u00e9di\u00edm te\u010f vl\u00e1dne ohromuj\u00edc\u00ed zpr\u00e1va, \u017ee n\u011bmeck\u00e1 televize pochv\u00e1lila \u010deskou vl\u00e1du za snahu nakoupit n\u011bkde v&nbsp;Africe gran\u00e1ty a poslat je na Ukrajinu. Na\u0161e vl\u00e1da spr\u00e1vn\u011b ch\u00e1pe, \u017ee souzn\u00edt s&nbsp;ve\u0159ejn\u00fdm m\u00edn\u011bn\u00edm by bylo \u010dir\u00fdm populismem a \u017ee potvrzen\u00ed spr\u00e1vnosti sv\u00fdch krok\u016f dostane ve sp\u0159\u00e1telen\u00e9m zahrani\u010d\u00ed.<\/p>\n<p>Hodn\u011b rozruchu nad\u011blaly v&nbsp;posledn\u00edch dnech informace, \u017ee by vojska n\u011bkter\u00fdch \u010dlensk\u00fdch zem\u00ed NATO mohla b\u00fdt posl\u00e1na na Ukrajinu. Vojska \u010dlensk\u00fdch zem\u00ed NATO ostatn\u011b p\u016fsobila a bojovala v&nbsp;minul\u00fdch desetilet\u00edch v&nbsp;mnoha des\u00edtk\u00e1ch st\u00e1t\u016f po cel\u00e9m sv\u011bt\u011b a nikdo z&nbsp;toho takovou v\u011bdu ned\u011blal. V&nbsp;n\u011bkter\u00fdch p\u0159\u00edpadech to byla vojska opravdu pod vlajkou NATO (v Jugosl\u00e1vii), ve v\u011bt\u0161in\u011b ostatn\u00edch ale \u0161lo o s\u00f3lov\u00e9 \u010di skupinov\u00e9 akce n\u011bkolika \u010dlensk\u00fdch zem\u00ed.<\/p>\n<p>NATO nepochybn\u011b uchr\u00e1nila Evropu a sv\u011bt od zni\u010duj\u00edc\u00ed v\u00e1lky u\u017e jen svou existenc\u00ed. Nikdy nebyl aktivov\u00e1n \u010dl\u00e1nek 5 Severoatlantick\u00e9 smlouvy. Ani nemusel, nikdo si na \u010dlensk\u00fd st\u00e1t pr\u00e1v\u011b kv\u016fli tomuto \u010dl\u00e1nku netroufl. I kdy\u017e, jedna v\u00fdjimka by se na\u0161la. Turecko bylo opakovan\u011b napadeno kurdsk\u00fdmi milicemi ze S\u00fdrie a Ir\u00e1ku. Tureck\u00e9 spojence nikdy nenapadlo, \u017ee by snad m\u011bly Turecko proti tomuto napaden\u00ed br\u00e1nit.<\/p>\n<p>V&nbsp;choulostiv\u00e9 situaci byla NATO v&nbsp;dob\u011b, kdy spolu regul\u00e9rn\u011b v\u00e1l\u010dily dva jej\u00ed \u010dlensk\u00e9 st\u00e1ty: \u0158ecko a Turecko. Dodnes tyto zem\u011b nemaj\u00ed uzav\u0159enou m\u00edrovou smlouvu, z&nbsp;diplomatick\u00e9ho hlediska jde jen o p\u0159\u00edm\u011b\u0159\u00ed. A d\u011bdictv\u00edm konfliktu z\u016fst\u00e1v\u00e1 rozd\u011blen\u00fd Kypr. Komu bychom asi \u0161li na pomoc, kdyby se konflikt znovu rozho\u0159el?<\/p>\n<p>Probuzen\u00e1 debata ale jeden re\u00e1ln\u00fd \u00fa\u010dinek m\u00edt m\u016f\u017ee. N\u011bkter\u00e9 \u010dlensk\u00e9 zem\u011b mohou z\u00edskat pocit, \u017ee \u201ete\u010f se to sm\u00ed\u201c a \u017ee v&nbsp;p\u0159\u00edpad\u011b sv\u00e9ho vstupu do ozbrojen\u00e9ho konfliktu by m\u011bly jaksi kryt\u00e1 z\u00e1da, i kdy\u017e neofici\u00e1ln\u011b.<\/p>\n<p>Abychom tu m\u00edsto boje s&nbsp;oteplov\u00e1n\u00edm nem\u011bli brzo po\u0159\u00e1dn\u00e9 horko.<\/p>\n<p><em>Ladislav Jakl, 29. \u00fanora 2024<\/em><\/p>\n<p><a href=\"https:\/\/www.institutvk.cz\/clanky\/2618.html\">Zdroj<\/a><\/p>\n","protected":false},"excerpt":{"rendered":"<p>Demokracie m\u00e1 sv\u00e9 limity. V\u017edy\u0165 demokraticky byl zvolen i Hitler. To p\u0159ece nejde, jen tak nechat na voli\u010d\u00edch, aby si volili, koho cht\u011bj\u00ed. Je t\u0159eba nastavit mechanismy, aby volby dopadly v\u017edy dob\u0159e.<\/p>\n","protected":false},"author":9,"featured_media":0,"comment_status":"open","ping_status":"open","sticky":false,"template":"","format":"standard","meta":{"ngg_post_thumbnail":0,"footnotes":""},"categories":[1,10],"tags":[],"class_list":["post-14049","post","type-post","status-publish","format-standard","hentry","category-publikovane-clanky","category-zlehka"],"_links":{"self":[{"href":"https:\/\/www.ladislavjakl.cz\/index.php?rest_route=\/wp\/v2\/posts\/14049","targetHints":{"allow":["GET"]}}],"collection":[{"href":"https:\/\/www.ladislavjakl.cz\/index.php?rest_route=\/wp\/v2\/posts"}],"about":[{"href":"https:\/\/www.ladislavjakl.cz\/index.php?rest_route=\/wp\/v2\/types\/post"}],"author":[{"embeddable":true,"href":"https:\/\/www.ladislavjakl.cz\/index.php?rest_route=\/wp\/v2\/users\/9"}],"replies":[{"embeddable":true,"href":"https:\/\/www.ladislavjakl.cz\/index.php?rest_route=%2Fwp%2Fv2%2Fcomments&post=14049"}],"version-history":[{"count":1,"href":"https:\/\/www.ladislavjakl.cz\/index.php?rest_route=\/wp\/v2\/posts\/14049\/revisions"}],"predecessor-version":[{"id":14050,"href":"https:\/\/www.ladislavjakl.cz\/index.php?rest_route=\/wp\/v2\/posts\/14049\/revisions\/14050"}],"wp:attachment":[{"href":"https:\/\/www.ladislavjakl.cz\/index.php?rest_route=%2Fwp%2Fv2%2Fmedia&parent=14049"}],"wp:term":[{"taxonomy":"category","embeddable":true,"href":"https:\/\/www.ladislavjakl.cz\/index.php?rest_route=%2Fwp%2Fv2%2Fcategories&post=14049"},{"taxonomy":"post_tag","embeddable":true,"href":"https:\/\/www.ladislavjakl.cz\/index.php?rest_route=%2Fwp%2Fv2%2Ftags&post=14049"}],"curies":[{"name":"wp","href":"https:\/\/api.w.org\/{rel}","templated":true}]}}