{"id":14060,"date":"2024-03-07T17:22:06","date_gmt":"2024-03-07T16:22:06","guid":{"rendered":"https:\/\/www.ladislavjakl.cz\/?p=14060"},"modified":"2024-03-07T17:22:06","modified_gmt":"2024-03-07T16:22:06","slug":"vice-kapru-nez-candatu","status":"publish","type":"post","link":"https:\/\/www.ladislavjakl.cz\/?p=14060","title":{"rendered":"V\u00edce kapr\u016f ne\u017e cand\u00e1t\u016f"},"content":{"rendered":"<p>Souhrn nejd\u016fle\u017eit\u011bj\u0161\u00edch aktu\u00e1ln\u00edch ud\u00e1lost\u00ed: Na P\u00edsecku a Strakonicku se t\u0159\u00e1sla zem\u011b. Jiho\u010de\u0161i p\u0159i v\u00edt\u00e1n\u00ed jara asi p\u0159\u00edli\u0161 dupali. Nebo Blani\u010dt\u00ed ryt\u00ed\u0159i ve snaze prokopat se na povrch ztratili orientaci. Co\u017e se ostatn\u011b stalo i n\u011bkter\u00fdm traktorist\u016fm v&nbsp;Praze. Co\u017e se pozn\u00e1 u\u017e podle toho, \u017ee se jim nezamlouv\u00e1 state\u010dn\u00e9 ta\u017een\u00ed vl\u00e1dy sm\u011brem k&nbsp;zelen\u00fdm z\u00edt\u0159k\u016fm a energetick\u00e9 chudob\u011b.<\/p>\n<p><!--more--><\/p>\n<p>Rusov\u00e9 nepo\u0161lou na ukrajinsk\u00e9 boji\u0161t\u011b z\u00e1zrak techniky, tank Armata. \u017de je pr\u00fd p\u0159\u00edli\u0161 drah\u00fd. Tank je to mo\u017en\u00e1 technicky nejlep\u0161\u00ed na sv\u011bt\u011b, ale u zbran\u00ed plat\u00ed tot\u00e9\u017e, co u v\u0161ech v\u00fdrobk\u016f a slu\u017eeb: rozhoduje pom\u011br v\u00fdkon\/cena. A jestli je to tank p\u0159\u00edli\u0161 drah\u00fd, pak nem\u016f\u017ee b\u00fdt nejlep\u0161\u00ed. Ostatn\u011b \u2013 T\u00e1lib\u00e1n nevyhnal po dvaceti letech Ameri\u010dany dra\u017e\u0161\u00edmi a kvalitn\u011bj\u0161\u00edmi zbran\u011bmi, ale pr\u00e1v\u011b t\u00edm, \u017ee s&nbsp;vlastn\u00edmi n\u00edzk\u00fdmi n\u00e1klady um\u011bl nad\u011blat Ameri\u010dan\u016fm velk\u00e9 \u0161kody.<\/p>\n<p>Mimochodem, dnes m\u00e1me v\u00fdznamn\u00e9 v\u00fdro\u010d\u00ed. Je to p\u0159esn\u011b 40 let, co USA napadly Nikaraguu, aby pomohly m\u00edstn\u00edm contras, kte\u0159\u00ed hodlali silou svrhnout marxistickou vl\u00e1du Daniela Ortegy. Asi to nebyla dokonalost Ortegov\u00fdch zbran\u00ed, kter\u00e1 nakonec vedla k&nbsp;por\u00e1\u017ece contras a k&nbsp;evakuaci americk\u00fdch voj\u00e1k\u016f.<\/p>\n<p>N\u011bmeck\u00fd Frankfurt p\u0159iv\u00edtal leto\u0161n\u00ed p\u0159\u00edchod ramad\u00e1nu slavnostn\u00ed v\u00fdzdobou ulic. Je dob\u0159e, \u017ee na\u0161e \u010d\u00e1st sv\u011bta je tak otev\u0159en\u00e1 a tolerantn\u00ed. Co\u017e se pozn\u00e1 i podle toho, \u017ee na grafice panoramatu Pa\u0159\u00ed\u017ee pro chystan\u00e9 Olympijsk\u00e9 hry zmizely k\u0159\u00ed\u017ee. Ramad\u00e1n pochopiteln\u011b nem\u016f\u017ee nikoho urazit, zato k\u0159\u00ed\u017ee nemaj\u00ed na akci pro lidi cel\u00e9ho sv\u011bta a v\u0161ech konfes\u00ed co d\u011blat. Tak alespo\u0148 soud\u00ed po\u0159adatel\u00e9 olympi\u00e1dy.<\/p>\n<p>\u010cesk\u00e1 vl\u00e1da p\u0159eru\u0161ila politick\u00e1 jedn\u00e1n\u00ed se Slovenskem. D\u016fvodem jsou v\u00fdroky slovensk\u00e9ho premi\u00e9ra Fica. \u010cesk\u00fd tisk je nad\u0161en, najdeme v&nbsp;n\u011bm titulky typu, \u017ee ostudu pr\u00fd nen\u00ed mo\u017en\u00e9 d\u011blat donekone\u010dna. To slovo \u201eostuda\u201c je v&nbsp;tomto kontextu p\u0159\u00edzna\u010dn\u00e9 a naprosto z\u00e1sadn\u00ed.<\/p>\n<p>Jak m\u016f\u017ee d\u011blat ve\u0159ejn\u00fd \u010dinitel ostudu? T\u0159eba kdy\u017e je p\u0159isti\u017een p\u0159i sexu na ulici s&nbsp;asistentkou vedouc\u00edho zahrani\u010dn\u00edho hosta. Nebo kdy\u017e smrk\u00e1 na recepci do ruk\u00e1vu. Nebo kdy\u017e se vy\u010dur\u00e1 na schodech sv\u00e9ho \u00fa\u0159adu p\u0159i v\u00edt\u00e1n\u00ed delegace. Ale m\u016f\u017ee d\u011blat ostudu t\u00edm, \u017ee \u0159\u00edk\u00e1 sv\u00e9 n\u00e1zory, pro kter\u00e9 byl demokraticky zvolen?<\/p>\n<p>M\u016f\u017ee. Pokud ov\u0161em p\u0159ipust\u00edme, \u017ee hlavn\u00edm posl\u00e1n\u00edm st\u00e1tn\u00edka je b\u00fdt zadob\u0159e s&nbsp;mezin\u00e1rodn\u00ed papal\u00e1\u0161skou komunitou, a ne se sv\u00fdmi voli\u010di. S&nbsp;Ficem je mo\u017eno v&nbsp;mnoh\u00e9m nesouhlasit. T\u0159eba i ost\u0159e. Ale jednu v\u011bc nelze p\u0159i tom zapomenout. Na to, \u017ee jeho v\u00fdroky maj\u00ed legitimitu. Onu legitimitu mu prop\u016fj\u010duje jeho mand\u00e1t.<\/p>\n<p>\u00dapln\u011b stejn\u00e9, ba i ost\u0159ej\u0161\u00ed v\u00fdroky, ne\u017e nad kter\u00fdmi se dnes pohor\u0161uj\u00ed eurokrasoduchov\u00e9, hl\u00e1sal Fico po celou dobu sv\u00e9 p\u0159edvolebn\u00ed kampan\u011b. Nebyl zvolen navzdory nim, ale d\u00edky nim. To jeho n\u00e1zory zv\u00edt\u011bzily v&nbsp;kampani. Ne on. N\u011bkte\u0159\u00ed politici mo\u017en\u00e1 z\u00edsk\u00e1vaj\u00ed mand\u00e1t za sv\u016fj plnovous. &nbsp;Ti si pak mohou hl\u00e1sat, cokoli je napadne. Jen se nesm\u011bj\u00ed oholit. Jinak jsou ale politici \u201ejen\u201c nositeli ur\u010dit\u00fdch postoj\u016f a n\u00e1zor\u016f. Voli\u010di vol\u00ed pr\u00e1v\u011b tyto postoje, ideje a n\u00e1zory. Pokud politik z\u00edsk\u00e1 mand\u00e1t d\u00edky hl\u00e1san\u00fdm n\u00e1zor\u016fm, je to mand\u00e1t ur\u010den\u00fd pr\u00e1v\u011b k&nbsp;tomu, ale je doty\u010dn\u00fd politik hl\u00e1sal d\u00e1l i po sv\u00e9m zvolen\u00ed.<\/p>\n<p>Slov\u00e1ci si demokraticky zvolili pr\u00e1v\u011b ty postoje, kter\u00e9 hl\u00e1s\u00e1 Fico. T\u011bmto postoj\u016fm dali p\u0159ednost p\u0159ed jin\u00fdmi. A je jim celkem jedno, jak\u00fd \u00fa\u010des bude m\u00edt ten, kdo je bude hl\u00e1sat. Fico nedostal od voli\u010d\u016f bianco \u0161ek k&nbsp;tomu, aby d\u011blal jakoukoli politiku, hlavn\u011b na p\u0159\u00e1n\u00ed sv\u00fdch zahrani\u010dn\u00edch partner\u016f. Dostal mand\u00e1t k&nbsp;tomu, aby hl\u00e1sal, za co byl zvolen. Kdokoli m\u016f\u017ee jeho v\u00fdroky ost\u0159e odsuzovat. Ale pokud pou\u017eije slovo \u201eostuda\u201c, pak v\u016fbec nech\u00e1pe smysl slova mand\u00e1t.<\/p>\n<p>P\u0159ed v\u00edce ne\u017e 40 lety jsem provozoval takovou hudbu s&nbsp;divadlem. To u\u017e si nikdo nem\u016f\u017ee pamatovat. A jedno z&nbsp;hesel, kter\u00e1 se tam vyk\u0159ikovala, bylo: \u201ev\u00edce kapr\u016f ne\u017e cand\u00e1t\u016f, v\u00edc kandid\u00e1t\u016f ne\u017e mand\u00e1t\u016f\u201c. Proto\u017ee tehdy si \u010dlov\u011bk nemohl vybrat, kter\u00fd z&nbsp;kandid\u00e1t\u016f l\u00e9pe h\u00e1j\u00ed jeho z\u00e1jmy. Kandid\u00e1tka byla jedna jedin\u00e1. To u\u017e zase sm\u011b\u0159ujeme ke stejn\u00e9mu stavu? \u017de n\u011bkter\u00e9 n\u00e1zory z&nbsp;politick\u00e9 sout\u011b\u017ee diskvalifikujeme jako nehodn\u00e9 ku hl\u00e1s\u00e1n\u00ed?<\/p>\n<p><em>Ladislav Jakl, 7. b\u0159ezna 2024<\/em><\/p>\n<p><a href=\"https:\/\/www.institutvk.cz\/clanky\/2634.html\">Zdroj<\/a><\/p>\n","protected":false},"excerpt":{"rendered":"<p>Souhrn nejd\u016fle\u017eit\u011bj\u0161\u00edch aktu\u00e1ln\u00edch ud\u00e1lost\u00ed: Na P\u00edsecku a Strakonicku se t\u0159\u00e1sla zem\u011b. Jiho\u010de\u0161i p\u0159i v\u00edt\u00e1n\u00ed jara asi p\u0159\u00edli\u0161 dupali. Nebo Blani\u010dt\u00ed ryt\u00ed\u0159i ve snaze prokopat se na povrch ztratili orientaci. Co\u017e se ostatn\u011b stalo i n\u011bkter\u00fdm traktorist\u016fm v&nbsp;Praze. Co\u017e se pozn\u00e1 u\u017e podle toho, \u017ee se jim nezamlouv\u00e1 state\u010dn\u00e9 ta\u017een\u00ed vl\u00e1dy sm\u011brem k&nbsp;zelen\u00fdm z\u00edt\u0159k\u016fm a energetick\u00e9 [&hellip;]<\/p>\n","protected":false},"author":9,"featured_media":0,"comment_status":"open","ping_status":"open","sticky":false,"template":"","format":"standard","meta":{"ngg_post_thumbnail":0,"footnotes":""},"categories":[1],"tags":[],"class_list":["post-14060","post","type-post","status-publish","format-standard","hentry","category-publikovane-clanky"],"_links":{"self":[{"href":"https:\/\/www.ladislavjakl.cz\/index.php?rest_route=\/wp\/v2\/posts\/14060","targetHints":{"allow":["GET"]}}],"collection":[{"href":"https:\/\/www.ladislavjakl.cz\/index.php?rest_route=\/wp\/v2\/posts"}],"about":[{"href":"https:\/\/www.ladislavjakl.cz\/index.php?rest_route=\/wp\/v2\/types\/post"}],"author":[{"embeddable":true,"href":"https:\/\/www.ladislavjakl.cz\/index.php?rest_route=\/wp\/v2\/users\/9"}],"replies":[{"embeddable":true,"href":"https:\/\/www.ladislavjakl.cz\/index.php?rest_route=%2Fwp%2Fv2%2Fcomments&post=14060"}],"version-history":[{"count":1,"href":"https:\/\/www.ladislavjakl.cz\/index.php?rest_route=\/wp\/v2\/posts\/14060\/revisions"}],"predecessor-version":[{"id":14061,"href":"https:\/\/www.ladislavjakl.cz\/index.php?rest_route=\/wp\/v2\/posts\/14060\/revisions\/14061"}],"wp:attachment":[{"href":"https:\/\/www.ladislavjakl.cz\/index.php?rest_route=%2Fwp%2Fv2%2Fmedia&parent=14060"}],"wp:term":[{"taxonomy":"category","embeddable":true,"href":"https:\/\/www.ladislavjakl.cz\/index.php?rest_route=%2Fwp%2Fv2%2Fcategories&post=14060"},{"taxonomy":"post_tag","embeddable":true,"href":"https:\/\/www.ladislavjakl.cz\/index.php?rest_route=%2Fwp%2Fv2%2Ftags&post=14060"}],"curies":[{"name":"wp","href":"https:\/\/api.w.org\/{rel}","templated":true}]}}