{"id":14063,"date":"2024-03-09T13:58:37","date_gmt":"2024-03-09T12:58:37","guid":{"rendered":"https:\/\/www.ladislavjakl.cz\/?p=14063"},"modified":"2024-03-09T13:58:37","modified_gmt":"2024-03-09T12:58:37","slug":"jaka-ostuda-fico-byl-zvolen-aby-hlasal-sve-nazory-jakl-uderil-na-fialu-i-novinare","status":"publish","type":"post","link":"https:\/\/www.ladislavjakl.cz\/?p=14063","title":{"rendered":"Jak\u00e1 ostuda? Fico byl zvolen, aby hl\u00e1sal sv\u00e9 n\u00e1zory. Jakl ude\u0159il na Fialu i novin\u00e1\u0159e"},"content":{"rendered":"<p><strong>B\u00fdval\u00fd tajemn\u00edk prezidenta V\u00e1clava Klause Ladislav Jakl se ve sv\u00e9 nejnov\u011bj\u0161\u00ed glose zam\u011b\u0159il na skute\u010dnost, \u017ee \u010desk\u00e1 vl\u00e1da p\u0159eru\u0161ila jedn\u00e1n\u00ed se Slovenskem. \u201eD\u016fvodem jsou v\u00fdroky slovensk\u00e9ho premi\u00e9ra Fica,\u201c zkonstatoval Ladislav Jakl.<\/strong><\/p>\n<p><!--more--><\/p>\n<figure>\n<div class=\"img\"><img loading=\"lazy\" decoding=\"async\" class=\"\" src=\"https:\/\/cms.parlamentnilisty.cz\/image.ashx?w=632&amp;h=307&amp;f=IMG_3151_637665434925716166.jpg&amp;id=161652\" alt=\"Jak\u00e1 ostuda? Fico byl zvolen, aby hl\u00e1sal sv\u00e9 n\u00e1zory. Jakl ude\u0159il na Fialu i novin\u00e1\u0159e\" width=\"430\" height=\"209\"><\/div><figcaption class=\"photo-info\"><small>Foto:&nbsp;<strong>Hans \u0160tembera<\/strong><br \/>\nPopisek:&nbsp;<strong>Ladislav Jakl<\/strong><\/small><\/figcaption><\/figure>\n<p>&nbsp;<\/p>\n<p>&nbsp;<\/p>\n<p>\u201e\u010cesk\u00fd tisk je nad\u0161en, najdeme v n\u011bm titulky typu, \u017ee ostudu pr\u00fd nen\u00ed mo\u017en\u00e9 d\u011blat donekone\u010dna. To slovo \u201aostuda\u2018 je v tomto kontextu p\u0159\u00edzna\u010dn\u00e9 a naprosto z\u00e1sadn\u00ed. Jak m\u016f\u017ee d\u011blat ve\u0159ejn\u00fd \u010dinitel ostudu? T\u0159eba kdy\u017e je p\u0159isti\u017een p\u0159i sexu na ulici s asistentkou vedouc\u00edho zahrani\u010dn\u00edho hosta. Nebo kdy\u017e smrk\u00e1 na recepci do ruk\u00e1vu. Nebo kdy\u017e se vy\u010dur\u00e1 na schodech sv\u00e9ho \u00fa\u0159adu p\u0159i v\u00edt\u00e1n\u00ed delegace. Ale m\u016f\u017ee d\u011blat ostudu t\u00edm, \u017ee \u0159\u00edk\u00e1 sv\u00e9 n\u00e1zory, pro kter\u00e9 byl demokraticky zvolen?\u201c t\u00e1\u017ee se Jakl.<\/p>\n<section class=\"article-content\">\u201eM\u016f\u017ee. Pokud ov\u0161em p\u0159ipust\u00edme, \u017ee hlavn\u00edm posl\u00e1n\u00edm st\u00e1tn\u00edka je b\u00fdt zadob\u0159e s mezin\u00e1rodn\u00ed papal\u00e1\u0161skou komunitou, a ne se sv\u00fdmi voli\u010di. S Ficem je mo\u017eno v mnoh\u00e9m nesouhlasit. T\u0159eba i ost\u0159e. Ale jednu v\u011bc nelze p\u0159i tom zapomenout. Na to, \u017ee jeho v\u00fdroky maj\u00ed legitimitu. Onu legitimitu mu prop\u016fj\u010duje jeho mand\u00e1t,\u201c dod\u00e1v\u00e1.\u201e\u00dapln\u011b stejn\u00e9, ba i ost\u0159ej\u0161\u00ed v\u00fdroky, ne\u017e nad kter\u00fdmi se <a href=\"https:\/\/www.parlamentnilisty.cz\/arena\/nazory-a-petice\/Ladislav-Jakl-Vice-kapru-nez-candatu-751909\" target=\"_blank\" rel=\"noopener\">dnes pohor\u0161uj\u00ed eurokrasoduchov\u00e9,<\/a>&nbsp;hl\u00e1sal Fico po celou dobu sv\u00e9 p\u0159edvolebn\u00ed kampan\u011b. Nebyl zvolen navzdory nim, ale d\u00edky nim. To jeho n\u00e1zory zv\u00edt\u011bzily v kampani. Ne on. N\u011bkte\u0159\u00ed politici mo\u017en\u00e1 z\u00edsk\u00e1vaj\u00ed mand\u00e1t za sv\u016fj plnovous. Ti si pak mohou hl\u00e1sat, cokoli je napadne. Jen se nesm\u011bj\u00ed oholit. Jinak jsou ale politici \u201ajen\u2018 nositeli ur\u010dit\u00fdch postoj\u016f a n\u00e1zor\u016f. Voli\u010di vol\u00ed pr\u00e1v\u011b tyto postoje, ideje a n\u00e1zory. Pokud politik z\u00edsk\u00e1 mand\u00e1t d\u00edky hl\u00e1san\u00fdm n\u00e1zor\u016fm, je to mand\u00e1t ur\u010den\u00fd pr\u00e1v\u011b k tomu, ale je doty\u010dn\u00fd politik hl\u00e1sal d\u00e1l i po sv\u00e9m zvolen\u00ed,\u201c sd\u011blil Jakl.&nbsp;<\/p>\n<p>\u201eSlov\u00e1ci si demokraticky zvolili pr\u00e1v\u011b ty postoje, kter\u00e9 hl\u00e1s\u00e1 Fico. T\u011bmto postoj\u016fm dali p\u0159ednost p\u0159ed jin\u00fdmi. A je jim celkem jedno, jak\u00fd \u00fa\u010des bude m\u00edt ten, kdo je bude hl\u00e1sat. Fico nedostal od voli\u010d\u016f bianco \u0161ek k tomu, aby d\u011blal jakoukoli politiku, hlavn\u011b na p\u0159\u00e1n\u00ed sv\u00fdch zahrani\u010dn\u00edch partner\u016f. Dostal mand\u00e1t k tomu, aby hl\u00e1sal, za co byl zvolen. Kdokoli m\u016f\u017ee jeho v\u00fdroky ost\u0159e odsuzovat. Ale pokud pou\u017eije slovo \u201aostuda\u2018, pak v\u016fbec nech\u00e1pe smysl slova mand\u00e1t,\u201c poznamenal Jakl.<\/p>\n<p>\u201eP\u0159ed v\u00edce ne\u017e 40 lety jsem provozoval takovou hudbu s divadlem. To u\u017e si nikdo nem\u016f\u017ee pamatovat. A jedno z hesel, kter\u00e1 se tam vyk\u0159ikovala, bylo: \u201av\u00edce kapr\u016f ne\u017e cand\u00e1t\u016f, v\u00edc kandid\u00e1t\u016f ne\u017e mand\u00e1t\u016f\u2018. Proto\u017ee tehdy si \u010dlov\u011bk nemohl vybrat, kter\u00fd z kandid\u00e1t\u016f l\u00e9pe h\u00e1j\u00ed jeho z\u00e1jmy. Kandid\u00e1tka byla jedna jedin\u00e1. To u\u017e zase sm\u011b\u0159ujeme ke stejn\u00e9mu stavu? \u017de n\u011bkter\u00e9 n\u00e1zory z politick\u00e9 sout\u011b\u017ee diskvalifikujeme jako nehodn\u00e9 ku hl\u00e1s\u00e1n\u00ed?\u201c zeptal se z\u00e1v\u011brem Jakl.<\/p>\n<p><a href=\"https:\/\/www.parlamentnilisty.cz\/arena\/monitor\/Jaka-ostuda-Fico-byl-zvolen-aby-hlasal-sve-nazory-Jakl-uderil-na-Fialu-i-novinare-751981\">Zdroj<\/a><\/p>\n<\/section>\n","protected":false},"excerpt":{"rendered":"<p>B\u00fdval\u00fd tajemn\u00edk prezidenta V\u00e1clava Klause Ladislav Jakl se ve sv\u00e9 nejnov\u011bj\u0161\u00ed glose zam\u011b\u0159il na skute\u010dnost, \u017ee \u010desk\u00e1 vl\u00e1da p\u0159eru\u0161ila jedn\u00e1n\u00ed se Slovenskem. \u201eD\u016fvodem jsou v\u00fdroky slovensk\u00e9ho premi\u00e9ra Fica,\u201c zkonstatoval Ladislav Jakl.<\/p>\n","protected":false},"author":9,"featured_media":0,"comment_status":"open","ping_status":"open","sticky":false,"template":"","format":"standard","meta":{"ngg_post_thumbnail":0,"footnotes":""},"categories":[11],"tags":[],"class_list":["post-14063","post","type-post","status-publish","format-standard","hentry","category-ozvena"],"_links":{"self":[{"href":"https:\/\/www.ladislavjakl.cz\/index.php?rest_route=\/wp\/v2\/posts\/14063","targetHints":{"allow":["GET"]}}],"collection":[{"href":"https:\/\/www.ladislavjakl.cz\/index.php?rest_route=\/wp\/v2\/posts"}],"about":[{"href":"https:\/\/www.ladislavjakl.cz\/index.php?rest_route=\/wp\/v2\/types\/post"}],"author":[{"embeddable":true,"href":"https:\/\/www.ladislavjakl.cz\/index.php?rest_route=\/wp\/v2\/users\/9"}],"replies":[{"embeddable":true,"href":"https:\/\/www.ladislavjakl.cz\/index.php?rest_route=%2Fwp%2Fv2%2Fcomments&post=14063"}],"version-history":[{"count":1,"href":"https:\/\/www.ladislavjakl.cz\/index.php?rest_route=\/wp\/v2\/posts\/14063\/revisions"}],"predecessor-version":[{"id":14064,"href":"https:\/\/www.ladislavjakl.cz\/index.php?rest_route=\/wp\/v2\/posts\/14063\/revisions\/14064"}],"wp:attachment":[{"href":"https:\/\/www.ladislavjakl.cz\/index.php?rest_route=%2Fwp%2Fv2%2Fmedia&parent=14063"}],"wp:term":[{"taxonomy":"category","embeddable":true,"href":"https:\/\/www.ladislavjakl.cz\/index.php?rest_route=%2Fwp%2Fv2%2Fcategories&post=14063"},{"taxonomy":"post_tag","embeddable":true,"href":"https:\/\/www.ladislavjakl.cz\/index.php?rest_route=%2Fwp%2Fv2%2Ftags&post=14063"}],"curies":[{"name":"wp","href":"https:\/\/api.w.org\/{rel}","templated":true}]}}