{"id":14073,"date":"2024-03-14T14:10:16","date_gmt":"2024-03-14T13:10:16","guid":{"rendered":"https:\/\/www.ladislavjakl.cz\/?p=14073"},"modified":"2024-03-14T14:10:16","modified_gmt":"2024-03-14T13:10:16","slug":"tiskova-zprava-ze-4-zasedani-rady-konaneho-dne-12-3-2024","status":"publish","type":"post","link":"https:\/\/www.ladislavjakl.cz\/?p=14073","title":{"rendered":"Tiskov\u00e1 zpr\u00e1va ze 4. zased\u00e1n\u00ed Rady, konan\u00e9ho dne 12. 3. 2024"},"content":{"rendered":"<p>Rada pro rozhlasov\u00e9 a televizn\u00ed vys\u00edl\u00e1n\u00ed (d\u00e1le jen &#8222;Rada&#8220;) na sv\u00e9m 4. zased\u00e1n\u00ed projednala 56 bod\u016f<br \/>\nprogramu. Vyhodnotila 24 st\u00ed\u017enost\u00ed div\u00e1k\u016f a poslucha\u010d\u016f, vydala \u0161est upozorn\u011bn\u00ed na poru\u0161en\u00ed<br \/>\nz\u00e1kona, rozhodla o zah\u00e1jen\u00ed jednoho spr\u00e1vn\u00edho \u0159\u00edzen\u00ed.<\/p>\n<p><!--more--><br \/>\nRada na sv\u00e9m 4. zased\u00e1n\u00ed ud\u011blila celkem \u010dty\u0159i licence k provozov\u00e1n\u00ed vys\u00edl\u00e1n\u00ed, a to jednu licenci<br \/>\nspole\u010dnosti AMC Networks Central Europe s.r.o. k provozov\u00e1n\u00ed televizn\u00edho vys\u00edl\u00e1n\u00ed programu FILM<br \/>\nMANIA ROMANIA, \u0161\u00ed\u0159en\u00e9ho prost\u0159ednictv\u00edm zvl\u00e1\u0161tn\u00edch p\u0159enosov\u00fdch syst\u00e9m\u016f, jednu licenci fyzick\u00e9<br \/>\nosob\u011b Pavel Kalista k provozov\u00e1n\u00ed televizn\u00edho vys\u00edl\u00e1n\u00ed programu Televize FILMpro, \u0161\u00ed\u0159en\u00e9ho<br \/>\nprost\u0159ednictv\u00edm vys\u00edla\u010d\u016f a dv\u011b licence spole\u010dnosti FTV Prima, spol. s.r.o. k provozov\u00e1n\u00ed televizn\u00edho<br \/>\nvys\u00edl\u00e1n\u00ed program\u016f Prima love SK a Prima COOL SK, \u0161\u00ed\u0159en\u00fdch prost\u0159ednictv\u00edm dru\u017eice.<br \/>\nPodrobn\u011bj\u0161\u00ed informace naleznete v p\u0159episech usnesen\u00ed Rady:<br \/>\nROZHLASOV\u00c9 VYS\u00cdL\u00c1N\u00cd<br \/>\n&#8211; Rada se sezn\u00e1mila s p\u0159edb\u011b\u017enou koordinac\u00ed spo\u010d\u00edvaj\u00edc\u00ed ve stanoven\u00ed po\u010dtu obyvatel \u010cR<br \/>\npokryt\u00fdch sign\u00e1lem a \u00fazemn\u00edm rozsahem vys\u00edl\u00e1n\u00ed p\u0159ed zm\u011bnou a po zm\u011bn\u011b stanovi\u0161t\u011b kmito\u010dtu<br \/>\nPraha Strahov I 90,3 MHz \/ 5 kW, \u017eadatele 4S PRODUCTION, a.s., I\u010c: 25113054 se s\u00eddlem<br \/>\nRadlick\u00e1 3294\/10, Sm\u00edchov, 150 00 Praha 5, program EXPRES FM (licence \u010d.j.: Ru\/137\/01) a<br \/>\nsouhlas\u00ed s dokon\u010den\u00edm p\u0159edm\u011btn\u00e9 koordinace.<br \/>\n&#8211; Rada se sezn\u00e1mila s p\u0159edb\u011b\u017enou koordinac\u00ed spo\u010d\u00edvaj\u00edc\u00ed ve stanoven\u00ed po\u010dtu obyvatel \u010cR<br \/>\npokryt\u00fdch sign\u00e1lem a \u00fazemn\u00edm rozsahem vys\u00edl\u00e1n\u00ed p\u0159ed zm\u011bnou a po zm\u011bn\u011b stanovi\u0161t\u011b kmito\u010dtu<br \/>\nPraha Strahov 101,1 MHz \/ 3 kW, \u017eadatele Radio Prostor s.r.o., I\u010c: 25616803, se s\u00eddlem K\u0159\u00ed\u017eov\u00e1<br \/>\n2598\/4, Sm\u00edchov, 150 00 Praha 5, program Radio Prostor (licence \u010d.j.: Ru\/193\/98) a souhlas\u00ed s<br \/>\ndokon\u010den\u00edm p\u0159edm\u011btn\u00e9 koordinace.<br \/>\n&#8211; Rada se sezn\u00e1mila s p\u0159edb\u011b\u017enou koordinac\u00ed spo\u010d\u00edvaj\u00edc\u00ed ve stanoven\u00ed po\u010dtu obyvatel \u010cR<br \/>\npokryt\u00fdch sign\u00e1lem a \u00fazemn\u00edm rozsahem vys\u00edl\u00e1n\u00ed p\u0159ed zm\u011bnou a po zm\u011bn\u011b stanovi\u0161t\u011b kmito\u010dtu<br \/>\nPraha Strahov 103,7 MHz \/ 1 kW, \u017eadatele MEDIA BOHEMIA a.s., I\u010c: 26765586, se s\u00eddlem<br \/>\nB\u011blehradsk\u00e1 299\/132, Vinohrady, 120 00 Praha 2, program Rock Radio (licence sp.zn.:<br \/>\n2019\/341\/zab) a souhlas\u00ed s dokon\u010den\u00edm p\u0159edm\u011btn\u00e9 koordinace.<br \/>\n&#8211; Rada v r\u00e1mci sv\u00e9 kompetence dan\u00e9 ustanoven\u00edm \u00a7 5 p\u00edsm. b) a v souladu s \u00a7 21 odst. 1 p\u00edsm.<br \/>\nb) a odst. 3 z\u00e1kona \u010d. 231\/2001 Sb. p\u0159ijala ve v\u011bci \u017e\u00e1dosti provozovatele RADIO UNITED<br \/>\nBROADCASTING s.r.o., I\u010c: 29131901, se s\u00eddlem Vinohradsk\u00e1 3217\/167, Praha 10, PS\u010c 100 00,<br \/>\no zm\u011bnu skute\u010dnost\u00ed uveden\u00fdch v \u017e\u00e1dosti o licenci k provozov\u00e1n\u00ed rozhlasov\u00e9ho vys\u00edl\u00e1n\u00ed programu<br \/>\nKISS (licence \u010d.j.: Ru\/117\/01), a to o zm\u011bn\u011b \u00fazemn\u00edho rozsahu vys\u00edl\u00e1n\u00ed a souboru technick\u00fdch<br \/>\nparametr\u016f spo\u010d\u00edvaj\u00edc\u00ed ve zm\u011bn\u011b kmito\u010dtu a korekci sou\u0159adnic stanovi\u0161t\u011b Mohelnice 97,8 MHz \/<br \/>\n200 W, toto rozhodnut\u00ed: Rada ud\u011bluje provozovateli RADIO UNITED BROADCASTING s.r.o., I\u010c:<br \/>\n29131901, se s\u00eddlem Vinohradsk\u00e1 3217\/167, Praha 10, PS\u010c 100 00, souhlas se zm\u011bnou<br \/>\nskute\u010dnost\u00ed uveden\u00fdch v \u017e\u00e1dosti o licenci k provozov\u00e1n\u00ed rozhlasov\u00e9ho vys\u00edl\u00e1n\u00ed prost\u0159ednictv\u00edm<br \/>\nvys\u00edla\u010d\u016f, program KISS (licence \u010d.j.: Ru\/117\/01), a to o zm\u011bn\u011b \u00fazemn\u00edho rozsahu vys\u00edl\u00e1n\u00ed a<br \/>\nsouboru technick\u00fdch parametr\u016f spo\u010d\u00edvaj\u00edc\u00ed ve zm\u011bn\u011b kmito\u010dtu a korekci sou\u0159adnic stanovi\u0161t\u011b<br \/>\nMohelnice 97,8 MHz \/ 200 W na kmito\u010det a stanovi\u0161t\u011b Mohelnice 2 96,2 MHz \/ 200 W, sou\u0159adnice<br \/>\nWGS 84: 16 53 16 \/ 49 46 54- Rada v r\u00e1mci sv\u00e9 kompetence dan\u00e9 ustanoven\u00edm \u00a7 5 p\u00edsm.<\/p>\n<p>b) a v souladu s \u00a7 21 odst. 1 p\u00edsm. b)<br \/>\na odst. 3 z\u00e1kona \u010d. 231\/2001 Sb. p\u0159ijala ve v\u011bci \u017e\u00e1dosti provozovatele Josefa T\u00fdce, I\u010c: 03299805,<br \/>\nse s\u00eddlem Palack\u00e9ho 26, Blatn\u00e1, PS\u010c 388 01, o zm\u011bnu skute\u010dnost\u00ed uveden\u00fdch v \u017e\u00e1dosti o licenci<br \/>\nk provozov\u00e1n\u00ed rozhlasov\u00e9ho vys\u00edl\u00e1n\u00ed programu R\u00c1DIO OTAVA (licence sp.zn.:<br \/>\nRRTV\/2022\/754\/zab), a to o zm\u011bn\u011b \u00fazemn\u00edho rozsahu vys\u00edl\u00e1n\u00ed a souboru technick\u00fdch parametr\u016f<br \/>\nspo\u010d\u00edvaj\u00edc\u00ed ve zm\u011bn\u011b stanovi\u0161t\u011b kmito\u010dtu Su\u0161ice 4 106,2 MHz \/ 50 W, toto rozhodnut\u00ed: Rada ud\u011bluje<br \/>\nprovozovateli Josefu T\u00fdcovi, I\u010c: 03299805, se s\u00eddlem Palack\u00e9ho 26, Blatn\u00e1, PS\u010c 388 01, souhlas<br \/>\nse zm\u011bnou skute\u010dnost\u00ed uveden\u00fdch v \u017e\u00e1dosti o licenci k provozov\u00e1n\u00ed rozhlasov\u00e9ho vys\u00edl\u00e1n\u00ed<br \/>\nprost\u0159ednictv\u00edm vys\u00edla\u010d\u016f, program R\u00c1DIO OTAVA (licence sp.zn.: RRTV\/2022\/754\/zab), a to o<br \/>\nzm\u011bn\u011b \u00fazemn\u00edho rozsahu vys\u00edl\u00e1n\u00ed a souboru technick\u00fdch parametr\u016f spo\u010d\u00edvaj\u00edc\u00ed ve zm\u011bn\u011b<br \/>\nstanovi\u0161t\u011b kmito\u010dtu Su\u0161ice 4 106,2 MHz \/ 50 W na stanovi\u0161t\u011b Su\u0161ice 5 106,2 MHz \/ 50 W,<br \/>\nsou\u0159adnice WGS 84: 13 30 59 \/ 49 15 03.<br \/>\n&#8211; Rada ud\u011bluje provozovateli LONDA spol. s r. o., I\u010c: 492 41 931, se s\u00eddlem Na p\u0159\u00edkop\u011b 859\/22,<br \/>\nPS\u010c 110 00 Praha, souhlas se zm\u011bnou skute\u010dnost\u00ed uveden\u00fdch v \u017e\u00e1dosti o licenci k provozov\u00e1n\u00ed<br \/>\nrozhlasov\u00e9ho vys\u00edl\u00e1n\u00ed programu R\u00c1DIO IMPULS (licence \u010d.j. Ru\/194\/98\/1904 ze dne 9.6.1998)<br \/>\npodle ustanoven\u00ed \u00a7 21 odst. 1 p\u00edsm. d) z\u00e1kona \u010d. 231\/2001 Sb., spo\u010d\u00edvaj\u00edc\u00ed ve zm\u011bn\u011b licen\u010dn\u00edch<br \/>\npodm\u00ednek programu, nebo\u0165 tato zm\u011bna by nevedla k neud\u011blen\u00ed licence na z\u00e1klad\u011b ve\u0159ejn\u00e9ho<br \/>\nsly\u0161en\u00ed.<br \/>\n&#8211; Rada ud\u011bluje spole\u010dnosti JUKE BOX, spol. s r. o., I\u010c: 253 96 676, se s\u00eddlem Karla Svobody<br \/>\n130\/95, PS\u010c 725 27 Ostrava, transforma\u010dn\u00ed licenci k provozov\u00e1n\u00ed rozhlasov\u00e9ho vys\u00edl\u00e1n\u00ed<br \/>\nprost\u0159ednictv\u00edm vys\u00edla\u010d\u016f podle \u010dl\u00e1nku II z\u00e1kona \u010d. 196\/2009 Sb., kter\u00fdm se m\u011bn\u00ed z\u00e1kon \u010d. 231\/2001<br \/>\nSb., pro program Radio \u010cas Rock (licence sp. zn. RRTV\/2023\/324\/zab ze dne 5.9.2023) se<br \/>\nsouborem technick\u00fdch parametr\u016f Brno Barvi\u010dova 95,9 MHz \/ 0,05 kW; Drysice 88,6 MHz \/ 0,05<br \/>\nkW; Holubice 96,1 MHz \/ 0,05 kW; Horn\u00ed Her\u0161pice 94,1 MHz \/ 0,05 kW; Jav\u016frek 94,2 MHz \/ 0,05<br \/>\nkW; K\u0159epice 94,2 MHz \/ 0,05 kW; Mikulov 94,2 MHz \/ 0,05 kW; Slav\u00ed\u010d 90,2 MHz \/ 0,05 kW; Vy\u0161kov<br \/>\n91,9 MHz \/ 0,05 kW. Transforma\u010dn\u00ed licence nezanikne d\u0159\u00edve, ne\u017e uplynut\u00edm t\u0159\u00ed let ode dne p\u0159echodu<br \/>\nna zemsk\u00e9 digit\u00e1ln\u00ed rozhlasov\u00e9 vys\u00edl\u00e1n\u00ed v n\u00e1vaznosti na postup vl\u00e1dy podle ustanoven\u00ed \u010d\u00e1sti prvn\u00ed,<br \/>\n\u010dl\u00e1nku II, odst. 9 z\u00e1kona \u010d. 196\/2009 Sb., kter\u00fdm se m\u011bn\u00ed z\u00e1kon \u010d. 231\/2001 Sb.<br \/>\n&#8211; Rada ud\u011bluje spole\u010dnosti JUKE BOX, spol. s r. o., I\u010c: 253 96 676, se s\u00eddlem Karla Svobody<br \/>\n130\/95, PS\u010c 725 27 Ostrava, transforma\u010dn\u00ed licenci k provozov\u00e1n\u00ed rozhlasov\u00e9ho vys\u00edl\u00e1n\u00ed<br \/>\nprost\u0159ednictv\u00edm vys\u00edla\u010d\u016f podle \u010dl\u00e1nku II z\u00e1kona \u010d. 196\/2009 Sb., kter\u00fdm se m\u011bn\u00ed z\u00e1kon \u010d. 231\/2001<br \/>\nSb., pro program Radio \u010cas (licence sp. zn. RRTV\/2023\/325\/zab ze dne 5.9.2023) se souborem<br \/>\ntechnick\u00fdch parametr\u016f Jihlava Rudn\u00fd 99,4 MHz \/ 0,8 kW; M\u011b\u0159\u00edn 94,7 MHz \/ 0,05 kW; Velk\u00e1 B\u00edte\u0161<br \/>\n101,0 MHz \/ 0,05 kW. Transforma\u010dn\u00ed licence nezanikne d\u0159\u00edve, ne\u017e uplynut\u00edm t\u0159\u00ed let ode dne<br \/>\np\u0159echodu na zemsk\u00e9 digit\u00e1ln\u00ed rozhlasov\u00e9 vys\u00edl\u00e1n\u00ed v n\u00e1vaznosti na postup vl\u00e1dy podle ustanoven\u00ed<br \/>\n\u010d\u00e1sti prvn\u00ed, \u010dl\u00e1nku II, odst. 9 z\u00e1kona \u010d. 196\/2009 Sb., kter\u00fdm se m\u011bn\u00ed z\u00e1kon \u010d. 231\/2001 Sb.<br \/>\n&#8211; Rada vyhla\u0161uje licen\u010dn\u00ed \u0159\u00edzen\u00ed k provozov\u00e1n\u00ed rozhlasov\u00e9ho vys\u00edl\u00e1n\u00ed prost\u0159ednictv\u00edm vys\u00edla\u010d\u016f se<br \/>\nsoubory technick\u00fdch parametr\u016f Klimkovice 88,6 MHz \/ 50 W, sou\u0159adnice WGS 84: 18 09 39 \/<br \/>\n4947 59 a T\u0159inec I 106,5 MHz \/ 50 W, sou\u0159adnice WGS 84: 18 40 23 \/ 49 40 04 se lh\u016ftou pro<br \/>\ndoru\u010den\u00ed \u017e\u00e1dost\u00ed do 11. dubna 2024.<br \/>\n&#8211; Rada se sezn\u00e1mila s anal\u00fdzou programu DANCE RADIO provozovatele MAX LOYD, s.r.o., ze<br \/>\n\u010dtvrtka 1.2. 2024 od 00:00 do 24:00 hodin a shledala, \u017ee vys\u00edl\u00e1n\u00ed bylo v souladu se z\u00e1konem o<br \/>\nrozhlasov\u00e9m a televizn\u00edm vys\u00edl\u00e1n\u00ed a v souladu s platn\u00fdmi licen\u010dn\u00edmi podm\u00ednkami<br \/>\n&#8211; Rada se sezn\u00e1mila s anal\u00fdzami obchodn\u00edch sd\u011blen\u00ed odvys\u00edlan\u00fdch provozovateli MEDIA<br \/>\nBOHEMIA a.s. (program Fajn radio; Praha 97,2 MHz) dne 12. \u00fanora 2024, Frekvence 1 a.s.<br \/>\n(program Frekvence 1; Praha 102,5 MHz) dne 12. \u00fanora 2024, JOE MEDIA s.r.o. (program HEY<br \/>\nRadio; Praha 101,6 MHz) dne 12. \u00fanora 2024, MEDIA BOHEMIA a.s. (program Hitr\u00e1dio City 93,7<br \/>\nFM; Praha 93,7 MHz) dne 12. \u00fanora 2024.- Rada se sezn\u00e1mila s ozn\u00e1men\u00edm provozovatele<\/p>\n<p>RADIO PROGLAS s.r.o., I\u010c: 49435001, se<br \/>\ns\u00eddlem Olomouck\u00e1 3419\/7, \u017didenice, 618 00 Brno, doru\u010den\u00fdm dne 2.2.2024 pod \u010d.j<br \/>\nRRTV\/1653\/2024-vra, spo\u010d\u00edvaj\u00edc\u00edm v informaci o v\u00fdluk\u00e1ch vys\u00edl\u00e1n\u00ed programu Radio Proglas za<br \/>\nm\u011bs\u00edc leden 2024. Rada pro rozhlasov\u00e9 a televizn\u00ed vys\u00edl\u00e1n\u00ed se sezn\u00e1mila s ozn\u00e1men\u00edm<br \/>\nprovozovatele RFE\/RL, lne., I\u010c: 61389269, od\u0161t\u011bpn\u00fd z\u00e1vod, se s\u00eddlem Vinohradsk\u00e1 159a, 100 00,<br \/>\nPraha 10, doru\u010den\u00fdm dne 13.2.2024 \u010d.j. RRTV\/2274\/2024-vra, spo\u010d\u00edvaj\u00edc\u00edm v informaci o zm\u011bn\u011b<br \/>\nbydli\u0161t\u011b vedouc\u00ed od\u0161t\u011bpn\u00e9ho z\u00e1vodu a zm\u011bn\u011b u jednaj\u00edc\u00edch osob americk\u00e9 pr\u00e1vnick\u00e9 osoby.<br \/>\n&#8211; Rada se sezn\u00e1mila se st\u00ed\u017enost\u00ed (\u010d. j. RRTV\/2211\/2024-vra) poslucha\u010de na obsah vys\u00edl\u00e1n\u00ed<br \/>\nprogram\u016f \u010cesk\u00e9ho rozhlasu. Rada se sezn\u00e1mila se st\u00ed\u017enost\u00ed (\u010d. j. RRTV\/2474\/2024-vra)<br \/>\nposlucha\u010de na obsah vys\u00edl\u00e1n\u00ed program\u016f \u010cesk\u00e9ho rozhlasu. Rada se sezn\u00e1mila s dopisem (\u010d. j.<br \/>\nRRTV\/2162\/2024-vra) od Rady \u010cesk\u00e9ho rozhlasu, kter\u00fd obsahuje odpov\u011b\u010f p\u0159edsedy Rady \u010cRo<br \/>\nna st\u00ed\u017enost l\u00e9ka\u0159\u016f Dermatovenerologick\u00e9ho odd\u011blen\u00ed FN Motol, kter\u00e1 byla Rad\u011b \u010cRo postoupena<br \/>\nna z\u00e1klad\u011b rozhodnut\u00ed z 21. zased\u00e1n\u00ed v roce 2023.<br \/>\nTELEVIZN\u00cd VYS\u00cdL\u00c1N\u00cd<br \/>\n&#8211; Rada ud\u011bluje spole\u010dnosti AMC Networks Central Europe s.r.o., I\u010c: 27112501, se s\u00eddlem<br \/>\nPob\u0159e\u017en\u00ed 620\/3, Praha 8 Karl\u00edn, 186 00, podle \u00a7 25 z\u00e1kona \u010d. 231\/2001 Sb., licenci k provozov\u00e1n\u00ed<br \/>\ntelevizn\u00edho vys\u00edl\u00e1n\u00ed \u0161\u00ed\u0159en\u00e9ho prost\u0159ednictv\u00edm zvl\u00e1\u0161tn\u00edch p\u0159enosov\u00fdch syst\u00e9m\u016f na dobu 12 let,<br \/>\nozna\u010den\u00ed (n\u00e1zev) programu: FILM MANIA ROMANIA; z\u00e1kladn\u00ed programov\u00e1 specifikace: Filmy a<br \/>\nseri\u00e1ly klasick\u00e9 a televizn\u00ed kinematografie v\u0161ech \u017e\u00e1nr\u016f vyroben\u00e9 p\u0159ev\u00e1\u017en\u011b ve Spojen\u00fdch st\u00e1tech<br \/>\namerick\u00fdch, sekund\u00e1rn\u011b v Evrop\u011b, Asii a dal\u0161\u00edch \u010d\u00e1stech sv\u011bta; \u010dasov\u00fd rozsah vys\u00edl\u00e1n\u00ed: 24 hodin<br \/>\ndenn\u011b; v\u00fd\u010det st\u00e1t\u016f, na jejich\u017e \u00fazem\u00ed m\u00e1 b\u00fdt vys\u00edl\u00e1n\u00ed zcela nebo p\u0159ev\u00e1\u017en\u011b sm\u011b\u0159ov\u00e1no: Rumunsko;<br \/>\nhlavn\u00ed jazyk vys\u00edl\u00e1n\u00ed: rumunsk\u00fd jazyk; v rozsahu dle \u017e\u00e1dosti doru\u010den\u00e9 dne 5. \u00fanora 2024, \u010d.j.<br \/>\nRRTV\/1629\/2024-vra.<br \/>\n&#8211; Rada ud\u011bluje fyzick\u00e9 osob\u011b Pavel Kalista, I\u010c 641 81 871, bytem Radinovy 39, 339 01 Vrhave\u010d,<br \/>\ndle \u00a7 25 z\u00e1kona \u010d. 231\/2001 Sb., licenci k provozov\u00e1n\u00ed m\u00edstn\u00edho zemsk\u00e9ho digit\u00e1ln\u00edho televizn\u00edho<br \/>\nvys\u00edl\u00e1n\u00ed \u0161\u00ed\u0159en\u00e9ho prost\u0159ednictv\u00edm vys\u00edla\u010d\u016f na 12 let; ozna\u010den\u00ed (n\u00e1zev) programu: Televize<br \/>\nFILMpro; z\u00e1kladn\u00ed programov\u00e1 specifikace: Program informa\u010dn\u011b-z\u00e1bavn\u00edho charakteru s<br \/>\nregion\u00e1ln\u00edm zam\u011b\u0159en\u00edm; \u00fazemn\u00ed rozsah vys\u00edl\u00e1n\u00ed: Klatovsko, v souladu se stanoviskem \u010cesk\u00e9ho<br \/>\ntelekomunika\u010dn\u00edho \u00fa\u0159adu \u010d.j. \u010cT\u00da-3 619\/2024-613, dle p\u0159ilo\u017een\u00e9ho diagramu vyu\u017eit\u00ed r\u00e1diov\u00fdch<br \/>\nkmito\u010dt\u016f; hlavn\u00ed jazyk vys\u00edl\u00e1n\u00ed: \u010desk\u00fd jazyk; \u010dasov\u00fd rozsah vys\u00edl\u00e1n\u00ed: 24 hodin denn\u011b; v rozsahu<br \/>\n\u017e\u00e1dosti doru\u010den\u00e9 Rad\u011b dne 12. ledna 2024 pod \u010d.j. RRTV\/864\/2024-vra, ve zn\u011bn\u00ed up\u0159esn\u011bn\u00ed ze<br \/>\ndne 19. ledna 2024 a 12. \u00fanora 2024, \u010d.j. RRTV\/1110\/2024-vra a \u010d.j. RRTV\/2258\/2024-vac.<br \/>\n&#8211; Rada informuje podle \u00a7 18 odst. 6 z\u00e1kona \u010d. 231\/2001 Sb., regula\u010dn\u00ed org\u00e1n \u010dlensk\u00e9ho st\u00e1tu<br \/>\nEvropsk\u00e9 unie, na jeho\u017e \u00fazem\u00ed je televizn\u00ed vys\u00edl\u00e1n\u00ed zcela nebo p\u0159ev\u00e1\u017en\u011b sm\u011b\u0159ov\u00e1no, tj. Rumunsko,<br \/>\no ud\u011blen\u00ed licence spole\u010dnosti AMC Networks Central Europe s.r.o., I\u010c: 27112501, se s\u00eddlem<br \/>\nPob\u0159e\u017en\u00ed 620\/3, Praha 8 Karl\u00edn, 186 00, k televizn\u00edmu vys\u00edl\u00e1n\u00ed programu FILM MANIA ROMANIA<br \/>\n\u0161\u00ed\u0159en\u00e9m prost\u0159ednictv\u00edm zvl\u00e1\u0161tn\u00edch p\u0159enosov\u00fdch syst\u00e9m\u016f se z\u00e1kladn\u00ed programovou specifikac\u00ed:<br \/>\nFilmy a seri\u00e1ly klasick\u00e9 a televizn\u00ed kinematografie v\u0161ech \u017e\u00e1nr\u016f vyroben\u00e9 p\u0159ev\u00e1\u017en\u011b ve Spojen\u00fdch<br \/>\nst\u00e1tech americk\u00fdch, sekund\u00e1rn\u011b v Evrop\u011b, Asii a dal\u0161\u00edch \u010d\u00e1stech sv\u011bta.<br \/>\n&#8211; Rada ud\u011bluje pr\u00e1vnick\u00e9 osob\u011b, spole\u010dnosti FTV Prima, spol. s r.o., I\u010c: 481 15 908, se s\u00eddlem<br \/>\nVinohradsk\u00e1 3217\/167, Stra\u0161nice, 100 00 Praha 10, dle \u00a7 25 z\u00e1kona \u010d. 231\/2001 Sb., licenci k<br \/>\nprovozov\u00e1n\u00ed televizn\u00edho vys\u00edl\u00e1n\u00ed \u0161\u00ed\u0159en\u00e9ho prost\u0159ednictv\u00edm dru\u017eice na 12 let; ozna\u010den\u00ed (n\u00e1zev)<br \/>\nprogramu: Prima love SK; z\u00e1kladn\u00ed programov\u00e1 specifikace: Tematick\u00fd program zam\u011b\u0159en\u00fd na<br \/>\narchivn\u00ed vlastn\u00ed tvorbu provozovatele vys\u00edl\u00e1n\u00ed. V\u00fd\u010det p\u0159eva\u017euj\u00edc\u00edch \u017e\u00e1nr\u016f: dramatick\u00e1 tvorba, r\u016fzn\u00e9<br \/>\nform\u00e1ty z\u00e1bavn\u00edch po\u0159ad\u016f; v\u00fd\u010det st\u00e1t\u016f, na jejich\u017e \u00fazem\u00ed m\u00e1 b\u00fdt vys\u00edl\u00e1n\u00ed zcela nebo p\u0159ev\u00e1\u017en\u011b<br \/>\nsm\u011b\u0159ov\u00e1no: Slovensk\u00e1 republika; hlavn\u00ed jazyk vys\u00edl\u00e1n\u00ed: \u010desk\u00fd jazyk; \u010dasov\u00fd rozsah vys\u00edl\u00e1n\u00ed: 16 a\u017e<br \/>\n24 hodin denn\u011b; v rozsahu \u017e\u00e1dosti ze dne 6. \u00fanora 2024, \u010d.j.: RRTV\/1639\/2024-vra, ve zn\u011bn\u00ed<br \/>\ndopln\u011bn\u00ed \u017e\u00e1dosti ze dne 28. \u00fanora 2024, \u010d.j.: RRTV\/3008\/2024-vra. Rada informuje<\/p>\n<p>regula\u010dn\u00ed org\u00e1n \u010dlensk\u00fdch st\u00e1t\u016f Evropsk\u00e9 unie, na jeho\u017e \u00fazem\u00ed je televizn\u00ed<br \/>\nvys\u00edl\u00e1n\u00ed zcela nebo p\u0159ev\u00e1\u017en\u011b sm\u011b\u0159ov\u00e1no, tj. Slovenskou republiku o ud\u011blen\u00ed licence spole\u010dnosti<br \/>\nFTV Prima, spol. s r.o., I\u010c: 481 15 908, se s\u00eddlem Vinohradsk\u00e1 3217\/167, Stra\u0161nice, 100 00 Praha<br \/>\n10, k televizn\u00edmu vys\u00edl\u00e1n\u00ed programu Prima love SK, \u0161\u00ed\u0159en\u00e9ho prost\u0159ednictv\u00edm dru\u017eice se z\u00e1kladn\u00ed<br \/>\nprogramovou specifikac\u00ed: Tematick\u00fd program zam\u011b\u0159en\u00fd na archivn\u00ed vlastn\u00ed tvorbu provozovatele<br \/>\nvys\u00edl\u00e1n\u00ed. V\u00fd\u010det p\u0159eva\u017euj\u00edc\u00edch \u017e\u00e1nr\u016f: dramatick\u00e1 tvorba, r\u016fzn\u00e9 form\u00e1ty z\u00e1bavn\u00edch po\u0159ad\u016f.<br \/>\n&#8211; Rada ud\u011bluje pr\u00e1vnick\u00e9 osob\u011b, spole\u010dnosti FTV Prima, spol. s r.o., I\u010c: 481 15 908, se s\u00eddlem<br \/>\nVinohradsk\u00e1 3217\/167, Stra\u0161nice, 100 00 Praha 10, dle \u00a7 25 z\u00e1kona \u010d. 231\/2001 Sb., licenci k<br \/>\nprovozov\u00e1n\u00ed televizn\u00edho vys\u00edl\u00e1n\u00ed \u0161\u00ed\u0159en\u00e9ho prost\u0159ednictv\u00edm dru\u017eice na 12 let; ozna\u010den\u00ed (n\u00e1zev)<br \/>\nprogramu: Prima COOL SK; z\u00e1kladn\u00ed programov\u00e1 specifikace: Tematick\u00fd program zam\u011b\u0159en\u00fd<br \/>\np\u0159ev\u00e1\u017en\u011b na vlastn\u00ed tvorbu provozovatele vys\u00edl\u00e1n\u00ed. V\u00fd\u010det p\u0159eva\u017euj\u00edc\u00edch \u017e\u00e1nr\u016f: dramatick\u00e1 tvorba,<br \/>\nr\u016fzn\u00e9 form\u00e1ty z\u00e1bavn\u00edch po\u0159ad\u016f; v\u00fd\u010det st\u00e1t\u016f, na jejich\u017e \u00fazem\u00ed m\u00e1 b\u00fdt vys\u00edl\u00e1n\u00ed zcela nebo p\u0159ev\u00e1\u017en\u011b<br \/>\nsm\u011b\u0159ov\u00e1no: Slovensk\u00e1 republika; hlavn\u00ed jazyk vys\u00edl\u00e1n\u00ed: \u010desk\u00fd jazyk; \u010dasov\u00fd rozsah vys\u00edl\u00e1n\u00ed: 16 a\u017e<br \/>\n24 hodin denn\u011b; v rozsahu \u017e\u00e1dosti ze dne 6. \u00fanora 2024, \u010d.j.: RRTV\/1640\/2024-vra, ve zn\u011bn\u00ed<br \/>\ndopln\u011bn\u00ed \u017e\u00e1dosti ze dne 28. \u00fanora 2024, \u010d.j.: RRTV\/3009\/2024-vra.<br \/>\n&#8211; Rada informuje regula\u010dn\u00ed org\u00e1n \u010dlensk\u00e9ho st\u00e1tu Evropsk\u00e9 unie, na jeho\u017e \u00fazem\u00ed je televizn\u00ed<br \/>\nvys\u00edl\u00e1n\u00ed zcela nebo p\u0159ev\u00e1\u017en\u011b sm\u011b\u0159ov\u00e1no, tj. Slovenskou republiku o ud\u011blen\u00ed licence spole\u010dnosti<br \/>\nFTV Prima, spol. s r.o., I\u010c: 481 15 908, se s\u00eddlem Vinohradsk\u00e1 3217\/167, Stra\u0161nice, 100 00 Praha<br \/>\n10, k televizn\u00edmu vys\u00edl\u00e1n\u00ed programu Prima COOL SK, \u0161\u00ed\u0159en\u00e9ho prost\u0159ednictv\u00edm dru\u017eice se z\u00e1kladn\u00ed<br \/>\nprogramovou specifikac\u00ed: Tematick\u00fd program zam\u011b\u0159en\u00fd p\u0159ev\u00e1\u017en\u011b na vlastn\u00ed tvorbu provozovatele<br \/>\nvys\u00edl\u00e1n\u00ed. V\u00fd\u010det p\u0159eva\u017euj\u00edc\u00edch \u017e\u00e1nr\u016f: dramatick\u00e1 tvorba, r\u016fzn\u00e9 form\u00e1ty z\u00e1bavn\u00edch po\u0159ad\u016f.<br \/>\n&#8211; Rada ud\u011bluje provozovateli, spole\u010dnosti FTV Prima, spol. s.r.o., I\u010c: 481 15 908, se s\u00eddlem<br \/>\nVinohradsk\u00e1 3217\/167, Praha 10, Stra\u0161nice, 100 00, souhlas se zm\u011bnou skute\u010dnost\u00ed uveden\u00fdch v<br \/>\n\u017e\u00e1dosti o licenci, \u010d.j. RRTV\/3471\/2016-SPM, sp.zn. 2016\/930\/SPM\/FTV ze dne 22. listopadu 2016,<br \/>\npodle \u00a7 21 odst. 1 p\u00edsm. a) z\u00e1kona \u010d. 231\/2001 Sb., spo\u010d\u00edvaj\u00edc\u00ed ve zm\u011bn\u011b: ozna\u010den\u00ed n\u00e1zvu<br \/>\nprogramu z Prima Plus na Prima SK dle \u017e\u00e1dosti ze dne 27. \u00fanora 2024, \u010d.j. RRTV\/2568\/2024-vra.<br \/>\n&#8211; Rada ud\u011bluje provozovateli, spole\u010dnosti KATRO SERVIS, spol. s r.o., I\u010c: 150 43 355 se s\u00eddlem<br \/>\nPlyn\u00e1rensk\u00e1 671, Kol\u00edn IV, 280 02 Kol\u00edn, souhlas podle \u00a7 21 odst. 1 p\u00edsm. c) a d) z\u00e1kona<br \/>\n\u010d. 231\/2001 Sb., se zm\u011bnou skute\u010dnost\u00ed uveden\u00fdch v \u017e\u00e1dosti o licenci, \u010d.j.: Ru\/80\/02\/1082, ze dne<br \/>\n19. b\u0159ezna 2002 ve zn\u011bn\u00ed pozd\u011bj\u0161\u00edch zm\u011bn, spo\u010d\u00edvaj\u00edc\u00ed ve zm\u011bn\u011b \u00fazemn\u00edho rozsahu vys\u00edl\u00e1n\u00ed a<br \/>\nlicen\u010dn\u00edch podm\u00ednek, a to v z\u00fa\u017een\u00ed \u00fazemn\u00edho rozsahu vys\u00edl\u00e1n\u00ed o Infokan\u00e1l v m\u011bstsk\u00e9 \u010d\u00e1sti Sidonie,<br \/>\nk. \u00fa. 747793 Sidonie, okres Zl\u00edn; Informa\u010dn\u00ed kan\u00e1l Mlad\u00e9 Buky, k. \u00fa. 696781 Hertv\u00edkovice, k. \u00fa.<br \/>\n696790 Kaln\u00e1 Voda, k. \u00fa. 696803 Mlad\u00e9 Buky, okres Trutnov; Infokan\u00e1l Ko\u0159enov, k. \u00fa 669750<br \/>\nPolubn\u00fd, k. \u00fa. 669792 P\u0159\u00edchovice, k. \u00fa. 669768 Jizerka, k. \u00fa. 669806 Rejdice, okres Jablonec nad<br \/>\nNisou a TKR T\u0159emo\u0161nice &#8211; informa\u010dn\u00ed kan\u00e1l m\u011bsta T\u0159emo\u0161nice, k. \u00fa. 770736 T\u0159emo\u0161nice nad<br \/>\nDoubravou, okres Chrudim, dle \u017e\u00e1dosti \u010d. j.: RRTV\/1255\/2024-vra, ze dne 24. ledna 2024, ve zn\u011bn\u00ed<br \/>\ndopln\u011bn\u00ed \u017e\u00e1dosti ze dne 15. \u00fanora 2024, \u010d.j.: RRTV\/2327\/2024-vra.<br \/>\n&#8211; Rada na z\u00e1klad\u011b sv\u00e9 pravomoci dan\u00e9 ustanoven\u00edm \u00a7 5 odst. 1 p\u00edsm. d) z\u00e1kona \u010d. 231\/2001 Sb.,<br \/>\no provozov\u00e1n\u00ed rozhlasov\u00e9ho a televizn\u00edho vys\u00edl\u00e1n\u00ed a o zm\u011bn\u011b dal\u0161\u00edch z\u00e1kon\u016f (d\u00e1le jen &#8222;z\u00e1kon<br \/>\n\u010d. 231\/2001 Sb.&#8220;), \u017e\u00e1d\u00e1 spole\u010dnost Clash of the Stars s.r.o., I\u010c: 10941959, se s\u00eddlem Evropsk\u00e1<br \/>\n2758\/11, Dejvice, 160 00 Praha 6, o pod\u00e1n\u00ed vysv\u011btlen\u00ed toho, jak\u00e9 povahy je obsah \u0161\u00ed\u0159en\u00fd<br \/>\nprost\u0159ednictv\u00edm internetov\u00fdch str\u00e1nek https:\/\/clashofthestars.tv a zda se v dan\u00e9m p\u0159\u00edpad\u011b jedn\u00e1 o<br \/>\nprovozov\u00e1n\u00ed televizn\u00edho vys\u00edl\u00e1n\u00ed prost\u0159ednictv\u00edm zvl\u00e1\u0161tn\u00edch p\u0159enosov\u00fdch syst\u00e9m\u016f.<br \/>\n&#8211; Rada na z\u00e1klad\u011b sv\u00e9 pravomoci dan\u00e9 ustanoven\u00edm \u00a7 5 odst. 1 p\u00edsm. d) z\u00e1kona \u010d. 231\/2001 Sb.,<br \/>\no provozov\u00e1n\u00ed rozhlasov\u00e9ho a televizn\u00edho vys\u00edl\u00e1n\u00ed a o zm\u011bn\u011b dal\u0161\u00edch z\u00e1kon\u016f (d\u00e1le jen &#8222;z\u00e1kon<br \/>\n\u010d. 231\/2001 Sb.&#8220;), \u017e\u00e1d\u00e1 spole\u010dnost Nordic Telecom Regional s.r.o., I\u010cO: 045 93 332, se s\u00eddlem<br \/>\nJihlavsk\u00e1 1558\/21, Michle, 140 00 Praha 4, o pod\u00e1n\u00ed vysv\u011btlen\u00ed ke slu\u017eb\u011b ozna\u010den\u00e9 jako \u201eNordic<br \/>\nTV\u201c, kter\u00e1 je nab\u00edzena na internetov\u00fdch str\u00e1nk\u00e1ch spole\u010dnosti na adrese<br \/>\nhttps:\/\/nordictelecom.cz\/televize\/.- Rada na z\u00e1klad\u011b sv\u00e9 pravomoci dan\u00e9 ustanoven\u00edm<\/p>\n<p>\u00a7 5 odst. 1 p\u00edsm. a) z\u00e1kona \u010d. 231\/2001 Sb.,<br \/>\no provozov\u00e1n\u00ed rozhlasov\u00e9ho a televizn\u00edho vys\u00edl\u00e1n\u00ed a o zm\u011bn\u011b dal\u0161\u00edch z\u00e1kon\u016f (d\u00e1le jen &#8222;z\u00e1kon<br \/>\n\u010d. 231\/2001 Sb.&#8220;), \u017e\u00e1d\u00e1 provozovatele Barrandov Televizn\u00ed Studio a.s., I\u010c: 41693311, se s\u00eddlem<br \/>\nPraha 5, K\u0159\u00ed\u017eeneck\u00e9ho n\u00e1m. 322, PS\u010c 15200, o pod\u00e1n\u00ed vysv\u011btlen\u00ed toho, pro\u010d v rozporu s<br \/>\nustanoven\u00edm \u00a7 32 odst. 1 p\u00edsm. p) z\u00e1kona \u010d. 231\/2001 Sb. neozn\u00e1mil Rad\u011b v\u00fdpadky televizn\u00edho<br \/>\nvys\u00edl\u00e1n\u00ed \u0161\u00ed\u0159en\u00e9ho prost\u0159ednictv\u00edm vys\u00edla\u010d\u016f program\u016f Televize Barrandov (licence \u010d.j.<br \/>\nFIA\/2148\/2013, sp.zn. 2013\/378\/FIA\/Bar ze dne 14. kv\u011btna 2013), BARRANDOV KRIMI (\u010d.j.<br \/>\nRRTV\/821\/2015-FIA, sp.zn. 2015\/108\/FIA\/Bar, ze dne 17. \u00fanora 2015) a KINO BARRANDOV<br \/>\n(licence \u010d.j. RRTV\/852\/2015-SMU, sp.zn. 2015\/105\/SMU\/Bar, ze dne 17. \u00fanora 2015), ke kter\u00fdm<br \/>\ndo\u0161lo ve dnech 20. ledna 2024 a 10. \u00fanora 2024.<br \/>\n&#8211; Rada registruje provozovateli SATTURN HOLE\u0160OV spol. s r.o., I\u010c 469 00 250, se s\u00eddlem<br \/>\nDla\u017e\u00e1nky 305\/16, 769 01 Hole\u0161ov, dle \u00a7 29 odst. 1 p\u00edsm. d) z\u00e1kona \u010d. 231\/2001 Sb., zm\u011bnu<br \/>\nskute\u010dnost\u00ed uv\u00e1d\u011bn\u00fdch v p\u0159ihl\u00e1\u0161ce k registraci \u010d.j. Rg\/34\/96\/1116 ze dne 25. \u010dervna 1996, a to<br \/>\nzm\u011bnu \u00fazemn\u00edho rozsahu vys\u00edl\u00e1n\u00ed spo\u010d\u00edvaj\u00edc\u00ed v ukon\u010den\u00ed provozov\u00e1n\u00ed p\u0159evzat\u00e9ho vys\u00edl\u00e1n\u00ed v<br \/>\nkabelov\u00fdch syst\u00e9mech v katastr\u00e1ln\u00edm \u00fazem\u00ed B\u0159ezov\u00e1 u Zl\u00edna &#8211; 614696 (okres Zl\u00edn), v rozsahu dle<br \/>\n\u017e\u00e1dosti doru\u010den\u00e9 dne 19. \u00fanora 2024 pod \u010d.j. RRTV\/2024\/363\/zem.<br \/>\n&#8211; Rada se sezn\u00e1mila s ozn\u00e1men\u00edm provozovatele TV Nova s.r.o., I\u010c 458 00 456, doru\u010den\u00fdm<br \/>\nRad\u011b pod \u010d.j. RRTV\/2326\/2024-vra, spo\u010d\u00edvaj\u00edc\u00edm v ozn\u00e1men\u00ed zah\u00e1jen\u00ed vys\u00edl\u00e1n\u00ed program\u016f Nova<br \/>\nSport 5 a Nova Sport 6 ke dni 29. \u00fanora 2024.<br \/>\n&#8211; Rada se sezn\u00e1mila s n\u00e1sleduj\u00edc\u00edmi pod\u00e1n\u00edmi k obsahu televizn\u00edch program\u016f a audiovizu\u00e1ln\u00edch<br \/>\nmedi\u00e1ln\u00edch slu\u017eeb na vy\u017e\u00e1d\u00e1n\u00ed doru\u010den\u00fdmi od 9. 2. 2023 do 29. 2. 2024 (celkem 22 pod\u00e1n\u00ed): TV<br \/>\nNova s.r.o. \/ Nova Lady, Ordinace v r\u016f\u017eov\u00e9 zahrad\u011b 2, 17. 1. 2024 od 15:15 hodin, nadm\u011brn\u00e1<br \/>\npropagace produktu; TV Nova s.r.o. \/ Nova &#8211; Souboj na tal\u00ed\u0159i LIVE: festival hv\u011bzdn\u00fdch chut\u00ed, 20. 1.<br \/>\n2024 od 12:04 hodin, ozna\u010den\u00ed PP; \u010ceskoslovensk\u00e1 filmov\u00e1 spole\u010dnost, s.r.o.\/ CS Film &#8211; Parta hic,<br \/>\n19. 1. 2024 od 20:00 hodin, absence loga; Barrandov Televizn\u00ed Studio a.s. \/ Televize Barrandov,<br \/>\nr\u016fzn\u00e9 po\u0159ady, ozna\u010den\u00ed PP; FTV Prima, spol. s r.o. \/ Prima Star &#8211; r\u016fzn\u00e9 po\u0159ady, propagace<br \/>\nproduktu a ozna\u010den\u00ed PP; HBO Europe s.r.o. \/ Cinemax 2 &#8211; W piwnicy (Ve sklep\u011b; Im Keller; In the<br \/>\nBasement), 22. 1. 2024 od 20:30 hodin, erotick\u00e9 sc\u00e9ny; \u010cesk\u00e1 televize \/ \u010cT1 &#8211; V\u0161echno, co m\u00e1m<br \/>\nr\u00e1da, 7. 2. 2024 od 16:45 hodin, sponzor po\u0159adu a \u010cT1 &#8211; 168 hodin, objektivita a vyv\u00e1\u017eenost;<br \/>\nYoutube.com a Elieva s.r.o. \/ https:\/\/www.mirplay.cz\/ &#8211; Krematorium, nevhodn\u00fd obsah; FTV Prima,<br \/>\nspol. s r.o. \/ CNN Prima News &#8211; Partie Terezie Tom\u00e1nkov\u00e9, 11. 2. 2024 od 12:05 hodin a Co na to<br \/>\npremi\u00e9r, 14. 2. 2024 od 21:00 hodin, objektivita a vyv\u00e1\u017eenost; \u010cesk\u00e1 televize \/ \u010cT24 &#8211; Vys\u00edl\u00e1n\u00ed o<br \/>\nsituaci v Izraeli, objektivita a nevyv\u00e1\u017eenost; \u010cesk\u00e1 televize \/ \u010cT1 a \u010cT24 &#8211; Ot\u00e1zky V\u00e1clava<br \/>\nMoravce, 25. 2. 2024 od 12:00 hodin, \u00fa\u010dast Heleny Horsk\u00e9 v po\u0159adu; \u010cesk\u00e1 televize \/ iVys\u00edl\u00e1n\u00ed &#8211;<br \/>\n#LEP\u0160\u00cd\u0160KOLA, zabavov\u00e1n\u00ed v\u011bc\u00ed u\u010diteli; \u010cesk\u00e1 televize \/ \u010cT \ud83d\ude00 &#8211; Ve\u010dern\u00ed\u010dek, 26. 2. 2024 od 18:45<br \/>\nhodin, reklama na alkohol po po\u0159adu pro d\u011bti; TV Nova s.r.o. \/ Nova &#8211; V\u00fdm\u011bna man\u017eelek, 28. 2.<br \/>\n2024 od 20:20 hodin, t\u00fdr\u00e1n\u00ed zv\u00ed\u0159at; \u010cesk\u00e1 televize \/ \u010cT1 &#8211; 168 hodin (report\u00e1\u017e \u201ePro Eli\u0161ku\u201c), 4. 2.<br \/>\n2024 od 21:20 hodin, objektivita a vyv\u00e1\u017eenost; FTV Prima, spol. s r.o. \/ Prima &#8211; Sedm schod\u016f k<br \/>\nmoci (2), 4. 2. 2024 od 20:20 hodin, explicitn\u00ed z\u00e1b\u011bry; Twitch.tv, Youtube.com, Kick.com &#8211;<br \/>\npropagace hazardn\u00edch her ve videonahr\u00e1vk\u00e1ch u\u017eivatel\u016f slu\u017eeb; ViacomCBS Networks<br \/>\nInternational Czech s.r.o. \/ Comedy Central Hun &#8211; Comedy Club, ochrana nezletil\u00fdch osob; \u010cesk\u00e1<br \/>\ntelevize \/ \u010cT1, Report\u00e9\u0159i \u010cT (report\u00e1\u017e \u201ePoklad z rybn\u00edka\u201c), 15. 1. 2024 od 21:50 hodin, objektivita<br \/>\na vyv\u00e1\u017eenost; \u010cesk\u00e1 televize \/ \u010cT1 &#8211; Ud\u00e1losti (report\u00e1\u017e Sv\u011btov\u00e9 dny ml\u00e1de\u017ee), 2. 8. 2023 od 18:55<br \/>\nhodin &#8211; reakce Rady \u010cesk\u00e9 televize; \u010cesk\u00e1 televize \/ \u010cT &#8211; zpravodajsk\u00e9 a publicistick\u00e9 po\u0159ady,<br \/>\nobjektivita a vyv\u00e1\u017eenost; FTV Prima, spol. s r.o. \/ CNN Prima News &#8211; Hlasy zlo\u010dinu, 24. 2. 2024 od<br \/>\n20:30 hodin, objektivita a nevyv\u00e1\u017eenost;<br \/>\n&#8211; Rada coby \u00fast\u0159edn\u00ed spr\u00e1vn\u00ed \u00fa\u0159ad v r\u00e1mci sv\u00e9 p\u016fsobnosti dan\u00e9 \u00a7 5 odst. 1 p\u00edsm. a) a f) z\u00e1kona<br \/>\n\u010d. 231\/2001 Sb., o provozov\u00e1n\u00ed rozhlasov\u00e9ho a televizn\u00edho vys\u00edl\u00e1n\u00ed a o zm\u011bn\u011b dal\u0161\u00edch z\u00e1kon\u016f, v<br \/>\nplatn\u00e9m zn\u011bn\u00ed, v souladu s ustanoven\u00edm \u00a7 78 odst. 1 z\u00e1kona \u010d. 250\/2016 Sb., z\u00e1kona o p\u0159estupc\u00edch<br \/>\na \u0159\u00edzen\u00edch o nich rozhodla zah\u00e1jit s provozovatelem TV Nova s.r.o, I\u010c 45800456,<\/p>\n<p>s\u00eddlem K\u0159\u00ed\u017eeneck\u00e9ho n\u00e1m. 1078\/5, Praha 5, PS\u010c 15200, \u0159\u00edzen\u00ed o p\u0159estupku z moci \u00fa\u0159edn\u00ed pro mo\u017en\u00e9<br \/>\nporu\u0161en\u00ed ustanoven\u00ed \u00a7 53a odst. 2 p\u00edsm. c) z\u00e1kona \u010d. 231\/2001 Sb., kter\u00e9ho se mohl dopustit<br \/>\nodvys\u00edl\u00e1n\u00edm po\u0159adu Ordinace v r\u016f\u017eov\u00e9 zahrad\u011b 2 (epizoda Marodi se nesm\u011bjou) dne 17. 1. 2024<br \/>\nod 15:15 hodin na programu Nova Lady. V dan\u00e9m po\u0159adu mohlo doj\u00edt k nepat\u0159i\u010dn\u00e9mu zd\u016frazn\u011bn\u00ed<br \/>\num\u00edst\u011bn\u00e9ho produktu su\u0161\u00e1ku na pr\u00e1dlo Pegasus zna\u010dky Leifheit, a to jak slovn\u00edm p\u0159edstaven\u00edm<br \/>\njeho vlastnost\u00ed, tak vizu\u00e1ln\u00ed prezentac\u00ed. Produkt byl vyzdvihnut v rozhovoru mu\u017ee a \u017eeny, ve kter\u00e9m<br \/>\nmu\u017e produkt prezentoval jako \u0159e\u0161en\u00ed probl\u00e9mu se su\u0161en\u00edm pr\u00e1dla, kter\u00fd m\u00e1 celoro\u010dn\u00ed vyu\u017eit\u00ed,<br \/>\np\u0159i\u010dem\u017e \u017eena po zhl\u00e9dnut\u00ed webov\u00fdch str\u00e1nek s produktem reagovala na pozitivn\u00ed hodnocen\u00ed<br \/>\nproduktu mu\u017eem kladn\u011b slovy \u201ejo tohle, jo to je dobr\u00fd, to je dobrej n\u00e1pad.\u201c Mu\u017e n\u00e1sledn\u011b dodal, \u017ee<br \/>\nlze na n\u011bm su\u0161it oble\u010den\u00ed a\u017e ze dvou pra\u010dek najednou, a \u017ee dan\u00fd produkt pro jistotu hned objednal,<br \/>\ns \u010d\u00edm\u017e \u017eena souhlasila. Vizu\u00e1ln\u00ed prezentace produktu spo\u010d\u00edvala v kr\u00e1tk\u00fdch, ale detailn\u00edch z\u00e1b\u011brech<br \/>\nna notebooku mu\u017ee, na kter\u00e9m byly zobrazeny produkty v r\u00e1mci webov\u00e9 str\u00e1nky zna\u010dky.<br \/>\n&#8211; Rada v r\u00e1mci sv\u00e9 kompetence dan\u00e9 \u00a7 5 odst. 1 p\u00edsm. a) a f) z\u00e1kona \u010d. 231\/2001 Sb., o<br \/>\nprovozov\u00e1n\u00ed rozhlasov\u00e9ho a televizn\u00edho vys\u00edl\u00e1n\u00ed a o zm\u011bn\u011b dal\u0161\u00edch z\u00e1kon\u016f, v platn\u00e9m zn\u011bn\u00ed a v<br \/>\nsouladu s ustanoven\u00edm \u00a7 137 odst. 1 z\u00e1kona \u010d. 500\/2004 Sb., spr\u00e1vn\u00ed \u0159\u00e1d, upozor\u0148uje<br \/>\nprovozovatele TV Nova s.r.o., I\u010c: 45800456, K\u0159\u00ed\u017eeneck\u00e9ho n\u00e1m\u011bst\u00ed 1078\/5, 152 00, Praha 5, na<br \/>\nporu\u0161en\u00ed ustanoven\u00ed \u00a7 53a odst. 3 z\u00e1kona \u010d. 231\/2001 Sb., kter\u00e9ho se dopustil t\u00edm, \u017ee dne 20. 1.<br \/>\n2024 od 12:04 hodin na programu Nova odvys\u00edlal po\u0159ad Souboj na tal\u00ed\u0159i LIVE: festival hv\u011bzdn\u00fdch<br \/>\nchut\u00ed, kter\u00fd je po\u0159adem s um\u00edst\u011bn\u00edm produktu, p\u0159i\u010dem\u017e po\u0159ad byl ozna\u010den pouze na sv\u00e9m za\u010d\u00e1tku,<br \/>\nnikoli na konci. Po\u0159ady obsahuj\u00edc\u00ed um\u00edst\u011bn\u00ed produktu musej\u00ed b\u00fdt na za\u010d\u00e1tku, na konci a v p\u0159\u00edpad\u011b<br \/>\np\u0159eru\u0161en\u00ed reklamou nebo teleshoppingov\u00fdmi \u0161oty rovn\u011b\u017e po tomto p\u0159eru\u0161en\u00ed z\u0159eteln\u011b ozna\u010deny<br \/>\njako po\u0159ady obsahuj\u00edc\u00ed um\u00edst\u011bn\u00ed produktu, aby div\u00e1ci nemohli b\u00fdt \u017e\u00e1dn\u00fdm zp\u016fsobem uvedeni v<br \/>\nomyl o povaze t\u011bchto po\u0159ad\u016f. Rada stanovuje lh\u016ftu k n\u00e1prav\u011b 7 dn\u016f od doru\u010den\u00ed upozorn\u011bn\u00ed.<br \/>\n&#8211; Rada v r\u00e1mci sv\u00e9 p\u016fsobnosti dan\u00e9 ustanoven\u00edm \u00a7 5 odst. 1 p\u00edsm. a) a f) a \u00a7 59 odst. 1-3 z\u00e1kona<br \/>\n\u010d. 231\/2001 Sb., o provozov\u00e1n\u00ed rozhlasov\u00e9ho a televizn\u00edho vys\u00edl\u00e1n\u00ed a o zm\u011bn\u011b dal\u0161\u00edch z\u00e1kon\u016f, v<br \/>\nplatn\u00e9m zn\u011bn\u00ed, upozor\u0148uje provozovatele \u010ceskoslovensk\u00e1 filmov\u00e1 spole\u010dnost, s.r.o., s\u00eddlem<br \/>\nV\u00e1clavsk\u00e9 n\u00e1m\u011bst\u00ed 831\/21, 110 00 Praha, I\u010c 27168425, na poru\u0161en\u00ed ustanoven\u00ed \u00a7 32 odst. 1 p\u00edsm.<br \/>\nn) z\u00e1kona \u010d. 231\/2001 Sb., kter\u00e9ho se dopustil t\u00edm, \u017ee na programu CS Film dne 19. ledna 2024 v<br \/>\n\u010dase 20:34-21:09 hodin (v pr\u016fb\u011bhu vys\u00edl\u00e1n\u00ed po\u0159adu Parta hic) neuv\u00e1d\u011bl ozna\u010den\u00ed televizn\u00edho<br \/>\nprogramu (logo), \u010d\u00edm\u017e se dopustil poru\u0161en\u00ed povinnosti uv\u00e1d\u011bt ozna\u010den\u00ed televizn\u00edho programu (logo)<br \/>\nv televizn\u00edm vys\u00edl\u00e1n\u00ed, s v\u00fdjimkou vys\u00edl\u00e1n\u00ed reklamy a teleshoppingu. Rada stanovuje lh\u016ftu k n\u00e1prav\u011b<br \/>\n7 dn\u016f ode dne doru\u010den\u00ed upozorn\u011bn\u00ed.<br \/>\n&#8211; Rada v r\u00e1mci sv\u00e9 p\u016fsobnosti dan\u00e9 ustanoven\u00edm \u00a7 5 odst. 1 p\u00edsm. a) a f) a \u00a7 59 odst. 1-3 z\u00e1kona<br \/>\n\u010d. 231\/2001 Sb., o provozov\u00e1n\u00ed rozhlasov\u00e9ho a televizn\u00edho vys\u00edl\u00e1n\u00ed a o zm\u011bn\u011b dal\u0161\u00edch z\u00e1kon\u016f, v<br \/>\nplatn\u00e9m zn\u011bn\u00ed, upozor\u0148uje provozovatele Barrandov Televizn\u00ed Studio a.s., I\u010c 416 93 311, Praha<br \/>\n5, K\u0159\u00ed\u017eeneck\u00e9ho n\u00e1m. 322, 15200, na poru\u0161en\u00ed ustanoven\u00ed \u00a7 53a odst. 3 z\u00e1kona \u010d. 231\/2001 Sb.,<br \/>\nkter\u00e9ho se dopustil t\u00edm, \u017ee na programu Televize Barrandov odvys\u00edlal po\u0159ady \u010cesk\u00e1 tajenka (dne<br \/>\n9. 2. 2024 od 16:56 hodin), S ex ve m\u011bst\u011b (dne 9. 2. 2024 od 22:37 hodin) a Reakce Jarom\u00edra<br \/>\nSoukupa (dne 24. 2. 2024 od 22:31 hodin), kter\u00e9 jsou po\u0159ady s um\u00edst\u011bn\u00edm produktu, p\u0159i\u010dem\u017e jako<br \/>\ntakov\u00e9 po\u0159ady byly ozna\u010deny pouze na sv\u00e9m za\u010d\u00e1tku a konci a nikoliv tak\u00e9 po skon\u010den\u00ed p\u0159eru\u0161en\u00ed<br \/>\nreklamn\u00edm blokem. Po\u0159ady obsahuj\u00edc\u00ed um\u00edst\u011bn\u00ed produktu musej\u00ed b\u00fdt na za\u010d\u00e1tku, na konci a v<br \/>\np\u0159\u00edpad\u011b p\u0159eru\u0161en\u00ed reklamou nebo teleshoppingov\u00fdmi \u0161oty rovn\u011b\u017e po tomto p\u0159eru\u0161en\u00ed z\u0159eteln\u011b<br \/>\nozna\u010deny jako po\u0159ady obsahuj\u00edc\u00ed um\u00edst\u011bn\u00ed produktu, aby div\u00e1ci nemohli b\u00fdt \u017e\u00e1dn\u00fdm zp\u016fsobem<br \/>\nuvedeni v omyl o povaze t\u011bchto po\u0159ad\u016f. Rada stanovuje lh\u016ftu k n\u00e1prav\u011b 7 dn\u016f od doru\u010den\u00ed<br \/>\nupozorn\u011bn\u00ed.<br \/>\n&#8211; Rada v r\u00e1mci sv\u00e9 kompetence dan\u00e9 \u00a7 5 odst. 1 p\u00edsm. a) a f) z\u00e1kona \u010d. 231\/2001 Sb., o<br \/>\nprovozov\u00e1n\u00ed rozhlasov\u00e9ho a televizn\u00edho vys\u00edl\u00e1n\u00ed a o zm\u011bn\u011b dal\u0161\u00edch z\u00e1kon\u016f, v platn\u00e9m zn\u011bn\u00ed a v<br \/>\nsouladu s ustanoven\u00edm \u00a7 137 odst. 1 z\u00e1kona \u010d. 500\/2004 Sb., spr\u00e1vn\u00ed \u0159\u00e1d, \u017e\u00e1d\u00e1 provozovatele<br \/>\nBarrandov Televizn\u00ed Studio a.s., I\u010c 416 93 311, Praha 5, K\u0159\u00ed\u017eeneck\u00e9ho n\u00e1m. 322, 15200, o pod\u00e1n\u00ed<br \/>\nvysv\u011btlen\u00ed, zda v po\u0159adech odvys\u00edlan\u00fdch na programu Televize Barrandov &#8211; Nebezpe\u010dn\u00e9 vztahy<\/p>\n<p>s Honzou Musilem (dne 9. 2. 2024 od 19:20 hodin), Ne\u010dekan\u00e1 \u00famrt\u00ed (dne 9. 2. 2024 od 22:05 hodin)<br \/>\na Tajemstv\u00ed film\u016f a seri\u00e1l\u016f (dne 24. 2. 2024 od 21:29 hodin) byly um\u00edst\u011bny produkty a pokud ano,<br \/>\npro\u010d byly \u0159\u00e1dn\u011b ozna\u010deny symbolem PP na za\u010d\u00e1tku a na konci po\u0159ad\u016f, ale symbol PP absentoval<br \/>\npo skon\u010den\u00ed p\u0159eru\u0161en\u00ed reklamn\u00edmi bloky v t\u011bchto po\u0159adech. Rada stanovuje lh\u016ftu k pod\u00e1n\u00ed<br \/>\nvysv\u011btlen\u00ed 30 dn\u00ed ode dne doru\u010den\u00ed t\u00e9to v\u00fdzvy.<br \/>\n&#8211; Rada v r\u00e1mci sv\u00e9 kompetence dan\u00e9 \u00a7 5 odst. 1 p\u00edsm. a) a f) z\u00e1kona \u010d. 231\/2001 Sb., o<br \/>\nprovozov\u00e1n\u00ed rozhlasov\u00e9ho a televizn\u00edho vys\u00edl\u00e1n\u00ed a o zm\u011bn\u011b dal\u0161\u00edch z\u00e1kon\u016f, v platn\u00e9m zn\u011bn\u00ed a v<br \/>\nsouladu s ustanoven\u00edm \u00a7 137 odst. 1 z\u00e1kona \u010d. 500\/2004 Sb., spr\u00e1vn\u00ed \u0159\u00e1d, \u017e\u00e1d\u00e1 provozovatele<br \/>\nFTV Prima, spol. s r.o., I\u010c: 481 15 908, Vinohradsk\u00e1 3217\/167, Stra\u0161nice, 100 00, Praha 10, o<br \/>\npod\u00e1n\u00ed vysv\u011btlen\u00ed, zda v po\u0159adech odvys\u00edlan\u00fdch na programu Prima Star Ohniv\u00fd ku\u0159e (dne 23. 2.<br \/>\n2024 od 13:15 hodin), Show Jana Krause (dne 20. 2. 2024 od 22:20 hodin), Jak se stav\u00ed sen &#8211; extra<br \/>\n(dne 22. 2. 2024 od 19:00 hodin) a \u0160\u00e9fem za p\u00e1r minut (dne 23. 2. 2024, od 4:40 hodin), byly<br \/>\num\u00edst\u011bn\u00e9 produkty ve smyslu \u00a7 2 odst. 2 p\u00edsm. b) z\u00e1kona \u010d. 231\/2001 Sb., a pokud ano, pro\u010d<br \/>\nnebyly po\u0159ady \u0159\u00e1dn\u011b ozna\u010deny symbolem upozor\u0148uj\u00edc\u00edm na um\u00edst\u011bn\u00fd produkt (PP). Rada<br \/>\nstanovuje lh\u016ftu k pod\u00e1n\u00ed vysv\u011btlen\u00ed 30 dn\u00ed ode dne doru\u010den\u00ed t\u00e9to v\u00fdzvy.<br \/>\n&#8211; Rada v r\u00e1mci sv\u00e9 p\u016fsobnosti dan\u00e9 ustanoven\u00edm \u00a7 5 odst. 1 p\u00edsm. a) a f) z\u00e1kona \u010d. 231\/2001<br \/>\nSb., o provozov\u00e1n\u00ed rozhlasov\u00e9ho a televizn\u00edho vys\u00edl\u00e1n\u00ed a o zm\u011bn\u011b dal\u0161\u00edch z\u00e1kon\u016f, v platn\u00e9m zn\u011bn\u00ed,<br \/>\na v souladu s ustanoven\u00edm \u00a7 137 odst. 1 z\u00e1kona \u010d. 500\/2004 Sb., spr\u00e1vn\u00ed \u0159\u00e1d \u017e\u00e1d\u00e1 provozovatele<br \/>\nHBO Europe s.r.o., I\u010c 614 66 786, se s\u00eddlem Praha 7, Jankovcova 1037\/49, PS\u010c 170 00, o pod\u00e1n\u00ed<br \/>\nvysv\u011btlen\u00ed, jak\u00e1 zajistil vhodn\u00e1 opat\u0159en\u00ed v souvislosti s filmem W pivnicy (Im Keller), odvys\u00edlan\u00fdm<br \/>\ndne 22. ledna 2024 od 20:30 hodin na programu Cinemax 2 (Polsko), aby jej nem\u011bly za b\u011b\u017en\u00fdch<br \/>\nokolnost\u00ed mo\u017enost vid\u011bt nebo sly\u0161et nezletil\u00e9 osoby. Rada stanovuje lh\u016ftu k pod\u00e1n\u00ed vysv\u011btlen\u00ed 30<br \/>\ndn\u00ed ode dne doru\u010den\u00ed t\u00e9to v\u00fdzvy.<br \/>\n&#8211; Rada v r\u00e1mci sv\u00e9 kompetence dan\u00e9 ustanoven\u00edm \u00a7 5 odst. 1 p\u00edsm. a) z\u00e1kona \u010d. 231\/2001 Sb.,<br \/>\no provozov\u00e1n\u00ed rozhlasov\u00e9ho a televizn\u00edho vys\u00edl\u00e1n\u00ed a o zm\u011bn\u011b dal\u0161\u00edch z\u00e1kon\u016f a na z\u00e1klad\u011b \u010dl. 4<br \/>\nodst. 2 SM\u011aRNICE EVROPSK\u00c9HO PARLAMENTU A RADY (EU) 2018\/1808 ze dne 14. listopadu<br \/>\n2018, kterou se m\u011bn\u00ed sm\u011brnice 2010\/13\/EU o koordinaci n\u011bkter\u00fdch pr\u00e1vn\u00edch a spr\u00e1vn\u00edch p\u0159edpis\u016f<br \/>\n\u010dlensk\u00fdch st\u00e1t\u016f upravuj\u00edc\u00edch poskytov\u00e1n\u00ed audiovizu\u00e1ln\u00edch medi\u00e1ln\u00edch slu\u017eeb (sm\u011brnice o<br \/>\naudiovizu\u00e1ln\u00edch medi\u00e1ln\u00edch slu\u017eb\u00e1ch) vyz\u00fdv\u00e1 provozovatele ViacomCBS Networks International<br \/>\nCzech s.r.o., I\u010c 28970438, s\u00eddlem Perlov\u00e1 371\/5, Star\u00e9 M\u011bsto, 110 00 Praha, jako\u017eto<br \/>\nprovozovatele programu Comedy Central Hungary, sm\u011brovan\u00e9ho na \u00fazem\u00ed Ma\u010farska a<br \/>\nvys\u00edlan\u00e9ho na z\u00e1klad\u011b rozhodnut\u00ed Rady ze dne 22. \u010dervna 2010 o ud\u011blen\u00ed licence k provozov\u00e1n\u00ed<br \/>\ntelevizn\u00edho vys\u00edl\u00e1n\u00ed \u0161\u00ed\u0159en\u00e9ho prost\u0159ednictv\u00edm dru\u017eice (sp. zn. 2010\/520\/sve\/MTV), prodlou\u017een\u00e9<br \/>\nrozhodnut\u00edm ze dne 22. \u00fanora 2022 (sp. zn. RRTV\/2022\/184\/hou), k dodr\u017eov\u00e1n\u00ed p\u0159\u00edsn\u011bj\u0161\u00edch<br \/>\npravidel obecn\u00e9ho ve\u0159ejn\u00e9ho z\u00e1jmu formulovan\u00fdch pr\u00e1vn\u00edm \u0159\u00e1dem Ma\u010farska v souvislosti se<br \/>\nza\u0159azov\u00e1n\u00edm zna\u010den\u00ed p\u0159\u00edstupnosti po\u0159ad\u016f pro jednotliv\u00e9 v\u011bkov\u00e9 kategorie d\u011bt\u00ed, k n\u011bmu\u017e nedo\u0161lo<br \/>\np\u0159i vys\u00edl\u00e1n\u00ed po\u0159adu Comedy Club: Zolt\u00e1n K\u00f6halmi &#8211; T\u00f6rt\u00e9njen b\u00e1rmi odvys\u00edlan\u00e9ho dne 1. ledna<br \/>\n2024 od 15:56 hodin na programu Comedy Central Hungary.<br \/>\n&#8211; Rada se sezn\u00e1mila s anal\u00fdzou z\u00e1znamu vys\u00edl\u00e1n\u00ed programu Nickelodeon Global provozovatele<br \/>\nViacomCBS Networks International Czech s.r.o. ze dne 4. 12. 2023 od 12:00 do 24:00 hod.<br \/>\n&#8211; Rada se sezn\u00e1mila s anal\u00fdzou z\u00e1znamu vys\u00edl\u00e1n\u00ed programu Cartoonito Portuguese<br \/>\nprovozovatele HBO Europe s.r.o. ze dne 4. prosince 2023, \u010dasov\u00e9ho \u00faseku od 12.00 do 24.00<br \/>\nhodin.<br \/>\n&#8211; Rada se sezn\u00e1mila s anal\u00fdzou z\u00e1znamu vys\u00edl\u00e1n\u00ed programu Cartoonito Nordic provozovatele<br \/>\nHBO Europe s.r.o. ze dne 4. prosince 2023, \u010dasov\u00e9ho \u00faseku od 12.00 do 24.00 hodin.<br \/>\n&#8211; Rada se sezn\u00e1mila s napl\u0148ov\u00e1n\u00edm po\u017eadavk\u016f na zastoupen\u00ed evropsk\u00e9 tvorby ve vys\u00edl\u00e1n\u00ed<br \/>\nprovozovatel\u016f celoplo\u0161n\u00e9ho televizn\u00edho vys\u00edl\u00e1n\u00ed prost\u0159ednictv\u00edm pozemn\u00edch vys\u00edla\u010d\u016f,<br \/>\nprovozovatel\u016f televizn\u00edho vys\u00edl\u00e1n\u00ed prost\u0159ednictv\u00edm dru\u017eice, prost\u0159ednictv\u00edm kabelov\u00fdch rozvod\u016f a<br \/>\nprost\u0159ednictv\u00edm zvl\u00e1\u0161tn\u00edch p\u0159enosov\u00fdch syst\u00e9m\u016f v roce 2023.Rada v r\u00e1mci sv\u00e9 p\u016fsobnosti<\/p>\n<p>dan\u00e9 ustanoven\u00edm \u00a7 5 odst. 1 p\u00edsm. a) a f) a \u00a7 59 odst. 1-3 z\u00e1kona<br \/>\n\u010d. 231\/2001 Sb., o provozov\u00e1n\u00ed rozhlasov\u00e9ho a televizn\u00edho vys\u00edl\u00e1n\u00ed a o zm\u011bn\u011b dal\u0161\u00edch z\u00e1kon\u016f, v<br \/>\nplatn\u00e9m zn\u011bn\u00ed, upozor\u0148uje provozovatele Barrandov Televizn\u00ed Studio a.s., I\u010c 416 93 311, Praha 5,<br \/>\nK\u0159\u00ed\u017eeneck\u00e9ho n\u00e1m. 322, 15200, na poru\u0161en\u00ed \u00a7 47 odst. 1 p\u00edsm. a) &#8211; d) z\u00e1kona \u010d. 231\/2001 Sb.,<br \/>\nkter\u00e9ho se dopustil t\u00edm, \u017ee Rad\u011b neposkytl \u00fadaje o po\u010dtu a d\u00e9lce vys\u00edlan\u00fdch evropsk\u00fdch d\u011bl v\u010detn\u011b<br \/>\nidentifikace t\u011bchto d\u011bl a jejich v\u00fdrobc\u016f, \u00fadaje o po\u010dtu a d\u00e9lce vys\u00edlan\u00fdch evropsk\u00fdch d\u011bl vyroben\u00fdch<br \/>\nnez\u00e1visl\u00fdmi v\u00fdrobci, v\u010detn\u011b identifikace t\u011bchto d\u011bl a jejich v\u00fdrobc\u016f, pop\u0159\u00edpad\u011b doklady, kter\u00e9<br \/>\nprokazuj\u00ed, \u017ee vynalo\u017eil nejm\u00e9n\u011b 10 % sv\u00e9ho programov\u00e9ho rozpo\u010dtu na v\u00fdrobu nebo n\u00e1kup<br \/>\nevropsk\u00fdch d\u011bl vyroben\u00fdch nez\u00e1visl\u00fdmi v\u00fdrobci, v\u010detn\u011b identifikace v\u00fdrobc\u016f t\u011bchto d\u011bl, seznamy<br \/>\nvys\u00edlan\u00fdch evropsk\u00fdch d\u011bl vyroben\u00fdch nez\u00e1visl\u00fdmi v\u00fdrobci, od jejich\u017e v\u00fdroby neuplynulo v\u00edce ne\u017e<br \/>\n5 let a \u00fadaje o po\u010dtu a d\u00e9lce odvys\u00edlan\u00fdch \u010desk\u00fdch d\u011bl, to v\u0161e za kalend\u00e1\u0159n\u00ed rok 2023 k televizn\u00edm<br \/>\nprogram\u016fm Televize Barrandov, BARRANDOV KRIMI a KINO BARRANDOV. Rada stanovuje<br \/>\nlh\u016ftu k n\u00e1prav\u011b 15 dn\u00ed ode dne doru\u010den\u00ed tohoto upozorn\u011bn\u00ed.<br \/>\n&#8211; Rada v r\u00e1mci sv\u00e9 p\u016fsobnosti dan\u00e9 ustanoven\u00edm \u00a7 5 odst. 1 p\u00edsm. a) z\u00e1kona \u010d. 231\/2001 Sb., o<br \/>\nprovozov\u00e1n\u00ed rozhlasov\u00e9ho a televizn\u00edho vys\u00edl\u00e1n\u00ed a o zm\u011bn\u011b dal\u0161\u00edch z\u00e1kon\u016f, v platn\u00e9m zn\u011bn\u00ed, a na<br \/>\nz\u00e1klad\u011b ustanoven\u00ed \u00a7 137 odst. 1 z\u00e1kona \u010d. 500\/2004 Sb., spr\u00e1vn\u00ed \u0159\u00e1d, \u017e\u00e1d\u00e1 provozovatele TV<br \/>\nNova s.r.o., I\u010cO 45800456, Praha 5, K\u0159\u00ed\u017eeneck\u00e9ho n\u00e1m. 1078\/5, PS\u010c 15200, o pod\u00e1n\u00ed vysv\u011btlen\u00ed<br \/>\nk \u00fadaj\u016fm, jimi\u017e deklaroval, jak\u00e9 bylo zastoupen\u00ed evropsk\u00fdch d\u011bl ve vys\u00edl\u00e1n\u00ed programu Nova Action<br \/>\nv roce 2023. Rada stanovuje lh\u016ftu k pod\u00e1n\u00ed vysv\u011btlen\u00ed 30 dn\u00ed ode dne doru\u010den\u00ed t\u00e9to v\u00fdzvy.<br \/>\n&#8211; Rada v r\u00e1mci sv\u00e9 p\u016fsobnosti dan\u00e9 ustanoven\u00edm \u00a7 5 odst. 1 p\u00edsm. a) a f) a \u00a7 59 odst. 1-3 z\u00e1kona<br \/>\n\u010d. 231\/2001 Sb., o provozov\u00e1n\u00ed rozhlasov\u00e9ho a televizn\u00edho vys\u00edl\u00e1n\u00ed a o zm\u011bn\u011b dal\u0161\u00edch z\u00e1kon\u016f, v<br \/>\nplatn\u00e9m zn\u011bn\u00ed, upozor\u0148uje provozovatele Region\u00e1ln\u00ed televize CZ s.r.o., I\u010c 24141372, Vinohradsk\u00e1<br \/>\n1597\/174, Vinohrady, 130 00 Praha 3, na poru\u0161en\u00ed \u00a7 47 odst. 1 p\u00edsm. a) &#8211; d) z\u00e1kona \u010d. 231\/2001<br \/>\nSb., kter\u00e9ho se dopustil t\u00edm, \u017ee Rad\u011b ve stanoven\u00e9m term\u00ednu neposkytl \u00fadaje o po\u010dtu a d\u00e9lce<br \/>\nvys\u00edlan\u00fdch evropsk\u00fdch d\u011bl v\u010detn\u011b identifikace t\u011bchto d\u011bl a jejich v\u00fdrobc\u016f, \u00fadaje o po\u010dtu a d\u00e9lce<br \/>\nvys\u00edlan\u00fdch evropsk\u00fdch d\u011bl vyroben\u00fdch nez\u00e1visl\u00fdmi v\u00fdrobci, v\u010detn\u011b identifikace t\u011bchto d\u011bl a jejich<br \/>\nv\u00fdrobc\u016f, pop\u0159\u00edpad\u011b doklady, kter\u00e9 prokazuj\u00ed, \u017ee vynalo\u017eil nejm\u00e9n\u011b 10 % sv\u00e9ho programov\u00e9ho<br \/>\nrozpo\u010dtu na v\u00fdrobu nebo n\u00e1kup evropsk\u00fdch d\u011bl vyroben\u00fdch nez\u00e1visl\u00fdmi v\u00fdrobci, v\u010detn\u011b<br \/>\nidentifikace v\u00fdrobc\u016f t\u011bchto d\u011bl, seznamy vys\u00edlan\u00fdch evropsk\u00fdch d\u011bl vyroben\u00fdch nez\u00e1visl\u00fdmi<br \/>\nv\u00fdrobci, od jejich\u017e v\u00fdroby neuplynulo v\u00edce ne\u017e 5 let a \u00fadaje o po\u010dtu a d\u00e9lce odvys\u00edlan\u00fdch \u010desk\u00fdch<br \/>\nd\u011bl, to v\u0161e za kalend\u00e1\u0159n\u00ed rok 2023 k televizn\u00edmu programu A 11. Data poskytnut\u00e1 provozovatelem<br \/>\npo stanoven\u00e9m term\u00ednu vykazuj\u00ed zjevnou chybovost. Rada stanovuje lh\u016ftu k n\u00e1prav\u011b 15 dn\u00ed ode<br \/>\ndne doru\u010den\u00ed upozorn\u011bn\u00ed.<br \/>\n&#8211; Rada v r\u00e1mci sv\u00e9 p\u016fsobnosti dan\u00e9 ustanoven\u00edm \u00a7 5 odst. 1 p\u00edsm. a) z\u00e1kona \u010d. 231\/2001 Sb., o<br \/>\nprovozov\u00e1n\u00ed rozhlasov\u00e9ho a televizn\u00edho vys\u00edl\u00e1n\u00ed a o zm\u011bn\u011b dal\u0161\u00edch z\u00e1kon\u016f, v platn\u00e9m zn\u011bn\u00ed, a na<br \/>\nz\u00e1klad\u011b ustanoven\u00ed \u00a7 137 odst. 1 z\u00e1kona \u010d. 500\/2004 Sb., spr\u00e1vn\u00ed \u0159\u00e1d, \u017e\u00e1d\u00e1 provozovatele O2 TV<br \/>\ns.r.o., I\u010cO 03998380, Za Brumlovkou 266\/2, Michle, 140 00 Praha 4, o pod\u00e1n\u00ed vysv\u011btlen\u00ed k \u00fadaj\u016fm,<br \/>\njimi\u017e deklaroval, jak\u00e9 bylo zastoupen\u00ed evropsk\u00fdch d\u011bl ve vys\u00edl\u00e1n\u00ed jeho televizn\u00edch program\u016f v roce<br \/>\n2023. Konkr\u00e9tn\u011b Rada po\u017eaduje vysv\u011btlen\u00ed: 1) pro\u010d provozovatel neposkytl \u00fadaje o podpo\u0159e<br \/>\nevropsk\u00e9 tvorby rovn\u011b\u017e pro programy O2 Sport 7 a Premier Sport 3 SK; 2) jak\u00e9 bylo v roce 2023<br \/>\nzastoupen\u00ed \u010desk\u00fdch d\u011bl na programech O2 Sport 2, O2 Sport 3, O2 Sport 4, O2 Sport 5 a O2 Sport<br \/>\n6, resp. zda toto zastoupen\u00ed bylo shodn\u00e9 jako na programu O2 Sport; 3) jak\u00e9 bylo v roce 2023<br \/>\nzastoupen\u00ed \u010desk\u00fdch d\u011bl na programu Premier Sport 2 SK, resp. zda toto zastoupen\u00ed bylo shodn\u00e9<br \/>\njako na programu Premier Sport 2 CZ. Rada stanovuje lh\u016ftu k pod\u00e1n\u00ed vysv\u011btlen\u00ed 30 dn\u00ed ode dne<br \/>\ndoru\u010den\u00ed t\u00e9to v\u00fdzvy.<br \/>\n&#8211; Rada v r\u00e1mci sv\u00e9 p\u016fsobnosti dan\u00e9 ustanoven\u00edm \u00a7 5 odst. 1 p\u00edsm. a) a f) a \u00a7 59 odst. 1-3 z\u00e1kona<br \/>\n\u010d. 231\/2001 Sb., o provozov\u00e1n\u00ed rozhlasov\u00e9ho a televizn\u00edho vys\u00edl\u00e1n\u00ed a o zm\u011bn\u011b dal\u0161\u00edch z\u00e1kon\u016f, v<br \/>\nplatn\u00e9m zn\u011bn\u00ed, upozor\u0148uje provozovatele HBO Europe s. r.o., I\u010cO 61466786, Praha 7, Jankovcova<br \/>\n1037\/49, PS\u010c 17000, na poru\u0161en\u00ed \u00a7 42 z\u00e1kona \u010d. 231\/2001 Sb., kter\u00e9ho se dopustil t\u00edm, \u017ee na<br \/>\nprogramu Boomerang Eire byla evropsk\u00e1 tvorba v roce 2023 zastoupena 49,81 %, na programu<\/p>\n<p>Cartoon Network CEE 49,67 %, na programu Cartoon Network Dutch 49,93 %, na programu<br \/>\nCartoon Network Eire 48,67 % a na programu Cartoon Network Poland 49,81 %, tud\u00ed\u017e provozovatel<br \/>\nna t\u011bchto programech nevyhradil pro evropsk\u00e1 d\u00edla nadpolovi\u010dn\u00ed pod\u00edl celkov\u00e9ho vys\u00edlac\u00edho \u010dasu.<br \/>\nRada stanovuje lh\u016ftu k n\u00e1prav\u011b tak, aby provozovatel za kalend\u00e1\u0159n\u00ed rok 2024 na uveden\u00fdch<br \/>\nprogramech vyhradil pro evropsk\u00e1 d\u00edla nadpolovi\u010dn\u00ed pod\u00edl z celkov\u00e9ho vys\u00edlac\u00edho \u010dasu.<br \/>\n&#8211; Rada v r\u00e1mci sv\u00e9 p\u016fsobnosti dan\u00e9 ustanoven\u00edm \u00a7 5 odst. 1 p\u00edsm. a) z\u00e1kona \u010d. 231\/2001 Sb., o<br \/>\nprovozov\u00e1n\u00ed rozhlasov\u00e9ho a televizn\u00edho vys\u00edl\u00e1n\u00ed a o zm\u011bn\u011b dal\u0161\u00edch z\u00e1kon\u016f, v platn\u00e9m zn\u011bn\u00ed, a na<br \/>\nz\u00e1klad\u011b ustanoven\u00ed \u00a7 137 odst. 1 z\u00e1kona \u010d. 500\/2004 Sb., spr\u00e1vn\u00ed \u0159\u00e1d, \u017e\u00e1d\u00e1 provozovatelku Janu<br \/>\nPeterkovou, I\u010cO 16893085, K\u0159enovice 106, 373 84, Dubn\u00e9, o pod\u00e1n\u00ed vysv\u011btlen\u00ed k \u00fadaj\u016fm, jimi\u017e<br \/>\ndeklarovala, jak\u00e9 bylo zastoupen\u00ed evropsk\u00fdch d\u011bl ve vys\u00edl\u00e1n\u00ed televizn\u00edho programu TELEVIZE<br \/>\nNATURA za rok 2023. Konkr\u00e9tn\u011b Rada po\u017eaduje vysv\u011btlen\u00ed: 1) pro\u010d provozovatelka uvedla, \u017ee<br \/>\nzastoupen\u00ed evropsk\u00e9 nez\u00e1visl\u00e9 tvorby ve vys\u00edl\u00e1n\u00ed bylo 18,7 %, kdy\u017e by deklarovan\u00fdch 3 126 hodin<br \/>\nm\u011blo \u010dinit 38,11 %, pokud celkov\u00fd \u010dasov\u00fd rozsah vys\u00edl\u00e1n\u00ed byl 8203,51 hod.; 2) z jak\u00e9ho d\u016fvodu<br \/>\nprovozovatelka vedle celkov\u00fdch \u00fadaj\u016f o podpo\u0159e evropsk\u00e9 tvorby neposkytla rovn\u011b\u017e identifikaci<br \/>\nodvys\u00edlan\u00fdch evropsk\u00fdch d\u011bl a evropsk\u00fdch nez\u00e1visl\u00fdch d\u011bl a jejich v\u00fdrobc\u016f a seznamy<br \/>\nodvys\u00edlan\u00fdch evropsk\u00fdch d\u011bl vyroben\u00fdch nez\u00e1visl\u00fdmi v\u00fdrobci, od jejich\u017e v\u00fdroby neuplynulo v\u00edce<br \/>\nne\u017e 5 let, jak vy\u017eaduje z\u00e1kon \u010d. 231\/2001 Sb. Rada stanovuje lh\u016ftu k pod\u00e1n\u00ed vysv\u011btlen\u00ed 30 dn\u00ed ode<br \/>\ndne doru\u010den\u00ed t\u00e9to v\u00fdzvy.<br \/>\n&#8211; Rada v r\u00e1mci sv\u00e9 p\u016fsobnosti dan\u00e9 ustanoven\u00edm \u00a7 5 odst. 1 p\u00edsm. a) z\u00e1kona \u010d. 231\/2001 Sb., o<br \/>\nprovozov\u00e1n\u00ed rozhlasov\u00e9ho a televizn\u00edho vys\u00edl\u00e1n\u00ed a o zm\u011bn\u011b dal\u0161\u00edch z\u00e1kon\u016f, v platn\u00e9m zn\u011bn\u00ed, a na<br \/>\nz\u00e1klad\u011b ustanoven\u00ed \u00a7 137 odst. 1 z\u00e1kona \u010d. 500\/2004 Sb., spr\u00e1vn\u00ed \u0159\u00e1d, \u017e\u00e1d\u00e1 provozovatele POLAR<br \/>\ntelevize Ostrava s.r.o., I\u010cO 25859838, Boleslavova 710\/19, Mari\u00e1nsk\u00e9 Hory, 709 00 Ostrava, o<br \/>\npod\u00e1n\u00ed vysv\u011btlen\u00ed k v\u00fdkazu, j\u00edm\u017e deklaroval, jak\u00e9 bylo zastoupen\u00ed evropsk\u00fdch d\u011bl ve vys\u00edl\u00e1n\u00ed<br \/>\nprogramu POLAR v roce 2023, z jak\u00e9ho d\u016fvodu v\u00fdkaz nezahrnoval rovn\u011b\u017e program POLAR 2,<br \/>\n\u0161\u00ed\u0159en\u00fd zvl\u00e1\u0161tn\u00edmi p\u0159enosov\u00fdmi syst\u00e9my na z\u00e1klad\u011b licence \u010d. j. RRTV\/15435\/2020-zem. Rada<br \/>\nstanovuje lh\u016ftu k pod\u00e1n\u00ed vysv\u011btlen\u00ed 30 dn\u00ed ode dne doru\u010den\u00ed t\u00e9to v\u00fdzvy.<br \/>\n&#8211; Rada se sezn\u00e1mila s v\u00fdsledky anal\u00fdzy obchodn\u00edch sd\u011blen\u00ed za m\u011bs\u00edc listopad 2023.<br \/>\n&#8211; Rada jako org\u00e1n dozoru pro oblast regulace reklamy dle \u00a7 7 p\u00edsm. a) z\u00e1kona \u010d. 40\/1995 Sb., o<br \/>\nregulaci reklamy a o zm\u011bn\u011b a dopln\u011bn\u00ed z\u00e1kona \u010d. 468\/1991 Sb., o provozov\u00e1n\u00ed rozhlasov\u00e9ho a<br \/>\ntelevizn\u00edho vys\u00edl\u00e1n\u00ed, ve zn\u011bn\u00ed pozd\u011bj\u0161\u00edch p\u0159edpis\u016f, a na z\u00e1klad\u011b \u00a7 137 odst. 1 z\u00e1kona \u010d. 500\/2004<br \/>\nSb., spr\u00e1vn\u00ed \u0159\u00e1d, \u017e\u00e1d\u00e1 zadavatele obchodn\u00edch sd\u011blen\u00ed, spole\u010dnost SAZKA a.s., I\u010c: 26493993,<br \/>\ns\u00eddlem Evropsk\u00e1 866\/69, Vokovice, 160 00 Praha 6, o pod\u00e1n\u00ed vysv\u011btlen\u00ed, z jak\u00e9ho d\u016fvodu<br \/>\nneobsahuj\u00ed ozn\u00e1men\u00ed sponzora programu s motivem Sazka &#8211; V\u00e1no\u010dn\u00ed losy, odvys\u00edlan\u00e1 dne<br \/>\n26. listopadu 2023 v \u010dase 16:50 hodin na programu Prima a dne 27. listopadu 2023 v \u010dase 18:18<br \/>\nhodin na t\u00e9m\u017ee programu, explicitn\u00ed sd\u011blen\u00ed o z\u00e1kazu \u00fa\u010dasti osob mlad\u0161\u00edch 18 let na hazardn\u00ed h\u0159e,<br \/>\npakli\u017ee ozn\u00e1men\u00ed sponzora po\u0159adu s motivem Sazka &#8211; V\u00e1no\u010dn\u00ed losy, odvys\u00edlan\u00e9 dne 30. listopadu<br \/>\n2023 v \u010dase 18:27 hodin na programu NOVA, takov\u00e9 upozorn\u011bn\u00ed \u0159\u00e1dn\u011b zahrnuje. Rada stanovuje<br \/>\nlh\u016ftu k pod\u00e1n\u00ed vysv\u011btlen\u00ed 30 dn\u00ed ode dne doru\u010den\u00ed t\u00e9to v\u00fdzvy.<br \/>\n&#8211; Rada se sezn\u00e1mila s podan\u00fdm vysv\u011btlen\u00edm provozovatele vys\u00edl\u00e1n\u00ed \u010cesk\u00e1 televize, I\u010c 00027383,<br \/>\ns\u00eddlem Na h\u0159ebenech II 1132\/4, Praha 4, PS\u010c 14700, k obsahu report\u00e1\u017ee \u201eKritika arcibiskupa<br \/>\nMichala Dand\u00e1ra\u201c, kter\u00e1 byla sou\u010d\u00e1st\u00ed po\u0159adu Ud\u00e1losti, odvys\u00edlan\u00e9ho dne 17. \u0159\u00edjna 2023 od 19:00<br \/>\nhodin na programech \u010cT1 a \u010cT24.<br \/>\n&#8211; Rada coby \u00fast\u0159edn\u00ed spr\u00e1vn\u00ed \u00fa\u0159ad v r\u00e1mci sv\u00e9 kompetence dan\u00e9 ustanoven\u00edm \u00a7 5 odst. 1 p\u00edsm. a)<br \/>\nz\u00e1kona \u010d. 231\/2001 Sb., o provozov\u00e1n\u00ed rozhlasov\u00e9ho a televizn\u00edho vys\u00edl\u00e1n\u00ed a o zm\u011bn\u011b dal\u0161\u00edch<br \/>\nz\u00e1kon\u016f, rozhodla v souladu s ustanoven\u00edm \u00a7 76 odst. 1 p\u00edsm. a) z\u00e1kona \u010d. 250\/2016 Sb., o<br \/>\nodpov\u011bdnosti za p\u0159estupky a \u0159\u00edzen\u00ed o nich, v platn\u00e9m zn\u011bn\u00ed, ve v\u011bci mo\u017en\u00e9ho p\u0159estupku<br \/>\nsp\u00e1chan\u00e9ho odvys\u00edl\u00e1n\u00edm report\u00e1\u017ee \u201eKritika arcibiskupa Michala Dand\u00e1ra\u201c, kter\u00e1 byla sou\u010d\u00e1st\u00ed<br \/>\npo\u0159adu Ud\u00e1losti, odvys\u00edlan\u00e9ho dne 17. \u0159\u00edjna 2023 od 19:00 hodin na programech \u010cT1 a \u010cT24, \u017ee<br \/>\nv\u011bc odkl\u00e1d\u00e1.Rada se sezn\u00e1mila s podan\u00fdm vysv\u011btlen\u00edm provozovatele TV Osoblaha s. r. o., t\u00fdkaj\u00edc\u00edm se<br \/>\nz\u00e1znam\u016f vys\u00edl\u00e1n\u00ed programu INFOkan\u00e1l TV Osoblaha ze dn\u016f 4. a 5. \u010dervna 2023.<br \/>\n&#8211; Rada se sezn\u00e1mila s podan\u00fdm vysv\u011btlen\u00edm provozovatele Barrandov Televizn\u00ed Studio a.s., I\u010c<br \/>\n416 93 311, Praha 5, K\u0159\u00ed\u017eeneck\u00e9ho n\u00e1m. 322, 15200, z jak\u00e9ho d\u016fvodu bylo vyd\u00e1n\u00ed po\u0159adu T\u00fdden<br \/>\npodle Jarom\u00edra Soukupa, ze dne 16. listopadu 2023 od 21:55 hodin na programu Televize<br \/>\nBarrandov ozna\u010deno symbolem um\u00edst\u011bn\u00ed produktu, kdy\u017e stejn\u00e9 vyd\u00e1n\u00ed po\u0159adu dne 21. listopadu<br \/>\nod 21:53 hodin na stejn\u00e9m programu ozna\u010den\u00ed um\u00edst\u011bn\u00ed produktu neobsahovalo.<br \/>\n&#8211; Rada coby \u00fast\u0159edn\u00ed spr\u00e1vn\u00ed \u00fa\u0159ad v r\u00e1mci sv\u00e9 kompetence dan\u00e9 ustanoven\u00edm \u00a7 5 odst. 1 p\u00edsm. a)<br \/>\nz\u00e1kona \u010d. 231\/2001 Sb., o provozov\u00e1n\u00ed rozhlasov\u00e9ho a televizn\u00edho vys\u00edl\u00e1n\u00ed a o zm\u011bn\u011b dal\u0161\u00edch<br \/>\nz\u00e1kon\u016f, rozhodla v souladu s ustanoven\u00edm \u00a7 76 odst. 1 p\u00edsm. a) z\u00e1kona \u010d. 250\/2016 Sb., o<br \/>\nodpov\u011bdnosti za p\u0159estupky a \u0159\u00edzen\u00ed o nich, v platn\u00e9m zn\u011bn\u00ed, ve v\u011bci mo\u017en\u00e9ho p\u0159estupku<br \/>\nsp\u00e1chan\u00e9ho odvys\u00edl\u00e1n\u00edm po\u0159adu T\u00fdden podle Jarom\u00edra Soukupa na programu Televize Barrandov<br \/>\ndne 16. 11.2023 od 21:55 hod., respektive dne 21. 11. 2023 od 21:53 hodin, \u017ee v\u011bc odkl\u00e1d\u00e1.<br \/>\n&#8211; Rada se sezn\u00e1mila s podan\u00fdm vysv\u011btlen\u00edm provozovatele Barrandov Televizn\u00ed Studio a.s., na<br \/>\nz\u00e1klad\u011b jak\u00e9ho smluvn\u00edho ujedn\u00e1n\u00ed byl v po\u0159adu Na plac!, odvys\u00edlan\u00e9m dne 1. prosince 2023 od<br \/>\n1:19 hodin na programu Televize Barrandov, prezentov\u00e1n produkt Pali\u010dkou pra\u0161t\u011bn\u00e1 kucha\u0159ka.<br \/>\n&#8211; Rada coby \u00fast\u0159edn\u00ed spr\u00e1vn\u00ed \u00fa\u0159ad v r\u00e1mci sv\u00e9 kompetence dan\u00e9 ustanoven\u00edm \u00a7 5 odst. 1 p\u00edsm. a)<br \/>\nz\u00e1kona \u010d. 231\/2001 Sb., o provozov\u00e1n\u00ed rozhlasov\u00e9ho a televizn\u00edho vys\u00edl\u00e1n\u00ed a o zm\u011bn\u011b dal\u0161\u00edch<br \/>\nz\u00e1kon\u016f, rozhodla v souladu s ustanoven\u00edm \u00a7 76 odst. 1 p\u00edsm. a) z\u00e1kona \u010d. 250\/2016 Sb., o<br \/>\nodpov\u011bdnosti za p\u0159estupky a \u0159\u00edzen\u00ed o nich, v platn\u00e9m zn\u011bn\u00ed, ve v\u011bci mo\u017en\u00e9ho p\u0159estupku<br \/>\nsp\u00e1chan\u00e9ho odvys\u00edl\u00e1n\u00edm po\u0159adu Na plac!, dne 1. prosince 2023 od 1:19 hodin na programu<br \/>\nTelevize Barrandov, \u017ee v\u011bc odkl\u00e1d\u00e1.<br \/>\n&#8211; Rada se sezn\u00e1mila s podan\u00fdm vysv\u011btlen\u00edm provozovatele Barrandov Televizn\u00ed Studio a.s., I\u010c<br \/>\n416 93 311, Praha 5, K\u0159\u00ed\u017eeneck\u00e9ho n\u00e1m. 322, 15200, jak\u00fd produkt byl um\u00edst\u011bn\u00fdm produktem v<br \/>\npo\u0159adech T\u00fdden podle Jarom\u00edra Soukupa, ze dne 23. listopadu 2023 od 21:52 hodin, Nebezpe\u010dn\u00e9<br \/>\nvztahy s Honzou Musilem, ze dne 30. listopadu 2023 od 17:35 hodin a Nebezpe\u010dn\u00e9 vztahy s<br \/>\nHonzou Musilem, ze dne 30. listopadu 2023 od 19:22 hodin na programu Televize Barrandov.<br \/>\n&#8211; Rada coby \u00fast\u0159edn\u00ed spr\u00e1vn\u00ed \u00fa\u0159ad v r\u00e1mci sv\u00e9 kompetence dan\u00e9 ustanoven\u00edm \u00a7 5 odst. 1 p\u00edsm. a)<br \/>\nz\u00e1kona \u010d. 231\/2001 Sb., o provozov\u00e1n\u00ed rozhlasov\u00e9ho a televizn\u00edho vys\u00edl\u00e1n\u00ed a o zm\u011bn\u011b dal\u0161\u00edch<br \/>\nz\u00e1kon\u016f, rozhodla v souladu s ustanoven\u00edm \u00a7 76 odst. 1 p\u00edsm. a) z\u00e1kona \u010d. 250\/2016 Sb., o<br \/>\nodpov\u011bdnosti za p\u0159estupky a \u0159\u00edzen\u00ed o nich, v platn\u00e9m zn\u011bn\u00ed, ve v\u011bci mo\u017en\u00e9ho p\u0159estupku<br \/>\nsp\u00e1chan\u00e9ho odvys\u00edl\u00e1n\u00edm po\u0159ad\u016f T\u00fdden podle Jarom\u00edra Soukupa, ze dne 23. listopadu 2023 od<br \/>\n21:52 hodin, Nebezpe\u010dn\u00e9 vztahy s Honzou Musilem, ze dne 30. listopadu 2023 od 17:35 hodin a<br \/>\nNebezpe\u010dn\u00e9 vztahy s Honzou Musilem, ze dne 30. listopadu 2023 od 19:22 hodin na programu<br \/>\nTelevize Barrandov, \u017ee v\u011bc odkl\u00e1d\u00e1.<br \/>\n&#8211; Rada se sezn\u00e1mila s podan\u00fdm vysv\u011btlen\u00edm provozovatele FTV Prima, spol. s r. o., na z\u00e1klad\u011b<br \/>\njak\u00e9ho smluvn\u00edho ujedn\u00e1n\u00ed byly v po\u0159adu M\u00e1me r\u00e1di \u010cesko odvys\u00edlan\u00e9m dne 1. z\u00e1\u0159\u00ed 2023 v \u010dase<br \/>\nod 20:20:56 hodin na programu Prima prezentov\u00e1ny produkty obchodn\u00edho \u0159et\u011bzce Lidl.<br \/>\n&#8211; Rada se sezn\u00e1mila s podan\u00fdm vysv\u011btlen\u00edm provozovatele FTV Prima, spol. s r. o,. zda v po\u0159adu<br \/>\nCo na to va\u0161e pen\u011b\u017eenka odvys\u00edlan\u00e9m dne 18. 10. 2023 od 17:55 hodin na programu CNN Prima<br \/>\nNews, byl um\u00edst\u011bn produkt ve smyslu \u00a7 2 odst. 2 p\u00edsm. b) z\u00e1kona \u010d. 231\/2001 Sb., a jestli\u017ee po\u0159ad<br \/>\nskute\u010dn\u011b obsahoval um\u00edst\u011bn\u00fd produkt, pro\u010d nebyl \u0159\u00e1dn\u011b ozna\u010den i na sv\u00e9m konci, kdy\u017e byl<br \/>\nsymbolem PP ozna\u010den na sv\u00e9m za\u010d\u00e1tku.<br \/>\n&#8211; Rada coby \u00fast\u0159edn\u00ed spr\u00e1vn\u00ed \u00fa\u0159ad v r\u00e1mci sv\u00e9 kompetence dan\u00e9 ustanoven\u00edm \u00a7 5 odst. 1 p\u00edsm. a)<br \/>\nz\u00e1kona \u010d. 231\/2001 Sb., o provozov\u00e1n\u00ed rozhlasov\u00e9ho a televizn\u00edho vys\u00edl\u00e1n\u00ed a o zm\u011bn\u011b dal\u0161\u00edch<br \/>\nz\u00e1kon\u016f, rozhodla v souladu s ustanoven\u00edm \u00a7 76 odst. 1 p\u00edsm. a) z\u00e1kona \u010d. 250\/2016 Sb., o<br \/>\nodpov\u011bdnosti za p\u0159estupky a \u0159\u00edzen\u00ed o nich, v platn\u00e9m zn\u011bn\u00ed, ve v\u011bci mo\u017en\u00e9ho p\u0159estupku<br \/>\nsp\u00e1chan\u00e9ho odvys\u00edl\u00e1n\u00edm po\u0159adu Co na to va\u0161e pen\u011b\u017eenka, dne 18. 10. 2023 od 17:55 hodin na<br \/>\nprogramu CNN Prima NEWS, \u017ee v\u011bc odkl\u00e1d\u00e1. Rada se sezn\u00e1mila s podan\u00fdm vysv\u011btlen\u00edm<\/p>\n<p>provozovatele FTV Prima, spol. s r.o., z jak\u00e9ho<br \/>\nd\u016fvodu nebyl po\u0159ad \u010cesko Slovensko m\u00e1 talent, odvys\u00edlan\u00fd na programu Prima dne 29. \u0159\u00edjna 2023<br \/>\nod 20:23 hodin, ozna\u010den symbolem PP ve sv\u00e9m z\u00e1v\u011bru, a d\u00e1le, pro\u010d ozna\u010den\u00ed PP zcela<br \/>\nabsentovalo v r\u00e1mci vys\u00edl\u00e1n\u00ed t\u00e9ho\u017e po\u0159adu dne 4. listopadu 2023 od 10:34 hodin na programu<br \/>\nPrima.<br \/>\n&#8211; Rada coby \u00fast\u0159edn\u00ed spr\u00e1vn\u00ed \u00fa\u0159ad v r\u00e1mci sv\u00e9 kompetence dan\u00e9 ustanoven\u00edm \u00a7 5 odst. 1 p\u00edsm. a)<br \/>\nz\u00e1kona \u010d. 231\/2001 Sb., o provozov\u00e1n\u00ed rozhlasov\u00e9ho a televizn\u00edho vys\u00edl\u00e1n\u00ed a o zm\u011bn\u011b dal\u0161\u00edch<br \/>\nz\u00e1kon\u016f, rozhodla v souladu s ustanoven\u00edm \u00a7 76 odst. 1 p\u00edsm. a) z\u00e1kona \u010d. 250\/2016 Sb., o<br \/>\nodpov\u011bdnosti za p\u0159estupky a \u0159\u00edzen\u00ed o nich, v platn\u00e9m zn\u011bn\u00ed, ve v\u011bci mo\u017en\u00e9ho p\u0159estupku<br \/>\nsp\u00e1chan\u00e9ho odvys\u00edl\u00e1n\u00edm po\u0159adu \u010ceskoslovensko m\u00e1 talent, dne 29. \u0159\u00edjna 2023 od 20:23 hodin,<br \/>\nrespektive dne 4. listopadu 2023 od 10:34 hodin na programu Prima, \u017ee v\u011bc odkl\u00e1d\u00e1.<br \/>\n&#8211; Rada se sezn\u00e1mila s podan\u00fdm vysv\u011btlen\u00edm TELEVIZE HBin, dru\u017estvo, se s\u00eddlem B. Kobzinov\u00e9<br \/>\n2020\/0, Havl\u00ed\u010dk\u016fv Brod, PS\u010c 58001, I\u010c: 25918133, z jak\u00e9ho d\u016fvodu uv\u00e1d\u00ed na sv\u00fdch webov\u00fdch<br \/>\nstr\u00e1nk\u00e1ch, www.hbin.cz, https:\/\/www.youtube.com\/user\/blazekhb, informaci o Rad\u011b jako\u017eto<br \/>\norg\u00e1nu dohledu vztahuj\u00edc\u00ed se k audiovizu\u00e1ln\u00ed medi\u00e1ln\u00ed slu\u017eb\u011b na vy\u017e\u00e1d\u00e1n\u00ed, nikoli vztahuj\u00edc\u00ed se k<br \/>\ntelevizn\u00edmu programu dle \u00a7 32 odst. 9 p\u00edsm. c) z\u00e1kona \u010d. 231\/2001 Sb., resp. z jak\u00e9ho d\u016fvodu se<br \/>\nprezentuje jako poskytovatel audiovizu\u00e1ln\u00ed medi\u00e1ln\u00ed slu\u017eby na vy\u017e\u00e1d\u00e1n\u00ed a ne jako provozovatel<br \/>\nvys\u00edl\u00e1n\u00ed programu Televize HBin.<br \/>\n&#8211; Rada se sezn\u00e1mila s pod\u00e1n\u00edm provozovatele KATRO SERVIS, spol. s r.o., t\u00fdkaj\u00edc\u00edm se chybn\u011b<br \/>\nzaslan\u00fdch z\u00e1znam\u016f ozna\u010den\u00fdch jako vys\u00edl\u00e1n\u00ed programu Info-kan\u00e1l Mokr\u00e9 Lazce ze dn\u016f 4. a 5.<br \/>\n\u010dervna 2023.<br \/>\n&#8211; Rada se sezn\u00e1mila se sd\u011blen\u00edm AMC Networks Central Europe s.r.o., jako\u017eto provozovatele<br \/>\nprogramu FILM CAFE, sm\u011brovan\u00e9ho na \u00fazem\u00ed Ma\u010farska, k v\u00fdzv\u011b Rady k dodr\u017eov\u00e1n\u00ed p\u0159\u00edsn\u011bj\u0161\u00edch<br \/>\npravidel obecn\u00e9ho ve\u0159ejn\u00e9ho z\u00e1jmu formulovan\u00fdch pr\u00e1vn\u00edm \u0159\u00e1dem Ma\u010farska, konkr\u00e9tn\u011b ve v\u011bci<br \/>\nza\u0159azov\u00e1n\u00ed ma\u010farsk\u00fdch symbol\u016f v\u011bkov\u00e9 klasifikace v souvislosti s odvys\u00edl\u00e1n\u00edm po\u0159adu A nagy<br \/>\nfeh\u00e9r (Velk\u00fd b\u00edl\u00fd\/Great White) dne 13. \u0159\u00edjna 2023 od 14:07 hodin na programu FILM CAFE<br \/>\n(Ma\u010farsko).<br \/>\n&#8211; Rada informuje ma\u010farsk\u00e9ho regul\u00e1tora Media Council of the National Media and<br \/>\nInfocommunications Authority (Nemzeti M\u00e9dia- \u00e9s H\u00edrk\u00f6zl\u00e9si Hat\u00f3s\u00e1g &#8211; M\u00e9diatan\u00e1cs) o reakci<br \/>\nprovozovatele AMC Networks Central Europe s. r. o., na v\u00fdzvu Rady k dodr\u017eov\u00e1n\u00ed p\u0159\u00edsn\u011bj\u0161\u00edch<br \/>\npravidel obecn\u00e9ho ve\u0159ejn\u00e9ho z\u00e1jmu formulovan\u00fdch pr\u00e1vn\u00edm \u0159\u00e1dem Ma\u010farska ve v\u011bci po\u0159adu A<br \/>\nnagy feh\u00e9r (Velk\u00fd b\u00edl\u00fd\/Great White) odvys\u00edlan\u00e9ho dne 13. \u0159\u00edjna 2023 od 14:07 hodin na programu<br \/>\nFILM CAFE (Ma\u010farsko).<br \/>\n&#8211; Rada se sezn\u00e1mila s reakc\u00ed provozovatele KATRO SERVIS, spol. s r.o., na ulo\u017een\u00e9 upozorn\u011bn\u00ed<br \/>\nna poru\u0161en\u00ed ustanoven\u00ed \u00a7 32 odst. 1 p\u00edsm. l) z\u00e1kona \u010d. 231\/2001 Sb., kter\u00e9ho se dopustil t\u00edm, \u017ee<br \/>\nna p\u00edsemnou v\u00fdzvu Rady zap\u016fj\u010dil z\u00e1znam vys\u00edl\u00e1n\u00ed programu Info-kan\u00e1l Bene\u0161ov u Semil, kter\u00fd<br \/>\nnebyl z\u00e1znamem v odvys\u00edlan\u00e9 podob\u011b a n\u00e1le\u017eit\u00e9 technick\u00e9 kvalit\u011b.<br \/>\n&#8211; Rada se sezn\u00e1mila s reakc\u00ed provozovatele KATRO SERVIS, spol. s r.o., na ulo\u017een\u00e9 upozorn\u011bn\u00ed<br \/>\nna poru\u0161en\u00ed ustanoven\u00ed \u00a7 32 odst. 1 p\u00edsm. l) z\u00e1kona \u010d. 231\/2001 Sb., kter\u00e9ho se dopustil t\u00edm, \u017ee<br \/>\nna v\u00fdzvu Rady neposkytl z\u00e1znamy vys\u00edl\u00e1n\u00ed program\u016f Info-kan\u00e1l L\u00e1nov, Info-kan\u00e1l Ok\u0159\u00ed\u0161ky,<\/p>\n<p>Infokan\u00e1l P\u00ed\u0161\u0165 a Info-kan\u00e1l T\u0159emo\u0161nice z obdob\u00ed 4. &#8211; 5. \u010dervna 2023, \u010d\u00edm\u017e provozovatel poru\u0161il<br \/>\npovinnost uchov\u00e1vat v odvys\u00edlan\u00e9 podob\u011b a v n\u00e1le\u017eit\u00e9 technick\u00e9 kvalit\u011b z\u00e1znamy v\u0161ech po\u0159ad\u016f<br \/>\nv\u010detn\u011b dal\u0161\u00edch \u010d\u00e1st\u00ed vys\u00edl\u00e1n\u00ed alespo\u0148 po dobu 30 dn\u016f ode dne jejich vys\u00edl\u00e1n\u00ed a na p\u00edsemnou v\u00fdzvu<br \/>\nje zap\u016fj\u010dit Rad\u011b.<br \/>\nAUDIOVIZU\u00c1LN\u00cd MEDI\u00c1LN\u00cd SLU\u017dBY NA VY\u017d\u00c1D\u00c1N\u00cd A SLU\u017dBY PLATFOREM PRO SD\u00cdLEN\u00cd<br \/>\nVIDEONAHR\u00c1VEK<br \/>\n&#8211; Rada se sezn\u00e1mila s monitoringem obsahu slu\u017eby M\u00edrPlay, dostupn\u00e9 na internetov\u00e9 str\u00e1nce<br \/>\nhttps:\/\/www.mirplay.cz\/ a v r\u00e1mci sv\u00e9 p\u016fsobnosti dan\u00e9 ustanoven\u00edm \u00a7 4 odst. 1 z\u00e1kona<\/p>\n<p>\u010d. 132\/2010 Sb., o audiovizu\u00e1ln\u00edch medi\u00e1ln\u00edch slu\u017eb\u00e1ch na vy\u017e\u00e1d\u00e1n\u00ed a o zm\u011bn\u011b dal\u0161\u00edch z\u00e1kon\u016f (d\u00e1le jen z\u00e1kon<br \/>\n\u010d. 132\/2010 Sb.), v platn\u00e9m zn\u011bn\u00ed, a na z\u00e1klad\u011b \u00a7 137 odst. 1 z\u00e1kona \u010d. 500\/2004 Sb., spr\u00e1vn\u00ed \u0159\u00e1d,<br \/>\n\u017e\u00e1d\u00e1 spole\u010dnost elieva s.r.o., I\u010c 04804228, s\u00eddlem Halasova 835\/19, Ostrava, PS\u010c 703 00, o<br \/>\npod\u00e1n\u00ed vysv\u011btlen\u00ed, z jak\u00e9ho d\u016fvodu Rad\u011b doposud neozn\u00e1mila poskytov\u00e1n\u00ed audiovizu\u00e1ln\u00ed medi\u00e1ln\u00ed<br \/>\nslu\u017eby na vy\u017e\u00e1d\u00e1n\u00ed M\u00edrPlay, um\u00edst\u011bn\u00e9 na internetov\u00e9 adrese https:\/\/www.mirplay.cz\/. Rada<br \/>\nstanovuje lh\u016ftu k pod\u00e1n\u00ed vysv\u011btlen\u00ed 30 dn\u00ed ode dne doru\u010den\u00ed v\u00fdzvy.<br \/>\n&#8211; Rada \u017e\u00e1d\u00e1 Ministerstvo financ\u00ed \u010cesk\u00e9 republiky o vyj\u00e1d\u0159en\u00ed, zda se v p\u0159\u00edpad\u011b slu\u017eby dostupn\u00e9<br \/>\nna internetov\u00e9 adrese https:\/\/key-drop.com jedn\u00e1 o hazardn\u00ed hru, resp. o hazardn\u00ed hru<br \/>\nprovozovanou bez z\u00e1kladn\u00edho povolen\u00ed podle z\u00e1kona upravuj\u00edc\u00edho hazardn\u00ed hry, ve smyslu<br \/>\nustanoven\u00ed \u00a7 2 odst. 1 p\u00edsm. f) z\u00e1kona \u010d. 40\/1995 Sb., o regulaci reklamy.<br \/>\n&#8211; Rada \u017e\u00e1d\u00e1 Ministerstvo financ\u00ed \u010cesk\u00e9 republiky o vyj\u00e1d\u0159en\u00ed, zda se v p\u0159\u00edpad\u011b slu\u017eby dostupn\u00e9<br \/>\nna internetov\u00e9 adrese https:\/\/bestinvesting.app jedn\u00e1 o hazardn\u00ed hru, resp. o hazardn\u00ed hru<br \/>\nprovozovanou bez z\u00e1kladn\u00edho povolen\u00ed podle z\u00e1kona upravuj\u00edc\u00edho hazardn\u00ed hry, ve smyslu<br \/>\nustanoven\u00ed \u00a7 2 odst. 1 p\u00edsm. f) z\u00e1kona \u010d. 40\/1995 Sb., o regulaci reklamy.<br \/>\n&#8211; Rada v r\u00e1mci sv\u00e9 p\u016fsobnosti dan\u00e9 ustanoven\u00edm \u00a7 4 odst. 1 z\u00e1kona \u010d. 132\/2010 Sb.,<br \/>\no audiovizu\u00e1ln\u00edch medi\u00e1ln\u00edch slu\u017eb\u00e1ch na vy\u017e\u00e1d\u00e1n\u00ed a o zm\u011bn\u011b dal\u0161\u00edch z\u00e1kon\u016f (d\u00e1le jen z\u00e1kon<br \/>\n\u010d. 132\/2010 Sb.), v platn\u00e9m zn\u011bn\u00ed, bere na v\u011bdom\u00ed zm\u011bnu evidovan\u00fdch \u00fadaj\u016f audiovizu\u00e1ln\u00ed<br \/>\nmedi\u00e1ln\u00ed slu\u017eby na vy\u017e\u00e1d\u00e1n\u00ed Current Time (v ru\u0161tin\u011b Nastoja\u0161\u010deje vremja), um\u00edst\u011bn\u00e9 na<br \/>\ninternetov\u00fdch adres\u00e1ch http:\/\/www.currenttime.tv, https:\/\/www.youtube.com\/@CurrentTimeTV,<br \/>\nhttps:\/\/www.instagram.com\/currenttime.tv\/ a https:\/\/www.facebook.com\/currenttimetv,<br \/>\nposkytovatele RFE\/RL, Inc., od\u0161t\u011bpn\u00fd z\u00e1vod, I\u010c 613 89 269, se s\u00eddlem Vinohradsk\u00e1 3333\/159a,<br \/>\n101 00 Praha 10, a zapisuje do Seznamu poskytovatel\u016f audiovizu\u00e1ln\u00edch medi\u00e1ln\u00edch slu\u017eeb na<br \/>\nvy\u017e\u00e1d\u00e1n\u00ed zm\u011bnu spo\u010d\u00edvaj\u00edc\u00ed v roz\u0161\u00ed\u0159en\u00ed zp\u016fsob\u016f p\u0159\u00edstupu ke slu\u017eb\u011b o mobiln\u00ed aplikaci Nastoja\u0161\u010deje<br \/>\nvremja.<br \/>\n&#8211; Rada se sezn\u00e1mila s pln\u011bn\u00edm povinnost\u00ed podpory evropsk\u00e9 tvorby audiovizu\u00e1ln\u00edmi medi\u00e1ln\u00edmi<br \/>\nslu\u017ebami na vy\u017e\u00e1d\u00e1n\u00ed ve smyslu \u00a7 7 z\u00e1kona \u010d. 132\/2010 Sb. za rok 2023.<br \/>\n&#8211; Rada v r\u00e1mci sv\u00e9 kompetence dan\u00e9 ustanoven\u00edm \u00a7 4 odst. 1 a odst. 2 p\u00edsm. b) a ustanoven\u00edm<br \/>\n\u00a7 11 z\u00e1kona \u010d. 132\/2010 Sb., o audiovizu\u00e1ln\u00edch medi\u00e1ln\u00edch slu\u017eb\u00e1ch na vy\u017e\u00e1d\u00e1n\u00ed a o zm\u011bn\u011b<br \/>\nn\u011bkter\u00fdch z\u00e1kon\u016f (d\u00e1le jen z\u00e1kon \u010d. 132\/2010 Sb.), upozor\u0148uje poskytovatele audiovizu\u00e1ln\u00ed<br \/>\nmedi\u00e1ln\u00ed slu\u017eby na vy\u017e\u00e1d\u00e1n\u00ed www.barrandov.tv, um\u00edst\u011bn\u00e9 na adrese www.barrandov.tv,<br \/>\nspole\u010dnost Barrandov Televizn\u00ed Studio a.s., I\u010c 416 93 311, se s\u00eddlem K\u0159\u00ed\u017eeneck\u00e9ho n\u00e1m\u011bst\u00ed 322\/5,<br \/>\nPraha, PS\u010c 152 00, na poru\u0161en\u00ed ustanoven\u00ed \u00a7 7 odst. 3 z\u00e1kona \u010d. 132\/2010 Sb., kter\u00e9ho se dopustil<br \/>\nt\u00edm, \u017ee neposkytl Rad\u011b \u00fadaje o pln\u011bn\u00ed povinnost\u00ed podle \u00a7 7 odst. 1 t\u00e9ho\u017e z\u00e1kona. Rada stanovuje<br \/>\nlh\u016ftu k n\u00e1prav\u011b 30 dn\u00ed ode dne doru\u010den\u00ed tohoto upozorn\u011bn\u00ed.<br \/>\n&#8211; Rada v r\u00e1mci sv\u00e9 p\u016fsobnosti dan\u00e9 ustanoven\u00edm \u00a7 4 odst. 1 a 2 z\u00e1kona \u010d. 132\/2010 Sb.,<br \/>\no audiovizu\u00e1ln\u00edch medi\u00e1ln\u00edch slu\u017eb\u00e1ch na vy\u017e\u00e1d\u00e1n\u00ed, v platn\u00e9m zn\u011bn\u00ed, a na z\u00e1klad\u011b ustanoven\u00ed<br \/>\n\u00a7 137 odst. 1 z\u00e1kona \u010d. 500\/2004 Sb., spr\u00e1vn\u00ed \u0159\u00e1d, \u017e\u00e1d\u00e1 poskytovatele audiovizu\u00e1ln\u00ed medi\u00e1ln\u00ed<br \/>\nslu\u017eby na vy\u017e\u00e1d\u00e1n\u00ed ANTIK TV, dostupn\u00e9 prost\u0159ednictv\u00edm slu\u017eeb Google Play a Appstore,<br \/>\nspole\u010dnost ANTIK Telecom CZ s.r.o., I\u010c 248 23 341, se s\u00eddlem Tov\u00e1rn\u00ed 1112, Chrudim, PS\u010c<br \/>\n537 01, o pod\u00e1n\u00ed vysv\u011btlen\u00ed, z jak\u00e9ho d\u016fvodu nep\u0159edlo\u017eila doklady dokazuj\u00edc\u00ed opr\u00e1vn\u011bnost<br \/>\nuplatn\u011bn\u00ed v\u00fdjimky ve smyslu \u00a7 7 odst. 2 z\u00e1kona \u010d. 132\/2010 Sb., a \u017e\u00e1d\u00e1 o jejich dopln\u011bn\u00ed. Rada<br \/>\nstanovuje lh\u016ftu k pod\u00e1n\u00ed vysv\u011btlen\u00ed 20 dn\u00ed ode dne doru\u010den\u00ed t\u00e9to v\u00fdzvy.<br \/>\n&#8211; Rada v r\u00e1mci sv\u00e9 p\u016fsobnosti dan\u00e9 ustanoven\u00edm \u00a7 4 odst. 1 a 2 z\u00e1kona \u010d. 132\/2010 Sb.,<br \/>\no audiovizu\u00e1ln\u00edch medi\u00e1ln\u00edch slu\u017eb\u00e1ch na vy\u017e\u00e1d\u00e1n\u00ed, v platn\u00e9m zn\u011bn\u00ed, a na z\u00e1klad\u011b ustanoven\u00ed<br \/>\n\u00a7 137 odst. 1 z\u00e1kona \u010d. 500\/2004 Sb., spr\u00e1vn\u00ed \u0159\u00e1d, \u017e\u00e1d\u00e1 poskytovatele audiovizu\u00e1ln\u00ed medi\u00e1ln\u00ed<br \/>\nslu\u017eby na vy\u017e\u00e1d\u00e1n\u00ed MALL.TV, um\u00edst\u011bn\u00e9 na internetov\u00e9 adrese https:\/\/tv.mall.cz, spole\u010dnost Czech<br \/>\nVideo Center a.s., I\u010c 098 39 194, se s\u00eddlem Komunard\u016f 1584\/42, Praha, PS\u010c 170 00, o pod\u00e1n\u00ed<br \/>\nvysv\u011btlen\u00ed, z jak\u00e9ho d\u016fvodu nep\u0159edlo\u017eila Rad\u011b zpr\u00e1vu o zp\u016fsobu pln\u011bn\u00ed povinnosti stanoven\u00e9<\/p>\n<p>\u00a7 7 odst. 1 z\u00e1kona \u010d. 132\/2010 Sb., o audiovizu\u00e1ln\u00edch medi\u00e1ln\u00edch slu\u017eb\u00e1ch na vy\u017e\u00e1d\u00e1n\u00ed. Rada<br \/>\nstanovuje lh\u016ftu k pod\u00e1n\u00ed vysv\u011btlen\u00ed 20 dn\u00ed ode dne doru\u010den\u00ed t\u00e9to v\u00fdzvy.<br \/>\n&#8211; Rada v r\u00e1mci sv\u00e9 p\u016fsobnosti dan\u00e9 ustanoven\u00edm \u00a7 4 odst. 1 a 2 z\u00e1kona \u010d. 132\/2010 Sb.,<br \/>\no audiovizu\u00e1ln\u00edch medi\u00e1ln\u00edch slu\u017eb\u00e1ch na vy\u017e\u00e1d\u00e1n\u00ed, v platn\u00e9m zn\u011bn\u00ed, a na z\u00e1klad\u011b ustanoven\u00ed<br \/>\n\u00a7 137 odst. 1 z\u00e1kona \u010d. 500\/2004 Sb., spr\u00e1vn\u00ed \u0159\u00e1d, \u017e\u00e1d\u00e1 poskytovatele audiovizu\u00e1ln\u00ed medi\u00e1ln\u00ed<br \/>\nslu\u017eby na vy\u017e\u00e1d\u00e1n\u00ed KVIFF.TV, um\u00edst\u011bn\u00e9 na internetov\u00e9 adrese www.kviff.tv, spole\u010dnost KVIFF.<br \/>\nTV, a. s., I\u010c 107 80 777, se s\u00eddlem Pansk\u00e1 892\/1, Praha, PS\u010c 110 00, o pod\u00e1n\u00ed vysv\u011btlen\u00ed, z<br \/>\njak\u00e9ho d\u016fvodu nep\u0159edlo\u017eila Rad\u011b zpr\u00e1vu o zp\u016fsobu pln\u011bn\u00ed povinnosti stanoven\u00e9 \u00a7 7 odst. 1 z\u00e1kona<br \/>\n\u010d. 132\/2010 Sb., o audiovizu\u00e1ln\u00edch medi\u00e1ln\u00edch slu\u017eb\u00e1ch na vy\u017e\u00e1d\u00e1n\u00ed. Rada stanovuje lh\u016ftu k<br \/>\npod\u00e1n\u00ed vysv\u011btlen\u00ed 20 dn\u00ed ode dne doru\u010den\u00ed t\u00e9to v\u00fdzvy.<br \/>\n&#8211; Rada v r\u00e1mci sv\u00e9 p\u016fsobnosti dan\u00e9 ustanoven\u00edm \u00a7 4 odst. 1 a 2 z\u00e1kona \u010d. 132\/2010 Sb.,<br \/>\no audiovizu\u00e1ln\u00edch medi\u00e1ln\u00edch slu\u017eb\u00e1ch na vy\u017e\u00e1d\u00e1n\u00ed, v platn\u00e9m zn\u011bn\u00ed, a na z\u00e1klad\u011b ustanoven\u00ed<br \/>\n\u00a7 137 odst. 1 z\u00e1kona \u010d. 500\/2004 Sb., spr\u00e1vn\u00ed \u0159\u00e1d, \u017e\u00e1d\u00e1 poskytovatele audiovizu\u00e1ln\u00ed medi\u00e1ln\u00ed<br \/>\nslu\u017eby na vy\u017e\u00e1d\u00e1n\u00ed Lounge TV, um\u00edst\u011bn\u00e9 na internetov\u00e9 adrese www.loungetv.cz, spole\u010dnost<br \/>\nLounge and Live TV s.r.o., I\u010c 178 01 451, se s\u00eddlem Nov\u00e9 sady 988\/2, Brno, PS\u010c 602 00, o pod\u00e1n\u00ed<br \/>\nvysv\u011btlen\u00ed, z jak\u00e9ho d\u016fvodu nep\u0159edlo\u017eila Rad\u011b zpr\u00e1vu o zp\u016fsobu pln\u011bn\u00ed povinnosti stanoven\u00e9 \u00a7 7<br \/>\nodst. 1 z\u00e1kona \u010d. 132\/2010 Sb., o audiovizu\u00e1ln\u00edch medi\u00e1ln\u00edch slu\u017eb\u00e1ch na vy\u017e\u00e1d\u00e1n\u00ed. Rada<br \/>\nstanovuje lh\u016ftu k pod\u00e1n\u00ed vysv\u011btlen\u00ed 20 dn\u00ed ode dne doru\u010den\u00ed t\u00e9to v\u00fdzvy.<br \/>\n&#8211; Rada v r\u00e1mci sv\u00e9 p\u016fsobnosti dan\u00e9 ustanoven\u00edm \u00a7 4 odst. 1 a 2 z\u00e1kona \u010d. 132\/2010 Sb.,<br \/>\no audiovizu\u00e1ln\u00edch medi\u00e1ln\u00edch slu\u017eb\u00e1ch na vy\u017e\u00e1d\u00e1n\u00ed, v platn\u00e9m zn\u011bn\u00ed, a na z\u00e1klad\u011b ustanoven\u00ed<br \/>\n\u00a7 137 odst. 1 z\u00e1kona \u010d. 500\/2004 Sb., spr\u00e1vn\u00ed \u0159\u00e1d, \u017e\u00e1d\u00e1 poskytovatele audiovizu\u00e1ln\u00ed medi\u00e1ln\u00ed<br \/>\nslu\u017eby na vy\u017e\u00e1d\u00e1n\u00ed NETBOX (R) Kino, dostupn\u00e9 prost\u0159ednictv\u00edm kabelov\u00fdch rozvod\u016f, a Kuki Kino,<br \/>\ndostupn\u00e9 na internetov\u00e9 adrese www.kuki.cz, spole\u010dnost Nej.cz s.r.o., I\u010c 032 13 595, se s\u00eddlem<br \/>\nKaplanova 2252\/8, Praha, PS\u010c 148 00, o pod\u00e1n\u00ed vysv\u011btlen\u00ed, z jak\u00e9ho d\u016fvodu nep\u0159edlo\u017eila Rad\u011b<br \/>\nzpr\u00e1vu o zp\u016fsobu pln\u011bn\u00ed povinnosti stanoven\u00e9 \u00a7 7 odst. 1 z\u00e1kona \u010d. 132\/2010 Sb., o<br \/>\naudiovizu\u00e1ln\u00edch medi\u00e1ln\u00edch slu\u017eb\u00e1ch na vy\u017e\u00e1d\u00e1n\u00ed. Rada stanovuje lh\u016ftu k pod\u00e1n\u00ed vysv\u011btlen\u00ed 20 dn\u00ed<br \/>\node dne doru\u010den\u00ed t\u00e9to v\u00fdzvy.<br \/>\n&#8211; Rada v r\u00e1mci sv\u00e9 p\u016fsobnosti dan\u00e9 ustanoven\u00edm \u00a7 4 odst. 1 a 2 z\u00e1kona \u010d. 132\/2010 Sb.,<br \/>\no audiovizu\u00e1ln\u00edch medi\u00e1ln\u00edch slu\u017eb\u00e1ch na vy\u017e\u00e1d\u00e1n\u00ed, v platn\u00e9m zn\u011bn\u00ed, a na z\u00e1klad\u011b ustanoven\u00ed<br \/>\n\u00a7 137 odst. 1 z\u00e1kona \u010d. 500\/2004 Sb., spr\u00e1vn\u00ed \u0159\u00e1d, \u017e\u00e1d\u00e1 poskytovatele audiovizu\u00e1ln\u00ed medi\u00e1ln\u00ed<br \/>\nslu\u017eby na vy\u017e\u00e1d\u00e1n\u00ed Videot\u00e9ka, um\u00edst\u011bn\u00e9 na internetov\u00e9 adrese www.t-mobile.cz, spole\u010dnost<br \/>\nT-Mobile Czech Republic a.s., I\u010c 649 49 681, se s\u00eddlem Tom\u00ed\u010dkova 2144\/1, Praha, PS\u010c 148 00,<br \/>\no pod\u00e1n\u00ed vysv\u011btlen\u00ed, z jak\u00e9ho d\u016fvodu nep\u0159edlo\u017eila Rad\u011b zpr\u00e1vu o zp\u016fsobu pln\u011bn\u00ed povinnosti<br \/>\nstanoven\u00e9 \u00a7 7 odst. 1 z\u00e1kona \u010d. 132\/2010 Sb., o audiovizu\u00e1ln\u00edch medi\u00e1ln\u00edch slu\u017eb\u00e1ch na vy\u017e\u00e1d\u00e1n\u00ed.<br \/>\nRada stanovuje lh\u016ftu k pod\u00e1n\u00ed vysv\u011btlen\u00ed 20 dn\u00ed ode dne doru\u010den\u00ed t\u00e9to v\u00fdzvy.<br \/>\n&#8211; Rada se sezn\u00e1mila s anal\u00fdzou audiovizu\u00e1ln\u00ed medi\u00e1ln\u00ed slu\u017eby na vy\u017e\u00e1d\u00e1n\u00ed Televizeseznam.cz<br \/>\nposkytovatele Seznam.cz, a.s. na z\u00e1klad\u011b nab\u00eddky po\u0159ad\u016f ve dnech 29. &#8211; 30. 1. 2024.<br \/>\n&#8211; Rada se sezn\u00e1mila s anal\u00fdzou audiovizu\u00e1ln\u00ed medi\u00e1ln\u00ed slu\u017eby na vy\u017e\u00e1d\u00e1n\u00ed EquiTV poskytovatele<br \/>\nEquinet s.r.o., provozovan\u00e9 na webov\u00e9 adrese www.equitv.cz, na z\u00e1klad\u011b nab\u00eddky po\u0159ad\u016f dne<br \/>\n31. 1. 2024.<br \/>\n&#8211; Rada se sezn\u00e1mila s anal\u00fdzou slu\u017eby Pornot, um\u00edst\u011bn\u00e9 na internetov\u00e9 adrese https:\/\/pornot.cz\/,<br \/>\na seznala, \u017ee slu\u017eba nenapl\u0148uje defini\u010dn\u00ed znaky audiovizu\u00e1ln\u00ed medi\u00e1ln\u00ed slu\u017eby na vy\u017e\u00e1d\u00e1n\u00ed dle<br \/>\nz\u00e1kona \u010d. 132\/2010 Sb., o audiovizu\u00e1ln\u00edch medi\u00e1ln\u00edch slu\u017eb\u00e1ch na vy\u017e\u00e1d\u00e1n\u00ed.<br \/>\n&#8211; Rada se sezn\u00e1mila s anal\u00fdzou slu\u017eby Pornoid, poskytovatele Clausula rebus s.r.o., dostupn\u00e9<br \/>\nna internetov\u00e9 str\u00e1nce https:\/\/pornoid.cz\/.<br \/>\n&#8211; Rada v r\u00e1mci sv\u00e9 p\u016fsobnosti dan\u00e9 ustanoven\u00edm \u00a7 4 z\u00e1kona \u010d. 242\/2022 Sb., o slu\u017eb\u00e1ch<br \/>\nplatforem pro sd\u00edlen\u00ed videonahr\u00e1vek a o zm\u011bn\u011b n\u011bkter\u00fdch souvisej\u00edc\u00edch z\u00e1kon\u016f (d\u00e1le jen z\u00e1kon<br \/>\n\u010d. 242\/2022 Sb.), v platn\u00e9m zn\u011bn\u00ed, a na z\u00e1klad\u011b \u00a7 137 odst. 1 z\u00e1kona \u010d. 500\/2004 Sb., spr\u00e1vn\u00ed \u0159\u00e1d,<\/p>\n<p>\u017e\u00e1d\u00e1 spole\u010dnost Clasula rebus s.r.o., I\u010c 078 38 336, s\u00eddlem Dopravn\u00ed 500\/9, Praha 10, PS\u010c<br \/>\n104 00, o pod\u00e1n\u00ed vysv\u011btlen\u00ed, z jak\u00e9ho d\u016fvodu Rad\u011b doposud neozn\u00e1mila poskytov\u00e1n\u00ed slu\u017eby<br \/>\nplatformy pro sd\u00edlen\u00ed videonahr\u00e1vek Pornoid, dostupn\u00e9 na internetov\u00e9 adrese https:\/\/pornoid.cz\/.<br \/>\nRada stanovuje lh\u016ftu k pod\u00e1n\u00ed vysv\u011btlen\u00ed 30 dn\u00ed ode dne doru\u010den\u00ed v\u00fdzvy.<br \/>\n&#8211; Rada se sezn\u00e1mila s anal\u00fdzou slu\u017eby Pornhub, um\u00edst\u011bn\u00e9 na internetov\u00e9 adrese<br \/>\nhttps:\/\/cz.pornhub.com\/, a seznala, \u017ee slu\u017eba nenapl\u0148uje defini\u010dn\u00ed znaky slu\u017eby platformy pro<br \/>\nsd\u00edlen\u00ed videonahr\u00e1vek dle z\u00e1kona \u010d. 242\/2022 Sb., o slu\u017eb\u00e1ch platforem pro sd\u00edlen\u00ed videonahr\u00e1vek.<br \/>\n&#8211; Rada se sezn\u00e1mila s podan\u00fdm vysv\u011btlen\u00edm Tom\u00e1\u0161e Pfeiffera, I\u010c 12609498, t\u00fdkaj\u00edc\u00edm se slu\u017eby<br \/>\nBIOVID TV um\u00edst\u011bn\u00e9 na internetov\u00e9 adrese https:\/\/www.dub.cz\/biovid-tv\/.<br \/>\n&#8211; Rada se sezn\u00e1mila s podan\u00fdm vysv\u011btlen\u00edm spole\u010dnosti TOM\u00c1\u0160 PFEIFFER-DIMENZE 2+2,<br \/>\ns.r.o., t\u00fdkaj\u00edc\u00edm se slu\u017eby BIOVID TV um\u00edst\u011bn\u00e9 na internetov\u00e9 adrese https:\/\/www.dub.cz\/biovidtv\/.<br \/>\n&#8211; Rada se sezn\u00e1mila s podan\u00fdm vysv\u011btlen\u00edm poskytovatele Dramox s.r.o., z jak\u00e9ho d\u016fvodu na<br \/>\np\u00edsemnou v\u00fdzvu Rady nep\u0159edlo\u017eil Ak\u010dn\u00ed pl\u00e1n zp\u0159\u00edstup\u0148ov\u00e1n\u00ed nab\u00edzen\u00fdch po\u0159ad\u016f pro osoby se<br \/>\nsluchov\u00fdm posti\u017een\u00edm a osoby se zrakov\u00fdm posti\u017een\u00edm na obdob\u00ed ode dne 1. \u010dervence 2023 do<br \/>\ndne 30. \u010dervna 2025.<br \/>\n&#8211; Rada prodlu\u017euje poskytovateli audiovizu\u00e1ln\u00ed medi\u00e1ln\u00ed slu\u017eby na vy\u017e\u00e1d\u00e1n\u00ed Dramox.cz,<br \/>\nspole\u010dnosti Dramox s.r.o., I\u010c 092 22 103, se s\u00eddlem Bucharova 2928\/14a, Praha, PS\u010c 158 00,<br \/>\nlh\u016ftu k p\u0159edlo\u017een\u00ed Ak\u010dn\u00edho pl\u00e1nu zp\u0159\u00edstup\u0148ov\u00e1n\u00ed nab\u00edzen\u00fdch po\u0159ad\u016f pro osoby se sluchov\u00fdm<br \/>\nposti\u017een\u00edm a osoby se zrakov\u00fdm posti\u017een\u00edm na obdob\u00ed ode dne 1. \u010dervence 2023 do dne 30.\u010dervna<br \/>\n2025 pro audiovizu\u00e1ln\u00ed medi\u00e1ln\u00ed slu\u017ebu na vy\u017e\u00e1d\u00e1n\u00ed Dramox.cz do 31. kv\u011btna 2024.<br \/>\n&#8211; Rada se sezn\u00e1mila s podan\u00fdm vysv\u011btlen\u00edm poskytovatele audiovizu\u00e1ln\u00ed medi\u00e1ln\u00ed slu\u017eby na<br \/>\nvy\u017e\u00e1d\u00e1n\u00ed www.televize-js.cz, dostupn\u00e9 na internetov\u00e9 adrese www.televize-js.cz, Ji\u0159\u00edho St\u0159edy, I\u010c<br \/>\n105 18 266, se s\u00eddlem Seifertova 899, \u00dapice, PS\u010c 542 32, ve v\u011bci nep\u0159edlo\u017een\u00ed Ak\u010dn\u00edho pl\u00e1nu<br \/>\nzp\u0159\u00edstup\u0148ov\u00e1n\u00ed nab\u00edzen\u00fdch po\u0159ad\u016f pro osoby se sluchov\u00fdm posti\u017een\u00edm a osoby se zrakov\u00fdm<br \/>\nposti\u017een\u00edm na obdob\u00ed ode dne 1. \u010dervence 2023 do dne 30. \u010dervna 2025.<br \/>\n&#8211; Rada se sezn\u00e1mila s anal\u00fdzou slu\u017eby www.televize-js.cz, dostupn\u00e9 na internetov\u00e9 adrese<br \/>\nwww.televize-js.cz, poskytovatele Ji\u0159\u00edho St\u0159edy.<br \/>\n&#8211; Rada v r\u00e1mci sv\u00e9 p\u016fsobnosti dan\u00e9 ustanoven\u00edm \u00a7 4 odst. 1 z\u00e1kona \u010d. 132\/2010 Sb.,<br \/>\no audiovizu\u00e1ln\u00edch medi\u00e1ln\u00edch slu\u017eb\u00e1ch na vy\u017e\u00e1d\u00e1n\u00ed a o zm\u011bn\u011b dal\u0161\u00edch z\u00e1kon\u016f (d\u00e1le jen z\u00e1kon<br \/>\n\u010d. 132\/2010 Sb.), v platn\u00e9m zn\u011bn\u00ed, konstatuje, \u017ee slu\u017eba www.televize-js.cz, dostupn\u00e1 na<br \/>\ninternetov\u00e9 adrese www.televize-js.cz, poskytovatele Ji\u0159\u00edho St\u0159edy, I\u010c 105 18 266, se s\u00eddlem<br \/>\nSeifertova 899, \u00dapice, PS\u010c 542 32, nenapl\u0148uje defini\u010dn\u00ed znaky audiovizu\u00e1ln\u00ed medi\u00e1ln\u00ed slu\u017eby na<br \/>\nvy\u017e\u00e1d\u00e1n\u00ed a prov\u00e1d\u00ed v\u00fdmaz ze Seznamu poskytovatel\u016f audiovizu\u00e1ln\u00edch medi\u00e1ln\u00edch slu\u017eeb na<br \/>\nvy\u017e\u00e1d\u00e1n\u00ed.<br \/>\n&#8211; Rada v r\u00e1mci sv\u00e9 p\u016fsobnosti dan\u00e9 ustanoven\u00edm \u00a7 4 odst. 1 z\u00e1kona \u010d. 132\/2010 Sb.,<br \/>\no audiovizu\u00e1ln\u00edch medi\u00e1ln\u00edch slu\u017eb\u00e1ch na vy\u017e\u00e1d\u00e1n\u00ed a o zm\u011bn\u011b dal\u0161\u00edch z\u00e1kon\u016f (d\u00e1le jen z\u00e1kon<br \/>\n\u010d. 132\/2010 Sb.), v platn\u00e9m zn\u011bn\u00ed, konstatuje, \u017ee slu\u017eba ZooK, poskytovatele Smith Production s<br \/>\nr.o., I\u010c: 05900000, se s\u00eddlem Trojick\u00e1 1910, 128 00 Praha, provozovan\u00e1 na internetov\u00e9 adrese<br \/>\nhttps:\/\/tvzook.cz, byla ukon\u010dena, a Rada prov\u00e1d\u00ed v\u00fdmaz spole\u010dnosti Smith Production s r.o., I\u010c:<br \/>\n05900000, se s\u00eddlem Trojick\u00e1 1910, 128 00 Praha, ze Seznamu poskytovatel\u016f audiovizu\u00e1ln\u00edch<br \/>\nmedi\u00e1ln\u00edch slu\u017eeb na vy\u017e\u00e1d\u00e1n\u00ed.<br \/>\nOSTATN\u00cd<br \/>\n&#8211; Rada se sezn\u00e1mila se Zpr\u00e1vou nez\u00e1visl\u00e9ho auditora o proveden\u00e9 \u00fa\u010detn\u00ed z\u00e1v\u011brce RRTV k<\/p>\n<p>31. 12. 2023.V Praze dne 14. 3. 2024<\/p>\n<p>Ing. arch. V\u00e1clav Mencl<br \/>\np\u0159edseda Rady pro rozhlasov\u00e9<br \/>\na televizn\u00ed vys\u00edl\u00e1n\u00ed<\/p>\n<p>kontakt: podatelna@rrtv.gov.cz<br \/>\n274 813 830<\/p>\n","protected":false},"excerpt":{"rendered":"<p>Rada pro rozhlasov\u00e9 a televizn\u00ed vys\u00edl\u00e1n\u00ed (d\u00e1le jen &#8222;Rada&#8220;) na sv\u00e9m 4. zased\u00e1n\u00ed projednala 56 bod\u016f programu. Vyhodnotila 24 st\u00ed\u017enost\u00ed div\u00e1k\u016f a poslucha\u010d\u016f, vydala \u0161est upozorn\u011bn\u00ed na poru\u0161en\u00ed z\u00e1kona, rozhodla o zah\u00e1jen\u00ed jednoho spr\u00e1vn\u00edho \u0159\u00edzen\u00ed.<\/p>\n","protected":false},"author":9,"featured_media":0,"comment_status":"open","ping_status":"open","sticky":false,"template":"","format":"standard","meta":{"ngg_post_thumbnail":0,"footnotes":""},"categories":[11],"tags":[],"class_list":["post-14073","post","type-post","status-publish","format-standard","hentry","category-ozvena"],"_links":{"self":[{"href":"https:\/\/www.ladislavjakl.cz\/index.php?rest_route=\/wp\/v2\/posts\/14073","targetHints":{"allow":["GET"]}}],"collection":[{"href":"https:\/\/www.ladislavjakl.cz\/index.php?rest_route=\/wp\/v2\/posts"}],"about":[{"href":"https:\/\/www.ladislavjakl.cz\/index.php?rest_route=\/wp\/v2\/types\/post"}],"author":[{"embeddable":true,"href":"https:\/\/www.ladislavjakl.cz\/index.php?rest_route=\/wp\/v2\/users\/9"}],"replies":[{"embeddable":true,"href":"https:\/\/www.ladislavjakl.cz\/index.php?rest_route=%2Fwp%2Fv2%2Fcomments&post=14073"}],"version-history":[{"count":1,"href":"https:\/\/www.ladislavjakl.cz\/index.php?rest_route=\/wp\/v2\/posts\/14073\/revisions"}],"predecessor-version":[{"id":14074,"href":"https:\/\/www.ladislavjakl.cz\/index.php?rest_route=\/wp\/v2\/posts\/14073\/revisions\/14074"}],"wp:attachment":[{"href":"https:\/\/www.ladislavjakl.cz\/index.php?rest_route=%2Fwp%2Fv2%2Fmedia&parent=14073"}],"wp:term":[{"taxonomy":"category","embeddable":true,"href":"https:\/\/www.ladislavjakl.cz\/index.php?rest_route=%2Fwp%2Fv2%2Fcategories&post=14073"},{"taxonomy":"post_tag","embeddable":true,"href":"https:\/\/www.ladislavjakl.cz\/index.php?rest_route=%2Fwp%2Fv2%2Ftags&post=14073"}],"curies":[{"name":"wp","href":"https:\/\/api.w.org\/{rel}","templated":true}]}}