{"id":14078,"date":"2024-03-15T13:10:15","date_gmt":"2024-03-15T12:10:15","guid":{"rendered":"https:\/\/www.ladislavjakl.cz\/?p=14078"},"modified":"2024-03-15T13:10:15","modified_gmt":"2024-03-15T12:10:15","slug":"trebonske-pastorale-opatrny-rozmach-pivovaru-regent","status":"publish","type":"post","link":"https:\/\/www.ladislavjakl.cz\/?p=14078","title":{"rendered":"T\u0159ebo\u0148sk\u00e9 pastor\u00e1le: Opatrn\u00fd rozmach pivovaru Regent"},"content":{"rendered":"<p>Foto naleznete po otev\u0159en\u00ed Zdroje<\/p>\n<p>Poklidn\u00e1 a\u017e z\u00e1dum\u010div\u00e1 krajina pln\u00e1 luk, les\u016f, pastvin a hlavn\u011b rybn\u00edk\u016f, takov\u00e9 je T\u0159ebo\u0148sko. Ta krajina ov\u0161em nevznikla jen tak sama od sebe, n\u00fdbr\u017e je d\u016fsledkem promy\u0161len\u00e9 lidsk\u00e9 \u010dinnosti. Za p\u0159erodem p\u016fvodn\u011b mo\u010d\u00e1lovit\u00e9ho kraje do dne\u0161n\u00ed podoby, nesouc\u00ed status Chr\u00e1n\u011bn\u00e1 krajinn\u00e1 oblast, stoj\u00ed opravdu plej\u00e1da velk\u00fdch osobnost\u00ed na\u0161\u00ed historie, po\u010d\u00ednaje panem V\u00edtkem z Pr\u010dice, kter\u00fd zde z\u00edskal \u010di zalo\u017eil (prameny se r\u016fzn\u00ed), osadu V\u00edtk\u016fv Dv\u016fr, pozd\u011bj\u0161\u00ed m\u011bsto T\u0159ebo\u0148.<\/p>\n<p><!--more--><\/p>\n<p>Nejd\u016fle\u017eit\u011bj\u0161\u00edm obdob\u00edm pro tuto oblast byla ov\u0161em vl\u00e1da Ro\u017emberk\u016f. Ve 14. stolet\u00ed byl T\u0159eboni ud\u011blen titul kr\u00e1lovsk\u00e9ho m\u011bsta a roku 1379 zde byl zalo\u017een prvn\u00ed p\u00edsemn\u011b dolo\u017een\u00fd pivovar.<br \/>\nO sto let pozd\u011bji do\u0161lo k prvn\u00edmu velk\u00e9mu rozmachu rybn\u00edk\u00e1\u0159stv\u00ed z\u00e1sluhou Josefa \u0160t\u011bp\u00e1nka Netolick\u00e9ho. Soustavu nov\u011b vybudovan\u00fdch rybn\u00edk\u016f geni\u00e1ln\u011b propojil Zlatou Stokou, t\u00e9m\u011b\u0159 50km dlouh\u00fdm vodn\u00edm kan\u00e1lem funguj\u00edc\u00edm dodnes!<\/p>\n<p>Od \u0160t\u011bp\u00e1nka Netolick\u00e9ho poj\u010fme k dal\u0161\u00edmu gigantu t\u0159ebo\u0148sk\u00e9 historie, kter\u00fdm byl nesporn\u011b pan Jakub Kr\u010d\u00edn z Jel\u010dan.<\/p>\n<p>No \u0159eknu v\u00e1m, byl to p\u011bknej \u0159\u00edzek, ten pan Jakub. P\u0159i stavb\u011b rybn\u00edku Sv\u011bt nechal kus T\u0159ebon\u011b zbourat, rybn\u00edk Ro\u017emberk zas postavil rovnou na \u0159ece Lu\u017enici, dan\u011b vyb\u00edral i na p\u0159\u00ed\u0161t\u00ed rok (nechal si na to z\u0159\u00eddit vlastn\u00ed revizn\u00ed \u00fa\u0159ad). Ale t\u00e9\u017e dobr\u00e9mu moku holdoval, item p\u011bkn\u00e1 d\u011bv\u010data hojn\u011b sv\u00e1d\u011bl, pro\u010de\u017e se do mnoh\u00fdch spor\u016f dost\u00e1val, jako\u017e i od p\u0159\u00edtele sv\u00e9ho tulichem ostr\u00fdm n\u011bkolikr\u00e1te boden jest.\u201eTak\u017ee sem od n\u011bho svejm vlastn\u00edm tulichem, nedav\u0161e mu \u017e\u00e1dn\u00e9 nejmen\u0161\u00ed p\u0159\u00ed\u010diny, t\u0159ikr\u00e1t poboden, a nejv\u00edce a nej\u0161kodn\u011bji na lev\u00fdm boku nad sam\u00fdm pasem. I hoj\u00edm se, milostiv\u00fd pane, na Krumlov\u011b. A te\u010f po t\u0159i dny sotva sem \u017eiv z\u016fstal.\u201c<\/p>\n<p>Nicm\u00e9n\u011b v\u011bhlas si z\u00edskal takov\u00fd, \u017ee si jeho slu\u017eeb vy\u017e\u00e1dal i c\u00edsa\u0159 Rudolf Druh\u00fd. On toti\u017e pan Jakub nebudoval jen rybn\u00edky. Budoval dvory, usedlosti, ov\u010d\u00edny a tak\u00e9 \u2013 pivovary. A pr\u00e1v\u011b jeho odkaz inspiroval t\u0159ebo\u0148sk\u00fd pivovar, aby v roce 1959 pojmenoval sv\u00e9 pivo podle postaven\u00ed, kter\u00e9 zast\u00e1val \u2013 Regent. Toto jm\u00e9no p\u0159evzal i sou\u010dasn\u00fd majitel pivovaru \u2013 spole\u010dnost Bohemia Regent s.r.o. A do t\u0159ebo\u0148sk\u00e9ho pivovaru se ve \u010dtvrtek 1.\u00fanora vydala i delegace Prvn\u00ed Pivn\u00ed Extraligy, abychom zde p\u0159edali hned dva diplomy.<\/p>\n<div class=\"google-auto-placed ap_container\">\n<p>&nbsp;<\/p>\n<div id=\"aswift_4_host\" tabindex=\"0\" title=\"Advertisement\" aria-label=\"Advertisement\"><iframe loading=\"lazy\" id=\"aswift_4\" src=\"https:\/\/googleads.g.doubleclick.net\/pagead\/ads?gdpr=1&amp;gdpr_consent=CP7g5sAP7g5sAEsACBCSArEoAP_gAEPgAATIINJD7D7FbSFCwHpzaLsAMAhHRsCAQoQAAASBAmABQAKQIAQCgkAQFASgBAACAAAAICZBIQAECAAACUAAQAAAAAAEAAAAAAAIIAAAgAEAAAAIAAACAAAAEAAIAAAAEAAAmAgAAIIACAAAhAAAAAAAAAAAAAAAAgAAAAAAAAAAAAAAAAAAAQOhQD2F2K2kKFkPCmQWYAQBCijYEAhQAAAAkCBIAAgAUgQAgFIIAgAIFAAAAAAAAAQEgCQAAQABAAAIACgAAAAAAIAAAAAAAQQAAAAAIAAAAAAAAEAAAAAAAQAAAAIAABEhCAAQQAEAAAAAAAQAAAAAAAAAAABAAA&amp;addtl_consent=2~2072.70.89.93.108.122.149.196.2253.2299.259.2357.311.313.323.2373.338.358.2415.415.449.2506.2526.486.494.495.2568.2571.2575.540.574.2624.609.2677.864.981.1029.1048.1051.1095.1097.1126.1205.1211.1276.1301.1344.1365.1415.1423.1449.1451.1570.1577.1598.1651.1716.1735.1753.1765.1870.1878.1889.1958~dv.&amp;client=ca-pub-3868280604902307&amp;output=html&amp;h=280&amp;adk=3413316126&amp;adf=2930408982&amp;pi=t.aa~a.41498301~i.13~rp.4&amp;w=670&amp;fwrn=4&amp;fwrnh=100&amp;lmt=1710504380&amp;num_ads=1&amp;rafmt=1&amp;armr=3&amp;sem=mc&amp;pwprc=7186960604&amp;ad_type=text_image&amp;format=670x280&amp;url=https%3A%2F%2Fwww.prvnipivniextraliga.cz%2Fnovinky%2Ftrebonske-pastorale-opatrny-rozmach-pivovaru-regent%2F&amp;fwr=0&amp;pra=3&amp;rh=168&amp;rw=670&amp;rpe=1&amp;resp_fmts=3&amp;wgl=1&amp;fa=27&amp;uach=WyJXaW5kb3dzIiwiMTAuMC4wIiwieDg2IiwiIiwiMTIyLjAuNjI2MS4xMTMiLG51bGwsMCxudWxsLCI2NCIsW1siQ2hyb21pdW0iLCIxMjIuMC42MjYxLjExMyJdLFsiTm90KEE6QnJhbmQiLCIyNC4wLjAuMCJdLFsiR29vZ2xlIENocm9tZSIsIjEyMi4wLjYyNjEuMTEzIl1dLDBd&amp;dt=1710504380702&amp;bpp=2&amp;bdt=4583&amp;idt=-M&amp;shv=r20240313&amp;mjsv=m202403130201&amp;ptt=9&amp;saldr=aa&amp;abxe=1&amp;cookie=ID%3D9e4278c3e8c8e697%3AT%3D1710504378%3ART%3D1710504378%3AS%3DALNI_MaCCeTWAiO3PsHgErYpElfeN0Q8qA&amp;gpic=UID%3D00000d72e7827ad6%3AT%3D1710504378%3ART%3D1710504378%3AS%3DALNI_MZ40f_GCcREI4cgekffY3YiG2VhvQ&amp;eo_id_str=ID%3D246afbbfb2a5bd29%3AT%3D1710504378%3ART%3D1710504378%3AS%3DAA-AfjZHJlg4rzMvSE9r2ng7ef3y&amp;prev_fmts=300x250%2C0x0&amp;nras=2&amp;correlator=8688911108558&amp;frm=20&amp;pv=1&amp;ga_vid=913425528.1710504376&amp;ga_sid=1710504376&amp;ga_hid=751767788&amp;ga_fc=1&amp;u_tz=60&amp;u_his=1&amp;u_h=1080&amp;u_w=1920&amp;u_ah=1040&amp;u_aw=1920&amp;u_cd=24&amp;u_sd=1&amp;dmc=8&amp;adx=467&amp;ady=991&amp;biw=1903&amp;bih=919&amp;scr_x=0&amp;scr_y=0&amp;eid=44759875%2C44759926%2C44759837%2C44795921%2C95327950%2C95327954%2C95322184%2C95325784%2C95326919%2C31078663%2C31078665%2C31078668%2C31078670&amp;oid=2&amp;psts=AOrYGsm8syFw0kG2_RxfU63i4ZoJSAKwbhiUVxTqhpFuUXTnPYgpz63yr5rOpYMbxPK8__XS1dEeG03_vJJ1WzFRFq8PHAFt&amp;pvsid=3593963009386069&amp;tmod=519591801&amp;uas=3&amp;nvt=1&amp;ref=https%3A%2F%2Femail.seznam.cz%2F&amp;fc=384&amp;brdim=0%2C0%2C0%2C0%2C1920%2C0%2C1920%2C1040%2C1920%2C919&amp;vis=1&amp;rsz=%7C%7Cs%7C&amp;abl=NS&amp;fu=128&amp;bc=31&amp;bz=1&amp;td=1&amp;psd=W251bGwsbnVsbCxudWxsLDNd&amp;nt=1&amp;ifi=5&amp;uci=a!5&amp;btvi=1&amp;fsb=1&amp;dtd=4\" name=\"aswift_4\" width=\"670\" height=\"280\" frameborder=\"0\" marginwidth=\"0\" marginheight=\"0\" scrolling=\"no\" sandbox=\"allow-forms allow-popups allow-popups-to-escape-sandbox allow-same-origin allow-scripts allow-top-navigation-by-user-activation\" data-google-container-id=\"a!5\" data-google-query-id=\"CKD-uK-d9oQDFcHCGAIdv-sA2g\" data-load-complete=\"true\" data-mce-fragment=\"1\"><\/iframe><\/div>\n<p>&nbsp;<\/p>\n<\/div>\n<p>Ve fin\u00e1le sout\u011b\u017ee o nejlep\u0161\u00ed \u010desk\u00fd le\u017e\u00e1k pro rok 2023 se toti\u017e titul Regent Premium um\u00edstil na t\u0159et\u00edm m\u00edst\u011b, t\u00edm se automaticky kvalifikoval do tzv, feder\u00e1ln\u00edho fin\u00e1le (p\u011bt nejlep\u0161\u00edch \u010desk\u00fdch a p\u011bt nejlep\u0161\u00edch slovensk\u00fdch le\u017e\u00e1k\u016f). Tam svoj\u00ed pozici vylep\u0161il a slavn\u011b zv\u00edt\u011bzil.<\/p>\n<p>Do fin\u00e1le sout\u011b\u017ee o nejlep\u0161\u00ed le\u017e\u00e1k se dostal Regent tak\u00e9 v roce 2021, o rok pozd\u011bji zaujala \u00fa\u010dast titulu Regent Kn\u00ed\u017ee ve vlo\u017een\u00e9 sout\u011b\u017ei nazvan\u00e9 15+. Bylo tedy na co navazovat, a tak jsme tedy hned \u010dasn\u011b zr\u00e1na sedli do vl\u00e1\u010dku. Bej\u010dek nezapomn\u011bl diplomy, kulerista vzal dobrej kuler, do zob\u00e1\u010dk\u016f bylo st\u00e1le co dol\u00e9vat a tak cesta rychle ub\u011bhla.&nbsp;<\/p>\n<div class=\"google-auto-placed ap_container\">\n<p>V pivovaru n\u00e1s p\u0159iv\u00edtaly hned t\u0159i p\u016fvabn\u00e9 d\u00e1my \u2013 obchodn\u00ed \u0159editelka Tereza Potu\u017e\u00e1kov\u00e1, d\u00e1le pak Mark\u00e9ta a Andrea Staskovy, takto dcery majitele pivovaru, pana Ferdinanda Staska.<\/p>\n<\/div>\n<p>Po kr\u00e1tk\u00e9m vydechnut\u00ed a pive\u010dku na uv\u00edtanou jsme se odebrali do srdce pivovaru \u2013 varny, kde prob\u011bhlo slavnostn\u00ed p\u0159ed\u00e1n\u00ed diplom\u016f, uveden\u00e9 L\u00e1\u010fov\u00fdm kr\u00e1tk\u00fdm asi dvouhodinov\u00fdm projevem. Pot\u00e9 n\u00e1sledovala zevrubn\u00e1 prohl\u00eddka pivovaru, b\u011bhem kter\u00e9 jsme se nejen my, ale i na\u0161e pr\u016fvodkyn\u011b, od Honzy leccos nov\u00e9ho a zaj\u00edmav\u00e9ho dozv\u011bd\u011bli. On zde n\u00e1\u0161 Honz\u00edk toti\u017e kdysi p\u016fsobil. J\u00e1 nev\u00edm, jestli je v \u010cesku pivovar, ve kter\u00e9m Honza s ur\u010ditost\u00ed \u2013 aspo\u0148 jednou \u2013 mo\u017en\u00e1 \u2013 nepracoval.<\/p>\n<div class=\"google-auto-placed ap_container\">\n<p>Nu. komplex pivovaru je rozs\u00e1hl\u00fd a v minulosti utrp\u011bl mnoho ran, naposledy za covid\u00e9ho \u0161\u00edlenstv\u00ed. Nicm\u00e9n\u011b sou\u010dasn\u00fd management z\u0159ejm\u011b v\u00ed co d\u011bl\u00e1 a uv\u00e1\u017eliv\u00fdmi kroky prom\u011b\u0148uje pivovar v opravdovou perlu t\u0159ebo\u0148sk\u00e9ho kraje.<\/p>\n<\/div>\n<p>Obohaceni odebrali jsme se na n\u00e1m\u011bst\u00ed ke spole\u010dn\u00e9mu ob\u011bdu, kter\u00fd jsme zalili op\u011bt t\u0159ebo\u0148sk\u00fdm pivem a na\u0161e mise se pomalu ch\u00fdlila ke konci. Rozlou\u010dili jsme se s d\u00e1mami a jen neradi opou\u0161t\u011bli ten zaduman\u00fd t\u0159ebo\u0148sk\u00fd kraj, pln\u00fd nejen pastvin, luk a rybn\u00edk\u016f ale i, jak jsme se p\u0159esv\u011bd\u010dili, tak\u00e9 v\u00fdborn\u00e9ho piva.<\/p>\n<p>A i kdy\u017e jsme o tom moc nemluvili, tak ka\u017ed\u00fd v\u011bd\u011bl: sem se ur\u010dit\u011b vr\u00e1t\u00edm.<\/p>\n<p>Dej B\u016fh \u0161t\u011bst\u00ed!<\/p>\n<p>Petr Hrkal, PPE<\/p>\n<p><em>U\u017eite\u010dn\u00e9 odkazy k tomuto \u010dl\u00e1nku:<br \/>\n<\/em><\/p>\n<p><a href=\"https:\/\/cs.wikipedia.org\/wiki\/T%C5%99ebo%C5%88\"><em>T\u0159ebo\u0148 \u2013 Wikipedie (wikipedia.org)<\/em><\/a><\/p>\n<p><em><a href=\"https:\/\/cs.wikipedia.org\/wiki\/Chr%C3%A1n%C4%9Bn%C3%A1_krajinn%C3%A1_oblast_T%C5%99ebo%C5%88sko\">Chr\u00e1n\u011bn\u00e1 krajinn\u00e1 oblast T\u0159ebo\u0148sko \u2013 Wikipedie (wikipedia.org)<\/a><\/em><br \/>\n<em><a href=\"https:\/\/www.novinky.cz\/clanek\/historie-jakub-krcin-z-jelcan-prisny-renesancni-manazer-rybnikar-i-rozkosnik-40392843\">Kdo byl Jakub Kr\u010d\u00edn z Jel\u010dan (novinky.cz)<\/a><\/em><br \/>\n<em><a href=\"https:\/\/www.pivovar-regent.cz\/\">Pivovar Regent | Pivovar Bohemia Regent (pivovar-regent.cz)<\/a><\/em><br \/>\n<em><a href=\"https:\/\/www.prvnipivniextraliga.cz\/novinky\/15-silna-piva-silne-vysledky-silne-diskuze\/\">15+: Siln\u00e1 piva, siln\u00e9 v\u00fdsledky, siln\u00e9 diskuze | Prvn\u00ed Pivn\u00ed Extraliga (prvnipivniextraliga.cz)<\/a><\/em><br \/>\n<em><a href=\"https:\/\/www.euro.cz\/clanky\/nacelnici-pivovaru-814895\/\">N\u00c1\u010cELN\u00cdCI PIVOVARU \u2013 Euro.cz<\/a><\/em><\/p>\n<p>Foto naleznete po otev\u0159en\u00ed Zdroje<\/p>\n<p><a href=\"https:\/\/www.prvnipivniextraliga.cz\/novinky\/trebonske-pastorale-opatrny-rozmach-pivovaru-regent\/\">Zdroj<\/a><\/p>\n","protected":false},"excerpt":{"rendered":"<p>Foto naleznete po otev\u0159en\u00ed Zdroje Poklidn\u00e1 a\u017e z\u00e1dum\u010div\u00e1 krajina pln\u00e1 luk, les\u016f, pastvin a hlavn\u011b rybn\u00edk\u016f, takov\u00e9 je T\u0159ebo\u0148sko. Ta krajina ov\u0161em nevznikla jen tak sama od sebe, n\u00fdbr\u017e je d\u016fsledkem promy\u0161len\u00e9 lidsk\u00e9 \u010dinnosti. Za p\u0159erodem p\u016fvodn\u011b mo\u010d\u00e1lovit\u00e9ho kraje do dne\u0161n\u00ed podoby, nesouc\u00ed status Chr\u00e1n\u011bn\u00e1 krajinn\u00e1 oblast, stoj\u00ed opravdu plej\u00e1da velk\u00fdch osobnost\u00ed na\u0161\u00ed historie, po\u010d\u00ednaje [&hellip;]<\/p>\n","protected":false},"author":9,"featured_media":0,"comment_status":"open","ping_status":"open","sticky":false,"template":"","format":"standard","meta":{"ngg_post_thumbnail":0,"footnotes":""},"categories":[11,20],"tags":[],"class_list":["post-14078","post","type-post","status-publish","format-standard","hentry","category-ozvena","category-pivo"],"_links":{"self":[{"href":"https:\/\/www.ladislavjakl.cz\/index.php?rest_route=\/wp\/v2\/posts\/14078","targetHints":{"allow":["GET"]}}],"collection":[{"href":"https:\/\/www.ladislavjakl.cz\/index.php?rest_route=\/wp\/v2\/posts"}],"about":[{"href":"https:\/\/www.ladislavjakl.cz\/index.php?rest_route=\/wp\/v2\/types\/post"}],"author":[{"embeddable":true,"href":"https:\/\/www.ladislavjakl.cz\/index.php?rest_route=\/wp\/v2\/users\/9"}],"replies":[{"embeddable":true,"href":"https:\/\/www.ladislavjakl.cz\/index.php?rest_route=%2Fwp%2Fv2%2Fcomments&post=14078"}],"version-history":[{"count":1,"href":"https:\/\/www.ladislavjakl.cz\/index.php?rest_route=\/wp\/v2\/posts\/14078\/revisions"}],"predecessor-version":[{"id":14079,"href":"https:\/\/www.ladislavjakl.cz\/index.php?rest_route=\/wp\/v2\/posts\/14078\/revisions\/14079"}],"wp:attachment":[{"href":"https:\/\/www.ladislavjakl.cz\/index.php?rest_route=%2Fwp%2Fv2%2Fmedia&parent=14078"}],"wp:term":[{"taxonomy":"category","embeddable":true,"href":"https:\/\/www.ladislavjakl.cz\/index.php?rest_route=%2Fwp%2Fv2%2Fcategories&post=14078"},{"taxonomy":"post_tag","embeddable":true,"href":"https:\/\/www.ladislavjakl.cz\/index.php?rest_route=%2Fwp%2Fv2%2Ftags&post=14078"}],"curies":[{"name":"wp","href":"https:\/\/api.w.org\/{rel}","templated":true}]}}