{"id":14088,"date":"2024-03-19T12:54:07","date_gmt":"2024-03-19T11:54:07","guid":{"rendered":"https:\/\/www.ladislavjakl.cz\/?p=14088"},"modified":"2024-03-19T12:54:07","modified_gmt":"2024-03-19T11:54:07","slug":"ladislav-jakl-extremistou-snadno-a-rychle","status":"publish","type":"post","link":"https:\/\/www.ladislavjakl.cz\/?p=14088","title":{"rendered":"Ladislav Jakl: Extremistou snadno a rychle"},"content":{"rendered":"<div class=\"article-content-text\">\n<p><strong>Co mus\u00ed\u0161 ud\u011blat \u010dlov\u011bk, aby se dnes stal extremistou?&nbsp;Nemus\u00ed d\u011blat v\u016fbec nic.&nbsp;Dokud chod\u00ed norm\u00e1ln\u011b po nohou, nikomu na n\u011bj nep\u0159ipad\u00e1 nic divn\u00e9ho.&nbsp;Kdy\u017e se ale kolem v\u0161ichni lidi postav\u00ed na hlavu, za\u010dne b\u00fdt \u010dlov\u011bk chod\u00edc\u00ed po nohou n\u011bjak\u00fd divn\u00fd.&nbsp;Jako kdy\u017e v\u0161echny labut\u011b a\u017e na jednu z\u010dernaj\u00ed, stane se v\u00fdst\u0159edn\u00ed ta jedin\u00e1 labu\u0165, kter\u00e1 neud\u011bl\u00e1 v\u016fbec nic.<br \/>\n<!--more--><br \/>\n<\/strong><\/p>\n<p>Podobn\u00e9 je to iv soudob\u00e9 politice.&nbsp;D\u00edv\u00e1te se na sv\u011bt podle z\u00e1sad, ve kter\u00fdch jste byli vychov\u00e1ni a kter\u00e9 jste se u\u010dili na \u0161kole?&nbsp;Pak jste byli a\u017e dosud po cel\u00fd \u017eivot nudn\u00ed a spl\u00fdvali jste s davem.&nbsp;Ale kdy\u017e v posledn\u00edch letech p\u0159i\u0161el urag\u00e1n pokrok\u00e1\u0159sk\u00fdch ul\u00edtlost\u00ed, a vy si d\u00e1l budete muset svou, dostanete se na okraj.&nbsp;Nebo dokonce za okraj.&nbsp;P\u0159estanete pat\u0159it do \u201eslu\u0161n\u00e9 spole\u010dnosti\u201c.&nbsp;Budou si v\u00e1s dr\u017eet od t\u011bla av aktivistick\u00fdch m\u00e9di\u00edch budete l\u00ed\u010deni jako podiv\u00edni, kazisv\u011bti a snad i potenci\u00e1ln\u00ed terorist\u00e9.<\/p>\n<p>Ano, je kolem n\u00e1s p\u00e1r ve\u0159ejn\u011b p\u016fsob\u00edc\u00edch lid\u00ed (iv politice), kte\u0159\u00ed ned\u011blaj\u00ed nic jin\u00e9ho, \u200b\u200bne\u017e \u017ee h\u00e1j\u00ed star\u00e9 dobr\u00e9 ctnosti, kter\u00e9 uzn\u00e1vaj\u00ed je\u0161t\u011b p\u0159ed dvaceti lety jako opora.&nbsp;Jen\u017ee ned\u011blat \u017e\u00e1dn\u00e9 ideov\u00e9 kotrmelce a st\u00e1t si za sv\u00fdm, to u\u017e dnes vy\u017eaduje kus ob\u010dansk\u00e9 odvahy.<\/p>\n<p>Nenaskakujete na v\u0161echny m\u00f3dn\u00ed v\u00fdst\u0159elky, na explozi sexu\u00e1ln\u00edch bizarnost\u00ed, na boj s podneb\u00edm, a\u0165 to stoj\u00ed, co to stoj\u00ed, na podporu um\u011bl\u00e9 masov\u00e9 imigrace z civiliza\u010dn\u00edho nekompatibiln\u00edho prost\u0159ed\u00ed nebo dokonce pova\u017eujete suverenitu sv\u00e9ho st\u00e1tu za oporu svobody jednotlivce?&nbsp;Pak zaslou\u017e\u00edte zav\u0159\u00edt n\u011bkam do karant\u00e9ny.<\/p>\n<p>Chod\u00edte ka\u017ed\u00fd den n\u011bkam do pr\u00e1ce?&nbsp;N\u011bkam, kde se d\u011bl\u00e1 n\u011bco u\u017eite\u010dn\u00e9ho?&nbsp;Stav\u00edte se cestou z pr\u00e1ce z pr\u00e1ce na dv\u011b piva a na zahr\u00e1dce si d\u00e1te dv\u011b cigarety?&nbsp;P\u0159ijdete pak dom\u016f ke sv\u00e9 rodin\u011b, spole\u010dn\u011b pove\u010de\u0159\u00edte a kouknete se na n\u011bjakou oby\u010dejnou z\u00e1bavu v televizi?&nbsp;Sednete o v\u00edkendu do benz\u00ednov\u00e9ho auta a ud\u011bl\u00e1te si rodinn\u00fd v\u00fdlet?&nbsp;Pak jste dnes pravicov\u00fdmi extremisty.<\/p>\n<p>Zato \u017e\u00edt z grant\u016f, p\u0159ilepovat se k vozovce, strkat si pav\u00ed p\u00e9ra do zadku a j\u00edt polonaz\u00ed exhibovat na n\u00e1m\u011bst\u00ed, opovrhovat rodinu, mate\u0159stv\u00ed a rodi\u010dovstv\u00ed, navrhovat z\u00e1kaz svobody slova pro zp\u00e1te\u010dn\u00edky, na jevi\u0161ti divadla si vytahovat z vag\u00edny st\u00e1tn\u00ed vlajku, pol\u00e9vat \u010dervenou barvou obrazy v galeri\u00edch a v\u00fdlohy \u0159eznictv\u00ed, demonstrovat sv\u00e9 sv\u011bt\u00e1\u010dkovstv\u00ed a neznat sv\u016fj<\/p>\n<p>kraj, s naslin\u011bn\u00fdm prstem chytat ka\u017edou nejnov\u011bj\u0161\u00ed vylomeninu, to jsou dnes atributy n\u00e1le\u017eitosti k hlavn\u00edmu proudu spole\u010densk\u00e9ho d\u011bn\u00ed.<\/p>\n<p>Spla\u0161it se s dobou, to dnes znamen\u00e1 b\u00fdt spole\u010densky p\u0159ijateln\u00fd.&nbsp;Skepticky odol\u00e1valy v\u0161eobecn\u00e9mu blbnut\u00ed, to je cesta k vylou\u010den\u00ed.&nbsp;Chv\u00edli zav\u00e1h\u00e1te, nechytnete v\u010das nov\u00fd v\u00edtr, a je z v\u00e1s extremista.&nbsp;Snadno a rychle.<\/p>\n<p><a href=\"https:\/\/zobrazeno.com\/clanek\/59\">Zdroj<\/a><\/p>\n<\/div>\n","protected":false},"excerpt":{"rendered":"<p>Co mus\u00ed\u0161 ud\u011blat \u010dlov\u011bk, aby se dnes stal extremistou?&nbsp;Nemus\u00ed d\u011blat v\u016fbec nic.&nbsp;Dokud chod\u00ed norm\u00e1ln\u011b po nohou, nikomu na n\u011bj nep\u0159ipad\u00e1 nic divn\u00e9ho.&nbsp;Kdy\u017e se ale kolem v\u0161ichni lidi postav\u00ed na hlavu, za\u010dne b\u00fdt \u010dlov\u011bk chod\u00edc\u00ed po nohou n\u011bjak\u00fd divn\u00fd.&nbsp;Jako kdy\u017e v\u0161echny labut\u011b a\u017e na jednu z\u010dernaj\u00ed, stane se v\u00fdst\u0159edn\u00ed ta jedin\u00e1 labu\u0165, kter\u00e1 neud\u011bl\u00e1 v\u016fbec nic.<\/p>\n","protected":false},"author":9,"featured_media":0,"comment_status":"open","ping_status":"open","sticky":false,"template":"","format":"standard","meta":{"ngg_post_thumbnail":0,"footnotes":""},"categories":[1],"tags":[],"class_list":["post-14088","post","type-post","status-publish","format-standard","hentry","category-publikovane-clanky"],"_links":{"self":[{"href":"https:\/\/www.ladislavjakl.cz\/index.php?rest_route=\/wp\/v2\/posts\/14088","targetHints":{"allow":["GET"]}}],"collection":[{"href":"https:\/\/www.ladislavjakl.cz\/index.php?rest_route=\/wp\/v2\/posts"}],"about":[{"href":"https:\/\/www.ladislavjakl.cz\/index.php?rest_route=\/wp\/v2\/types\/post"}],"author":[{"embeddable":true,"href":"https:\/\/www.ladislavjakl.cz\/index.php?rest_route=\/wp\/v2\/users\/9"}],"replies":[{"embeddable":true,"href":"https:\/\/www.ladislavjakl.cz\/index.php?rest_route=%2Fwp%2Fv2%2Fcomments&post=14088"}],"version-history":[{"count":1,"href":"https:\/\/www.ladislavjakl.cz\/index.php?rest_route=\/wp\/v2\/posts\/14088\/revisions"}],"predecessor-version":[{"id":14089,"href":"https:\/\/www.ladislavjakl.cz\/index.php?rest_route=\/wp\/v2\/posts\/14088\/revisions\/14089"}],"wp:attachment":[{"href":"https:\/\/www.ladislavjakl.cz\/index.php?rest_route=%2Fwp%2Fv2%2Fmedia&parent=14088"}],"wp:term":[{"taxonomy":"category","embeddable":true,"href":"https:\/\/www.ladislavjakl.cz\/index.php?rest_route=%2Fwp%2Fv2%2Fcategories&post=14088"},{"taxonomy":"post_tag","embeddable":true,"href":"https:\/\/www.ladislavjakl.cz\/index.php?rest_route=%2Fwp%2Fv2%2Ftags&post=14088"}],"curies":[{"name":"wp","href":"https:\/\/api.w.org\/{rel}","templated":true}]}}