{"id":1409,"date":"2011-12-15T14:30:14","date_gmt":"2011-12-15T13:30:14","guid":{"rendered":"http:\/\/www.ladislavjakl.cz\/?p=1409"},"modified":"2011-12-15T14:30:14","modified_gmt":"2011-12-15T13:30:14","slug":"drsny-jakl-dalajlama-marxista-s-frazemi-kartarky","status":"publish","type":"post","link":"https:\/\/www.ladislavjakl.cz\/?p=1409","title":{"rendered":"Drsn\u00fd Jakl: Dalajl\u00e1ma? Marxista s fr\u00e1zemi kart\u00e1\u0159ky"},"content":{"rendered":"<p>S oslavn\u00fdm k\u0159ep\u010den\u00edm kolem dalajl\u00e1my to m\u00e9dia p\u0159eh\u00e1n\u011bj\u00ed, mysl\u00ed si Ladislav Jakl. V\u017edy\u0165 je to k\u00fd\u010d stolet\u00ed.<\/p>\n<p><!--more--><\/p>\n<p>Sd\u011blovac\u00ed prost\u0159edky neznaj\u00ed m\u00edru. Putin a Medved\u011bv jsou t\u00e9m\u011b\u0159 absolutn\u00edm zlem a dalajl\u00e1mu zase nekriticky vyn\u00e1\u0161ej\u00ed do nebes.<\/p>\n<p>Po  kritice m\u00e9di\u00ed kv\u016fli neobjektivn\u00edmu zpravodajstv\u00ed o rusk\u00fdch volb\u00e1ch to  od prezidentova tajemn\u00edka Ladislava Jakla, jinak b\u00fdval\u00e9ho novin\u00e1\u0159e,  sd\u011blovac\u00ed prost\u0159edky schytaly i za p\u0159ehnan\u00e9 vychvalov\u00e1n\u00ed dalajl\u00e1my a  d\u016fraz na tibetskou ot\u00e1zku.<\/p>\n<p>&#8222;Medi\u00e1ln\u00ed skota\u010den\u00ed kolem dalajl\u00e1my je  k\u00fd\u010dem stolet\u00ed,&#8220; \u0159ekl Ladislav Jakl pro server Prvnizpravy.cz.  &#8222;Fascinuje na\u0161e m\u00e9dia otev\u0159en\u00fd marxismus, p\u0159edstava st\u00e1tu jako jednoho  velk\u00e9ho kl\u00e1\u0161tera nebo pou\u0165ov\u00fd byznys s r\u00e1dobyduchovn\u00edmi fr\u00e1zemi, jak\u00e9  um\u00ed ka\u017ed\u00e1 kart\u00e1\u0159ka?&#8220; pt\u00e1 se vtipn\u011b prezident\u016fv bl\u00edzk\u00fd spolupracovn\u00edk.<\/p>\n<p>Reagoval  tak na z\u00e1plavu oslavn\u00fdch \u010dl\u00e1nk\u016f v m\u00e9di\u00edch, kter\u00e9 se \u00faporn\u011b vyh\u00fdbaj\u00ed  jak\u00e9koli kritick\u00e9 zm\u00ednce o tibetsk\u00e9m duchovn\u00edm v\u016fdci, kter\u00fd o v\u00edkendu  nav\u0161t\u00edvil \u010ceskou republiku.<\/p>\n<p>Buddhistick\u00fd mnich se v p\u0159edn\u00e1\u0161ce na  pra\u017esk\u00e9 filosofick\u00e9 fakult\u011b nap\u0159\u00edklad op\u011btovn\u011b p\u0159iznal, \u017ee je marxistou.  V sobotu se pak setkal se sv\u00fdm p\u0159\u00edtelem a exprezidentem V\u00e1clavem Havlem  a v ned\u011bli s ministrem zahrani\u010d\u00ed Karlem Schwarzenbergem.<\/p>\n<p>Prezident\u016fv  tajemn\u00edk u\u017e d\u0159\u00edve kritizoval m\u00e9dia za hysterii p\u0159i psan\u00ed o rusk\u00fdch  volb\u00e1ch, kter\u00e9 vyhr\u00e1la Putinova strana Jednotn\u00e9 Rusko a po nich\u017e v Rusku  prob\u00edhaj\u00ed protesty nespokojenc\u016f. Ty jsou l\u00ed\u010deny jako jak\u00e1si obdoba  arabsk\u00e9ho jara a t\u011b\u0161\u00ed se pozornosti Spojen\u00fdch st\u00e1t\u016f. Protiruskou  r\u00e9toriku sd\u011blovac\u00edch prost\u0159edk\u016f\u00a0 kritizoval Jakl poukazem na to, \u017ee  \u010desk\u00e1 m\u00e9dia tak vlastn\u011b podporuj\u00ed rusk\u00e9 komunisty.<\/p>\n<p>&#8222;Hlavn\u00ed  opozi\u010dn\u00ed silou v Rusku jsou komunist\u00e9. Nen\u00ed divu, \u017ee se jim v\u00fdsledky  voleb nel\u00edb\u00ed, oni by se p\u0159ece bez voleb obe\u0161li. Divn\u00e9 ale je, \u017ee jim tak  tleskaj\u00ed \u010desk\u00e1 m\u00e9dia,\u201c \u0159ekl Jakl rovn\u011b\u017e pro server Prvnizpravy.cz.<\/p>\n<p><a href=\"http:\/\/www.prvnizpravy.cz\/zpravy\/z-domova\/drsny-jakl-dalajlama-marxista-s-frazemi-kartarky\/\" target=\"_blank\">Zdroj<\/a><\/p>\n","protected":false},"excerpt":{"rendered":"<p>S oslavn\u00fdm k\u0159ep\u010den\u00edm kolem dalajl\u00e1my to m\u00e9dia p\u0159eh\u00e1n\u011bj\u00ed, mysl\u00ed si Ladislav Jakl. V\u017edy\u0165 je to k\u00fd\u010d stolet\u00ed.<\/p>\n","protected":false},"author":1,"featured_media":0,"comment_status":"open","ping_status":"open","sticky":false,"template":"","format":"standard","meta":{"ngg_post_thumbnail":0,"footnotes":""},"categories":[11],"tags":[],"class_list":["post-1409","post","type-post","status-publish","format-standard","hentry","category-ozvena"],"_links":{"self":[{"href":"https:\/\/www.ladislavjakl.cz\/index.php?rest_route=\/wp\/v2\/posts\/1409","targetHints":{"allow":["GET"]}}],"collection":[{"href":"https:\/\/www.ladislavjakl.cz\/index.php?rest_route=\/wp\/v2\/posts"}],"about":[{"href":"https:\/\/www.ladislavjakl.cz\/index.php?rest_route=\/wp\/v2\/types\/post"}],"author":[{"embeddable":true,"href":"https:\/\/www.ladislavjakl.cz\/index.php?rest_route=\/wp\/v2\/users\/1"}],"replies":[{"embeddable":true,"href":"https:\/\/www.ladislavjakl.cz\/index.php?rest_route=%2Fwp%2Fv2%2Fcomments&post=1409"}],"version-history":[{"count":1,"href":"https:\/\/www.ladislavjakl.cz\/index.php?rest_route=\/wp\/v2\/posts\/1409\/revisions"}],"predecessor-version":[{"id":1410,"href":"https:\/\/www.ladislavjakl.cz\/index.php?rest_route=\/wp\/v2\/posts\/1409\/revisions\/1410"}],"wp:attachment":[{"href":"https:\/\/www.ladislavjakl.cz\/index.php?rest_route=%2Fwp%2Fv2%2Fmedia&parent=1409"}],"wp:term":[{"taxonomy":"category","embeddable":true,"href":"https:\/\/www.ladislavjakl.cz\/index.php?rest_route=%2Fwp%2Fv2%2Fcategories&post=1409"},{"taxonomy":"post_tag","embeddable":true,"href":"https:\/\/www.ladislavjakl.cz\/index.php?rest_route=%2Fwp%2Fv2%2Ftags&post=1409"}],"curies":[{"name":"wp","href":"https:\/\/api.w.org\/{rel}","templated":true}]}}