{"id":14106,"date":"2024-04-02T15:11:42","date_gmt":"2024-04-02T13:11:42","guid":{"rendered":"https:\/\/www.ladislavjakl.cz\/?p=14106"},"modified":"2024-04-02T15:11:42","modified_gmt":"2024-04-02T13:11:42","slug":"coze-jaky-zimni-cas-2","status":"publish","type":"post","link":"https:\/\/www.ladislavjakl.cz\/?p=14106","title":{"rendered":"Co\u017ee? Jak\u00fd \u201ezimn\u00ed \u010das\u201c?"},"content":{"rendered":"<p>Tak se n\u00e1m od v\u00edkendu zase kr\u00e1sn\u011b prodlou\u017eily ve\u010dery. A p\u0159itom to bylo tak jednoduch\u00e9. Sta\u010dilo jedno administrativn\u00ed na\u0159\u00edzen\u00ed. Ale pro\u010d z\u016fstat v p\u016fli cesty? Je t\u0159eba j\u00edt d\u00e1l.<br \/>\n<!--more--><\/p>\n<p>M\u00e1m skv\u011bl\u00fd n\u00e1vrh. V listopadu b\u00fdv\u00e1 hnusn\u011b. P\u0159itom je tak snadn\u00e9 za\u0159\u00eddit, aby bylo kr\u00e1sn\u011b a teplo. Jak? Prost\u011b za\u010dneme \u010dervenci \u0159\u00edkat listopad, a hned bude v listopadu kr\u00e1sn\u011b teplo. \u017de to je blbost? No to jist\u011b. P\u0159esto tot\u00e9\u017e sl\u00fdch\u00e1me od p\u0159\u00edznivc\u016f ka\u017edoro\u010dn\u00edho \u0161oup\u00e1n\u00ed s \u010dasem. \u017de pr\u00fd bude d\u00e9le sv\u011btlo. Nebude. V listopadu se tak\u00e9 neud\u011bl\u00e1 teplo, t\u00edm, \u017ee mu za\u010dneme \u0159\u00edkat \u010dervenec. Bude po\u0159\u00e1d jako v listopadu. Ve\u010der nebude sv\u011btlo d\u00e9le t\u00edm, \u017ee si budeme v dev\u011bt \u0159\u00edkat, \u017ee u\u017e je deset.<\/p>\n<p>Stejn\u011b hloup\u011b reaguj\u00ed na n\u00e1mitky v\u016f\u010di um\u011bl\u00e9mu \u010dasov\u00e9mu posunu ti, kdo \u0159\u00edkaj\u00ed, \u017ee takov\u00e1 zm\u011bna je p\u0159ece p\u0159irozen\u00e1 a jen reaguje na zm\u011bnu ro\u010dn\u00edho obdob\u00ed a d\u00e9lky dne. Jen\u017ee od zimn\u00edho a\u017e do letn\u00edho slunovratu se den prodlu\u017euje (t\u00e9m\u011b\u0159 p\u0159esn\u011b) symetricky na ob\u011b strany d\u00e1l od poledne, kter\u00e9 ale p\u0159ipad\u00e1 st\u00e1le na stejn\u00fd \u010das. Je st\u0159edem dne, p\u016fldnem. Nen\u00ed \u017e\u00e1dn\u00fd d\u016fvod um\u011ble m\u011bnit \u010das poledne. Poledne je prost\u011b okam\u017eik, kdy slunce stoj\u00ed nejv\u00fd\u0161e nad hlavou. Naopak od letn\u00edho do zimn\u00edho slunovratu se prodlu\u017euje noc (t\u00e9m\u011b\u0159 p\u0159esn\u011b) symetricky na ob\u011b strany st\u00e1le d\u00e1l od p\u016flnoci, kter\u00e1 ale p\u0159ipad\u00e1 po\u0159\u00e1d na stejnou chv\u00edli. P\u016fl\u00ed noc.<\/p>\n<p>P\u0159ed \u0161esti lety svitla nad\u011bje, \u017ee hloup\u00e9 m\u011bn\u011bn\u00ed \u010dasu skon\u010d\u00ed. \u00daspory to nep\u0159in\u00e1\u0161\u00ed, jen ztr\u00e1ty a komplikace. Jen\u017ee byrokrat\u00e9 to nestihli za\u0159\u00eddit, tak n\u00e1s to i v p\u0159\u00ed\u0161t\u00edch m\u011bs\u00edc\u00edch \u010dek\u00e1 zas. A do toho se vyrojila bizarn\u00ed debata, zda na ten \u201eletn\u00ed \u010das\u201c p\u0159ej\u00edt trvale. A u\u017e zase se objevuje nesmysln\u00fd term\u00edn \u201ezimn\u00ed \u010das\u201c. To abychom si mysleli, \u017ee \u010das je jen n\u011bjak\u00e1 dohoda. Letn\u00ed nebo zimn\u00ed. Ra\u010dte si vybrat. Aby to vypadalo, \u017ee jsou rovnocenn\u00e9. Aby se zakrylo, \u017ee jeden \u010das je n\u00e1\u0161, dom\u00e1c\u00ed a p\u0159irozen\u00fd, zat\u00edmco ten druh\u00fd je ciz\u00ed, n\u00e1m um\u011ble byrokraty vnucovan\u00fd.<\/p>\n<p>Po tis\u00edce let um\u00ed \u010dlov\u011bk kdekoli na sv\u011bt\u011b zjistit, kdy je v dan\u00e9m m\u00edst\u011b poledne. Zap\u00edchne klacek do zem\u011b a do hl\u00edny si d\u011bl\u00e1 znamen\u00ed, jak dlouh\u00fd je pr\u00e1v\u011b st\u00edn. A kdy\u017e je st\u00edn nejkrat\u0161\u00ed, je poledne. O tom se ned\u00e1 hlasovat. To tak prost\u011b je. A nejen na Zemi, stejn\u00fdm zp\u016fsobem lze zjistit moment poledne na kter\u00e9koli planet\u011b na\u0161\u00ed \u010di jin\u00e9 planet\u00e1rn\u00ed soustavy, pokud se na t\u00e9 planet\u011b st\u0159\u00edd\u00e1 den a noc (na Marsu Sol) a nem\u00e1 v\u00e1z\u00e1nou rotaci s ob\u011bhem kolem mate\u0159sk\u00e9 hv\u011bzdy, nebo k mate\u0159sk\u00e9 hv\u011bzd\u011b nesm\u011b\u0159uje n\u011bkter\u00fdm ze sv\u00fdch p\u00f3l\u016f.<\/p>\n<p>Co je d\u00e1no dohodou, je rozhodnut\u00ed, na kolik d\u00edlk\u016f si rozd\u011bl\u00edme jeden den. Mohlo by to b\u00fdt na deset, dvacet, t\u0159icet nebo \u0161edes\u00e1t \u0161est. Ale na\u0161e civilizace si zvykla na d\u011blen\u00ed dne na 24 d\u00edl\u016f, jim\u017e \u0159\u00edk\u00e1me hodiny. Stejn\u011b jsme si rozd\u011blili i na\u0161i planetu na \u010dty\u0159iadvacet \u010dasov\u00fdch p\u00e1sem, proto\u017ee poledne je na ka\u017ed\u00e9m m\u00edst\u011b v jinou chv\u00edli a kontinu\u00e1ln\u00ed \u010das by nemohl slou\u017eit jako opora shody, m\u011bsta kousek od sebe by m\u011bla v\u016f\u010di sob\u011b navz\u00e1jem o p\u00e1r minut \u010das posunut\u00fd. Proto existuj\u00ed hodinov\u00e1 p\u00e1sma.<\/p>\n<p>St\u0159edem ka\u017ed\u00e9ho je ur\u010den\u00fd poledn\u00edk, okrajem pak je sedm a p\u016fl stupn\u011b na jednu i na druhou stranu. Hranice p\u00e1sem je v\u0161ak ovlivn\u011bna i politicky, zejm\u00e9na hranicemi zem\u00ed. Ne ka\u017ed\u00e1 zem\u011b jako my m\u00e1 to \u0161t\u011bst\u00ed, \u017ee ur\u010duj\u00edc\u00ed poledn\u00edk (u St\u0159edoevropsk\u00e9ho \u010dasu ten patn\u00e1ct\u00fd v\u00fdchodn\u00ed d\u00e9lky) proch\u00e1z\u00ed jej\u00edm \u00fazem\u00edm. P\u0159ilep\u00ed k jednodu\u0161e tomu, ke kter\u00e9mu maj\u00ed bl\u00ed\u017ee. N\u011bkde se naopak z politick\u00fdch d\u016fvod\u016f tul\u00ed k \u010dasu, ke kter\u00e9mu maj\u00ed d\u00e1l, ale t\u00edm u\u017e l\u00e1mou svou denn\u00ed p\u0159irozenost.<\/p>\n<p>Proto nic jako zimn\u00ed nebo letn\u00ed \u010das nen\u00ed. Existuje n\u00e1\u0161 spr\u00e1vn\u00fd a k n\u00e1m pat\u0159\u00edc\u00ed St\u0159edoevropsk\u00fd \u010das, kter\u00fd je d\u00e1n na\u0161\u00ed zem\u011bpisnou polohou. Plat\u00ed p\u0159esn\u011b na na\u0161em \u00fazem\u00ed, proto\u017e pr\u00e1v\u011b \u010ceskem proch\u00e1z\u00ed 15. poledn\u00edk v\u00fdchodn\u00ed d\u00e9lky (t\u0159eba Jind\u0159ichov\u00fdm Hradcem), kter\u00fd tento \u010das ur\u010duje. Kdy\u017e je nad n\u00edm Slunce v nadhlavn\u00edku, je poledne st\u0159edoevropsk\u00e9ho \u010dasu. V jin\u00fdch p\u00e1smech maj\u00ed Slunce v nadhlavn\u00edku o n\u011bkolik minut d\u0159\u00edv, jinde zas pozd\u011bji. To, \u010demu my \u0159\u00edk\u00e1me letn\u00ed \u010das, je ve skute\u010dnosti \u010das v\u00fdchodoevropsk\u00fd, pat\u0159\u00ed t\u0159eba Ukrajin\u011b nebo Turecku. Tak\u017ee my ka\u017ed\u00fd rok na v\u00edc ne\u017e p\u016fl roku p\u0159ech\u00e1z\u00edme na ciz\u00ed \u010das, kter\u00fd pat\u0159\u00ed \u00fapln\u011b jinam: do Minsku, Petrohradu, Kyjeva, Ki\u0161in\u011bva, Od\u011bsy, Istanbulu nebo K\u00e1hiry. \u017de mu u n\u00e1s \u0159\u00edk\u00e1me letn\u00ed \u010das, je vlastn\u011b le\u017e, ale dobr\u00e1, u\u017e jsme si na ni zvykli. Ale \u0159\u00edkat kv\u016fli tomu na\u0161emu vlastn\u00edmu norm\u00e1ln\u00edmu p\u0159irozen\u00e9mu st\u0159edoevropsk\u00e9mu \u010dasu \u010das \u201ezimn\u00ed\u201c je u\u017e \u00fapln\u00e1 hloupost.<\/p>\n<p>H\u00fdbat s \u010dasem je hol\u00fdm nesmyslem a p\u0159e\u017eitkem. Je\u0161t\u011b v\u011bt\u0161\u00edm nesmyslem je p\u0159ej\u00edt trvale celoro\u010dn\u011b na ciz\u00ed \u010das a m\u00edt tak po cel\u00fd rok poledne u\u017e v jeden\u00e1ct dopoledne. Ne ka\u017ed\u00e9 \u00fazem\u00ed m\u00e1 \u010das p\u0159esn\u011b odpov\u00eddaj\u00edc\u00ed poloze. V\u00fdjimky jsou politick\u00e9, hlavn\u011b hranice st\u00e1t\u016f. T\u0159eba v Indii maj\u00ed pro celou zemi \u010das o 4,5 hodiny posunut\u00fd oproti n\u00e1m, tak\u017ee V\u00fdchodn\u00ed Beng\u00e1lsko m\u00e1 u\u017e podve\u010der, kdy\u017e v r\u00e1diu hl\u00e1s\u00ed poledne. A n\u011bkde u pou\u0161t\u00ed Bal\u00fa\u010dist\u00e1nu maj\u00ed v tu chv\u00edli teprve dopoledne. Podobn\u00e9 to maj\u00ed i v \u010c\u00edn\u011b. Praktick\u00e9 je to mo\u017en\u00e1 pro st\u00e1tn\u00ed apar\u00e1t, pro lidi ur\u010dit\u011b ne. A \u017ee \u010das jednotn\u00fd b\u00fdt nemus\u00ed, o tom se \u010dlov\u011bk snadno p\u0159esv\u011bd\u010d\u00ed t\u0159eba v USA, kde hranice p\u00e1sem proch\u00e1z\u00ed ne po hranic\u00edch st\u00e1t\u016f, ale \u010dasto i nap\u0159\u00ed\u010d okresy. A nikdo z toho neum\u00edr\u00e1.<\/p>\n<p>Gener\u00e1l Franco cht\u011bl b\u00fdt \u201ein\u201c, a tak posunul \u010das ve sv\u00e9 zemi na st\u0159edoevropsk\u00fd (tedy ten n\u00e1\u0161, a t\u0159eba i n\u011bmeck\u00fd), i kdy\u017e je z\u00e1pad \u0160pan\u011blska oproti n\u011bmu posunut dokonce skoro o dv\u011b hodiny. A maj\u00ed to tam dnes jako velk\u00e9 t\u00e9ma, proto\u017ee lidem se \u017eit\u00ed podle ciz\u00edho \u010dasu pr\u00e1vem zaj\u00edd\u00e1. A my na ciz\u00ed m\u00e1me nyn\u00ed p\u0159ech\u00e1zet trvale? P\u016fj\u010dit si nav\u017edy ukrajinsk\u00fd \u010di b\u011blorusk\u00fd \u010das? Pro\u010d? M\u00e1me sv\u016fj, a hez\u010d\u00ed.<\/p>\n<p>Milovn\u00edci soci\u00e1ln\u00edho in\u017een\u00fdrstv\u00ed v\u00e1m \u0159eknou, \u017ee bude del\u0161\u00ed ve\u010der, proto\u017ee jim d\u0159\u00edv skon\u010d\u00ed pr\u00e1ce. Ale co jim br\u00e1n\u00ed kon\u010dit d\u0159\u00edv i bez zm\u011bny \u010dasu pro n\u00e1s v\u0161echny ostatn\u00ed? Sv\u00e9 provozn\u00ed doby podle kalend\u00e1\u0159e posouvaj\u00ed t\u0159eba ve\u0159ejn\u00e9 zahrady nebo h\u0159bitovy. Nemus\u00ed kv\u016fli tomu nutit lidi, aby si posouvali hodinky nebo dopravce, aby m\u011bnili j\u00edzdn\u00ed \u0159\u00e1dy. Mohu d\u011blat peka\u0159e nebo popel\u00e1\u0159e, nebo si jinak domluvit sm\u011bny. \u017de to nejde, proto\u017ee by se jim ostatn\u00ed nep\u0159izp\u016fsobili? Tak se n\u00e1s holt nebudou pt\u00e1t a donut\u00ed n\u00e1s v\u0161echny k posunu pracovn\u00ed doby na\u0159\u00edzen\u00edm vl\u00e1dy o letn\u00edm \u010dase? To je docela lump\u00e1rna, ne? A uk\u00e1zka sobectv\u00ed k tomu.<\/p>\n<p>Letn\u00ed \u010das toti\u017e je formou hrub\u00e9ho n\u00e1sil\u00ed. Je to jeden z projev\u016f n\u00e1tlaku, kter\u00fdm si n\u00e1siln\u00edci za\u0159\u00edd\u00ed nedobrovolnou zm\u011bnu chov\u00e1n\u00ed n\u00e1s ostatn\u00edch tak, aby vyhovovala zrovna jim. Mohli by si \u017e\u00edt podle sv\u00e9ho a \u010das si posouvat jen pro sebe. Jen\u017ee to jim nesta\u010d\u00ed. Mus\u00ed donutit n\u00e1s v\u0161echny ostatn\u00ed, abychom ud\u011blali zm\u011bnu stejnou, jen tak je to pr\u00e1v\u011b pro n\u011b v\u00fdhodn\u00e9. \u017de si na ni n\u011bkte\u0159\u00ed z n\u00e1s u\u017e skoro zvykli, to hloupost zm\u011bny nijak neumen\u0161uje. Ekonomick\u00fd p\u0159\u00ednos letn\u00edho \u010dasu je nulov\u00fd nebo z\u00e1porn\u00fd, negativn\u00ed zdravotn\u00ed d\u016fsledky potvrzuje st\u00e1le v\u00edce studi\u00ed.<\/p>\n<p>Zem\u011bkoule se p\u0159i sv\u00e9 pouti vesm\u00edrem nezaj\u00edm\u00e1, jak jac\u00edsi tvore\u010dkov\u00e9 na jej\u00edm povrchu po\u010d\u00edtaj\u00ed sv\u016fj kalend\u00e1\u0159, kdy si vymysl\u00ed p\u0159estupn\u00fd den \u010di podobnou legraci. T\u0159eba rovnodennost p\u0159ich\u00e1z\u00ed podle kosmick\u00fdch pravidel se svou nadlidskou pravidelnost\u00ed, ale lidsk\u00e1 nepravidelnost j\u00ed p\u0159isoud\u00ed ob\u010das jedno datum, ob\u010das jin\u00e9, ob\u010das v letopo\u010dtu P\u00e1na Forda, nebo b\u016fhv\u00edkolik\u00e1t\u00e9ho thermidoru, \u010di jak\u00e9 po\u010d\u00edt\u00e1n\u00ed si kter\u00fd z \u010dlov\u00ed\u010dk\u016f vymysl\u00ed. Zem\u011b se ale nebude p\u0159izp\u016fsobovat ani Caesarovi, ani pape\u017ei \u0158eho\u0159ovi, ani Konventu, ani Evropsk\u00e9 unii, ani vl\u00e1d\u011b \u010cesk\u00e9 republiky. Lidsk\u00e9 instituce a\u0165 mluv\u00ed do lidsk\u00fdch v\u011bc\u00ed, kosmick\u00fd \u0159\u00e1d ale a\u0165 nechaj\u00ed na pokoji!<\/p>\n<p>Ale ned\u011blaj\u00ed to. Cht\u011bj\u00ed rozhodovat o tom, kolik je hodin. Vl\u00e1dy se pletou do spousty v\u011bc\u00ed, do kter\u00fdch jim nic nen\u00ed, ale co je moc, to je moc. Ony cht\u011bj\u00ed m\u011bnit rotaci zem\u011b! Ony sahaj\u00ed na kosmick\u00fd syst\u00e9m! Aristotele, vst\u00e1vej! Atlasi, dr\u017e pevn\u011bji!<\/p>\n<p>Pr\u00fd tu hodinu na podzim dostaneme zp\u011bt. Tak ur\u010dit\u011b! Sedm m\u011bs\u00edc\u016f na n\u00ed budou rajtovat a pak n\u00e1m ji jednoho podzimn\u00edho r\u00e1na umolousanou, znect\u011bnou a ohmatanou milostiv\u011b vr\u00e1t\u00ed. A do toho n\u011bkdo p\u0159ich\u00e1z\u00ed s n\u00e1padem, \u017ee n\u00e1m ji vezmou nav\u017edy. S t\u00edm a\u0165 jdou n\u011bkam. Ciz\u00ed nechceme, svoje ned\u00e1me.<\/p>\n<p>Mnoz\u00ed z v\u00e1s si te\u010f \u0159\u00edkaj\u00ed, co s t\u00edm zase otravuju. A \u017ee takov\u00e9 banality nem\u00e1 cenu opakovat. P\u00ed\u0161u podobnou filipiku ka\u017ed\u00e9 jaro u\u017e 29 let. Jen\u017ee natvrdlost nositel\u016f n\u00e1zoru, \u017ee listopadu m\u00e1me \u0159\u00edkat \u010dervenec a \u017ee se t\u00edm ud\u011bl\u00e1 teplo, je nekone\u010dn\u00e1 a jejich argumentace po\u0159\u00e1d stejn\u011b hloup\u00e1. No tak budu tak\u00e9 ka\u017ed\u00e9 jaro ml\u00edt po\u0159\u00e1d sv\u00e9, dokud ono blbnut\u00ed s \u010dasem neskon\u010d\u00ed.<\/p>\n<p>Zdroj:&nbsp;<a href=\"https:\/\/jakl.blog.idnes.cz\/blog.aspx?c=815178\">https:\/\/jakl.blog.idnes.cz\/blog.aspx?c=815178<\/a><\/p>\n","protected":false},"excerpt":{"rendered":"<p>Tak se n\u00e1m od v\u00edkendu zase kr\u00e1sn\u011b prodlou\u017eily ve\u010dery. A p\u0159itom to bylo tak jednoduch\u00e9. Sta\u010dilo jedno administrativn\u00ed na\u0159\u00edzen\u00ed. Ale pro\u010d z\u016fstat v p\u016fli cesty? Je t\u0159eba j\u00edt d\u00e1l.<\/p>\n","protected":false},"author":9,"featured_media":0,"comment_status":"open","ping_status":"open","sticky":false,"template":"","format":"standard","meta":{"ngg_post_thumbnail":0,"footnotes":""},"categories":[1,10],"tags":[],"class_list":["post-14106","post","type-post","status-publish","format-standard","hentry","category-publikovane-clanky","category-zlehka"],"_links":{"self":[{"href":"https:\/\/www.ladislavjakl.cz\/index.php?rest_route=\/wp\/v2\/posts\/14106","targetHints":{"allow":["GET"]}}],"collection":[{"href":"https:\/\/www.ladislavjakl.cz\/index.php?rest_route=\/wp\/v2\/posts"}],"about":[{"href":"https:\/\/www.ladislavjakl.cz\/index.php?rest_route=\/wp\/v2\/types\/post"}],"author":[{"embeddable":true,"href":"https:\/\/www.ladislavjakl.cz\/index.php?rest_route=\/wp\/v2\/users\/9"}],"replies":[{"embeddable":true,"href":"https:\/\/www.ladislavjakl.cz\/index.php?rest_route=%2Fwp%2Fv2%2Fcomments&post=14106"}],"version-history":[{"count":1,"href":"https:\/\/www.ladislavjakl.cz\/index.php?rest_route=\/wp\/v2\/posts\/14106\/revisions"}],"predecessor-version":[{"id":14107,"href":"https:\/\/www.ladislavjakl.cz\/index.php?rest_route=\/wp\/v2\/posts\/14106\/revisions\/14107"}],"wp:attachment":[{"href":"https:\/\/www.ladislavjakl.cz\/index.php?rest_route=%2Fwp%2Fv2%2Fmedia&parent=14106"}],"wp:term":[{"taxonomy":"category","embeddable":true,"href":"https:\/\/www.ladislavjakl.cz\/index.php?rest_route=%2Fwp%2Fv2%2Fcategories&post=14106"},{"taxonomy":"post_tag","embeddable":true,"href":"https:\/\/www.ladislavjakl.cz\/index.php?rest_route=%2Fwp%2Fv2%2Ftags&post=14106"}],"curies":[{"name":"wp","href":"https:\/\/api.w.org\/{rel}","templated":true}]}}