{"id":1411,"date":"2011-12-15T14:31:37","date_gmt":"2011-12-15T13:31:37","guid":{"rendered":"http:\/\/www.ladislavjakl.cz\/?p=1411"},"modified":"2011-12-15T14:31:37","modified_gmt":"2011-12-15T13:31:37","slug":"hradni-uder-jakl-brutalne-setrel-havlova-neomarxistu-dalajlamu","status":"publish","type":"post","link":"https:\/\/www.ladislavjakl.cz\/?p=1411","title":{"rendered":"Hradn\u00ed \u00fader: Jakl brut\u00e1ln\u011b set\u0159el Havlova neomarxistu Dalajl\u00e1mu"},"content":{"rendered":"<p>Tajemn\u00edk prezidenta republiky Ladislav Jakl se siln\u011b politicky  nekorektn\u011b vyj\u00e1d\u0159il ke dv\u011bma v\u00edkendov\u00fdm ud\u00e1lostem. K protest\u016fm rusk\u00e9  opozice proti volb\u00e1m a k  n\u00e1v\u0161t\u011bv\u011b Dalajl\u00e1my v \u010cesk\u00e9 republice.<\/p>\n<p><!--more--><\/p>\n<p>V zapln\u011bn\u00e9 aule pra\u017esk\u00e9 filozofick\u00e9 fakulty tibetsk\u00fd duchovn\u00ed v\u016fdce  p\u0159iznal, \u017ee a\u010dkoliv je buddhistick\u00fd mnich, nen\u00ed &#8211; pokud se t\u00fdk\u00e1  ekonomick\u00fdch teori\u00ed &#8211; proti socialismu a je v podstat\u011b marxistou kv\u016fli  snaze t\u00e9to teorie o spravedliv\u00e9 rozd\u011blov\u00e1n\u00ed bohatstv\u00ed.<\/p>\n<h4 style=\"margin-bottom: 0cm;\"><strong>Otev\u0159en\u00fd marxismus Havlova p\u0159\u00edtele<\/strong><\/h4>\n<p style=\"margin-bottom: 0cm\">V sobotu se tak\u00e9 marxistick\u00fd mnich setkal s exprezidentem V\u00e1clavem  Havlem. Kr\u00e1tce s tibetsk\u00fdm duchovn\u00edm v\u016fdcem v ned\u011bli po jeho ve\u0159ejn\u00e9  p\u0159edn\u00e1\u0161ce hovo\u0159il i ministr zahrani\u010d\u00ed Karel Schwarzenberg.<\/p>\n<p style=\"margin-bottom: 0cm\">\u201eMedi\u00e1ln\u00ed skota\u010den\u00ed kolem dalajl\u00e1my je k\u00fd\u010dem stolet\u00ed. Fascinuje na\u0161e  m\u00e9dia otev\u0159en\u00fd marxismus, p\u0159edstava st\u00e1tu jako jednoho velk\u00e9ho kl\u00e1\u0161tera  nebo marketingov\u011b rafinovan\u00fd byznys s r\u00e1dobyduchovn\u00edmi fr\u00e1zemi, jak\u00e9 um\u00ed  ka\u017ed\u00e1 kart\u00e1\u0159ka?\u201c r\u00fdpl si politicky nekorektn\u011b do Havlova p\u0159\u00edtele  Klaus\u016fv tajemn\u00edk Ladislav Jakl.<\/p>\n<p style=\"margin-bottom: 0cm;\">Sou\u010dasn\u00fd 14. dalajl\u00e1ma T\u00e4ndzin Gjamccho (*1935) je nucen od roku 1959  \u017e\u00edt v exilu, a to v Dharamsale v indick\u00e9m st\u00e1t\u011b Him\u00e1\u010dalprad\u00e9\u0161. Vlivem  velmi nejist\u00e9 situace v Tibetu, kdy se \u010d\u00ednsk\u00e1 strana sna\u017e\u00ed kontrolovat  ve\u0161ker\u00e9 v\u00fdznamn\u00e9 p\u0159evt\u011blence a zasahovat do vnit\u0159n\u00edch z\u00e1le\u017eitost\u00ed  tibetsk\u00fdch buddhist\u016f (jako se j\u00ed to poda\u0159ilo nap\u0159\u00edklad v p\u0159\u00edpad\u011b  pan\u010dhenl\u00e1my) se v posledn\u00ed dob\u011b 14. dalajl\u00e1ma nech\u00e1v\u00e1 sly\u0161et, \u017ee jeho  p\u0159\u00ed\u0161t\u00ed zrozen\u00ed nemus\u00ed b\u00fdt v Tibetu, jako tomu bylo u jeho p\u0159edch\u016fdc\u016f.<\/p>\n<p>Tak\u00e9 p\u0159ipustil mo\u017enost, \u017ee se u\u017e v p\u0159\u00ed\u0161t\u00edch letech zrodit v\u00edce nemus\u00ed  (\u010dili \u017ee bude posledn\u00edm tulkuem v linii a odejde do\u010dasn\u011b do jin\u00fdch  sv\u011bt\u016f) nebo m\u016f\u017ee jeho p\u0159\u00ed\u0161t\u00ed zrozen\u00edm b\u00fdt \u017eena. Je tak\u00e9 mo\u017en\u00e9, \u017ee  n\u00e1stupce sou\u010dasn\u00e9ho dalajl\u00e1my bude vybr\u00e1n demokratick\u00fdmi cestami, tedy  volbou podle schopnost\u00ed (v tomto p\u0159\u00edpad\u011b by se v\u0161ak ji\u017e nejednalo o  tulkua p\u0159edchoz\u00edch dalajl\u00e1m\u016f, ale \u010dist\u011b o p\u0159edstavitele tibetsk\u00e9ho  n\u00e1roda).<\/p>\n<h4 style=\"margin-bottom: 0cm;\"><strong>Otev\u0159en\u00fd komunismus rusk\u00e9 opozice<\/strong><\/h4>\n<p style=\"margin-bottom: 0cm;\">Jakl komentoval i demonstrace rusk\u00e9 opozice proti v\u00fdsledku voleb, kter\u00e9  vyhr\u00e1la strana prezidenta Dmitrije Medved\u011bva a premi\u00e9ra Vladim\u00edra  Putina Jednotn\u00e9 Rusko. Proti v\u00fdsledku voleb protestovala velmi r\u016fznorod\u00e1  sm\u011bs politick\u00fdch proud\u016f od komunist\u016f, po anarchist\u016f, liber\u00e1l\u016f \u010di  nacionalist\u016f. Vl\u00e1ly tam rud\u00e9 komunistick\u00e9 prapory, carsk\u00e9 vlajky i  prapor s nacionalistick\u00fdm keltsk\u00fdm k\u0159\u00ed\u017eem.<\/p>\n<p style=\"margin-bottom: 0cm\">\u201eHlavn\u00ed opozi\u010dn\u00ed silou v Rusku jsou komunist\u00e9. Nen\u00ed divu, \u017ee se jim  v\u00fdsledky voleb nel\u00edb\u00ed, oni by se p\u0159ece bez voleb obe\u0161li. Divn\u00e9 ale je,  \u017ee jim tak tleskaj\u00ed \u010desk\u00e1 m\u00e9dia,\u201c komentoval zvl\u00e1\u0161tn\u00ed koalici Jakl.<\/p>\n<p style=\"margin-bottom: 0cm\">\u010cesk\u00fd exprezident V\u00e1clav Havel vyzval rusk\u00e9 opozi\u010dn\u00ed struktury, aby se  spojily, vytvo\u0159ily st\u00ednovou vl\u00e1du a oslovovaly se sv\u00fdm programem ob\u010dany  po cel\u00e9m Rusku.<\/p>\n<p style=\"margin-bottom: 0cm\"><a href=\"http:\/\/www.parlamentnilisty.cz\/zpravy\/Hradni-uder-Jakl-brutalne-setrel-Havlova-neomarxistu-Dalajlamu-216728\" target=\"_blank\">Zdroj<\/a><\/p>\n","protected":false},"excerpt":{"rendered":"<p>Tajemn\u00edk prezidenta republiky Ladislav Jakl se siln\u011b politicky nekorektn\u011b vyj\u00e1d\u0159il ke dv\u011bma v\u00edkendov\u00fdm ud\u00e1lostem. K protest\u016fm rusk\u00e9 opozice proti volb\u00e1m a k n\u00e1v\u0161t\u011bv\u011b Dalajl\u00e1my v \u010cesk\u00e9 republice.<\/p>\n","protected":false},"author":1,"featured_media":0,"comment_status":"open","ping_status":"open","sticky":false,"template":"","format":"standard","meta":{"ngg_post_thumbnail":0,"footnotes":""},"categories":[11],"tags":[],"class_list":["post-1411","post","type-post","status-publish","format-standard","hentry","category-ozvena"],"_links":{"self":[{"href":"https:\/\/www.ladislavjakl.cz\/index.php?rest_route=\/wp\/v2\/posts\/1411","targetHints":{"allow":["GET"]}}],"collection":[{"href":"https:\/\/www.ladislavjakl.cz\/index.php?rest_route=\/wp\/v2\/posts"}],"about":[{"href":"https:\/\/www.ladislavjakl.cz\/index.php?rest_route=\/wp\/v2\/types\/post"}],"author":[{"embeddable":true,"href":"https:\/\/www.ladislavjakl.cz\/index.php?rest_route=\/wp\/v2\/users\/1"}],"replies":[{"embeddable":true,"href":"https:\/\/www.ladislavjakl.cz\/index.php?rest_route=%2Fwp%2Fv2%2Fcomments&post=1411"}],"version-history":[{"count":1,"href":"https:\/\/www.ladislavjakl.cz\/index.php?rest_route=\/wp\/v2\/posts\/1411\/revisions"}],"predecessor-version":[{"id":1412,"href":"https:\/\/www.ladislavjakl.cz\/index.php?rest_route=\/wp\/v2\/posts\/1411\/revisions\/1412"}],"wp:attachment":[{"href":"https:\/\/www.ladislavjakl.cz\/index.php?rest_route=%2Fwp%2Fv2%2Fmedia&parent=1411"}],"wp:term":[{"taxonomy":"category","embeddable":true,"href":"https:\/\/www.ladislavjakl.cz\/index.php?rest_route=%2Fwp%2Fv2%2Fcategories&post=1411"},{"taxonomy":"post_tag","embeddable":true,"href":"https:\/\/www.ladislavjakl.cz\/index.php?rest_route=%2Fwp%2Fv2%2Ftags&post=1411"}],"curies":[{"name":"wp","href":"https:\/\/api.w.org\/{rel}","templated":true}]}}