{"id":14113,"date":"2024-04-03T23:53:19","date_gmt":"2024-04-03T21:53:19","guid":{"rendered":"https:\/\/www.ladislavjakl.cz\/?p=14113"},"modified":"2024-04-03T23:53:19","modified_gmt":"2024-04-03T21:53:19","slug":"uz-jsem-mel-obavu-ze-to-ladislav-jakl-vzdal","status":"publish","type":"post","link":"https:\/\/www.ladislavjakl.cz\/?p=14113","title":{"rendered":"U\u017e jsem m\u011bl obavu, \u017ee to Ladislav Jakl vzdal"},"content":{"rendered":"<p>Na\u0161t\u011bst\u00ed ne. Jaklova ka\u017edoro\u010dn\u00ed filipika proti st\u0159\u00edd\u00e1n\u00ed \u010dasu se objevila 2. dubna na jeho blogu na iDNES [1]. V \u010dl\u00e1nku \u201eCo\u017ee? Jak\u00fd \u00bbzimn\u00ed \u010das\u00ab\u201c? V tomto t\u00e9matu jsem s n\u00edm pln\u011b zajedno.<\/p>\n<p><!--more--><\/p>\n<div class=\"flex flex-col gap-y-4 lg:space-y-0 lg:items-center lg:justify-between lg:flex-row print:flex-row print:justify-between\">\n<div class=\"flex flex-col items-center mb-4 md:mb-8 lg:mb-0 gap-y-8 lg:flex-row lg:gap-x-6\">\n<address class=\"flex flex-row justify-start items-center gap-4 md:gap-6 text-left gap-4\">\n<figure class=\" avatar_medium__figureClassName__NZd6u\"><img loading=\"lazy\" decoding=\"async\" src=\"https:\/\/cdn.blogosvet.cz\/9b5f49dd-28c5-4b2e-973c-6bddb25446f5?format=webp&amp;quality=90&amp;width=128&amp;height=128\" alt=\"Lubom\u00edr Stejskal\" width=\"64\" height=\"64\"><\/figure>\n<div class=\"flex flex-col\">\n<p><span class=\"typography_h4__Oqtgt break-words \">Lubom\u00edr Stejskal<\/span><\/p>\n<p class=\"typography_topic__uJeCw break-words \"><small>ST\u00c1TN\u00cd RENTI\u00c9R A BLOGER<\/small><\/p>\n<\/div>\n<\/address>\n<\/div>\n<div class=\"flex flex-col gap-1 text-justify\">\n<p class=\"typography_description__vVLNd italic text-center lg:text-right\"><time datetime=\"2024-04-02T16:53:51.876Z\">2. dubna v 18:53<\/time><\/p>\n<p class=\"typography_description__vVLNd text-center lg:text-right text-secondary\"><small class=\"typography_small__6F6EK \">155 zobrazen\u00ed<\/small><\/p>\n<p class=\"typography_topic__uJeCw text-center lg:text-right text-secondary\"><small class=\"typography_small__6F6EK \"><span class=\"flex flex-row justify-center items-center lg:justify-end gap-2\">NAPI\u0160TE PRVN\u00cd KOMENT\u00c1\u0158<\/span><\/small><\/p>\n<\/div>\n<\/div>\n<p>&nbsp;<\/p>\n<hr class=\"col-span-12 print:w-screen\">\n<div class=\"col-span-12 lg:col-span-8 print:w-screen\">\n<div class=\"Slate_slate-articleContent__xI55D Slate_slate-links__uwX_M \">\n<p class=\"typography_textArticle__Gz_qm \">Od po\u010d\u00e1tku zaveden\u00ed takzvan\u00e9ho letn\u00edho \u010dasu v \u010ceskoslovensku (1979) jsem jeho z\u00e1sadn\u00edm odp\u016frcem. Bylo tomu tak v dob\u011b, kdy jsem chodil do zam\u011bstn\u00e1n\u00ed (do V\u00e1noc 2019) a je tomu tak i nyn\u00ed, kdy jsem v d\u016fchodu.<\/p>\n<p class=\"typography_textArticle__Gz_qm \">D\u016fvod\u016f m\u00e1m n\u011bkolik. Ten nejobecn\u011bj\u0161\u00ed: jako konzervativec zast\u00e1v\u00e1m n\u00e1zor, \u017ee to, co funguje, net\u0159eba m\u011bnit. A st\u0159edoevropsk\u00fd \u010das funguje v \u010cR velice dob\u0159e.<\/p>\n<p class=\"typography_textArticle__Gz_qm \">Argument, \u017ee v l\u00e9t\u011b se d\u00edky \u201eletn\u00edmu \u010dasu\u201c stm\u00edv\u00e1 pozd\u011bji je blud. Stm\u00edvalo by se \u00fapln\u011b stejn\u011b, kdyby tzv. letn\u00ed \u010das zaveden nebyl; jedin\u00e1 zm\u011bna je v\u016f\u010di tomu, co jsme si um\u011ble nastavili na povel st\u00e1tn\u00ed moci na hodink\u00e1ch.<\/p>\n<p class=\"typography_textArticle__Gz_qm \">B\u011bhem sv\u00e9ho pracovn\u00edho \u017eivota jsem n\u011bkolikr\u00e1t m\u011bs\u00ed\u010dn\u011b, po dobu n\u011bkolika desetilet\u00ed, musel vst\u00e1vat ve 4 hodin r\u00e1no SE\u010c. Nucen\u00fdm posunut\u00edm hodinek o 60 minut dop\u0159edu jsem sice opticky vst\u00e1val ve 4 hodiny SEL\u010c, ale ve skute\u010dnosti ve 3 hodiny SE\u010c. Tedy t\u0159i hodiny po p\u016flnoci. Moje zku\u0161enost: \u010d\u00edm pozd\u011bji \u010dlov\u011bk po re\u00e1ln\u00e9 p\u016flnoci vst\u00e1v\u00e1, t\u00edm l\u00e9pe &#8211; c\u00edt\u00ed se v\u00edc vyspal\u00fd a m\u00e9n\u011b unaven\u00fd. A naopak. Jin\u00fdmi slovy za \u201ev\u00fdhodu\u201c, \u017ee je v l\u00e9t\u011b \u201ed\u00e9le vid\u011bt\u201c, jak si libuj\u00ed jedni, plat\u00ed jin\u00ed da\u0148 v podob\u011b extr\u00e9mn\u011b brzk\u00e9ho vst\u00e1v\u00e1n\u00ed (mo\u017en\u00e1 i to motivovalo aktivity proti tzv. letn\u00edmu \u010dasu peka\u0159e Pecku, nev\u00edm).<\/p>\n<p class=\"typography_textArticle__Gz_qm \">Tzv. letn\u00ed \u010das*\/ je vzpourou proti p\u0159irozen\u00e9mu \u0159\u00e1du v\u011bc\u00ed. M\u00edsto toho, abychom v\u011bcem nechali voln\u00fd pr\u016fb\u011bh, tak jak funguj\u00ed od vzniku (stvo\u0159en\u00ed) zem\u011bkoule, nesmysln\u011b do tohoto pr\u016fb\u011bhu zasahujeme. P\u0159irozen\u00fd \u0159\u00e1d v\u011bc\u00ed znamen\u00e1, \u017ee v ur\u010dit\u00e9 \u010d\u00e1sti roku se den plynule prodlu\u017euje a v dal\u0161\u00ed plynule zkracuje. Jakmile do toho za\u010dneme vn\u00e1\u0161et lidsk\u00e9 v\u00fdmysly, pak do toho lidov\u011b \u0159e\u010deno \u201eh\u00e1z\u00edme vidle\u201c. Letos 31. b\u0159ezna jsme skokov\u011b prodlou\u017eili dobu denn\u00edho svitu, abychom ji 27. \u0159\u00edjna skokov\u011b zkr\u00e1tili (samoz\u0159ejm\u011b nikoli re\u00e1ln\u011b, ale podle vnucen\u00e9ho p\u0159eto\u010den\u00ed hodinov\u00fdch ru\u010di\u010dek). Pro\u010d?<\/p>\n<p class=\"typography_textArticle__Gz_qm \"><em>*\/ V americk\u00e9 angli\u010dtin\u011b je \u201eletn\u00ed \u010das\u201c ozna\u010dov\u00e1n jako \u201edaylight saving time\u201c (DST), tedy \u010das \u0161et\u0159\u00edc\u00ed denn\u00ed sv\u011btlo. Ov\u0161em ani tento v\u00fdraz, ani \u201eletn\u00ed \u010das\u201c neodpov\u00eddaj\u00ed skute\u010dnosti. \u201eLetn\u00ed\u201c \u010das trv\u00e1 od jara do podzimu a DST \u017e\u00e1dn\u00fd \u010das ne\u0161et\u0159\u00ed. D\u016fkaz, jak snadno se nechaj\u00ed lid\u00e9 \u201eop\u00edt rohl\u00edkem\u201c. Ale bojovat za \u201eletn\u00ed \u010das\u201c to mnoz\u00ed mezi n\u00e1mi dok\u00e1\u017eou, sta\u010d\u00ed p\u0159e\u010d\u00edst si diskuse pod internetov\u00fdmi \u010dl\u00e1nky na toto t\u00e9ma.<\/em><\/p>\n<p><a href=\"https:\/\/www.blogosvet.cz\/article\/uz-jsem-mel-obavu-ze-to-ladislav-jakl-vzdal-k0Wwo\">Zdroj<\/a><\/p>\n<\/div>\n<\/div>\n","protected":false},"excerpt":{"rendered":"<p>Na\u0161t\u011bst\u00ed ne. Jaklova ka\u017edoro\u010dn\u00ed filipika proti st\u0159\u00edd\u00e1n\u00ed \u010dasu se objevila 2. dubna na jeho blogu na iDNES [1]. V \u010dl\u00e1nku \u201eCo\u017ee? Jak\u00fd \u00bbzimn\u00ed \u010das\u00ab\u201c? V tomto t\u00e9matu jsem s n\u00edm pln\u011b zajedno.<\/p>\n","protected":false},"author":9,"featured_media":0,"comment_status":"open","ping_status":"open","sticky":false,"template":"","format":"standard","meta":{"ngg_post_thumbnail":0,"footnotes":""},"categories":[11],"tags":[],"class_list":["post-14113","post","type-post","status-publish","format-standard","hentry","category-ozvena"],"_links":{"self":[{"href":"https:\/\/www.ladislavjakl.cz\/index.php?rest_route=\/wp\/v2\/posts\/14113","targetHints":{"allow":["GET"]}}],"collection":[{"href":"https:\/\/www.ladislavjakl.cz\/index.php?rest_route=\/wp\/v2\/posts"}],"about":[{"href":"https:\/\/www.ladislavjakl.cz\/index.php?rest_route=\/wp\/v2\/types\/post"}],"author":[{"embeddable":true,"href":"https:\/\/www.ladislavjakl.cz\/index.php?rest_route=\/wp\/v2\/users\/9"}],"replies":[{"embeddable":true,"href":"https:\/\/www.ladislavjakl.cz\/index.php?rest_route=%2Fwp%2Fv2%2Fcomments&post=14113"}],"version-history":[{"count":1,"href":"https:\/\/www.ladislavjakl.cz\/index.php?rest_route=\/wp\/v2\/posts\/14113\/revisions"}],"predecessor-version":[{"id":14114,"href":"https:\/\/www.ladislavjakl.cz\/index.php?rest_route=\/wp\/v2\/posts\/14113\/revisions\/14114"}],"wp:attachment":[{"href":"https:\/\/www.ladislavjakl.cz\/index.php?rest_route=%2Fwp%2Fv2%2Fmedia&parent=14113"}],"wp:term":[{"taxonomy":"category","embeddable":true,"href":"https:\/\/www.ladislavjakl.cz\/index.php?rest_route=%2Fwp%2Fv2%2Fcategories&post=14113"},{"taxonomy":"post_tag","embeddable":true,"href":"https:\/\/www.ladislavjakl.cz\/index.php?rest_route=%2Fwp%2Fv2%2Ftags&post=14113"}],"curies":[{"name":"wp","href":"https:\/\/api.w.org\/{rel}","templated":true}]}}