{"id":14118,"date":"2024-04-06T08:00:59","date_gmt":"2024-04-06T06:00:59","guid":{"rendered":"https:\/\/www.ladislavjakl.cz\/?p=14118"},"modified":"2024-04-05T16:31:42","modified_gmt":"2024-04-05T14:31:42","slug":"milionova-vlada","status":"publish","type":"post","link":"https:\/\/www.ladislavjakl.cz\/?p=14118","title":{"rendered":"Mili\u00f3nov\u00e1 vl\u00e1da"},"content":{"rendered":"<p>Posledn\u00ed pr\u016fzkum Centra pro v\u00fdzkum ve\u0159ejn\u00e9ho m\u00edn\u011bn\u00ed (CVVM) p\u0159inesl v\u00fdsledky \u2013 vl\u00e1d\u011b a sn\u011bmovn\u011b d\u016fv\u011b\u0159uje p\u011btina lid\u00ed. Pr\u00e1v\u011b tyto dv\u011b instituce maj\u00ed v pr\u016fzkumu nejhor\u0161\u00ed v\u00fdsledky. Co z toho plyne? Pro den\u00edk TO p\u0159ipravil koment\u00e1\u0159 Ladislav Jakl.<\/p>\n<p><!--more--><\/p>\n<p>Je dvacet procent hodn\u011b, nebo m\u00e1lo? Jak se to vezme. Pokud si d\u00e1me pan\u00e1ka s&nbsp;dvaceti procenty alkoholu, bude to n\u011bjak\u00fd hodn\u011b slab\u00fd lik\u00e9r. Ale pokud bude m\u00edt dvacet procent alkoholu pivo, p\u016fjde u\u017e o hodn\u011b vrcholnou specialitu, vyroben\u00e1 nejsp\u00ed\u0161e vymra\u017eov\u00e1n\u00edm, proto\u017ee ta nejsiln\u011bj\u0161\u00ed piva vznikl\u00e1 b\u011b\u017en\u00fdm kva\u0161en\u00edm dosahuj\u00ed maxim\u00e1ln\u011b tak patn\u00e1cti procent. P\u0159i vy\u0161\u0161\u00edm procentu u\u017e kvasinky v&nbsp;alkoholu, kter\u00fd je jejich produktem, hynou.<\/p>\n<p>20 procent m\u016f\u017ee b\u00fdt dost<\/p>\n<p>Podle pr\u016fzkumu ve\u0159ejn\u00e9ho m\u00edn\u011bn\u00ed m\u00e1 sou\u010dasn\u00e1 fialov\u00e1 vl\u00e1da pr\u00e1v\u011b dvacetiprocentn\u00ed d\u016fv\u011bru. Je to hodn\u011b, nebo m\u00e1lo? Jak se to vezme. Voli\u010d\u016f je v&nbsp;na\u0161\u00ed republice n\u011bco m\u00e1lo p\u0159es osm milion\u016f. Z&nbsp;nich v&nbsp;pr\u016fzkumech deklaruje ochotu j\u00edt k&nbsp;volb\u00e1m asi p\u011bt milion\u016f. Z toho dvacet procent \u010din\u00ed asi tak milion voli\u010d\u016f, a to se nevejde ani do hodn\u011b velik\u00e9ho v\u00fdtahu.<\/p>\n<p>Vzhledem k&nbsp;tomu, jak poslu\u0161n\u00fdm je aktu\u00e1ln\u00ed vl\u00e1da bruselsk\u00fdm mopsl\u00edkem, po\u0161t\u011bk\u00e1vaj\u00edc\u00ed zpoza plotu na \u017elut\u00e9 bambus\u00e1ky, jak n\u00e1s se\u0161n\u011brov\u00e1v\u00e1 dal\u0161\u00edmi regulacemi, jak omezuje svobodu slova, jak ni\u010d\u00ed prosperitu \u010desk\u00fdch dom\u00e1cnost\u00ed hysterick\u00fdm bojkotem levn\u00fdch surovin, jak naskakuje na fantasmagorick\u00e9 boje s&nbsp;podneb\u00edm za cenu tot\u00e1ln\u00edho zchudnut\u00ed, jak zvy\u0161uje dan\u011b, a p\u0159itom d\u00e1l zadlu\u017euje ve\u0159ejn\u00e9 finance, jak protla\u010duje panoptikum sexu\u00e1ln\u00edch bizarnost\u00ed, je to tedy \u010d\u00edslo po\u0159\u00e1d je\u0161t\u011b hodn\u011b vysok\u00e9.<\/p>\n<p>Kdo zvedne hlasy nespokojen\u00fdch?<\/p>\n<p>\u010c\u00edm je to relativn\u011b st\u00e1le velk\u00e9 \u010d\u00edslo d\u00e1no? Zklaman\u00fd voli\u010d vl\u00e1dn\u00edch stran nem\u00e1 dnes moc na v\u00fdb\u011br. SPD se takov\u00e9mu voli\u010di zd\u00e1 ekonomicky vlevo, ANO se mu zd\u00e1 p\u0159\u00edli\u0161 zprofanovan\u00e9, ostatn\u00ed strany vid\u00ed tenhle voli\u010d jako bezv\u00fdznamn\u00e9. A tak se z&nbsp;n\u011bj st\u00e1v\u00e1 voli\u010d st\u00e1le vla\u017en\u011bj\u0161\u00ed, a\u017e se stane nevoli\u010dem. A \u017e\u00e1dnou n\u00e1hradn\u00ed variantu politick\u00e9ho uspo\u0159\u00e1d\u00e1n\u00ed nepos\u00edl\u00ed.<\/p>\n<p>Co z&nbsp;toho plyne? \u017de tu le\u017e\u00ed nejm\u00e9n\u011b milion potenci\u00e1ln\u00edch hlas\u016f na ulici. Jen se sh\u00fdbnout. Jen\u017ee ty, co by to mohli ud\u011blat, asi bol\u00ed z\u00e1da. Nebo kdov\u00ed, v&nbsp;\u010dem je probl\u00e9m. V&nbsp;ka\u017ed\u00e9m p\u0159\u00edpad\u011b plat\u00ed, \u017ee ten milion, kter\u00fd je\u0161t\u011b p\u0159i vl\u00e1d\u011b stoj\u00ed, j\u00ed m\u016f\u017ee sta\u010dit k&nbsp;vl\u00e1dnut\u00ed je\u0161t\u011b po dlouhou dobu. Ale nen\u00ed to kr\u00e1sn\u00e9, m\u00edt milionovou vl\u00e1du?&nbsp;<\/p>\n<p>Ps\u00e1no pro den\u00edk TO<\/p>\n<p><a href=\"https:\/\/denik.to\/milionova-vlada\/\">Zdroj&nbsp; &nbsp;<\/a><\/p>\n","protected":false},"excerpt":{"rendered":"<p>Posledn\u00ed pr\u016fzkum Centra pro v\u00fdzkum ve\u0159ejn\u00e9ho m\u00edn\u011bn\u00ed (CVVM) p\u0159inesl v\u00fdsledky \u2013 vl\u00e1d\u011b a sn\u011bmovn\u011b d\u016fv\u011b\u0159uje p\u011btina lid\u00ed. Pr\u00e1v\u011b tyto dv\u011b instituce maj\u00ed v pr\u016fzkumu nejhor\u0161\u00ed v\u00fdsledky. Co z toho plyne? Pro den\u00edk TO p\u0159ipravil koment\u00e1\u0159 Ladislav Jakl.<\/p>\n","protected":false},"author":9,"featured_media":0,"comment_status":"open","ping_status":"open","sticky":false,"template":"","format":"standard","meta":{"ngg_post_thumbnail":0,"footnotes":""},"categories":[11,1],"tags":[],"class_list":["post-14118","post","type-post","status-publish","format-standard","hentry","category-ozvena","category-publikovane-clanky"],"_links":{"self":[{"href":"https:\/\/www.ladislavjakl.cz\/index.php?rest_route=\/wp\/v2\/posts\/14118","targetHints":{"allow":["GET"]}}],"collection":[{"href":"https:\/\/www.ladislavjakl.cz\/index.php?rest_route=\/wp\/v2\/posts"}],"about":[{"href":"https:\/\/www.ladislavjakl.cz\/index.php?rest_route=\/wp\/v2\/types\/post"}],"author":[{"embeddable":true,"href":"https:\/\/www.ladislavjakl.cz\/index.php?rest_route=\/wp\/v2\/users\/9"}],"replies":[{"embeddable":true,"href":"https:\/\/www.ladislavjakl.cz\/index.php?rest_route=%2Fwp%2Fv2%2Fcomments&post=14118"}],"version-history":[{"count":1,"href":"https:\/\/www.ladislavjakl.cz\/index.php?rest_route=\/wp\/v2\/posts\/14118\/revisions"}],"predecessor-version":[{"id":14119,"href":"https:\/\/www.ladislavjakl.cz\/index.php?rest_route=\/wp\/v2\/posts\/14118\/revisions\/14119"}],"wp:attachment":[{"href":"https:\/\/www.ladislavjakl.cz\/index.php?rest_route=%2Fwp%2Fv2%2Fmedia&parent=14118"}],"wp:term":[{"taxonomy":"category","embeddable":true,"href":"https:\/\/www.ladislavjakl.cz\/index.php?rest_route=%2Fwp%2Fv2%2Fcategories&post=14118"},{"taxonomy":"post_tag","embeddable":true,"href":"https:\/\/www.ladislavjakl.cz\/index.php?rest_route=%2Fwp%2Fv2%2Ftags&post=14118"}],"curies":[{"name":"wp","href":"https:\/\/api.w.org\/{rel}","templated":true}]}}