{"id":14134,"date":"2024-04-12T23:05:41","date_gmt":"2024-04-12T21:05:41","guid":{"rendered":"https:\/\/www.ladislavjakl.cz\/?p=14134"},"modified":"2024-04-12T23:05:41","modified_gmt":"2024-04-12T21:05:41","slug":"narazi-ceska-vlada-do-zdi-nebo-slovenskou-zatacku-jeste-vybere","status":"publish","type":"post","link":"https:\/\/www.ladislavjakl.cz\/?p=14134","title":{"rendered":"Naraz\u00ed \u010desk\u00e1 vl\u00e1da do zdi, nebo slovenskou zat\u00e1\u010dku je\u0161t\u011b vybere?"},"content":{"rendered":"<p>Evropsk\u00e1 unie by m\u011bla okam\u017eit\u011b zarazit jak\u00e9koli kroky sm\u011b\u0159uj\u00edc\u00ed k&nbsp;integraci Ukrajiny do sv\u00fdch struktur. D\u016fvod je k&nbsp;tomu p\u00e1dn\u00fd. Ukrajina se brat\u0159\u00ed\u010dkuje s&nbsp;protidemokratick\u00fdm re\u017eimem.<\/p>\n<p><!--more--><\/p>\n<p>Dokonce by se dalo \u0159\u00edci, \u017ee Ukrajina projevuje siln\u00e9 prorusk\u00e9 tendence. A proto by na mi m\u011bly b\u00fdt uvaleny sankce. Pro\u010d? Jej\u00ed vl\u00e1da se dnes v&nbsp;Michalovc\u00edch se\u0161la s&nbsp;vl\u00e1dou Slovensk\u00e9 republiky. A Slovensk\u00e1 vl\u00e1da je p\u0159ece prorusk\u00fdm Trojsk\u00fdm kon\u011bm v&nbsp;EU. Ukrajina tedy prost\u0159ednictv\u00edm Slovenska kolaboruje s&nbsp;hlavn\u00edm nep\u0159\u00edtelem EU \u2013 s&nbsp;Ruskem.<\/p>\n<p>V\u017edy\u0165 p\u0159ece po lo\u0148sk\u00fdch parlamentn\u00edch volb\u00e1ch na Slovensku a snad je\u0161t\u011b v\u00edce po ned\u00e1vn\u00fdch prezidentsk\u00fdch volb\u00e1ch zazn\u011bly z&nbsp;p\u016fdy EU i jednotliv\u00fdch \u010dlensk\u00fdch st\u00e1t\u016f hromov\u00e9 ohlasy o tom, jak \u017ee se na Slovensku chopily moci protidemokratick\u00e9, protiz\u00e1padn\u00ed a prorusk\u00e9 s\u00edly. To snad na Ukrajin\u011b ne\u010dtou na\u0161e noviny? Tak pro\u010d se s t\u011bmi Slov\u00e1ky sch\u00e1zej\u00ed?<\/p>\n<p>Asi proto, \u017ee v\u0161e bude trochu jinak. Ofici\u00e1ln\u00ed politikou (nejen deklaratorn\u00ed, ale i praktickou) nov\u00e9 slovensk\u00e9 reprezentace je samoz\u0159ejm\u00e9 ukotven\u00ed Slovenska ve struktur\u00e1ch EU a NATO. Slovensko \u00fasty sv\u00fdch nov\u00fdch p\u0159edstavitel\u016f tak\u00e9 odsoudilo vp\u00e1d Ruska na Ukrajinu a sv\u00e9 ukrajinsk\u00e9 sousedy finan\u010dn\u011b, materi\u00e1ln\u011b, mor\u00e1ln\u011b i diplomaticky podporuje.<\/p>\n<p>Jen m\u00e1 na \u0159e\u0161en\u00ed cel\u00e9 trag\u00e9die trochu jin\u00e9 n\u00e1zory ne\u017e ti, kdo nad\u00e1le s\u00e1zej\u00ed na jedinou kartu, kter\u00e1 se ale jako trumf zrovna nejev\u00ed. Slov\u00e1ci coby ukrajin\u0161t\u00ed sousedi vid\u00ed v\u011bc zbl\u00edzka a p\u0159em\u00fd\u0161lej\u00ed nikoli ve vzletn\u00fdch bojovn\u00fdch fr\u00e1z\u00edch, ale velmi pragmaticky a s&nbsp;vhledem do reality. Mohou se m\u00fdlit a t\u0159eba se i v&nbsp;mnoh\u00fdch ohledech m\u00fdl\u00ed. Ale sv\u00fdmi postoji p\u0159id\u00e1vaj\u00ed do mozaiky unijn\u00ed debaty naprosto nezastupitelnou barvu.<\/p>\n<p>Co\u017e sice nech\u00e1pou nejmilitantn\u011bj\u0161\u00ed bruselohuje\u0159i, ale dob\u0159e to ch\u00e1pe sama ukrajinsk\u00e1 vl\u00e1da, jinak by se v&nbsp;naprosto reprezentativn\u00ed sestav\u011b nesetkala s&nbsp;tou slovenskou. Uk\u00e1zala tak v\u011bt\u0161\u00ed pochopen\u00ed pro nutnost diplomatick\u00e9 polemiky ne\u017e ta na\u0161e vl\u00e1da \u010desk\u00e1, kter\u00e1 spole\u010dn\u00e9 kontakty se slovenskou vl\u00e1dou jednostrann\u011b p\u0159eru\u0161ila.<\/p>\n<p>\u010cesk\u00e1 vl\u00e1da je tak moment\u00e1ln\u011b trochu za partu troub\u016f. Hubuje na Sov\u00e1ky, \u00fadajn\u011b v&nbsp;z\u00e1jmu Ukrajinc\u016f, kte\u0159\u00ed ale p\u0159itom se Slov\u00e1ky d\u00e1l spolupracuj\u00ed na nejvy\u0161\u0161\u00ed \u00farovni. \u017de by na\u0161e vl\u00e1da v\u011bd\u011bla, co je pro Ukrajince dobr\u00e9, l\u00e9pe, ne\u017e to v\u011bd\u00ed sami Ukrajinci?<\/p>\n<p>Ale ono to u\u017e b\u00fdv\u00e1 u n\u00e1s takov\u00fdm zvykem. Horliv\u011b vyrazit sm\u011brem, o kter\u00e9m si na\u0161i politici mysl\u00ed, \u017ee je v&nbsp;o\u010d\u00edch mocn\u00fdch spojenc\u016f \u017e\u00e1dan\u00fd, a kdy\u017e pak tito mocn\u00ed n\u011bkdy pooto\u010d\u00ed sm\u011br sv\u00e9ho pohybu, vlet\u00ed na\u0161i horlivci rovnou do zdi, proto\u017ee nesta\u010d\u00ed vybrat zat\u00e1\u010dku.<\/p>\n<p>Pamatujeme to z&nbsp;ned\u00e1vn\u00e9 doby. Kdo po\u017eadoval odchod na\u0161ich voj\u00e1k\u016f z&nbsp;Afgh\u00e1nist\u00e1nu a navrhoval jedn\u00e1n\u00ed s&nbsp;T\u00e1lib\u00e1nem jako jedinou cestu k&nbsp;ukon\u010den\u00ed on\u00e9 marn\u00e9 mise, b\u00fdval ozna\u010dov\u00e1n za neloy\u00e1ln\u00edho spojence Ameri\u010dan\u016f. Kdy\u017e se ale vz\u00e1p\u011bt\u00ed zjistilo, \u017ee Ameri\u010dan\u00e9 s&nbsp;T\u00e1lib\u00e1nem u\u017e d\u00e1vno o sv\u00e9m odchodu sami jednaj\u00ed, to v\u00e1m hned bylo hezk\u00e9 sledovat, jak se na\u0161im horlivc\u016fm bude da\u0159it vyb\u00edrat afgh\u00e1nskou zat\u00e1\u010dku.<\/p>\n<p>Mo\u017en\u00e1 by to tu slovenskou cht\u011blo za\u010d\u00edt vyb\u00edrat u\u017e te\u010f. Pokud ov\u0161em ty porcel\u00e1nov\u00e9 st\u0159epy po dup\u00e1n\u00ed \u010desk\u00fdch slon\u016f je\u0161t\u011b bude mo\u017en\u00e9 d\u00e1t n\u011bjak dohromady.<\/p>\n<p><em>Ladislav Jakl, 11. dubna 2024<\/em><\/p>\n<p><a href=\"https:\/\/www.institutvk.cz\/clanky\/2687.html\">Zdroj<\/a><\/p>\n","protected":false},"excerpt":{"rendered":"<p>Evropsk\u00e1 unie by m\u011bla okam\u017eit\u011b zarazit jak\u00e9koli kroky sm\u011b\u0159uj\u00edc\u00ed k&nbsp;integraci Ukrajiny do sv\u00fdch struktur. D\u016fvod je k&nbsp;tomu p\u00e1dn\u00fd. Ukrajina se brat\u0159\u00ed\u010dkuje s&nbsp;protidemokratick\u00fdm re\u017eimem.<\/p>\n","protected":false},"author":9,"featured_media":0,"comment_status":"open","ping_status":"open","sticky":false,"template":"","format":"standard","meta":{"ngg_post_thumbnail":0,"footnotes":""},"categories":[1],"tags":[],"class_list":["post-14134","post","type-post","status-publish","format-standard","hentry","category-publikovane-clanky"],"_links":{"self":[{"href":"https:\/\/www.ladislavjakl.cz\/index.php?rest_route=\/wp\/v2\/posts\/14134","targetHints":{"allow":["GET"]}}],"collection":[{"href":"https:\/\/www.ladislavjakl.cz\/index.php?rest_route=\/wp\/v2\/posts"}],"about":[{"href":"https:\/\/www.ladislavjakl.cz\/index.php?rest_route=\/wp\/v2\/types\/post"}],"author":[{"embeddable":true,"href":"https:\/\/www.ladislavjakl.cz\/index.php?rest_route=\/wp\/v2\/users\/9"}],"replies":[{"embeddable":true,"href":"https:\/\/www.ladislavjakl.cz\/index.php?rest_route=%2Fwp%2Fv2%2Fcomments&post=14134"}],"version-history":[{"count":1,"href":"https:\/\/www.ladislavjakl.cz\/index.php?rest_route=\/wp\/v2\/posts\/14134\/revisions"}],"predecessor-version":[{"id":14135,"href":"https:\/\/www.ladislavjakl.cz\/index.php?rest_route=\/wp\/v2\/posts\/14134\/revisions\/14135"}],"wp:attachment":[{"href":"https:\/\/www.ladislavjakl.cz\/index.php?rest_route=%2Fwp%2Fv2%2Fmedia&parent=14134"}],"wp:term":[{"taxonomy":"category","embeddable":true,"href":"https:\/\/www.ladislavjakl.cz\/index.php?rest_route=%2Fwp%2Fv2%2Fcategories&post=14134"},{"taxonomy":"post_tag","embeddable":true,"href":"https:\/\/www.ladislavjakl.cz\/index.php?rest_route=%2Fwp%2Fv2%2Ftags&post=14134"}],"curies":[{"name":"wp","href":"https:\/\/api.w.org\/{rel}","templated":true}]}}