{"id":14138,"date":"2024-04-18T19:41:42","date_gmt":"2024-04-18T17:41:42","guid":{"rendered":"https:\/\/www.ladislavjakl.cz\/?p=14138"},"modified":"2024-04-18T19:41:42","modified_gmt":"2024-04-18T17:41:42","slug":"iranske-strely-a-praha","status":"publish","type":"post","link":"https:\/\/www.ladislavjakl.cz\/?p=14138","title":{"rendered":"\u00cdr\u00e1nsk\u00e9 st\u0159ely a Praha"},"content":{"rendered":"<p>Mudrlanti, kter\u00fdm se dnes v&nbsp;m\u00e9di\u00edch \u0159\u00edk\u00e1 experti, vytrubovali do sv\u011bta, jak pr\u00fd \u00cdr\u00e1n sv\u016fj v\u00edkendov\u00fd \u00fatok zpackal. No, mo\u017en\u00e1 si m\u011bli zjistit, co bylo jeho c\u00edlem, a jak byl proveden. Pak by asi nahl\u00e9dli, \u017ee Per\u0161ani ud\u011blali p\u0159esn\u011b to, co cht\u011bli, a dos\u00e1hli p\u0159esn\u011b toho, co pl\u00e1novali.<\/p>\n<p><!--more--><\/p>\n<p>Teokracie v&nbsp;\u00cdr\u00e1nu je v\u0161e jin\u00e9 ne\u017e demokracie z\u00e1padn\u00edho typu. I kdy\u017e tam narozd\u00edl od na\u0161ich sp\u0159\u00e1telen\u00fdch arabsk\u00fdch monarchi\u00ed prob\u00edh\u00e1 v\u017edy velmi ostr\u00fd konkuren\u010dn\u00ed politick\u00fd boj a p\u0159edvolebn\u00ed kampan\u011b sev\u0161\u00edmv\u0161udy. Existuje tam i velmi zjit\u0159en\u00e9 ve\u0159ejn\u00e9 m\u00edn\u011bn\u00ed. A u\u017e od starov\u011bk\u00fdch absolutistick\u00fdch \u0159\u00ed\u0161\u00ed plat\u00ed, \u017ee i v&nbsp;t\u00e9 nejtu\u017e\u0161\u00ed diktatu\u0159e nen\u00ed vl\u00e1dc\u016fm lhostejn\u00e9, jak\u00e9 jsou n\u00e1lady mezi lidem. I tam se ve\u0159ejnosti sna\u017e\u00ed nadb\u00edhat a zavd\u011b\u010dit se j\u00ed. T\u00edm sp\u00ed\u0161e to plat\u00ed o \u00cdr\u00e1nu.<\/p>\n<p>P\u0159edstavitel\u00e9 vl\u00e1dnouc\u00edho re\u017eimu v&nbsp;Teher\u00e1nu si nemohli dovolit ignorovat ned\u00e1vn\u00fd izraelsk\u00fd \u00fatok na c\u00edl v&nbsp;S\u00fdrii, p\u0159i kter\u00e9m bylo zabito n\u011bkolik \u00edr\u00e1nsk\u00fdch velitel\u016f v\u010detn\u011b dvou gener\u00e1l\u016f. A tak bylo nutno p\u0159ipravit odvetu. Takovou, kter\u00e1 by uk\u00e1zala po\u0159\u00e1dn\u00e9 svaly, ale z\u00e1rove\u0148 takovou, kter\u00e1 by nenad\u011blala p\u0159\u00edli\u0161 velk\u00e9 \u0161kody a nevedla by k&nbsp;dal\u0161\u00ed eskalaci. A nav\u00edc by umravnila Izrael a zkr\u00e1tila ne\u00fanosn\u011b dlouh\u00e9 vod\u00edtko, na jeho\u017e jednom konci je obojek na izraelsk\u00e9m krku a na druh\u00e9m americk\u00e1 pa\u017ee.<\/p>\n<p>Ameri\u010dan\u00e9 v\u016fbec nejsou spokojeni s&nbsp;postupem Izraelc\u016f v&nbsp;Gaze. A u\u017e v\u016fbec se jim nel\u00edbil \u00fatok na \u00edr\u00e1nsk\u00e9 \u010dinitele pob\u00fdvaj\u00edc\u00ed v&nbsp;S\u00fdrii a hlavn\u011b to, \u017ee Izrael Ameri\u010dany v\u010das o sv\u00fdch pl\u00e1nech v\u016fbec p\u0159edem neinformoval. A tak sta\u010dilo \u00cdr\u00e1nc\u016fm jedin\u00e9: varovat USA, \u017ee p\u0159ijde odveta. Ameri\u010dan\u00e9, a tedy i velitel\u00e9 jejich protivzdu\u0161n\u00fdch kapacit v&nbsp;oblasti, p\u0159edem p\u0159esn\u011b v\u011bd\u011bli, co, kolik \u010deho, odkud a kam na Izrael polet\u00ed. Proto byl jejich de\u0161tn\u00edk tak \u00fa\u010dinn\u00fd. Ne proto, \u017ee \u00cdr\u00e1nci zpackali \u00fatok, ale proto\u017ee o n\u011bm dali v\u011bd\u011bt. Dali tak \u0161anci Ameri\u010dan\u016fm uk\u00e1zat Tel Avivu, \u017ee bez jejich ochrany si ani ne\u0161krtne a \u017ee by u\u017e m\u011bl b\u00fdt v\u016f\u010di USA pokorn\u011bj\u0161\u00ed a poslu\u0161n\u011bj\u0161\u00ed.<\/p>\n<p>\u00cdr\u00e1n uk\u00e1zal, \u017ee m\u00e1 kapacity mnohem siln\u011bj\u0161\u00ed, ne\u017e Izraelci i jejich spojenci tu\u0161ili, ale tak\u00e9, \u017ee je schopen jednat a domlouvat se. Sou\u010dasn\u011b s&nbsp;varov\u00e1n\u00edm p\u0159ed chystan\u00fdm \u00fatokem let\u011bl toti\u017e \u00cdr\u00e1nsk\u00fd vzkaz: tak si to teda sest\u0159elte (i kdy\u017e va\u0161e obrana bude pades\u00e1tkr\u00e1t dra\u017e\u0161\u00ed ne\u017e na\u0161e st\u0159ely), ale pak u\u017e dejte pokoj, my t\u00edmto v\u011bc pova\u017eujeme za uzav\u0159enou.<\/p>\n<p>A zat\u00edmco medi\u00e1ln\u00ed experti, kter\u00fdm nikdy nevy\u0161la \u017e\u00e1dn\u00e1 p\u0159edpov\u011b\u010f, a p\u0159esto za p\u00e1r dn\u016f mudruj\u00ed znova, slibovali tvrdou izraelskou odvetu v&nbsp;\u0159\u00e1du des\u00edtek hodin, nastalo sp\u00ed\u0161e zklidn\u011bn\u00ed. A nejsp\u00ed\u0161e nastane i jist\u00fd posun kolem Gazy, a to ve sm\u011bru, aby se to v\u00edce l\u00edbilo Ameri\u010dan\u016fm. Inu, ono to bude se sv\u011btem v\u017edy trochu slo\u017eit\u011bj\u0161\u00ed. Rozhodn\u011b nem\u00e1me d\u016fvod fandit muslimsk\u00fdm re\u017eim\u016fm \u0161\u00editsk\u00fdm, wah\u00e1bitsk\u00fdm ani jin\u00fdm. Ale mus\u00edme jim p\u0159iznat, \u017ee h\u00e1j\u00ed srozumiteln\u00fdm zp\u016fsobem sv\u00e9 z\u00e1jmy a ned\u011blaj\u00ed nic, aby si samy ne\u0161kodily. A s&nbsp;t\u00edm lze hr\u00e1t.<\/p>\n<p>Izrael bude nyn\u00ed pod v\u011bt\u0161\u00ed americkou kontrolou, i kdy\u017e ani to nezaru\u010duje, \u017ee se \u010das od \u010dasu op\u011bt trochu neutrhne z&nbsp;\u0159et\u011bzu. I tam se p\u0159ece hraje o ve\u0159ejn\u00e9 m\u00edn\u011bn\u00ed, i tam si \u010d\u00e1st lidu \u017e\u00e1d\u00e1 odvetu nebo aspo\u0148 eliminaci nebezpe\u010d\u00ed. Izraelsk\u00e1 vl\u00e1da je ideov\u00fdm slepencem a nem\u00e1 to lehk\u00e9. D\u011bl\u00e1 velk\u00e9 mno\u017estv\u00ed chyb i un\u00e1hlenost\u00ed, a to jak na dom\u00e1c\u00edm h\u0159i\u0161ti, tak i ve sv\u00fdch bezpe\u010dnostn\u00edch a zahrani\u010dn\u011b-politick\u00fdch aktivit\u00e1ch. Kritika jej\u00edch krok\u016f ale nem\u00e1 nic spole\u010dn\u00e9ho se zavil\u00fdm antisemitismem. Pochybova\u010di o sionistick\u00e9 my\u0161lence rozhodn\u011b nemus\u00ed chovat jak\u00e9koli averze v\u016f\u010di oby\u010dejn\u00fdm lidem, hl\u00e1s\u00edc\u00edm se k&nbsp;\u017did\u016fm \u010di k&nbsp;\u017eid\u016fm, tedy etnicky i n\u00e1bo\u017eensky.<\/p>\n<p>U n\u00e1s tyhle n\u00e1lady nikdy z\u00e1sadn\u011b nep\u0159evl\u00e1daly, to ale neznamen\u00e1, \u017ee jsme bez sv\u00e9ho m\u00e1sla na hlav\u011b. Nap\u0159\u00edklad i proto, \u017ee nejv\u011bt\u0161\u00edho evropsk\u00e9ho antisemitu vrcholn\u00e9ho st\u0159edov\u011bku u n\u00e1s uct\u00edv\u00e1me coby otce vlasti. Anebo nap\u0159\u00edklad proto, \u017ee n\u00e1hodou zrovna dnes je to 635 let, kdy za vl\u00e1dy syna onoho otce vlasti, \u010desk\u00e9ho a \u0159\u00edmsk\u00e9ho kr\u00e1le V\u00e1clava IV., povra\u017edili Pra\u017ean\u00e9 tis\u00edce zde \u017eij\u00edc\u00edch \u017did\u016f. Honili je po ulic\u00edch, zab\u00edjeli je a vypalovali jejich domy. Vra\u017edili i jejich rodiny.<\/p>\n<p>Ano, je to u\u017e d\u00e1vno. A byla to takov\u00e1 o\u0161kliv\u00e1 doba. Ale um\u00edme se v\u017edy ka\u017ed\u00fd s\u00e1m zastavit v&nbsp;moment\u011b, kdy p\u0159ich\u00e1z\u00ed poku\u0161en\u00ed op\u011bt za\u010d\u00edt p\u0159em\u00fd\u0161let v&nbsp;kategori\u00edch kolektivn\u00ed viny?<\/p>\n<p><em>Ladislav Jakl, 18. dubna 2024<\/em><\/p>\n<p><a href=\"https:\/\/www.institutvk.cz\/clanky\/2700.html\">Zdroj<\/a><\/p>\n","protected":false},"excerpt":{"rendered":"<p>Mudrlanti, kter\u00fdm se dnes v&nbsp;m\u00e9di\u00edch \u0159\u00edk\u00e1 experti, vytrubovali do sv\u011bta, jak pr\u00fd \u00cdr\u00e1n sv\u016fj v\u00edkendov\u00fd \u00fatok zpackal. No, mo\u017en\u00e1 si m\u011bli zjistit, co bylo jeho c\u00edlem, a jak byl proveden. Pak by asi nahl\u00e9dli, \u017ee Per\u0161ani ud\u011blali p\u0159esn\u011b to, co cht\u011bli, a dos\u00e1hli p\u0159esn\u011b toho, co pl\u00e1novali.<\/p>\n","protected":false},"author":9,"featured_media":0,"comment_status":"open","ping_status":"open","sticky":false,"template":"","format":"standard","meta":{"ngg_post_thumbnail":0,"footnotes":""},"categories":[1],"tags":[],"class_list":["post-14138","post","type-post","status-publish","format-standard","hentry","category-publikovane-clanky"],"_links":{"self":[{"href":"https:\/\/www.ladislavjakl.cz\/index.php?rest_route=\/wp\/v2\/posts\/14138","targetHints":{"allow":["GET"]}}],"collection":[{"href":"https:\/\/www.ladislavjakl.cz\/index.php?rest_route=\/wp\/v2\/posts"}],"about":[{"href":"https:\/\/www.ladislavjakl.cz\/index.php?rest_route=\/wp\/v2\/types\/post"}],"author":[{"embeddable":true,"href":"https:\/\/www.ladislavjakl.cz\/index.php?rest_route=\/wp\/v2\/users\/9"}],"replies":[{"embeddable":true,"href":"https:\/\/www.ladislavjakl.cz\/index.php?rest_route=%2Fwp%2Fv2%2Fcomments&post=14138"}],"version-history":[{"count":1,"href":"https:\/\/www.ladislavjakl.cz\/index.php?rest_route=\/wp\/v2\/posts\/14138\/revisions"}],"predecessor-version":[{"id":14139,"href":"https:\/\/www.ladislavjakl.cz\/index.php?rest_route=\/wp\/v2\/posts\/14138\/revisions\/14139"}],"wp:attachment":[{"href":"https:\/\/www.ladislavjakl.cz\/index.php?rest_route=%2Fwp%2Fv2%2Fmedia&parent=14138"}],"wp:term":[{"taxonomy":"category","embeddable":true,"href":"https:\/\/www.ladislavjakl.cz\/index.php?rest_route=%2Fwp%2Fv2%2Fcategories&post=14138"},{"taxonomy":"post_tag","embeddable":true,"href":"https:\/\/www.ladislavjakl.cz\/index.php?rest_route=%2Fwp%2Fv2%2Ftags&post=14138"}],"curies":[{"name":"wp","href":"https:\/\/api.w.org\/{rel}","templated":true}]}}