{"id":14152,"date":"2024-04-23T18:16:45","date_gmt":"2024-04-23T16:16:45","guid":{"rendered":"https:\/\/www.ladislavjakl.cz\/?p=14152"},"modified":"2024-04-23T18:16:59","modified_gmt":"2024-04-23T16:16:59","slug":"minuty-pro-hitlera","status":"publish","type":"post","link":"https:\/\/www.ladislavjakl.cz\/?p=14152","title":{"rendered":"Minuty pro Hitlera"},"content":{"rendered":"<p><strong>Majitel\u00e9 jedin\u00fdch pravd, jsou-li p\u0159itla\u010deni ke zdi d\u016fkazy, \u017ee zadup\u00e1vaj\u00ed svobodu slova, \u017ee destruuj\u00ed voltairovsk\u00fd princip dialogu a \u017ee uml\u010duj\u00ed a zastra\u0161uj\u00ed svou oponentu, vyt\u00e1hnou obvykle sv\u016fj posledn\u00ed zoufal\u00fd argument.<\/strong><br \/>\n<!--more--><\/p>\n<div class=\"article-content-text\">\n<p>\u017de p\u0159ece svobodu slova nelze ch\u00e1pat absolutn\u011b ve smyslu vyv\u00e1\u017eenosti vz\u00e1jemn\u011b polemizuj\u00edc\u00edch ideov\u00fdch a n\u00e1zorov\u00fdch pozic, proto\u017ee to by znamenalo p\u0159istoupit na princip \u201ep\u011bt minut pro \u017dida, p\u011bt minut pro Hitlera\u201c. A m\u00edvaj\u00ed u toho triumfalistick\u00fd pocit, \u017ee tento argument nelze p\u0159eb\u00edt, ani\u017e by se oponent vzdal obhajoby samotn\u00e9ho pekla.<\/p>\n<p>Dobr\u00e1, tak se na tento jejich trumf v ruk\u00e1vu pod\u00edv\u00e1me zbl\u00edzka. U\u017e to, s jakou snadnost\u00ed p\u0159irovn\u00e1vaj\u00ed sv\u00e9 oponenty k Hitlerovi, je krystalick\u00fdm p\u0159\u00edkladem dikt\u00e1torsk\u00e9ho my\u0161len\u00ed. Ostatn\u00ed jsou Hitle\u0159i, ostatn\u00ed jsou \u010f\u00e1blov\u00e9, j\u00e1 tedy nutn\u011b mus\u00edm b\u00fdt zt\u011blesn\u011bn\u00edm dob\u0159e, j\u00e1 mus\u00edm b\u00fdt and\u011blem, kter\u00fd je nad ve\u0161kerou pozemskou bitvou slov, nad ve\u0161kerou argumentac\u00ed.<\/p>\n<p>Ale je tu je\u0161t\u011b n\u011bco v\u00e1\u017en\u011bj\u0161\u00edho. Hitler je mrtev a jeho ideologie je popsan\u00e1, v\u010detn\u011b toho, k \u010demu vedla. Jak ale pozn\u00e1me nov\u00e9 Hitlery d\u0159\u00edv, ne\u017e zplynuj\u00ed a up\u00e1l\u00ed \u017didy? P\u0159ece pouze jedin\u011b t\u00edm, \u017ee budeme poslouchat, co \u0159\u00edkaj\u00ed. To se tak moc boj\u00edme, \u017ee by na svou stranu strhli lid? To si tak m\u00e1lo v\u011b\u0159\u00edm, \u017ee je mus\u00edme uml\u010det? To tak m\u00e1lo v\u011b\u0159\u00edm lidem, \u017ee podlehnou v\u00e1ben\u00ed krysa\u0159ovy p\u00ed\u0161\u0165alky? A jak vlastn\u011b v\u00edme, kte\u0159\u00ed to jsou, kdy\u017e nechceme nechat mluvit? Pak asi nem\u00e1me sami dobr\u00e9 sv\u011bdom\u00ed, pak si sami nejsme jisti, zda argumentujeme \u010destn\u011b a korektn\u011b. Pokud budeme rozd\u00e1vat n\u00e1lepky s Hitlerem, ani\u017e bychom kritiky nechali mluvit, nikdy se nedozv\u00edme, kdo si eventu\u00e1ln\u011b takovou n\u00e1lepku zaslou\u017e\u00ed. A tedy umet\u00e1me cesti\u010dku skute\u010dn\u00fdm nov\u00fdm Hitler\u016fm. Tak\u017ee: pro\u010d ne p\u011bt minut i pro satana? A\u0165 se demaskuje!<\/p>\n<p>Ostatn\u011b, dokonce i tehdy, kdy u\u017e bylo v\u0161e demaskov\u00e1no, m\u011bli v\u0161ichni ob\u017ealovan\u00ed v Norimbersk\u00e9m procesu sv\u00e9 \u0159\u00e1dn\u00e9 obh\u00e1jce. Mohli se obhajovat sami, mohli argumentovat, vysv\u011btlovat, h\u00e1jit se. V\u011bt\u0161inou marn\u011b, ale tu mo\u017enost m\u011bli, kdyby ji nem\u011bli, nebyli by jejich soudci n\u00e1strojem spravedlnosti, ale pouh\u00e9 msty.<\/p>\n<p>A co tedy protla\u010duj\u00ed ti dne\u0161n\u00ed majitel\u00e9 jedin\u00fdch pr\u00e1v? Zl\u00fd n\u00e1zor nesm\u00ed m\u00edt n\u00e1rok na to, aby jeho nositel cokoli vysv\u011btloval, aby se h\u00e1jil. A to i v p\u0159\u00edpad\u011b, \u017ee toho na n\u011bj m\u00e1me milionkr\u00e1t m\u00e9n\u011b ne\u017e na v\u00e1le\u010dn\u00e9 zlo\u010dince z Norimberka. \u017d\u00e1dn\u00fdch p\u011bt minut pro ty, kter\u00e9 ocejchujeme coby nov\u00e9 Hitlery, \u017e\u00e1dn\u00fd prostor pro sebeobhajobu t\u011bch, kter\u00e9 pova\u017eujeme za zlo. Rovnou n\u011bjak\u00e1 modern\u00ed forma spole\u010densk\u00e9 \u00fapravy.<\/p>\n<p>Tihle urputn\u00ed a vehementn\u00ed potla\u010dovatel\u00e9 v\u0161ech \u201e\u0161kodliv\u00fdch slov\u201c si ve sv\u00e9m z\u00e1palu nemaj\u00ed \u0161anci v\u0161imnout, \u017ee to pr\u00e1v\u011b jim pod nosem za\u010d\u00edn\u00e1 ra\u0161it kn\u00edrek.<\/p>\n<p><a href=\"https:\/\/www.zobrazeno.com\/clanek-ctecka\/71\/ladislav-jakl-minuty-pro-hitlera\">Zdroj<\/a><\/p>\n<\/div>\n","protected":false},"excerpt":{"rendered":"<p>Majitel\u00e9 jedin\u00fdch pravd, jsou-li p\u0159itla\u010deni ke zdi d\u016fkazy, \u017ee zadup\u00e1vaj\u00ed svobodu slova, \u017ee destruuj\u00ed voltairovsk\u00fd princip dialogu a \u017ee uml\u010duj\u00ed a zastra\u0161uj\u00ed svou oponentu, vyt\u00e1hnou obvykle sv\u016fj posledn\u00ed zoufal\u00fd argument.<\/p>\n","protected":false},"author":9,"featured_media":0,"comment_status":"open","ping_status":"open","sticky":false,"template":"","format":"standard","meta":{"ngg_post_thumbnail":0,"footnotes":""},"categories":[1],"tags":[],"class_list":["post-14152","post","type-post","status-publish","format-standard","hentry","category-publikovane-clanky"],"_links":{"self":[{"href":"https:\/\/www.ladislavjakl.cz\/index.php?rest_route=\/wp\/v2\/posts\/14152","targetHints":{"allow":["GET"]}}],"collection":[{"href":"https:\/\/www.ladislavjakl.cz\/index.php?rest_route=\/wp\/v2\/posts"}],"about":[{"href":"https:\/\/www.ladislavjakl.cz\/index.php?rest_route=\/wp\/v2\/types\/post"}],"author":[{"embeddable":true,"href":"https:\/\/www.ladislavjakl.cz\/index.php?rest_route=\/wp\/v2\/users\/9"}],"replies":[{"embeddable":true,"href":"https:\/\/www.ladislavjakl.cz\/index.php?rest_route=%2Fwp%2Fv2%2Fcomments&post=14152"}],"version-history":[{"count":1,"href":"https:\/\/www.ladislavjakl.cz\/index.php?rest_route=\/wp\/v2\/posts\/14152\/revisions"}],"predecessor-version":[{"id":14153,"href":"https:\/\/www.ladislavjakl.cz\/index.php?rest_route=\/wp\/v2\/posts\/14152\/revisions\/14153"}],"wp:attachment":[{"href":"https:\/\/www.ladislavjakl.cz\/index.php?rest_route=%2Fwp%2Fv2%2Fmedia&parent=14152"}],"wp:term":[{"taxonomy":"category","embeddable":true,"href":"https:\/\/www.ladislavjakl.cz\/index.php?rest_route=%2Fwp%2Fv2%2Fcategories&post=14152"},{"taxonomy":"post_tag","embeddable":true,"href":"https:\/\/www.ladislavjakl.cz\/index.php?rest_route=%2Fwp%2Fv2%2Ftags&post=14152"}],"curies":[{"name":"wp","href":"https:\/\/api.w.org\/{rel}","templated":true}]}}