{"id":14157,"date":"2024-04-25T20:29:44","date_gmt":"2024-04-25T18:29:44","guid":{"rendered":"https:\/\/www.ladislavjakl.cz\/?p=14157"},"modified":"2024-04-26T13:07:20","modified_gmt":"2024-04-26T11:07:20","slug":"nesouhlasis-nekandiduj","status":"publish","type":"post","link":"https:\/\/www.ladislavjakl.cz\/?p=14157","title":{"rendered":"Nesouhlas\u00ed\u0161? Nekandiduj!"},"content":{"rendered":"<p>P\u0159ed volbami do eulamentu se za\u010dala \u0161\u00ed\u0159it teze, kter\u00e1 n\u00e1s svou logikou \u00fapln\u011b fascinuje. Nen\u00ed to sice \u017e\u00e1dn\u00e1 novinka, ale masov\u011b se v&nbsp;politick\u00e9 propagand\u011b pou\u017e\u00edv\u00e1 a\u017e te\u010f. V\u011brn\u00ed str\u00e1\u017eci t\u011bch prav\u00fdch, teda lev\u00fdch, no prost\u011b t\u011bch bruselsk\u00fdch idej\u00ed nap\u0159\u00ed\u010d medi\u00e1ln\u00edmi kan\u00e1ly hlavn\u00edho proudu vyrazili do \u00fatoku proti v\u0161em, kdo sou\u010dasn\u00e9 sm\u011b\u0159ov\u00e1n\u00ed tzv. evropsk\u00e9ho integra\u010dn\u00edho procesu kritizuj\u00ed.<\/p>\n<p><!--more--><\/p>\n<p>Jejich ohromuj\u00edc\u00ed logika vypad\u00e1 takto: tak vy tu na\u0161i Evropskou unii han\u00edte, m\u00e1lo ji vychvalujete, hled\u00e1te na ni hnidy, ale po tepl\u00fdch m\u00edste\u010dk\u00e1ch se jen hrnete! \u010clov\u011bk se nad takovou moudrost\u00ed mus\u00ed zamyslet a hned mu je to jasn\u00e9. Kandidovat by m\u011bli jen ti, kdo se&nbsp;sou\u010dasnou politikou jak\u00e9koli instituce nad\u0161en\u011b souhlas\u00ed. Nel\u00edb\u00ed se ti slo\u017een\u00ed na\u0161\u00ed Poslaneck\u00e9 sn\u011bmovny? Tak tam nem\u00e1\u0161 co kandidovat! Kandidovat tam sm\u011bj\u00ed jen ti, kdo jsou s&nbsp;prac\u00ed sn\u011bmovny a hlavn\u011b s&nbsp;koali\u010dn\u00ed v\u011bt\u0161inou spokojeni! To d\u00e1 rozum. Kritici a\u0165 si brblaj\u00ed t\u0159eba po hospod\u00e1ch. Je p\u0159ece nehor\u00e1zn\u00e9 kandidovat n\u011bkam, k&nbsp;\u010demu nevzhl\u00ed\u017e\u00edte s&nbsp;posv\u00e1tnou \u00factou! \u017de t\u0159eba do Sen\u00e1tu kandiduj\u00ed ti, kdo by ho cht\u011bli zm\u011bnit na skute\u010dnou protiv\u00e1hu vl\u00e1dnouc\u00ed v\u011bt\u0161in\u011b, to by se m\u011blo zarazit! Kandidovat tam maj\u00ed jen takov\u00ed, kdo aktu\u00e1ln\u00ed politiku podporuj\u00ed!<\/p>\n<p><strong>Pokryteck\u00e1 kandidatura<\/strong><\/p>\n<p>Komu se st\u00e1vaj\u00edc\u00ed pom\u011bry jak\u00e9koli volen\u00e9 instituce l\u00edb\u00ed, tomu jde p\u0159ece o spr\u00e1vnou v\u011bc. Komu se ale ony pom\u011bry nel\u00edb\u00ed, a p\u0159esto kandiduje, tak je to pokrytec a jen prahne po lukrativn\u00edm m\u00edst\u011b. A nejen to. K&nbsp;volb\u00e1m by i jako voli\u010di m\u011bli chodit jen ti spokojen\u00ed, kdo nemaj\u00ed v\u00fdhrad k&nbsp;sou\u010dasn\u00e9 politice. Komu se politika vl\u00e1dnouc\u00edch sil nel\u00edb\u00ed, ten by m\u011bl d\u00e1t najevo sv\u016fj principi\u00e1ln\u00ed odpor pr\u00e1v\u011b t\u00edm, \u017ee v\u016fbec nep\u016fjde k&nbsp;volb\u00e1m. Co by tam taky d\u011blal. V\u017edy\u0165 u\u017e jen \u00fa\u010dast\u00ed v&nbsp;on\u011bch volb\u00e1ch se zapoj\u00ed do syst\u00e9mu, kter\u00fd neomalen\u011b kritizuje!<\/p>\n<p>A kdy\u017e u\u017e jsme u toho syst\u00e9mu, v\u0161imli jste si, jak se n\u00e1m definice (explicitn\u00ed i implicitn\u00ed) toho, co je syst\u00e9mov\u00e9, a co u\u017e antisyst\u00e9mov\u00e9, neust\u00e1le posouv\u00e1? \u010clov\u011bk si je\u0161t\u011b ned\u00e1vno myslet, \u017ee protisyst\u00e9mov\u00ed jsou takov\u00e9 lid\u00e9, co si p\u0159ej\u00ed n\u00e1vrat absolutistick\u00e9 monarchie, rozpu\u0161t\u011bn\u00ed parlamentu \u010di t\u0159eba nahrazen\u00ed justi\u010dn\u00edho syst\u00e9mu lyn\u010dem. Ale kdepak. Sou\u010dasn\u00ed \u201emajitel\u00e9\u201c syst\u00e9mu z&nbsp;n\u011bj vylu\u010duj\u00ed u\u017e i zcela standardn\u00ed politiky hlavn\u00edho proudu. Trochu to vypad\u00e1 jako v&nbsp;KLDR, kde mimo syst\u00e9m pat\u0159\u00ed i ten, kdo na sch\u016fz\u00edch sice tlesk\u00e1, ale jen m\u00e1lo.<\/p>\n<p><strong>Nesyst\u00e9mov\u00ed politici<\/strong><\/p>\n<p>Na vlastn\u00ed k\u016f\u017ei to poc\u00edtili nov\u00fd slovensk\u00fd prezident Peter Pellegrini nebo i n\u00e1\u0161 t\u0159eba opakovan\u00fd letit\u00fd p\u0159edseda oportunistick\u00fdch a v\u017edy s&nbsp;ka\u017ed\u00fdm vl\u00e1dnouc\u00edch lidovc\u016f Cyril Svoboda. Oba jsou to krystali\u010dt\u00ed unijn\u00ed probrusel\u0161t\u00ed politici progresivn\u00ed orientace, oba p\u0159\u00edslu\u0161n\u00edci hlavn\u00edho proudu. Ale proto\u017ee si vlivn\u00e9 s\u00edly na Slovensku vybraly jin\u00e9ho kon\u011b, najednou i tenhle krotk\u00fd a zcela standardn\u00ed stoupenec \u201em\u00edrn\u00e9ho pokroku v&nbsp;mez\u00edch z\u00e1kona\u201c, jak\u00fdm v\u017edy Pellegrini byl, je najednou vystrkov\u00e1n na okraj, nebo sp\u00ed\u0161 za okraj toho \u201ejejich\u201c demokratick\u00e9ho syst\u00e9mu.<\/p>\n<p>A Cyril Svoboda? Ten, kter\u00fd p\u0159ed lety pos\u00edlal zp\u00e1tky do \u0161koly tehdej\u0161\u00edho prezidenta republiky V\u00e1clava Klause za v\u00fdrok, \u017ee \u010dlenstv\u00edm v&nbsp;EU p\u0159ich\u00e1z\u00edme o \u010d\u00e1st suverenity, ten kter\u00fd byl v\u017edy zadob\u0159e s&nbsp;jakkoli slo\u017een\u00fdmi vl\u00e1dnouc\u00edmi elitami a v\u011bt\u0161inou byl i jejich sou\u010d\u00e1st\u00ed, ten je najednou pran\u00fd\u0159ov\u00e1n a skoro vylu\u010dov\u00e1n ze syst\u00e9mu jen proto, \u017ee se se sou\u010dasnou vl\u00e1dn\u00ed politikou ve sv\u00fdch n\u00e1zorech nekryje ze sta procent, ale jen z&nbsp;devades\u00e1ti osmi.<\/p>\n<p>To v\u00e1m, mil\u00fd \u201esyst\u00e9m\u00e1ci\u201c v&nbsp;tom va\u0161em syst\u00e9mu za chv\u00edli nikdo nez\u016fstane. Vylou\u010d\u00edte ze sv\u00e9ho syst\u00e9mu skoro cel\u00fd n\u00e1rod a budete jak jake\u0161ovsk\u00e9 k\u016fly v&nbsp;plot\u011b. Ale t\u0159eba v\u00e1m to stoj\u00ed za to. Vystr\u010den\u00edm va\u0161ich v\u010derej\u0161\u00edch p\u0159\u00e1tel z&nbsp;toho va\u0161eho syst\u00e9mu z\u00edsk\u00e1te n\u00e1stroj na jejich \u0161ikanu, ostrakizaci a pop\u0159\u00edpad\u011b p\u0159ev\u00fdchovu. No, mo\u017en\u00e1 se to u n\u011bkter\u00fdch poda\u0159\u00ed. My ostatn\u00ed se na to s&nbsp;pot\u011b\u0161en\u00edm budeme koukat.&nbsp; &nbsp;&nbsp;&nbsp;&nbsp;&nbsp;<\/p>\n<p><a href=\"https:\/\/denik.to\/nesouhlasis-nekandiduj\/\">Zdroj&nbsp; &nbsp; &nbsp;<\/a><\/p>\n","protected":false},"excerpt":{"rendered":"<p>P\u0159ed volbami do eulamentu se za\u010dala \u0161\u00ed\u0159it teze, kter\u00e1 n\u00e1s svou logikou \u00fapln\u011b fascinuje. Nen\u00ed to sice \u017e\u00e1dn\u00e1 novinka, ale masov\u011b se v&nbsp;politick\u00e9 propagand\u011b pou\u017e\u00edv\u00e1 a\u017e te\u010f. V\u011brn\u00ed str\u00e1\u017eci t\u011bch prav\u00fdch, teda lev\u00fdch, no prost\u011b t\u011bch bruselsk\u00fdch idej\u00ed nap\u0159\u00ed\u010d medi\u00e1ln\u00edmi kan\u00e1ly hlavn\u00edho proudu vyrazili do \u00fatoku proti v\u0161em, kdo sou\u010dasn\u00e9 sm\u011b\u0159ov\u00e1n\u00ed tzv. evropsk\u00e9ho integra\u010dn\u00edho procesu [&hellip;]<\/p>\n","protected":false},"author":9,"featured_media":0,"comment_status":"open","ping_status":"open","sticky":false,"template":"","format":"standard","meta":{"ngg_post_thumbnail":0,"footnotes":""},"categories":[1],"tags":[],"class_list":["post-14157","post","type-post","status-publish","format-standard","hentry","category-publikovane-clanky"],"_links":{"self":[{"href":"https:\/\/www.ladislavjakl.cz\/index.php?rest_route=\/wp\/v2\/posts\/14157","targetHints":{"allow":["GET"]}}],"collection":[{"href":"https:\/\/www.ladislavjakl.cz\/index.php?rest_route=\/wp\/v2\/posts"}],"about":[{"href":"https:\/\/www.ladislavjakl.cz\/index.php?rest_route=\/wp\/v2\/types\/post"}],"author":[{"embeddable":true,"href":"https:\/\/www.ladislavjakl.cz\/index.php?rest_route=\/wp\/v2\/users\/9"}],"replies":[{"embeddable":true,"href":"https:\/\/www.ladislavjakl.cz\/index.php?rest_route=%2Fwp%2Fv2%2Fcomments&post=14157"}],"version-history":[{"count":4,"href":"https:\/\/www.ladislavjakl.cz\/index.php?rest_route=\/wp\/v2\/posts\/14157\/revisions"}],"predecessor-version":[{"id":14161,"href":"https:\/\/www.ladislavjakl.cz\/index.php?rest_route=\/wp\/v2\/posts\/14157\/revisions\/14161"}],"wp:attachment":[{"href":"https:\/\/www.ladislavjakl.cz\/index.php?rest_route=%2Fwp%2Fv2%2Fmedia&parent=14157"}],"wp:term":[{"taxonomy":"category","embeddable":true,"href":"https:\/\/www.ladislavjakl.cz\/index.php?rest_route=%2Fwp%2Fv2%2Fcategories&post=14157"},{"taxonomy":"post_tag","embeddable":true,"href":"https:\/\/www.ladislavjakl.cz\/index.php?rest_route=%2Fwp%2Fv2%2Ftags&post=14157"}],"curies":[{"name":"wp","href":"https:\/\/api.w.org\/{rel}","templated":true}]}}