{"id":14164,"date":"2024-04-28T23:57:59","date_gmt":"2024-04-28T21:57:59","guid":{"rendered":"https:\/\/www.ladislavjakl.cz\/?p=14164"},"modified":"2024-04-28T23:57:59","modified_gmt":"2024-04-28T21:57:59","slug":"hudebnik-a-publicista-jakl-kdyz-si-o-nekom-chcete-delat-nazor-poslouchejte-co-rika-on-a-ne-co-se-rika-o-nem","status":"publish","type":"post","link":"https:\/\/www.ladislavjakl.cz\/?p=14164","title":{"rendered":"Hudebn\u00edk a publicista Jakl: Kdy\u017e si o n\u011bkom chcete d\u011blat n\u00e1zor, poslouchejte, co \u0159\u00edk\u00e1 on, a ne, co se \u0159\u00edk\u00e1 o n\u011bm"},"content":{"rendered":"<p class=\"styledElements_strong__Xb8vN articleDetail_perex__KalF0\">O roli ve\u0159ejnopr\u00e1vn\u00ed \u010cesk\u00e9 televize, atmosf\u00e9\u0159e nen\u00e1visti k opozi\u010dn\u00edm a nemainstreamov\u00fdm n\u00e1zor\u016fm nebo rozd\u011blov\u00e1n\u00ed spole\u010dnosti byl dne\u0161n\u00ed rozhovor s analytikem Institutu V\u00e1clava Klause, hudebn\u00edkem, publicistou, \u010dlenem Rady pro rozhlasov\u00e9 a televizn\u00ed vys\u00edl\u00e1n\u00ed a pivn\u00edm expertem Ladislavem Jaklem.<\/p>\n<p><!--more--><\/p>\n<div class=\"grid_layout__JtlsP Slate_slate-articleContent__yNnip Slate_slate-links__IHTLZ articleDetail_content__8E__7\">\n<p class=\"styledElements_p__oW1u7 \">\u201eBoj o svobodu my\u0161len\u00ed nen\u00ed jen v\u011bc\u00ed celebrit, ale \u00fapln\u011b ka\u017ed\u00e9ho z n\u00e1s. Nesm\u00edme podlehnout autocenzu\u0159e,\u201c \u0159ekl Ladislav Jakl.<\/p>\n<p class=\"styledElements_p__oW1u7 \">Zlomov\u00fdm okam\u017eikem, kdy politici podlehli poku\u0161en\u00ed moci, byla podle n\u011bj pandemie covidu-19 a ob\u0159\u00ed restrikce. \u201eV\u0161imn\u011bte si, \u017ee s p\u0159\u00edchodem v\u00e1lky na Ukrajin\u011b byl covid najednou vyl\u00e9\u010den, zat\u00edmco b\u011bhem n\u011bj jsme bez jak\u00e9hosi pap\u00edru m\u00e1lem nemohli ani do hospody. P\u0159i\u0161lo p\u016fl milionu uprchl\u00edk\u016f, o kter\u00fdch nikdo nev\u011bd\u011bl, jestli jsou zdrav\u00ed nebo ne. Najednou byly priority jinde,\u201c \u0159ekl Jakl.<\/p>\n<p class=\"styledElements_p__oW1u7 \">Co si mysl\u00ed o vl\u00e1dn\u00edm n\u00e1vrhu na z\u0159\u00edzen\u00ed statutu um\u011blce? Jak definovat smysl ve\u0159ejnopr\u00e1vn\u00ed televize? A jak je na tom \u010desk\u00e9 pivo? I na tyto ot\u00e1zky odpov\u011bd\u011bl ve \u010dtvrte\u010dn\u00edm Prostoru pro dva Ladislav Jakl.<\/p>\n<p>Poslechn\u011bte si <a href=\"https:\/\/www.radioprostor.cz\/clanek\/hudebnik-a-publicista-jakl-kdyz-si-o-nekom-chcete-delat-nazor-poslouchejte-co-rika-on-a-ne-co-se-rika-o-nem-N7vlt\">zde:&nbsp;<\/a><\/p>\n<\/div>\n","protected":false},"excerpt":{"rendered":"<p>O roli ve\u0159ejnopr\u00e1vn\u00ed \u010cesk\u00e9 televize, atmosf\u00e9\u0159e nen\u00e1visti k opozi\u010dn\u00edm a nemainstreamov\u00fdm n\u00e1zor\u016fm nebo rozd\u011blov\u00e1n\u00ed spole\u010dnosti byl dne\u0161n\u00ed rozhovor s analytikem Institutu V\u00e1clava Klause, hudebn\u00edkem, publicistou, \u010dlenem Rady pro rozhlasov\u00e9 a televizn\u00ed vys\u00edl\u00e1n\u00ed a pivn\u00edm expertem Ladislavem Jaklem.<\/p>\n","protected":false},"author":9,"featured_media":0,"comment_status":"open","ping_status":"open","sticky":false,"template":"","format":"standard","meta":{"ngg_post_thumbnail":0,"footnotes":""},"categories":[13],"tags":[],"class_list":["post-14164","post","type-post","status-publish","format-standard","hentry","category-rozhovory"],"_links":{"self":[{"href":"https:\/\/www.ladislavjakl.cz\/index.php?rest_route=\/wp\/v2\/posts\/14164","targetHints":{"allow":["GET"]}}],"collection":[{"href":"https:\/\/www.ladislavjakl.cz\/index.php?rest_route=\/wp\/v2\/posts"}],"about":[{"href":"https:\/\/www.ladislavjakl.cz\/index.php?rest_route=\/wp\/v2\/types\/post"}],"author":[{"embeddable":true,"href":"https:\/\/www.ladislavjakl.cz\/index.php?rest_route=\/wp\/v2\/users\/9"}],"replies":[{"embeddable":true,"href":"https:\/\/www.ladislavjakl.cz\/index.php?rest_route=%2Fwp%2Fv2%2Fcomments&post=14164"}],"version-history":[{"count":1,"href":"https:\/\/www.ladislavjakl.cz\/index.php?rest_route=\/wp\/v2\/posts\/14164\/revisions"}],"predecessor-version":[{"id":14165,"href":"https:\/\/www.ladislavjakl.cz\/index.php?rest_route=\/wp\/v2\/posts\/14164\/revisions\/14165"}],"wp:attachment":[{"href":"https:\/\/www.ladislavjakl.cz\/index.php?rest_route=%2Fwp%2Fv2%2Fmedia&parent=14164"}],"wp:term":[{"taxonomy":"category","embeddable":true,"href":"https:\/\/www.ladislavjakl.cz\/index.php?rest_route=%2Fwp%2Fv2%2Fcategories&post=14164"},{"taxonomy":"post_tag","embeddable":true,"href":"https:\/\/www.ladislavjakl.cz\/index.php?rest_route=%2Fwp%2Fv2%2Ftags&post=14164"}],"curies":[{"name":"wp","href":"https:\/\/api.w.org\/{rel}","templated":true}]}}