{"id":14169,"date":"2024-05-06T14:10:53","date_gmt":"2024-05-06T12:10:53","guid":{"rendered":"https:\/\/www.ladislavjakl.cz\/?p=14169"},"modified":"2024-05-06T14:10:53","modified_gmt":"2024-05-06T12:10:53","slug":"dive-ciny-v-pozadi-divociny","status":"publish","type":"post","link":"https:\/\/www.ladislavjakl.cz\/?p=14169","title":{"rendered":"Div\u00e9 \u010diny v pozad\u00ed divo\u010diny"},"content":{"rendered":"<p>A\u017e pojedu z\u00edtra (3. kv\u011btna) od Mari\u00e1nsk\u00fdch l\u00e1zn\u00ed sm\u011brem na Cheb, budu se d\u00edvat doprava. Co\u017e se na tomto m\u00edst\u011b d\u00edv\u00e1m v\u017edy, ale z\u00edtra k tomu budu m\u00edt extra d\u016fvod.<br \/>\n<!--more--><br \/>\nVelik\u00fd lesnat\u00fd masiv se sv\u00fdmi t\u00e9m\u011b\u0159 tis\u00edcimetrov\u00fdmi velehorami Lesn\u00fd a Lysina je pro mne u\u017e od d\u011btstv\u00ed nekr\u00e1sn\u011bj\u0161\u00edm m\u00edstem sv\u011bta. Vid\u011bl jsem po sv\u011bt\u011b leccos, m\u00edsta od Oregonu po Borneo, od Islandu po Senegal. Ale Slavkovsk\u00e9mu lesu se nic nevyrovn\u00e1. Snad pro jeho zvl\u00e1\u0161tn\u011b tajemnou atmosf\u00e9ru, snad pro jeho unik\u00e1tn\u00ed mikroklima, snad pro tich\u00e1 zapadl\u00e1 m\u00edsta, kde \u010das b\u011b\u017e\u00ed \u00fapln\u011b posv\u00e9m.<\/p>\n<p>A o \u010das pr\u00e1v\u011b z\u00edtra p\u016fjde. Bude to toti\u017e zrovna p\u0159esn\u011b 50 let, co byl Slavkovsk\u00fd les vyhl\u00e1\u0161en Chr\u00e1n\u011bnou krajinnou oblast\u00ed. A u tohoto \u010dinu se zastav\u00edm, proto\u017ee ho nevn\u00edm\u00e1m jako jednozna\u010dn\u011b pozitivn\u00ed a n\u00e1sledov\u00e1n\u00edhodn\u00fd, navzdory sv\u00fdm citov\u00fdm vazb\u00e1m k tomuhle m\u00edstu. Nebo snad pr\u00e1v\u011b kv\u016fli nim. Proto\u017ee n\u011bkter\u00e9 \u010diny zvelebuj\u00ed, po jin\u00fdch z\u016fst\u00e1v\u00e1 necht\u011bn\u00e1 divo\u010dina.<\/p>\n<p>\u00dazem\u00ed Slavkovsk\u00e9ho lesa nikdy nebylo moc hust\u011b os\u00eddlen\u00e9. D\u0159evo se tu kv\u016fli ter\u00e9nu t\u011b\u017e\u00edvalo t\u011b\u017ece, po\u010das\u00ed hrozn\u00e9, p\u016fda \u0161patn\u00e1. Jen tu a tam n\u011bjak\u00e1 ta mal\u00e1 ves \u010di hornick\u00e1 osada. A kdy\u017e po Druh\u00e9 sv\u011btov\u00e9 v\u00e1lce p\u0159i\u0161el odsun Sudetsk\u00fdch N\u011bmc\u016f (kte\u0159\u00ed p\u0159i posledn\u00edch p\u0159edv\u00e1le\u010dn\u00fdch obecn\u00edch volb\u00e1ch \u2013 kter\u00e9 prob\u011bhly 2. kv\u011btna 1938, a maj\u00ed tedy tak\u00e9 zrovna v\u00fdro\u010d\u00ed &#8211; tady na Chebsku, Sokolovsku a Karlovarsku t\u00e9m\u011b\u0159 v\u0161ichni nad\u0161en\u011b volili Henleinovce), zanikla i v\u011bt\u0161ina z t\u011bch m\u00e1la vs\u00ed a osad, co tu byla.<\/p>\n<p>V dob\u011b vyhl\u00e1\u0161en\u00ed CHKO tu tedy t\u00e9m\u011b\u0159 nikdo ne\u017eil a nehospoda\u0159il. To se to pak vyhla\u0161uj\u00ed oblasti se zvl\u00e1\u0161\u0165 regulovanou \u010dinnost\u00ed \u010dlov\u011bka. Dnes ale tato pravidla sp\u00ed\u0161e zt\u011b\u017euj\u00ed \u0161anci, aby p\u0159ekr\u00e1sn\u00e1 m\u00edsta poznali i nov\u00ed n\u00e1v\u0161t\u011bvn\u00edci a aby si je tak\u00e9 zamilovali.<\/p>\n<p>A u\u017e v\u016fbec je sporn\u00e9 zav\u00e1d\u011bt r\u016fzn\u00e9 speci\u00e1ln\u00ed re\u017eimy pro ochranu krajiny i v m\u00edstech, kde se a\u017e dosud norm\u00e1ln\u011b \u017eije a hospoda\u0159\u00ed. \u010cesko nen\u00ed Wyoming ani Amazonsk\u00fd prales. Je to kulturn\u00ed krajina. Ka\u017ed\u00fd hospod\u00e1\u0159 nejl\u00e9pe v\u00ed, \u017ee se mu bude dob\u0159e da\u0159it, kdy\u017e o svou krajinu bude pe\u010dovat. To mu \u017e\u00e1dn\u00fd ideologicky vyfutrovan\u00fd aktivista z Prahy nemus\u00ed vysv\u011btlovat.<\/p>\n<p>Dnes jsou kolem vyhla\u0161ov\u00e1n\u00ed nov\u00fdch \u00fazem\u00ed se speci\u00e1ln\u00edm re\u017eimem a kolem p\u0159itvrzov\u00e1n\u00ed pravidel pro \u017eivot v t\u011bch u\u017e existuj\u00edc\u00edch velk\u00e9 a vzru\u0161en\u00e9 debaty. Asi bych v tomhle hodn\u011b dal na m\u00edstn\u00ed. Cht\u011bj\u00ed norm\u00e1ln\u011b \u017e\u00edt, norm\u00e1ln\u011b prosperovat. A jsou t\u011bmi posledn\u00edmi, kte\u0159\u00ed by si sv\u00e9ho kraje nev\u00e1\u017eili a cht\u011bli ho ni\u010dit.<\/p>\n<p>Chr\u00e1n\u011bnou krajinou oblast\u00ed je t\u0159eba i K\u0159ivokl\u00e1tsko. Rozko\u0161n\u00e1 krajina, k jej\u00edmu\u017e koloritu p\u0159isp\u00edvaj\u00ed pr\u00e1v\u011b i m\u00edstn\u00ed vesni\u010dky a drobn\u00e9 pam\u00e1tky. Je to \u017eivouc\u00ed m\u00edsto. Ale nyn\u00ed m\u00e1 b\u00fdt statut zdej\u0161\u00ed ochrany zm\u011bn\u011bn na N\u00e1rodn\u00ed park. A ka\u017ed\u00fd, kdo \u017eije v kolizi s re\u017eimem N\u00e1rodn\u00edho parku, potvrd\u00ed, \u017ee je to nejlep\u0161\u00ed cesta, jak z \u017eivouc\u00edho m\u00edsta u\u010dinit zanedban\u00fd zpustl\u00fd kout, kde se dob\u0159e \u017e\u00edt ned\u00e1.<\/p>\n<p>No co, kdy\u017e m\u016f\u017ee b\u00fdt \u2013 asi po vzoru mnoha velk\u00fdch evropsk\u00fdch m\u011bst \u2013 \u201edivo\u010dina\u201c i na V\u00e1clav\u00e1ku\u2026<\/p>\n<p>ps\u00e1no pro IVK<\/p>\n<p>Zdroj:&nbsp;<a href=\"https:\/\/blog.idnes.cz\/jakl\/dive-ciny-v-pozadi-divociny.Bg24050061\">https:\/\/blog.idnes.cz\/jakl\/dive-ciny-v-pozadi-divociny.Bg24050061<\/a><\/p>\n","protected":false},"excerpt":{"rendered":"<p>A\u017e pojedu z\u00edtra (3. kv\u011btna) od Mari\u00e1nsk\u00fdch l\u00e1zn\u00ed sm\u011brem na Cheb, budu se d\u00edvat doprava. Co\u017e se na tomto m\u00edst\u011b d\u00edv\u00e1m v\u017edy, ale z\u00edtra k tomu budu m\u00edt extra d\u016fvod.<\/p>\n","protected":false},"author":9,"featured_media":0,"comment_status":"open","ping_status":"open","sticky":false,"template":"","format":"standard","meta":{"ngg_post_thumbnail":0,"footnotes":""},"categories":[1],"tags":[],"class_list":["post-14169","post","type-post","status-publish","format-standard","hentry","category-publikovane-clanky"],"_links":{"self":[{"href":"https:\/\/www.ladislavjakl.cz\/index.php?rest_route=\/wp\/v2\/posts\/14169","targetHints":{"allow":["GET"]}}],"collection":[{"href":"https:\/\/www.ladislavjakl.cz\/index.php?rest_route=\/wp\/v2\/posts"}],"about":[{"href":"https:\/\/www.ladislavjakl.cz\/index.php?rest_route=\/wp\/v2\/types\/post"}],"author":[{"embeddable":true,"href":"https:\/\/www.ladislavjakl.cz\/index.php?rest_route=\/wp\/v2\/users\/9"}],"replies":[{"embeddable":true,"href":"https:\/\/www.ladislavjakl.cz\/index.php?rest_route=%2Fwp%2Fv2%2Fcomments&post=14169"}],"version-history":[{"count":1,"href":"https:\/\/www.ladislavjakl.cz\/index.php?rest_route=\/wp\/v2\/posts\/14169\/revisions"}],"predecessor-version":[{"id":14170,"href":"https:\/\/www.ladislavjakl.cz\/index.php?rest_route=\/wp\/v2\/posts\/14169\/revisions\/14170"}],"wp:attachment":[{"href":"https:\/\/www.ladislavjakl.cz\/index.php?rest_route=%2Fwp%2Fv2%2Fmedia&parent=14169"}],"wp:term":[{"taxonomy":"category","embeddable":true,"href":"https:\/\/www.ladislavjakl.cz\/index.php?rest_route=%2Fwp%2Fv2%2Fcategories&post=14169"},{"taxonomy":"post_tag","embeddable":true,"href":"https:\/\/www.ladislavjakl.cz\/index.php?rest_route=%2Fwp%2Fv2%2Ftags&post=14169"}],"curies":[{"name":"wp","href":"https:\/\/api.w.org\/{rel}","templated":true}]}}