{"id":14174,"date":"2024-05-09T17:39:13","date_gmt":"2024-05-09T15:39:13","guid":{"rendered":"https:\/\/www.ladislavjakl.cz\/?p=14174"},"modified":"2024-05-09T17:39:13","modified_gmt":"2024-05-09T15:39:13","slug":"stredovek-trva","status":"publish","type":"post","link":"https:\/\/www.ladislavjakl.cz\/?p=14174","title":{"rendered":"St\u0159edov\u011bk trv\u00e1"},"content":{"rendered":"<p>Polysexu\u00e1ln\u00ed aktivist\u00e9 j\u00e1saj\u00ed nad rozhodnut\u00edm \u00dastavn\u00edho soudu, podle kter\u00e9ho k&nbsp;\u201e\u00fa\u0159edn\u00ed zm\u011bn\u011b pohlav\u00ed\u201c ji\u017e nebude zapot\u0159eb\u00ed operativn\u00ed z\u00e1krok. \u017de pr\u00fd u\u017e nebude platit \u201epovinnost\u201c nechat se vykastrovat.<\/p>\n<p><!--more--><\/p>\n<p>Cel\u00e1 genderov\u00e1 agenda stoj\u00ed na l\u017e\u00edch a toto je jedna z&nbsp;nich. Ono nap\u0159\u00edklad u\u017e samo heslo \u201eman\u017eelstv\u00ed pro v\u0161echny\u201c je l\u017eiv\u00e9. Zaprv\u00e9: nikdy nebude pro v\u0161echny, t\u0159eba pro nebli\u017e\u0161\u00ed p\u0159\u00edbuzn\u00e9, pro d\u011bti \u010di pro nesv\u00e9pr\u00e1vn\u00e9. A zadruh\u00e9, man\u017eelstv\u00ed homosexu\u00e1l\u016fm nikdy nikdo nezakazoval. Homosexu\u00e1ln\u00ed mu\u017e se m\u016f\u017ee a v\u017edy se mohl o\u017eenit, a homosexu\u00e1ln\u00ed \u017eena se m\u016f\u017ee a v\u017edy mohla vd\u00e1t. Podm\u00ednkou s\u0148atku p\u0159ece nikdy nebylo zkoum\u00e1n\u00ed toho, jak\u00e9 obr\u00e1zky snoubence vzru\u0161uj\u00ed. Aktivist\u00e9 necht\u011bli \u017e\u00e1dn\u00e9 \u201eman\u017eelstv\u00ed pro v\u0161echny\u201c, oni cht\u011bli, aby bylo \u201eman\u017eelstv\u00edm v\u0161echno\u201c, p\u0159esn\u011bji \u0159e\u010deno, aby man\u017eelstv\u00edm bylo uzn\u00e1no i mamanstv\u00ed a \u017een\u017eelstv\u00ed.<\/p>\n<p>Podobn\u00e9 je to i s&nbsp;onou \u201est\u0159edov\u011bkou povinnou kastrac\u00ed\u201c. Nikdo nikoho p\u0159ece ke kastraci nenut\u00ed. To jen se n\u011bkter\u00e9 \u017eeny dom\u00e1haj\u00ed toho, aby je st\u00e1t po pr\u00e1vn\u00ed str\u00e1nce pova\u017eoval za mu\u017ee, a n\u011bkte\u0159\u00ed mu\u017ei, aby je st\u00e1t pova\u017eoval za \u017eeny. A st\u00e1t si k&nbsp;tomu klade podm\u00ednky. K&nbsp;nesmysln\u00e9mu po\u017eadavku nesmysln\u00e9 podm\u00ednky, mohl by n\u011bco \u0159\u00edci.<\/p>\n<p>Kdy\u017e bude cht\u00edt b\u00fdt n\u011bkdo \u00fa\u0159edn\u011b uzn\u00e1n za letadlo, a st\u00e1t by po n\u011bm cht\u011bl, aby se \u017eadatel nejd\u0159\u00edve p\u0159edvedl se sv\u00fdmi k\u0159\u00eddly, rozhodn\u011b t\u00edm nikomu nevznik\u00e1 povinnost p\u0159id\u011bl\u00e1vat si k\u0159\u00eddla. Pova\u017eovat se za letadlo nen\u00ed povinn\u00e9. Vynucovat si po st\u00e1tu, aby \u010dlov\u011bku p\u0159isoudil jin\u00e9 pohlav\u00ed, to tak\u00e9 nen\u00ed povinn\u00e9.<\/p>\n<p>Slovo \u201esoud\u201c m\u00e1 spole\u010dn\u00fd ko\u0159en se slovem \u201esoudnost\u201c. Soudn\u00fd \u00fastavn\u00ed soud by musel v&nbsp;t\u00e9to kauze konstatovat jednoduchou pravdu, \u017ee pohlav\u00ed nelze m\u011bnit. A \u017ee nelze po st\u00e1tu po\u017eadovat, aby sebedeklaratorn\u00ed \u201ezm\u011bnu\u201c pohlav\u00ed \u00fa\u0159edn\u011b jen tak respektoval. \u00dastavn\u00ed soud sv\u00fdm rozhodnut\u00edm vlastn\u011b \u0159\u00edk\u00e1, \u017ee pohlav\u00ed m\u011bnit lze. P\u0159\u00ed\u0161t\u011b \u010dekejme od \u00dastavn\u00edho soudu rozhodnut\u00ed, \u017ee si lze sv\u00e9voln\u011b m\u011bnit i v\u011bk. Nebo \u017ee m\u00e1 \u010dlov\u011bk pr\u00e1vo b\u00fdt pova\u017eov\u00e1n za dva lidi. Sev\u0161\u00edmv\u0161udy, i s&nbsp;n\u00e1rokem na dva d\u016fchody nebo na dva hlasy ve volb\u00e1ch. A je \u00fapln\u011b jedno, \u017ee to je nesmysl, proto\u017ee \u00dastavn\u00ed soud je v\u00fdrobcem \u201epravdy\u201c a ta m\u016f\u017ee od nyn\u011bj\u0161ka b\u00fdt zcela v&nbsp;rozporu s&nbsp;pravdou.<\/p>\n<p>P\u0159es to p\u0159eze v\u0161echno nelze krok \u00dastavn\u00edho soudu \u0161mahem odsuzovat. \u00dastavn\u00ed soud vym\u011bkl, podlehl n\u00e1tlaku aktivistick\u00fdch vyd\u011bra\u010d\u016f a medi\u00e1ln\u00ed mas\u00e1\u017ei. A tak se nezmohl na jedin\u00e9 dobr\u00e9, rozumn\u00e9 a soudn\u00e9 konstatov\u00e1n\u00ed, \u017ee pohlav\u00ed m\u011bnit nelze a \u017ee st\u00e1t takovou deklaratorn\u00ed zm\u011bnu nem\u016f\u017ee uznat za pr\u00e1vn\u011b z\u00e1vaznou. Sna\u017eil se tedy alespo\u0148 o nejlep\u0161\u00ed ze \u0161patn\u00fdch \u0159e\u0161en\u00ed.<\/p>\n<p>V&nbsp;Brit\u00e1nii podle n\u011bkter\u00fdch pr\u016fzkum\u016f a\u017e 18 procent dvan\u00e1ctilet\u00fdch v\u00e1h\u00e1, jakou si zvol\u00ed \u201epohlavn\u00ed identitu\u201c. Rozkol\u00edsanost sexu\u00e1ln\u00ed sebeidentifikace je logick\u00fdm d\u016fsledkem masivn\u00ed progresivistick\u00e9 propagandy, kter\u00e1 pros\u00e1kla do v\u0161ech typ\u016f \u0161kol, do m\u00e9di\u00ed i do um\u011bn\u00ed. A tak doned\u00e1vna zcela v\u00fdst\u0159edn\u00ed porucha doslala podobu masov\u00e9 epidemie. Do toho zde m\u00e1me skoro mengelovsk\u00e9 praktiky hormon\u00e1ln\u00edho oddalov\u00e1n\u00ed puberty a v\u0161emo\u017en\u00e9 sni\u017eov\u00e1n\u00ed bari\u00e9ry pro rozhodnut\u00ed nechat na sob\u011b prov\u00e9st nevratn\u00fd zmrza\u010duj\u00edc\u00ed z\u00e1krok.<\/p>\n<p>Mnoho z&nbsp;n\u00e1s by nenapadlo nechat si d\u011blat d\u00edry do nosu, tv\u00e1\u0159\u00ed \u010di jinam kv\u016fli n\u011bjak\u00fdm tretk\u00e1m. Jin\u00e9 z&nbsp;n\u00e1s by nenapadlo nechat si vypalovat do k\u016f\u017ee obr\u00e1zky. A pro v\u011bt\u0161inu z&nbsp;n\u00e1s nen\u00ed p\u0159edstaviteln\u00e1 vize, \u017ee si budeme sami d\u011blat jehlou d\u00edrky do \u017eil a t\u011bmi pak vpravovat do krve n\u011bjak\u00e9 drogy. P\u0159esto to mnoz\u00ed lid\u00e9 d\u011blaj\u00ed. A tak nen\u00ed divu, \u017ee v&nbsp;atmosf\u00e9\u0159e, kdy hl\u00e1sit se ke sv\u00e9 p\u0159irozenosti je dnes projevem zaprd\u011bn\u00e9ho zp\u00e1te\u010dnictv\u00ed, leckdo z&nbsp;nedosp\u011bl\u00fdch lid\u00ed podlehne tlaku atmosf\u00e9ry a za\u010dne usilovat o zvr\u00e1cen\u00fd chirurgick\u00fd z\u00e1krok. Zvl\u00e1\u0161t\u011b, kdy\u017e mu st\u00e1t sl\u00edb\u00ed, \u017ee se pak bude jako tv\u00e1\u0159it, jak respektuje jeho \u201ezm\u011bnu pohlav\u00ed\u201c.<\/p>\n<p>Pitomou legislativu lze zm\u011bnit. I kdy\u017e tu posv\u011bcenou \u00dastavn\u00edm soudem pon\u011bkud obt\u00ed\u017en\u011bji. Ale po\u0159\u00e1d je to snadn\u011bj\u0161\u00ed ne\u017e zachr\u00e1nit dobr\u00fd \u017eivot zmrza\u010den\u00fdm ob\u011btem genderov\u00e9ho \u0161\u00edlenstv\u00ed. To ono je ve skute\u010dnosti t\u00edm st\u0159edov\u011bkem, p\u0159ed kter\u00fdm verb\u00e1ln\u011b varuj\u00ed transsexu\u00e1ln\u00ed aktivist\u00e9.<\/p>\n<p>Ladislav Jakl, 9. 5. 2024<\/p>\n<p><a href=\"https:\/\/www.institutvk.cz\/clanky\/2733.html\">Zdroj<\/a><\/p>\n","protected":false},"excerpt":{"rendered":"<p>Polysexu\u00e1ln\u00ed aktivist\u00e9 j\u00e1saj\u00ed nad rozhodnut\u00edm \u00dastavn\u00edho soudu, podle kter\u00e9ho k&nbsp;\u201e\u00fa\u0159edn\u00ed zm\u011bn\u011b pohlav\u00ed\u201c ji\u017e nebude zapot\u0159eb\u00ed operativn\u00ed z\u00e1krok. \u017de pr\u00fd u\u017e nebude platit \u201epovinnost\u201c nechat se vykastrovat.<\/p>\n","protected":false},"author":9,"featured_media":0,"comment_status":"open","ping_status":"open","sticky":false,"template":"","format":"standard","meta":{"ngg_post_thumbnail":0,"footnotes":""},"categories":[1],"tags":[],"class_list":["post-14174","post","type-post","status-publish","format-standard","hentry","category-publikovane-clanky"],"_links":{"self":[{"href":"https:\/\/www.ladislavjakl.cz\/index.php?rest_route=\/wp\/v2\/posts\/14174","targetHints":{"allow":["GET"]}}],"collection":[{"href":"https:\/\/www.ladislavjakl.cz\/index.php?rest_route=\/wp\/v2\/posts"}],"about":[{"href":"https:\/\/www.ladislavjakl.cz\/index.php?rest_route=\/wp\/v2\/types\/post"}],"author":[{"embeddable":true,"href":"https:\/\/www.ladislavjakl.cz\/index.php?rest_route=\/wp\/v2\/users\/9"}],"replies":[{"embeddable":true,"href":"https:\/\/www.ladislavjakl.cz\/index.php?rest_route=%2Fwp%2Fv2%2Fcomments&post=14174"}],"version-history":[{"count":1,"href":"https:\/\/www.ladislavjakl.cz\/index.php?rest_route=\/wp\/v2\/posts\/14174\/revisions"}],"predecessor-version":[{"id":14175,"href":"https:\/\/www.ladislavjakl.cz\/index.php?rest_route=\/wp\/v2\/posts\/14174\/revisions\/14175"}],"wp:attachment":[{"href":"https:\/\/www.ladislavjakl.cz\/index.php?rest_route=%2Fwp%2Fv2%2Fmedia&parent=14174"}],"wp:term":[{"taxonomy":"category","embeddable":true,"href":"https:\/\/www.ladislavjakl.cz\/index.php?rest_route=%2Fwp%2Fv2%2Fcategories&post=14174"},{"taxonomy":"post_tag","embeddable":true,"href":"https:\/\/www.ladislavjakl.cz\/index.php?rest_route=%2Fwp%2Fv2%2Ftags&post=14174"}],"curies":[{"name":"wp","href":"https:\/\/api.w.org\/{rel}","templated":true}]}}