{"id":14177,"date":"2024-05-15T22:35:27","date_gmt":"2024-05-15T20:35:27","guid":{"rendered":"https:\/\/www.ladislavjakl.cz\/?p=14177"},"modified":"2024-05-15T22:35:27","modified_gmt":"2024-05-15T20:35:27","slug":"v-soutezi-pivo-usteckeho-kraje-bodoval-litomericky-pivovar-a-kocour-z-varnsdorfu","status":"publish","type":"post","link":"https:\/\/www.ladislavjakl.cz\/?p=14177","title":{"rendered":"V sout\u011b\u017ei Pivo \u00dasteck\u00e9ho kraje bodoval litom\u011b\u0159ick\u00fd pivovar a Kocour z Varnsdorfu"},"content":{"rendered":"<p><strong>V&nbsp;Litom\u011b\u0159ic\u00edch se konal t\u0159et\u00ed ro\u010dn\u00edk sout\u011b\u017ee Pivo \u00dasteck\u00e9ho kraje. Jeden\u00e1ct minipivovar\u016f s&nbsp;bezm\u00e1la pades\u00e1tkou vzork\u016f usilovalo o&nbsp;ocen\u011bn\u00ed odborn\u00e9 poroty. Nechyb\u011bla sv\u011btl\u00e1 v\u00fd\u010depn\u00ed ani tmav\u00e9&nbsp;le\u017e\u00e1ky.<\/strong><br \/>\n<!--more--><\/p>\n<p><a class=\"article-multimedium\" href=\"https:\/\/decinsky.denik.cz\/galerie\/pivo-usteckeho-kraje-20240515.html?photo=1&amp;back=2860697964-354-8\"><img loading=\"lazy\" decoding=\"async\" class=\"multimedium-img\" title=\"Ocen\u011bn\u00ed v t\u0159et\u00edm ro\u010dn\u00edku sout\u011b\u017ee Pivo \u00dasteck\u00e9ho kraje.\" src=\"https:\/\/g.denik.cz\/11\/68\/pivo-usteckeho-kraje-20240515-1_denik-630-16x9.jpg\" srcset=\"https:\/\/g.denik.cz\/11\/68\/pivo-usteckeho-kraje-20240515-1_denik-630-16x9.jpg 1x, https:\/\/g.denik.cz\/11\/68\/pivo-usteckeho-kraje-20240515-1_denik-630-16x9@2x.jpg 2x\" alt=\"Ocen\u011bn\u00ed v t\u0159et\u00edm ro\u010dn\u00edku sout\u011b\u017ee Pivo \u00dasteck\u00e9ho kraje.\" width=\"443\" height=\"249\"><span class=\"multimedium-hover\"><img loading=\"lazy\" decoding=\"async\" src=\"https:\/\/g.denik.cz\/build\/images\/denik\/icon.svg?v=20211124#lupa-plus\" alt=\"Zv\u011bt\u0161it fotku\" width=\"50\" height=\"50\">Kliknut\u00edm zv\u011bt\u0161\u00edte<\/span><\/a><\/p>\n<nav class=\"article-gallery\"><a class=\"article-gallery__item\" href=\"https:\/\/decinsky.denik.cz\/galerie\/pivo-usteckeho-kraje-20240515.html?back=2860697964-354-8&amp;photo=2\"><img loading=\"lazy\" decoding=\"async\" title=\"Zv\u011bt\u0161it fotografii\" src=\"https:\/\/g.denik.cz\/11\/e3\/pivo-usteckeho-kraje-20240515-2_denik-150-3x2.jpg\" srcset=\"https:\/\/g.denik.cz\/11\/e3\/pivo-usteckeho-kraje-20240515-2_denik-150-3x2.jpg 1x, https:\/\/g.denik.cz\/11\/e3\/pivo-usteckeho-kraje-20240515-2_denik-150-3x2@2x.jpg 2x\" alt=\"Zv\u011bt\u0161it fotografii\" width=\"150\" height=\"100\"><\/a><a class=\"article-gallery__item\" href=\"https:\/\/decinsky.denik.cz\/galerie\/pivo-usteckeho-kraje-20240515.html?back=2860697964-354-8&amp;photo=3\"><img loading=\"lazy\" decoding=\"async\" title=\"Zv\u011bt\u0161it fotografii\" src=\"https:\/\/g.denik.cz\/54\/cf\/13267924-exported_denik-150-3x2.jpg\" srcset=\"https:\/\/g.denik.cz\/54\/cf\/13267924-exported_denik-150-3x2.jpg 1x, https:\/\/g.denik.cz\/54\/cf\/13267924-exported_denik-150-3x2@2x.jpg 2x\" alt=\"Zv\u011bt\u0161it fotografii\" width=\"150\" height=\"100\"><\/a><a class=\"article-gallery__item\" href=\"https:\/\/decinsky.denik.cz\/galerie\/pivo-usteckeho-kraje-20240515.html?back=2860697964-354-8&amp;photo=4\"><img loading=\"lazy\" decoding=\"async\" title=\"Zv\u011bt\u0161it fotografii\" src=\"https:\/\/g.denik.cz\/54\/db\/13267953-exported_denik-150-3x2.jpg\" srcset=\"https:\/\/g.denik.cz\/54\/db\/13267953-exported_denik-150-3x2.jpg 1x, https:\/\/g.denik.cz\/54\/db\/13267953-exported_denik-150-3x2@2x.jpg 2x\" alt=\"Zv\u011bt\u0161it fotografii\" width=\"150\" height=\"100\"><\/a><a class=\"article-gallery__link\" href=\"https:\/\/decinsky.denik.cz\/galerie\/pivo-usteckeho-kraje-20240515.html?back=2860697964-354-8&amp;photo=1\"><img loading=\"lazy\" decoding=\"async\" class=\"article-gallery__gallery\" src=\"https:\/\/g.denik.cz\/build\/images\/denik\/icon.svg?v=20211124#gallery\" alt=\"gallery\" width=\"22\" height=\"22\">9 fotografi\u00ed v&nbsp;galerii \u203a<\/a><\/nav>\n<div class=\"article-multimedium-description mb20\">Ocen\u011bn\u00ed v t\u0159et\u00edm ro\u010dn\u00edku sout\u011b\u017ee Pivo \u00dasteck\u00e9ho kraje.&nbsp;<span class=\"description-autor\">| Foto:&nbsp;se svolen\u00edm MKZ Litom\u011b\u0159ice<\/span><\/div>\n<div class=\"article-text article-content bbtext js-Readability-ready\">\n<p>Na v\u00fdstavi\u0161ti Zahrada \u010cech se sout\u011b\u017eilo v&nbsp;celkem osmi kategori\u00edch. \u201eAbsolutn\u00edm v\u00edt\u011bzem t\u0159et\u00edho ro\u010dn\u00edku sout\u011b\u017ee&nbsp;<a class=\"vvword\" href=\"https:\/\/d.vvbox.cz\/vv_show_url.php?idk=97434&amp;idc=12401378&amp;ids=3043&amp;idp=90918&amp;url=https%3A%2F%2Fprimator.cz%2Fprodukty%2F\" target=\"_blank\" rel=\"noopener sponsored\">Pivo<\/a>&nbsp;\u00dasteck\u00e9ho kraje se stal&nbsp;<a class=\"vvword\" href=\"https:\/\/d.vvbox.cz\/vv_show_url.php?idk=95771&amp;idc=12401378&amp;ids=14851&amp;idp=91823&amp;url=http%3A%2F%2Fwww.svestkovadraha.cz\" target=\"_blank\" rel=\"noopener sponsored\">litom\u011b\u0159ick\u00fd<\/a>&nbsp;<a class=\"js-anchorElmGAevents-ready js-TrackingArticleLink-ready\" href=\"https:\/\/www.biskupskypivovar.cz\/\">Biskupsk\u00fd pivovar U&nbsp;sv. \u0160t\u011bp\u00e1na<\/a>, kter\u00fd z\u00e1rove\u0148 z\u00edskal titul Pivo Zahrady \u010cech,\u201c uvedla Aneta B\u0159e\u0148ov\u00e1, PR mana\u017eerka M\u011bstsk\u00fdch kulturn\u00edch za\u0159\u00edzen\u00ed Litom\u011b\u0159ice, kter\u00e1 kl\u00e1n\u00ed organizuj\u00ed.<\/p>\n<p>Sout\u011b\u017e minipivovar\u016f se skl\u00e1dala z&nbsp;p\u00e1te\u010dn\u00ed degustace odbornou porotou, v&nbsp;sobotu 11.&nbsp;kv\u011btna pak byly v&nbsp;r\u00e1mci&nbsp;<strong><a class=\"js-anchorElmGAevents-ready js-TrackingArticleLink-ready\" href=\"https:\/\/ustecky.denik.cz\/zpravy_region\/usti-nad-labem-pivo-jarmark-pivovary-namesti-20240512.html\">\u00dasteck\u00e9ho pivn\u00edho jarmarku<\/a><\/strong>&nbsp;p\u0159ed\u00e1ny ceny v\u00fdherc\u016fm. \u201eSlavnostn\u00edho aktu se \u00fa\u010dastnili p\u0159edseda v\u00fdboru pro&nbsp;<a class=\"vvword\" href=\"https:\/\/d.vvbox.cz\/vv_show_url.php?idk=97625&amp;idc=12401378&amp;ids=329&amp;idp=95174&amp;url=https%3A%2F%2Fbit.ly%2Ffakultazemedelskaatechnologicka\" target=\"_blank\" rel=\"noopener sponsored\">zem\u011bd\u011blstv\u00ed<\/a>&nbsp;a venkov \u00dasteck\u00e9ho kraje Zden\u011bk Plecit\u00fd, p\u0159edseda v\u00fdboru pro kulturu a pam\u00e1tkovou p\u00e9\u010di \u00dasteck\u00e9ho kraje Vlastimil Sk\u00e1la, prezident sdru\u017een\u00ed Prvn\u00ed&nbsp;<a class=\"vvword\" href=\"https:\/\/d.vvbox.cz\/vv_show_url.php?idk=97432&amp;idc=12401378&amp;ids=3023&amp;idp=94741&amp;url=http%3A%2F%2F%20https%3A%2F%2Fprimator.cz%2F2024%2F05%2F06%2Fpivo-primator-se-v-silne-mezinarodni-konkurenci-rozhodne-neztratilo%2F\" target=\"_blank\" rel=\"noopener sponsored\">Pivn\u00ed<\/a>&nbsp;Extraliga Ladislav Jakl, inspektor St\u00e1tn\u00ed zem\u011bd\u011blsk\u00e9 a potravin\u00e1\u0159sk\u00e9 inspekce Petr Ulrych a \u0159editelka M\u011bstsk\u00fdch kulturn\u00edch za\u0159\u00edzen\u00ed Litom\u011b\u0159ice Michaela Mokr\u00e1,\u201c vypo\u010d\u00edtala Aneta B\u0159e\u0148ov\u00e1.<\/p>\n<p><a class=\"inserted-article js-TrackingArticleLink-ready\" href=\"https:\/\/decinsky.denik.cz\/volny-cas\/ziva-krizovka-decin-20240514.html\"><img loading=\"lazy\" decoding=\"async\" class=\"inserted-article__img\" title=\"Akce v K\u0159\u00ed\u017eov\u00e9 ulici. Ilustra\u010dn\u00ed foto\" src=\"https:\/\/g.denik.cz\/8\/ec\/sddwdfestival-poulicniho-divadla-v-decine-03_denik-150-3x2.jpg\" srcset=\"https:\/\/g.denik.cz\/8\/ec\/sddwdfestival-poulicniho-divadla-v-decine-03_denik-150-3x2.jpg 1x, https:\/\/g.denik.cz\/8\/ec\/sddwdfestival-poulicniho-divadla-v-decine-03_denik-150-3x2@2x.jpg 2x\" alt=\"Akce v K\u0159\u00ed\u017eov\u00e9 ulici. Ilustra\u010dn\u00ed foto\" width=\"150\" height=\"100\"><\/a><\/p>\n<div class=\"inserted-article__title\">V polovin\u011b kv\u011btna startuje \u017div\u00e1 K\u0159\u00ed\u017eovka. Na prvn\u00edm podve\u010deru ozdob\u00ed ka\u0161nu r\u016f\u017ee<\/div>\n<p>V&nbsp;kategori\u00edch Sv\u011btl\u00e9 v\u00fd\u010depn\u00ed pivo a Tmav\u00fd le\u017e\u00e1k si hned dv\u011b prvn\u00ed m\u00edsta odnesli z\u00e1stupci&nbsp;<a class=\"js-anchorElmGAevents-ready js-TrackingArticleLink-ready\" href=\"https:\/\/www.pivovar-kocour.cz\/cz\/\">Pivovaru Kocour Varnsdorf<\/a>. V&nbsp;kategorii \u010cesk\u00fd sv\u011btl\u00fd le\u017e\u00e1k vyhr\u00e1l se sv\u00fdm D\u011bkanem Biskupsk\u00fd&nbsp;<a class=\"vvword\" href=\"https:\/\/d.vvbox.cz\/vv_show_url.php?idk=97426&amp;idc=12401378&amp;ids=3020&amp;idp=94736&amp;url=https%3A%2F%2Fprimator.cz%2Fpivovar%2Fexkurze%2F\" target=\"_blank\" rel=\"noopener sponsored\">pivovar<\/a>&nbsp;U&nbsp;sv. \u0160t\u011bp\u00e1na, kter\u00fd se z\u00e1rove\u0148 stal absolutn\u00edm v\u00edt\u011bzem sout\u011b\u017ee a p\u0159ivezl si dom\u016f ocen\u011bn\u00ed Pivo Zahrady \u010cech.<\/p>\n<p><a class=\"js-anchorElmGAevents-ready js-TrackingArticleLink-ready\" href=\"https:\/\/www.hpp.beer\/\">H\u00e1k\u016fv parn\u00ed pivovar<\/a>&nbsp;zabodoval hned dvakr\u00e1t, a to v&nbsp;kategorii Siln\u00e9 tmav\u00e9 pivo a India Pale Lager. V&nbsp;kategorii kysel\u00fdch piv Sour prvn\u00ed m\u00edsto obsadil minipivovar&nbsp;<a class=\"js-anchorElmGAevents-ready js-TrackingArticleLink-ready\" href=\"https:\/\/www.pivozloun.cz\/\">Pivo Zloun<\/a>.&nbsp;<a class=\"js-anchorElmGAevents-ready js-TrackingArticleLink-ready\" href=\"http:\/\/www.podripske-pivo.cz\/\">Pod\u0159ipsk\u00fd rodinn\u00fd pivovar<\/a>&nbsp;zase vyhr\u00e1l v&nbsp;kategorii Stout. V\u00edt\u011bzem American Pale Ale se stal&nbsp;<a class=\"js-anchorElmGAevents-ready js-TrackingArticleLink-ready\" href=\"https:\/\/www.facebook.com\/MinipivovarMost\">Pivovar M3 Most<\/a>.<a href=\"https:\/\/a.denik.cz\/vlm\/adclick\/FCID=-4\/random=98156097\/site=denik\/layout=d\/loc=decinsky\/template=item\/safety=0\/area=zpravy-region\/label=df\/version=live\/ero=n\/geneawords=ustecky-kraj,soutez,pivovar,varnsdorf,oceneni,zahrada-cech,zdenek-plecity,ladislav-jakl,statni-potravinarska-inspekce\/articleAttachment=gallery\/gdpr=1\/GDPR_CONSENT=CP3tAUAP3tAUAAHABBENAfEgAP_gAEPgAAAAI2IBJC5kBSFCAGJgYNkQIAAGxxAAICAAABAAAAAAABoAIAgAAAAwAAQABAAAABAAIEIAAABACABAAAAAQAAAAQAAAAAQAAAAAQAAAAAAAiBACAAAAABAAAAAAABAQAAAgAAAAAIAQAAAAAEAgAAAAAAAAAAAABAAAQgAAAAAAAAAAAAAAAAAAAAAAAAAABBA1OBGAAoACoAFwAOAAgABkADQAIgATAAqwBbAFwAMQAZgA_ACEgEQARIAjgBSgDLAGbAO4A7wB-gEHAIsASUAuoBtADqAJtAVIAtQBbgC8wGSANTAAAAA.f_wACHwAAAAA\/cxidc=0\/aID=2987130897\/iab_cont=150\/iab_cont_ver=5\/dom=denik.cz\/viewId=66091356\/deviceWidth=1920\/deviceHeight=0919\/ab=b\/size=outstream\/pos=outstream\" target=\"_top\" aria-label=\"Reklama\" rel=\"noopener\"><img decoding=\"async\" src=\"https:\/\/content.aimatch.com\/default.gif\" alt=\"\" border=\"0\"><\/a><\/p>\n<p>\u201eZe sout\u011b\u017ee Pivo \u00dasteck\u00e9ho kraje se stala tradi\u010dn\u00ed akce, kter\u00e1 si klade za c\u00edl propagovat a podporovat v\u00fdrobu piva v&nbsp;\u00dasteck\u00e9m kraji. V&nbsp;leto\u0161n\u00edm roce jsme ocenili celkem \u0161est pivovar\u016f p\u016fsob\u00edc\u00edch pr\u00e1v\u011b v&nbsp;\u00dasteck\u00e9m kraji, kter\u00e9 se sna\u017e\u00edme d\u00e1le prezentovat i&nbsp;na akc\u00edch po\u0159\u00e1dan\u00fdch M\u011bstsk\u00fdmi kulturn\u00edmi za\u0159\u00edzen\u00edmi. Novinkou tohoto ro\u010dn\u00edku bylo ocen\u011bn\u00ed nejlep\u0161\u00edho piva, jeho\u017e v\u00fdherce si odnesl titul Pivo Zahrady \u010cech. T\u011b\u0161\u00ed n\u00e1s, \u017ee se ka\u017edoro\u010dn\u011b zvy\u0161uje po\u010det p\u0159ihl\u00e1\u0161en\u00fdch pivovar\u016f a vzork\u016f,\u201c sd\u011blila \u0159editelka sout\u011b\u017ee a z\u00e1rove\u0148 \u0159editelka MKZ Litom\u011b\u0159ice Michaela Mokr\u00e1.<\/p>\n<p><a class=\"inserted-article js-TrackingArticleLink-ready\" href=\"https:\/\/decinsky.denik.cz\/zpravy_region\/hrensko-smlouva-povodi-ohre-vypoved-20240514.html\"><img loading=\"lazy\" decoding=\"async\" class=\"inserted-article__img\" title=\"Nad Edmundovou sout\u011bskou i Gabrielinou stezkou jsou tis\u00edce popadan\u00fdch strom\u016f a nestabiln\u00edch skaln\u00edch blok\u016f. Ilustra\u010dn\u00ed foto\" src=\"https:\/\/g.denik.cz\/8\/ae\/ceske-svycarsko-lokality-po-pozaru-04_denik-150-3x2.jpg\" srcset=\"https:\/\/g.denik.cz\/8\/ae\/ceske-svycarsko-lokality-po-pozaru-04_denik-150-3x2.jpg 1x, https:\/\/g.denik.cz\/8\/ae\/ceske-svycarsko-lokality-po-pozaru-04_denik-150-3x2@2x.jpg 2x\" alt=\"Nad Edmundovou sout\u011bskou i Gabrielinou stezkou jsou tis\u00edce popadan\u00fdch strom\u016f a nestabiln\u00edch skaln\u00edch blok\u016f. Ilustra\u010dn\u00ed foto\" width=\"150\" height=\"100\"><\/a><\/p>\n<div class=\"inserted-article__title\">H\u0159ensko vypov\u011bd\u011blo Povod\u00ed kv\u016fli bezpe\u010dnosti smlouvu na \u00fadr\u017ebu Edmundovy sout\u011bsky<\/div>\n<p>Litom\u011b\u0159ice jsou v&nbsp;posledn\u00edch t\u00fddnech op\u011bt hlavn\u00edm m\u011bstem piva a tak\u00e9 v\u00edna. V&nbsp;dubnu se tam konal Mezin\u00e1rodn\u00ed pivn\u00ed festival se zastoupen\u00edm&nbsp;1135&nbsp;vzork\u016f piv.&nbsp;Absolutn\u00edm v\u00edt\u011bzem a dr\u017eitelem ocen\u011bn\u00ed Sv\u011btov\u00e1 pivn\u00ed pe\u010de\u0165 2024&nbsp;se tam stal&nbsp;<a class=\"js-anchorElmGAevents-ready js-TrackingArticleLink-ready\" href=\"https:\/\/www.pivovarsvijany.cz\/\">Pivovar Svijany<\/a>&nbsp;se sv\u00fdm Svijansk\u00fdm Baronem 15&nbsp;%. V&nbsp;kategorii \u010desk\u00fdch piv si prvn\u00ed m\u00edsto &#8211; \u010ceskou pivn\u00ed pe\u010de\u0165 2024&nbsp;odnesl&nbsp;<a class=\"js-anchorElmGAevents-ready js-TrackingArticleLink-ready\" href=\"https:\/\/www.facebook.com\/pivovartrilobit\">Pivovar Trilobit<\/a>.<\/p>\n<p>Za\u010d\u00e1tek kv\u011btna pak pat\u0159il kl\u00e1n\u00ed&nbsp;V\u00edno \u00dasteck\u00e9ho kraje. O&nbsp;titul bojovalo n\u011bkolik des\u00edtek produkt\u016f.&nbsp;V&nbsp;kategorii b\u00edl\u00fdch v\u00edn se jako absolutn\u00ed \u0161ampion prosadil Ryzlink R\u00fdnsk\u00fd, ro\u010dn\u00edk 2022, pozdn\u00ed sb\u011br z&nbsp;<a class=\"js-anchorElmGAevents-ready js-TrackingArticleLink-ready\" href=\"https:\/\/www.zernosecke-vinarstvi.cz\/\">\u017dernoseck\u00e9ho vina\u0159stv\u00ed<\/a>.&nbsp;V&nbsp;kategorii \u010derven\u00fdch v\u00edn pak zaz\u00e1\u0159ilo \u017eernoseck\u00e9 Svatovav\u0159ineck\u00e9, ro\u010dn\u00edk 2022, jakostn\u00ed v\u00edno odr\u016fdov\u00e9.<\/p>\n<p><a href=\"https:\/\/decinsky.denik.cz\/zpravy_region\/soutez-pivo-usteckeho-kraje-vitez-oceneni-20240515.html\">Zdroj<\/a><\/p>\n<\/div>\n","protected":false},"excerpt":{"rendered":"<p>V&nbsp;Litom\u011b\u0159ic\u00edch se konal t\u0159et\u00ed ro\u010dn\u00edk sout\u011b\u017ee Pivo \u00dasteck\u00e9ho kraje. Jeden\u00e1ct minipivovar\u016f s&nbsp;bezm\u00e1la pades\u00e1tkou vzork\u016f usilovalo o&nbsp;ocen\u011bn\u00ed odborn\u00e9 poroty. Nechyb\u011bla sv\u011btl\u00e1 v\u00fd\u010depn\u00ed ani tmav\u00e9&nbsp;le\u017e\u00e1ky.<\/p>\n","protected":false},"author":9,"featured_media":0,"comment_status":"open","ping_status":"open","sticky":false,"template":"","format":"standard","meta":{"ngg_post_thumbnail":0,"footnotes":""},"categories":[11,20],"tags":[],"class_list":["post-14177","post","type-post","status-publish","format-standard","hentry","category-ozvena","category-pivo"],"_links":{"self":[{"href":"https:\/\/www.ladislavjakl.cz\/index.php?rest_route=\/wp\/v2\/posts\/14177","targetHints":{"allow":["GET"]}}],"collection":[{"href":"https:\/\/www.ladislavjakl.cz\/index.php?rest_route=\/wp\/v2\/posts"}],"about":[{"href":"https:\/\/www.ladislavjakl.cz\/index.php?rest_route=\/wp\/v2\/types\/post"}],"author":[{"embeddable":true,"href":"https:\/\/www.ladislavjakl.cz\/index.php?rest_route=\/wp\/v2\/users\/9"}],"replies":[{"embeddable":true,"href":"https:\/\/www.ladislavjakl.cz\/index.php?rest_route=%2Fwp%2Fv2%2Fcomments&post=14177"}],"version-history":[{"count":1,"href":"https:\/\/www.ladislavjakl.cz\/index.php?rest_route=\/wp\/v2\/posts\/14177\/revisions"}],"predecessor-version":[{"id":14178,"href":"https:\/\/www.ladislavjakl.cz\/index.php?rest_route=\/wp\/v2\/posts\/14177\/revisions\/14178"}],"wp:attachment":[{"href":"https:\/\/www.ladislavjakl.cz\/index.php?rest_route=%2Fwp%2Fv2%2Fmedia&parent=14177"}],"wp:term":[{"taxonomy":"category","embeddable":true,"href":"https:\/\/www.ladislavjakl.cz\/index.php?rest_route=%2Fwp%2Fv2%2Fcategories&post=14177"},{"taxonomy":"post_tag","embeddable":true,"href":"https:\/\/www.ladislavjakl.cz\/index.php?rest_route=%2Fwp%2Fv2%2Ftags&post=14177"}],"curies":[{"name":"wp","href":"https:\/\/api.w.org\/{rel}","templated":true}]}}