{"id":14182,"date":"2024-05-16T15:53:29","date_gmt":"2024-05-16T13:53:29","guid":{"rendered":"https:\/\/www.ladislavjakl.cz\/?p=14182"},"modified":"2024-05-16T15:53:29","modified_gmt":"2024-05-16T13:53:29","slug":"kdo-suspenduje-novinare","status":"publish","type":"post","link":"https:\/\/www.ladislavjakl.cz\/?p=14182","title":{"rendered":"Kdo suspenduje novin\u00e1\u0159e?"},"content":{"rendered":"<div class=\"opener\">Michal \u0160ime\u010dka, p\u0159edseda extremistick\u00e9 strany Progres\u00edvne Slovensko, vyrukoval s heslem \u201eUrob\u00edme v\u0161etko, aby Fico nevl\u00e1dol.\u201c Slova maj\u00ed sv\u016fj v\u00fdznam a v\u0161echno znamen\u00e1 V\u0160ECHNO.<br \/>\n<!--more-->To na\u0161e prezidentu\u0161e a eurokomisaru\u0161e Nerudov\u00e1 v po\u0159adu 360 stup\u0148\u016f televize Prima CNN p\u0159irovnala slovensk\u00e9ho premi\u00e9ra Fica rovnou k Hitlerovi. P\u0159i t\u00e9to p\u0159\u00edle\u017eitosti je\u0161t\u011b \u0159ekla na Ficovu adresu mimo jin\u00e9 toto \u201e\u2026kdy\u017e n\u011bkdo ohro\u017euje na\u0161i bezpe\u010dnost\u2026 tak mu to mus\u00edme d\u00e1t jasn\u011b najevo.\u201c No, zd\u00e1 se, \u017ee \u201ejasn\u011b najevo\u201c mu to tedy n\u011bkdo opravdu dal. Nerudov\u00e1 tak\u00e9 pravila \u201e\u2026 byl to naprosto jasn\u00fd sign\u00e1l Ficovi, \u017ee tudy cesta nevede.\u201c No, sign\u00e1l to jasn\u00fd opravdu byl. Nerudov\u00e1 sice myslela on\u00edm sign\u00e1lem p\u0159eru\u0161en\u00ed mezivl\u00e1dn\u00edch rozhovor\u016f se Slovenskem z \u010desk\u00e9 strany, ale n\u011bkdy maj\u00ed slova, jak je vid\u011bt, i univerz\u00e1ln\u011bj\u0161\u00ed platnost.<\/p>\n<p>Sport a m\u00e9dia. Co maj\u00ed spole\u010dn\u00e9ho? M\u00e9dia by m\u011bla plnit roli takov\u00e9ho rozhod\u010d\u00edho. A m\u011b\u0159it v\u0161em stejn\u00fdm metrem. Nikomu ostentativn\u011b nefandit, nikoho ostentativn\u011b nepo\u0161kozovat. Jako ka\u017ed\u00fd dobr\u00fd rozhod\u010d\u00ed. Ne jako ten ve \u010dtvrt\u00e9 nizozemsk\u00e9 lize, kter\u00fd v t\u011bchto dnech zp\u016fsobil sportovn\u00ed skand\u00e1l, kdy\u017e v rozhoduj\u00edc\u00edm z\u00e1pase o titul na amat\u00e9rsk\u00e9 \u00farovni jednomu t\u00fdmu ud\u011blil t\u0159i \u010derven\u00e9 karty a pak nastavil patn\u00e1ct minut, dokud \u201ejeho\u201c t\u00fdm nevyrovnal, co\u017e mu sta\u010dilo na onen titul. A nakonec spolu s mistrem onen rozhod\u010d\u00ed \u201evybojovan\u00fd\u201c titul bou\u0159liv\u011b oslavoval, zdvihal poh\u00e1r a zp\u00edval oslavn\u00e9 p\u00edsn\u011b. Na\u010de\u017e byl nizozemsk\u00fdm sportovn\u00edm svazem do\u017eivotn\u011b suspendov\u00e1n. H\u00e1jil se, \u017ee si jen p\u0159ece jen zazp\u00edval a pot\u011b\u017ekal poh\u00e1r.<\/p>\n<p>Podobn\u011b trapn\u011b fand\u00ed a pak se trapn\u011b obhajuj\u00ed i n\u011bkter\u00e1 na\u0161e m\u00e9dia. N\u011bkolik z nich zvr\u00e1cen\u011b a nechutn\u011b surfuje na zlo\u010dinn\u00e9m atent\u00e1tu na slovensk\u00e9ho premi\u00e9ra a opisuje od sebe tvrzen\u00ed, jak vra\u017eedn\u00fd \u00faro\u010dn\u00edk byl pr\u00fd sympatizantem jak\u00fdchsi Slovensk\u00fdch branc\u016f. Tak n\u011bjak potichu ale na\u0161lapuj\u00ed kolem toho, \u017ee p\u0159\u00edm\u00e1 motivace pachatele byla \u00fapln\u011b jasn\u00e1, proto\u017ee v sou\u010dasn\u00e9 dob\u011b otev\u0159en\u011b a vyhrocen\u00fdm zp\u016fsobem podporuje \u010caputovou a Ukrajinu a odsuzuje Trumpa a pr\u00e1v\u011b Fica. Co\u017e dokl\u00e1d\u00e1 i standard.sk.<\/p>\n<p>M\u00e1m v ruce videoz\u00e1znam z protificovsk\u00e9 demonstrace, kde budouc\u00ed atent\u00e1tn\u00edk demonstruje pod vlajkami EU a protivl\u00e1dn\u00edmi transparenty proti proj\u00ed\u017ed\u011bj\u00edc\u00ed kolon\u011b s Ficem a pok\u0159ikuje: \u201ezradcovia, kolaboranti, nech \u017eije Ukrajina!\u201c A d\u00e1le: \u201ebanda zkur.en\u00e1, dost bolo Fica, dost bolo Fica, dost bolo Fica, dost bolo Fica!\u201c U\u017e v\u00edme, jak to myslel.<\/p>\n<p>M\u00e9dia se \u017e\u00e1dn\u00e9ho suspendov\u00e1n\u00ed neboj\u00ed, proto\u017ee se chovaj\u00ed p\u0159esn\u011b jako onen holandsk\u00fd rozhod\u010d\u00ed. Ostatn\u011b, m\u016fj posledn\u00ed blog o \u00dastavn\u00edm soudu z\u016fstal zde v nab\u00eddce jen p\u00e1r minut a lze ho naj\u00edt jen p\u0159es jm\u00e9no autora. Zainteresovan\u00e1 anga\u017eovanost je c\u00edtit i v ka\u017ed\u00e9 druh\u00e9 v\u011bt\u011b zpravodajstv\u00ed hlavn\u00edho proudu o slovensk\u00e9 trag\u00e9dii. Um\u00edte si p\u0159edstavit, kdyby se n\u011bco podobn\u00e9ho stalo v opa\u010dn\u00e9m politick\u00e9m gardu? Jak odli\u0161n\u00e1 by byla dikce, slovn\u00edk, argumentace? Co by se zaml\u010delo a co naopak fabulovalo a podsouvalo?<\/p>\n<p>K\u00e9\u017e bude Robert Fico zachr\u00e1n\u011bn, k\u00e9\u017e se uzdrav\u00ed. Ale atent\u00e1t byl sp\u00e1ch\u00e1n i na pravdu. A jestli ta se z toho n\u011bkdy uzdrav\u00ed, to tedy nev\u00ed nikdo.<\/p>\n<p>ps\u00e1no pro IVK<\/p>\n<\/div>\n<p>Zdroj:&nbsp;<a href=\"https:\/\/blog.idnes.cz\/jakl\/kdo-suspenduje-novinare.Bg24050474\">https:\/\/blog.idnes.cz\/jakl\/kdo-suspenduje-novinare.Bg24050474<\/a><\/p>\n","protected":false},"excerpt":{"rendered":"<p>Michal \u0160ime\u010dka, p\u0159edseda extremistick\u00e9 strany Progres\u00edvne Slovensko, vyrukoval s heslem \u201eUrob\u00edme v\u0161etko, aby Fico nevl\u00e1dol.\u201c Slova maj\u00ed sv\u016fj v\u00fdznam a v\u0161echno znamen\u00e1 V\u0160ECHNO.<\/p>\n","protected":false},"author":9,"featured_media":0,"comment_status":"open","ping_status":"open","sticky":false,"template":"","format":"standard","meta":{"ngg_post_thumbnail":0,"footnotes":""},"categories":[1],"tags":[],"class_list":["post-14182","post","type-post","status-publish","format-standard","hentry","category-publikovane-clanky"],"_links":{"self":[{"href":"https:\/\/www.ladislavjakl.cz\/index.php?rest_route=\/wp\/v2\/posts\/14182","targetHints":{"allow":["GET"]}}],"collection":[{"href":"https:\/\/www.ladislavjakl.cz\/index.php?rest_route=\/wp\/v2\/posts"}],"about":[{"href":"https:\/\/www.ladislavjakl.cz\/index.php?rest_route=\/wp\/v2\/types\/post"}],"author":[{"embeddable":true,"href":"https:\/\/www.ladislavjakl.cz\/index.php?rest_route=\/wp\/v2\/users\/9"}],"replies":[{"embeddable":true,"href":"https:\/\/www.ladislavjakl.cz\/index.php?rest_route=%2Fwp%2Fv2%2Fcomments&post=14182"}],"version-history":[{"count":1,"href":"https:\/\/www.ladislavjakl.cz\/index.php?rest_route=\/wp\/v2\/posts\/14182\/revisions"}],"predecessor-version":[{"id":14183,"href":"https:\/\/www.ladislavjakl.cz\/index.php?rest_route=\/wp\/v2\/posts\/14182\/revisions\/14183"}],"wp:attachment":[{"href":"https:\/\/www.ladislavjakl.cz\/index.php?rest_route=%2Fwp%2Fv2%2Fmedia&parent=14182"}],"wp:term":[{"taxonomy":"category","embeddable":true,"href":"https:\/\/www.ladislavjakl.cz\/index.php?rest_route=%2Fwp%2Fv2%2Fcategories&post=14182"},{"taxonomy":"post_tag","embeddable":true,"href":"https:\/\/www.ladislavjakl.cz\/index.php?rest_route=%2Fwp%2Fv2%2Ftags&post=14182"}],"curies":[{"name":"wp","href":"https:\/\/api.w.org\/{rel}","templated":true}]}}