{"id":14186,"date":"2024-05-20T23:21:13","date_gmt":"2024-05-20T21:21:13","guid":{"rendered":"https:\/\/www.ladislavjakl.cz\/?p=14186"},"modified":"2024-05-20T23:30:20","modified_gmt":"2024-05-20T21:30:20","slug":"jakl-probruselska-media-se-snazi-prevypravet-atentat-na-fica-do-podoby-sveho-fiktivniho-sveta","status":"publish","type":"post","link":"https:\/\/www.ladislavjakl.cz\/?p=14186","title":{"rendered":"Jakl: Probruselsk\u00e1 m\u00e9dia se sna\u017e\u00ed p\u0159evypr\u00e1v\u011bt atent\u00e1t na Fica do podoby sv\u00e9ho fiktivn\u00edho sv\u011bta"},"content":{"rendered":"<div class=\"article__lead\">Atent\u00e1tu na slovensk\u00e9ho premi\u00e9ra Roberta Fica se v\u011bnuj\u00ed sv\u011btov\u00e1 m\u00e9dia. \u010cesk\u00fd mainstream se v\u0161ak pokou\u0161\u00ed zneu\u017e\u00edt trag\u00e9dii k politick\u00fdm c\u00edl\u016fm a k dal\u0161\u00edmu rozdm\u00fdch\u00e1n\u00ed nen\u00e1visti. O medi\u00e1ln\u00edm pokryt\u00ed atent\u00e1tu v\u0161em novin\u00e1\u0159\u016fm ne\u010cT2 s publicistou Ladislavem Jaklem, b\u00fdval\u00fdm tajemn\u00edkem V\u00e1clava Klause.<br \/>\n<!--more--><b>M\u00e9dia uv\u00e1d\u011bla, \u017ee atent\u00e1n\u00edk na Fica je nejprve napojen na proruskou sc\u00e9nu. Pozd\u011bji se v\u0161ak uk\u00e1zalo, \u017ee se \u00fa\u010dastnil protivl\u00e1dn\u00edch protest\u016f a podporoval Ukrajinu. Pro\u010d se za ka\u017edou cenu sna\u017e\u00ed naj\u00edt ruskou stopu?<\/b><\/div>\n<div class=\"article__lead\"><b>Ladislav Jakl:<\/b> M\u00e9dia vesm\u011bs nereflektuj\u00ed realitu. Sna\u017e\u00ed se ji spoluutv\u00e1\u0159et. U\u017e dlouho se tu hraje hra na medi\u00e1ln\u00ed mil\u00e1\u010dky a medi\u00e1ln\u00ed otlouk\u00e1nky. A kdy\u017e se stane ohromn\u00e1 tragick\u00e1 ud\u00e1lost, kter\u00e1 vybo\u010duje z jejich p\u0159id\u011blen\u00fdch rol\u00ed zl\u00fdch a hodn\u00fdch, tak se provl\u00e1dn\u00ed a probruselsk\u00e1 m\u00e9dia sna\u017e\u00ed ji p\u0159evypr\u00e1v\u011bt do podoby sv\u00e9ho fiktivn\u00edho sv\u011bta.<\/div>\n<div>&nbsp;<\/div>\n<div class=\"article__lead\">\n<p><b>Vl\u00e1dn\u00ed koalice na Slovensku vin\u00ed opozici a mainstream, kter\u00fd p\u0159il\u00e9val olej do ohn\u011b nen\u00e1visti v\u016f\u010di premi\u00e9ru Ficovi. Podle v\u00e1s k rozdm\u00fdch\u00e1n\u00ed nen\u00e1visti do jist\u00e9 m\u00edry p\u0159isp\u011bla i Fialova vl\u00e1da, nebo\u0165 vl\u00e1dn\u00ed politici ost\u0159e kritizovali Fica, a dokonce rozhodli o p\u0159eru\u0161en\u00ed pravideln\u00fdch mezivl\u00e1dn\u00edch konzultac\u00ed \u010cR a Slovenska?<\/b><\/p>\n<p>Nev\u00edm, jestli ten krok podn\u00edtil n\u011bjak\u00e9 davov\u00e9 emoce, ale byl to krok hloup\u00fd, nediplomatick\u00fd a zcela v rozporu se z\u00e1jmy na\u0161\u00ed republiky m\u00edt kvalitn\u00ed a korektn\u00ed vztahy se sousedy.<\/p>\n<p><b>Premi\u00e9r Fiala uvedl, \u017ee spole\u010dnost je vyost\u0159en\u00e1 nejen na Slovensku, ale i ve sv\u011bt\u011b, v\u010detn\u011b \u010cR. Mysl\u00edte si, \u017ee ud\u00e1losti na Slovensku mohou sn\u00ed\u017eit aroganci vl\u00e1dy v\u016f\u010di opozi\u010dn\u00edm stran\u00e1m a nespokojen\u00fdm ob\u010dan\u016fm?<\/b><\/p>\n<p>Fiala se ke sv\u00e9 funkci prolhal. Kon\u00e1 naprost\u00fd opak toho, co cel\u00e1 l\u00e9ta vytruboval. A jestli tu prob\u00edh\u00e1 boj o demokracii, tak on je na stran\u011b jej\u00edch nep\u0159\u00e1tel, ne ochr\u00e1nc\u016f.<\/p>\n<p><b>M\u011blo by se medi\u00e1ln\u00ed prost\u0159ed\u00ed a obsah politick\u00fdch kampan\u00ed do budoucna regulovat tak, aby nemotivovaly ob\u010dany podnikat podobn\u00e9 trestn\u00e9 \u010diny?<\/b><\/p>\n<p><b><\/b>Ne. Regulace je cestou do pekla. V\u017edy se zneu\u017e\u00edv\u00e1. Nic jin\u00e9ho n\u00e1m nezb\u00fdv\u00e1, ne\u017e v\u00e9st boj, kter\u00fd se tu vede po cel\u00e9 generaci. Boj za soudnost, zodpov\u011bdnost a o vyv\u00e1\u017eenost mezi odvahou a rozvahou.<\/p>\n<p><a href=\"https:\/\/42tcen.com\/amp\/jakl-probruselska-media-se-snazi-prevypravet-atentat-na-fica-do-podoby-sveho-fiktivniho-sveta\">Zdroj<\/a><\/p>\n<\/div>\n","protected":false},"excerpt":{"rendered":"<p>Atent\u00e1tu na slovensk\u00e9ho premi\u00e9ra Roberta Fica se v\u011bnuj\u00ed sv\u011btov\u00e1 m\u00e9dia. \u010cesk\u00fd mainstream se v\u0161ak pokou\u0161\u00ed zneu\u017e\u00edt trag\u00e9dii k politick\u00fdm c\u00edl\u016fm a k dal\u0161\u00edmu rozdm\u00fdch\u00e1n\u00ed nen\u00e1visti. O medi\u00e1ln\u00edm pokryt\u00ed atent\u00e1tu v\u0161em novin\u00e1\u0159\u016fm ne\u010cT2 s publicistou Ladislavem Jaklem, b\u00fdval\u00fdm tajemn\u00edkem V\u00e1clava Klause.<\/p>\n","protected":false},"author":9,"featured_media":0,"comment_status":"open","ping_status":"open","sticky":false,"template":"","format":"standard","meta":{"ngg_post_thumbnail":0,"footnotes":""},"categories":[13],"tags":[],"class_list":["post-14186","post","type-post","status-publish","format-standard","hentry","category-rozhovory"],"_links":{"self":[{"href":"https:\/\/www.ladislavjakl.cz\/index.php?rest_route=\/wp\/v2\/posts\/14186","targetHints":{"allow":["GET"]}}],"collection":[{"href":"https:\/\/www.ladislavjakl.cz\/index.php?rest_route=\/wp\/v2\/posts"}],"about":[{"href":"https:\/\/www.ladislavjakl.cz\/index.php?rest_route=\/wp\/v2\/types\/post"}],"author":[{"embeddable":true,"href":"https:\/\/www.ladislavjakl.cz\/index.php?rest_route=\/wp\/v2\/users\/9"}],"replies":[{"embeddable":true,"href":"https:\/\/www.ladislavjakl.cz\/index.php?rest_route=%2Fwp%2Fv2%2Fcomments&post=14186"}],"version-history":[{"count":7,"href":"https:\/\/www.ladislavjakl.cz\/index.php?rest_route=\/wp\/v2\/posts\/14186\/revisions"}],"predecessor-version":[{"id":14194,"href":"https:\/\/www.ladislavjakl.cz\/index.php?rest_route=\/wp\/v2\/posts\/14186\/revisions\/14194"}],"wp:attachment":[{"href":"https:\/\/www.ladislavjakl.cz\/index.php?rest_route=%2Fwp%2Fv2%2Fmedia&parent=14186"}],"wp:term":[{"taxonomy":"category","embeddable":true,"href":"https:\/\/www.ladislavjakl.cz\/index.php?rest_route=%2Fwp%2Fv2%2Fcategories&post=14186"},{"taxonomy":"post_tag","embeddable":true,"href":"https:\/\/www.ladislavjakl.cz\/index.php?rest_route=%2Fwp%2Fv2%2Ftags&post=14186"}],"curies":[{"name":"wp","href":"https:\/\/api.w.org\/{rel}","templated":true}]}}