{"id":14199,"date":"2024-05-22T11:22:53","date_gmt":"2024-05-22T09:22:53","guid":{"rendered":"https:\/\/www.ladislavjakl.cz\/?p=14199"},"modified":"2024-05-22T11:22:53","modified_gmt":"2024-05-22T09:22:53","slug":"co-s-orbanem-varecku-nebo-opasek","status":"publish","type":"post","link":"https:\/\/www.ladislavjakl.cz\/?p=14199","title":{"rendered":"Co s Orb\u00e1nem? Va\u0159e\u010dku, nebo opasek?"},"content":{"rendered":"<p>Ve stylu M\u011bs\u00edce \u010deskoslovensko-sov\u011btsk\u00e9ho p\u0159\u00e1telstv\u00ed se nesly (a je\u0161t\u011b dozn\u00edvaj\u00ed) velkolep\u00e9 oslavy 20. v\u00fdro\u010d\u00ed vstupu \u010cR do Evropsk\u00e9 unie. A ten p\u0159\u00edslu\u0161n\u00fd v\u00fdro\u010dn\u00ed den by se klidn\u011b mohl jmenovat <strong>Den mezin\u00e1rodn\u00ed rodiny<\/strong>.<\/p>\n<p><!--more--><\/p>\n<p>Ve st\u0159edu byl Mezin\u00e1rodn\u00ed<strong> den rodiny<\/strong>. P\u0159ehod\u00edte slov\u00ed\u010dka \u2013 a v\u00fdznam je hned \u00fapln\u011b jin\u00fd. Ony tyhle v\u0161echny halasn\u011b vytrubovan\u00e9 dny \u010dehokoli jsou stejn\u011b jen kratochv\u00edl\u00ed v\u0161elijak\u00fdch band byrokrat\u016f. Ostatn\u011b, v&nbsp;ml\u00e1d\u00ed jsme necht\u011bli pop\u00edjet jen tak sprost\u011b bezd\u016fvodn\u011b, tak si skoro v\u017edy jeden z&nbsp;n\u00e1s od stolu dal pr\u00e1ci a n\u011bkde na\u0161el, \u017ee dnes bychom si mohli p\u0159ip\u00edt t\u0159eba na Den rumunsk\u00e9ho zem\u011bd\u011blstv\u00ed.<\/p>\n<p>Po\u0159\u00e1d je ale lep\u0161\u00ed slavit Mezin\u00e1rodn\u00ed den rodiny ne\u017e Den mezin\u00e1rodn\u00ed rodiny. U\u017e fakt, \u017ee v&nbsp;n\u011bkter\u00fdch slovansk\u00fdch jazyc\u00edch, jejich\u017e jm\u00e9no se nyn\u00ed nesm\u00ed ani vyslovit, m\u00e1 rodina i v\u00fdznam pojmu \u201evlast\u201c, sv\u011bd\u010d\u00ed o tom, \u017ee rodina n\u00e1rod\u016f je nesmysl. Rodina rodin? Dokonce i rodina n\u00e1rodn\u00edch st\u00e1t\u016f je nesmysl. Spolek s&nbsp;definovan\u00fdm \u010dlenstv\u00edm a stanovami, to u\u017e je n\u011bco jin\u00e9ho. U\u017e proto, \u017ee do rodiny se rod\u00edme, zat\u00edmco do spolku vstupujeme dobrovoln\u011b a na z\u00e1klad\u011b n\u011bjak\u00e9 v\u00fdhodnosti \u010dlenstv\u00ed.<\/p>\n<p>Rodina dost\u00e1v\u00e1 posledn\u00ed dobou p\u011bkn\u011b za u\u0161i. Nepodl\u00e9h\u00e1m n\u00e1zoru, podle kter\u00e9ho se st\u00e1tn\u00ed moc m\u00e1 montovat do popula\u010dn\u00ed politiky \u010di za pen\u00edze poplatn\u00edk\u016f n\u011bjak rodiny zv\u00fdhod\u0148ovat. Nem\u011bla by jim ale soustavn\u011b \u0161kodit a rozkl\u00e1dat je. A to d\u011bl\u00e1. Genderov\u00e9 \u0161\u00edlenstv\u00ed se st\u00e1v\u00e1 na\u0161\u00ed ofici\u00e1ln\u00ed st\u00e1tn\u00ed doktr\u00ednou.<\/p>\n<p>Mezi rodinou a mezin\u00e1rodn\u00edm spole\u010denstv\u00edm je ale je\u0161t\u011b jeden podstatn\u00fd rozd\u00edl. V&nbsp;rodin\u011b je n\u011bkdo rodi\u010dem, n\u011bkdo d\u00edt\u011btem. Rodi\u010d vychov\u00e1v\u00e1, d\u00edt\u011b je vychov\u00e1v\u00e1no. Podle dnes zve\u0159ejn\u011bn\u00e9ho pr\u016fzkumu u n\u00e1s asi 40 procent rodi\u010d\u016f pova\u017euje trest va\u0159e\u010dkou \u010di opaskem za v&nbsp;n\u011bkter\u00fdch p\u0159\u00edpadech vhodn\u00e9 \u0159e\u0161en\u00ed v\u00fdchovn\u00e9ho probl\u00e9mu. V&nbsp;m\u00e9m p\u0159\u00edpad\u011b to ostatn\u011b \u010dasto ani jinak ne\u0161lo.<\/p>\n<p>Ti, kdo n\u00e1s prohla\u0161uj\u00ed za mezin\u00e1rodn\u00ed rodinu, by si jist\u011b p\u0159\u00e1li n\u011bco podobn\u00e9ho (a ostatn\u011b to tak\u00e9 \u010dasto prosazuj\u00ed) i na unijn\u00ed \u00farovni. Tuze moc cht\u011bj\u00ed pasovat n\u011bkter\u00e9 \u010dleny spolku do dole vychov\u00e1vaj\u00edc\u00edch a jin\u00e9 \u010dleny ozna\u010dit za zlobiv\u00e9 ratolesti, kter\u00e9 by bylo t\u0159eba ob\u010das potrestat opaskem, va\u0159e\u010dkou nebo t\u0159eba sankc\u00ed v&nbsp;podob\u011b zablokov\u00e1n\u00ed pod\u00edlu na distribuci spole\u010dn\u00fdch prost\u0159edk\u016f. Ma\u010fa\u0159i nebo je\u0161t\u011b doned\u00e1vna Pol\u00e1ci by mohli vypr\u00e1v\u011bt.<\/p>\n<p>I sourozenci se ob\u010das mohou poh\u00e1dat. Ale nikdo z&nbsp;nich nem\u00e1 pr\u00e1vo druh\u00e9ho \u0159\u00eddit. To mohou jen rodi\u010de. A kdo je v&nbsp;t\u00e9 \u201ena\u0161\u00ed\u201c EU rodi\u010dem? Brusel? N\u011bmecko? Evropsk\u00e1 komise? V&nbsp;tom p\u0159\u00edpad\u011b bu\u010fme rad\u011bji sirotky.<\/p>\n<p>Ps\u00e1no pro Den\u00edk TO<\/p>\n<p><a href=\"https:\/\/denik.to\/co-s-orbanem-varecku-nebo-opasek\/\">Co s&nbsp;Orb\u00e1nem? Va\u0159e\u010dku, nebo opasek? | Den\u00edk TO (denik.to)<\/a><\/p>\n","protected":false},"excerpt":{"rendered":"<p>Ve stylu M\u011bs\u00edce \u010deskoslovensko-sov\u011btsk\u00e9ho p\u0159\u00e1telstv\u00ed se nesly (a je\u0161t\u011b dozn\u00edvaj\u00ed) velkolep\u00e9 oslavy 20. v\u00fdro\u010d\u00ed vstupu \u010cR do Evropsk\u00e9 unie. A ten p\u0159\u00edslu\u0161n\u00fd v\u00fdro\u010dn\u00ed den by se klidn\u011b mohl jmenovat Den mezin\u00e1rodn\u00ed rodiny.<\/p>\n","protected":false},"author":9,"featured_media":0,"comment_status":"open","ping_status":"open","sticky":false,"template":"","format":"standard","meta":{"ngg_post_thumbnail":0,"footnotes":""},"categories":[1],"tags":[],"class_list":["post-14199","post","type-post","status-publish","format-standard","hentry","category-publikovane-clanky"],"_links":{"self":[{"href":"https:\/\/www.ladislavjakl.cz\/index.php?rest_route=\/wp\/v2\/posts\/14199","targetHints":{"allow":["GET"]}}],"collection":[{"href":"https:\/\/www.ladislavjakl.cz\/index.php?rest_route=\/wp\/v2\/posts"}],"about":[{"href":"https:\/\/www.ladislavjakl.cz\/index.php?rest_route=\/wp\/v2\/types\/post"}],"author":[{"embeddable":true,"href":"https:\/\/www.ladislavjakl.cz\/index.php?rest_route=\/wp\/v2\/users\/9"}],"replies":[{"embeddable":true,"href":"https:\/\/www.ladislavjakl.cz\/index.php?rest_route=%2Fwp%2Fv2%2Fcomments&post=14199"}],"version-history":[{"count":1,"href":"https:\/\/www.ladislavjakl.cz\/index.php?rest_route=\/wp\/v2\/posts\/14199\/revisions"}],"predecessor-version":[{"id":14200,"href":"https:\/\/www.ladislavjakl.cz\/index.php?rest_route=\/wp\/v2\/posts\/14199\/revisions\/14200"}],"wp:attachment":[{"href":"https:\/\/www.ladislavjakl.cz\/index.php?rest_route=%2Fwp%2Fv2%2Fmedia&parent=14199"}],"wp:term":[{"taxonomy":"category","embeddable":true,"href":"https:\/\/www.ladislavjakl.cz\/index.php?rest_route=%2Fwp%2Fv2%2Fcategories&post=14199"},{"taxonomy":"post_tag","embeddable":true,"href":"https:\/\/www.ladislavjakl.cz\/index.php?rest_route=%2Fwp%2Fv2%2Ftags&post=14199"}],"curies":[{"name":"wp","href":"https:\/\/api.w.org\/{rel}","templated":true}]}}