{"id":142,"date":"2009-12-17T08:56:35","date_gmt":"2009-12-17T07:56:35","guid":{"rendered":"http:\/\/www.ladislavjakl.cz\/?p=142"},"modified":"2009-12-29T12:47:43","modified_gmt":"2009-12-29T11:47:43","slug":"dopis-prezidenta-republiky-ladislavu-jaklovi-k-udeleni-cestne-plakety","status":"publish","type":"post","link":"https:\/\/www.ladislavjakl.cz\/?p=142","title":{"rendered":"Dopis prezidenta republiky Ladislavu Jaklovi k ud\u011blen\u00ed \u010destn\u00e9 plakety"},"content":{"rendered":"<p>Mil\u00fd L\u00e1\u010fo,<\/p>\n<p>dovolte mi, abych V\u00e1m u p\u0159\u00edle\u017eitosti\u3000Va\u0161eho nadch\u00e1zej\u00edc\u00edho \u017eivotn\u00edho jubilea \u2013 50. narozenin \u2013 p\u0159edal jako v\u00fdraz ocen\u011bn\u00ed Va\u0161\u00ed pr\u00e1ce \u010cestnou plaketu prezidenta republiky.<\/p>\n<p><!--more--><br \/>\nTato plaketa je v\u00fdrazem m\u00e9ho pod\u011bkov\u00e1n\u00ed za dlouh\u00e1 l\u00e9ta Va\u0161\u00ed spolupr\u00e1ce a pomoci v\u3000m\u00e9 bezprost\u0159edn\u00ed bl\u00edzkosti. Va\u0161e osobn\u00ed, lidsk\u00e9 kvality z\u3000V\u00e1s spolu s Va\u0161imi pevn\u00fdmi n\u00e1zory, ostr\u00fdm vid\u011bn\u00edm probl\u00e9m\u016f a schopnost\u00ed jasn\u011b a p\u0159esv\u011bd\u010div\u011b formulovat a argumentovat \u010din\u00ed \u010dlov\u011bka, kter\u00e9ho si velmi v\u00e1\u017e\u00edm jako jednoho z\u3000nejbli\u017e\u0161\u00edch spolupracovn\u00edk\u016f. Jste v\u00fdraznou a sv\u00e9bytnou osobnost\u00ed zde na Hrad\u011b i ve ve\u0159ejn\u00e9m prostoru, v\u3000n\u011bm\u017e sv\u00e9 n\u00e1zory dovedete mistrn\u011b prezentovat. \u00dasp\u011bchy do dal\u0161\u00edch let na tomto poli V\u00e1m proto p\u0159\u00e1t nemus\u00edm \u2013 v\u00edm, \u017ee V\u00e1s pades\u00e1t\u00e9 narozeniny nezm\u011bn\u00ed.<\/p>\n<p>Chci V\u00e1m proto do dal\u0161\u00edch let pop\u0159\u00e1t p\u0159edev\u0161\u00edm hodn\u011b zdrav\u00ed a osobn\u00ed spokojenosti.<\/p>\n<p>V\u00e1clav Klaus<\/p>\n<p>V\u3000Praze dne 16. prosince 2009<\/p>\n<p>(p\u016fvodn\u00ed \u010dl\u00e1nek tak\u00e9 <strong><a href=\"http:\/\/www.klaus.cz\/klaus2\/asp\/clanek.asp?id=3DjuZnJxhuKK\" target=\"_blank\">ZDE<\/a><\/strong>)<\/p>\nngg_shortcode_0_placeholder\n","protected":false},"excerpt":{"rendered":"<p>Mil\u00fd L\u00e1\u010fo, dovolte mi, abych V\u00e1m u p\u0159\u00edle\u017eitosti\u3000Va\u0161eho nadch\u00e1zej\u00edc\u00edho \u017eivotn\u00edho jubilea \u2013 50. narozenin \u2013 p\u0159edal jako v\u00fdraz ocen\u011bn\u00ed Va\u0161\u00ed pr\u00e1ce \u010cestnou plaketu prezidenta republiky.<\/p>\n","protected":false},"author":1,"featured_media":0,"comment_status":"open","ping_status":"open","sticky":false,"template":"","format":"standard","meta":{"ngg_post_thumbnail":0,"footnotes":""},"categories":[11],"tags":[],"class_list":["post-142","post","type-post","status-publish","format-standard","hentry","category-ozvena"],"_links":{"self":[{"href":"https:\/\/www.ladislavjakl.cz\/index.php?rest_route=\/wp\/v2\/posts\/142","targetHints":{"allow":["GET"]}}],"collection":[{"href":"https:\/\/www.ladislavjakl.cz\/index.php?rest_route=\/wp\/v2\/posts"}],"about":[{"href":"https:\/\/www.ladislavjakl.cz\/index.php?rest_route=\/wp\/v2\/types\/post"}],"author":[{"embeddable":true,"href":"https:\/\/www.ladislavjakl.cz\/index.php?rest_route=\/wp\/v2\/users\/1"}],"replies":[{"embeddable":true,"href":"https:\/\/www.ladislavjakl.cz\/index.php?rest_route=%2Fwp%2Fv2%2Fcomments&post=142"}],"version-history":[{"count":5,"href":"https:\/\/www.ladislavjakl.cz\/index.php?rest_route=\/wp\/v2\/posts\/142\/revisions"}],"predecessor-version":[{"id":144,"href":"https:\/\/www.ladislavjakl.cz\/index.php?rest_route=\/wp\/v2\/posts\/142\/revisions\/144"}],"wp:attachment":[{"href":"https:\/\/www.ladislavjakl.cz\/index.php?rest_route=%2Fwp%2Fv2%2Fmedia&parent=142"}],"wp:term":[{"taxonomy":"category","embeddable":true,"href":"https:\/\/www.ladislavjakl.cz\/index.php?rest_route=%2Fwp%2Fv2%2Fcategories&post=142"},{"taxonomy":"post_tag","embeddable":true,"href":"https:\/\/www.ladislavjakl.cz\/index.php?rest_route=%2Fwp%2Fv2%2Ftags&post=142"}],"curies":[{"name":"wp","href":"https:\/\/api.w.org\/{rel}","templated":true}]}}