{"id":14218,"date":"2024-05-24T15:04:02","date_gmt":"2024-05-24T13:04:02","guid":{"rendered":"https:\/\/www.ladislavjakl.cz\/?p=14218"},"modified":"2024-05-24T15:04:48","modified_gmt":"2024-05-24T13:04:48","slug":"odvolavani-xavera-nasvitilo-vyrok-vasaryove-je-to-trestne-nejen-to-se-resi","status":"publish","type":"post","link":"https:\/\/www.ladislavjakl.cz\/?p=14218","title":{"rendered":"\u201eOdvol\u00e1v\u00e1n\u00ed\u201c Xavera nasv\u00edtilo v\u00fdrok V\u00e1\u0161\u00e1ryov\u00e9. Je to trestn\u00e9? Nejen to se \u0159e\u0161\u00ed"},"content":{"rendered":"<p><strong>\u010cESKO: Kdo rozdm\u00fdchal nen\u00e1vist ve spole\u010dnosti, kter\u00e1 nakonec vedla k atent\u00e1tu na Roberta Fica? Moder\u00e1tor a radn\u00ed \u010cT Lubo\u0161 Xaver Vesel\u00fd n\u011bkolik kandid\u00e1t\u016f na\u0161el, jak v \u010cesku, tak na Slovensku. Zejm\u00e9na here\u010dku a diplomatku Magdu V\u00e1\u0161\u00e1ryovou, kter\u00e1 o n\u011bkter\u00fdch voli\u010d\u00edch SMERu prohl\u00e1sila, \u017ee se jedn\u00e1 o spodinu a fa\u0161isty. Moder\u00e1tor na to reagoval ostr\u00fdm vzkazem. Takov\u00fdm, \u017ee kv\u016fli n\u011bmu mnoz\u00ed koali\u010dn\u00ed politici po\u017eaduj\u00ed, aby Sn\u011bmovna z Rady \u010cesk\u00e9 televize Xavera odvolala. Ptali jsme se na n\u00e1zor mezi politiky, medi\u00e1ln\u00edmi experty a dal\u0161\u00edmi osobnostmi.<\/strong><\/p>\n<p><!--more--><br \/>\nXaver se ji\u017e za sv\u00e9 ostr\u00e9 vystoupen\u00ed omluvil. \u201eV\u0161echno to, co zazn\u011blo sm\u011brem k pan\u00ed V\u00e1\u0161\u00e1ryov\u00e9, zazn\u011blo p\u00e1r hodin po atent\u00e1tu na slovensk\u00e9ho premi\u00e9ra Roberta Fica a j\u00e1 jsem neadekv\u00e1tn\u011b zareagoval na to star\u00e9 video. Byla to ode m\u011b velk\u00e1 chyba, m\u011bl jsem pou\u017e\u00edt jinou metaforu a jin\u00e1 slova, nemusela tam zazn\u00edt \u017e\u00e1dn\u00e1 vulgarita. \u010clov\u011bk m\u00e1 fungovat tak, \u017ee kdy\u017e ud\u011bl\u00e1 chybu, m\u00e1 se um\u011bt omluvit,\u201c uvedl Lubo\u0161 Xaver Vesel\u00fd.<\/p>\n<p>\u201eChci se pan\u00ed V\u00e1\u0161\u00e1ryov\u00e9 t\u00edmto omluvit. Byla velk\u00e1 chyba, \u017ee jsem to \u0159ekl. M\u011bl jsem to \u0159\u00edct jinak. Nic to ov\u0161em nem\u011bn\u00ed na tom, \u017ee bych nikdy o nikom, o skupin\u011b lid\u00ed ne\u0159ekl, \u017ee je to spodina nebo l\u016fza. Toto m\u011b stra\u0161n\u011b roz\u010diluje a dr\u00e1\u017ed\u00ed. Nechal jsem se vyprovokovat a byla to chyba. T\u00edmto se omlouv\u00e1m. Douf\u00e1m z\u00e1rove\u0148, \u017ee se v pr\u016fb\u011bhu \u010dasu dozv\u00edme omluvu nebo vysv\u011btlen\u00ed od pan\u00ed V\u00e1\u0161\u00e1ryov\u00e9, jak to myslela s tou spodinou,\u201c uvedl Xaver.<\/p>\n<p>Podle \u010dlena Rady pro rozhlasov\u00e9 a televizn\u00ed vys\u00edl\u00e1n\u00ed Ladislava Jakla by Xavera odvolat z Rady \u010cT nem\u011bli a snahy o jeho odstran\u011bn\u00ed vn\u00edm\u00e1 za pokryteck\u00e9. \u201eZaprv\u00e9 chci p\u0159edeslat, \u017ee se mi tahle forma komunikace nel\u00edb\u00ed. J\u00edt cestou typu \u201cna hrub\u00fd pytel hrub\u00e1 z\u00e1plata\u201d nikam nevede. Leda ke st\u00edr\u00e1n\u00ed hranice mezi akc\u00ed a reakc\u00ed. Zadruh\u00e9 p\u0159ipom\u00edn\u00e1m, \u017ee se tu oded\u00e1vna hraje hra na medi\u00e1ln\u00ed mil\u00e1\u010dky a medi\u00e1ln\u00ed otlouk\u00e1nky. V\u016f\u010di otlouk\u00e1nk\u016fm je dovoleno v\u0161e, medi\u00e1ln\u00edm mil\u00e1\u010dk\u016fm se nesm\u00ed zk\u0159ivit vl\u00e1sek. Pokrytectv\u00ed a rozd\u00edln\u00fd metr z t\u00e9hle kauzy tr\u010d\u00ed jak krump\u00e1\u010d z hl\u00edny.<br \/>\n\u201eZat\u0159et\u00ed: pana radn\u00edho bych neodvol\u00e1val, ale kritiku si zaslou\u017e\u00ed. Jeho vyj\u00e1d\u0159en\u00ed bylo lidsky sprost\u00e9. Vyj\u00e1d\u0159en\u00ed pan\u00ed here\u010dky je ale mnohem hor\u0161\u00ed, v z\u00e1sad\u011b krimin\u00e1ln\u00ed. To a\u0165 svou my\u0161lenku do\u0159ekne. Co s tou v\u011bt\u0161\u00ed p\u016flkou n\u00e1roda, kterou ozna\u010duje za fa\u0161istickou l\u016fzu? Sebrat volebn\u00ed pr\u00e1vo? Vys\u00eddlit? Zav\u0159\u00edt do l\u00e1gr\u016f? Za\u010dtvrt\u00e9 bych m\u011bl pro pana Vesel\u00e9ho jeden vzkaz: bu\u010fte opatrn\u011bj\u0161\u00ed. Europravda a eurol\u00e1ska u\u017e mnohokr\u00e1t p\u0159edvedly, zvl\u00e1\u0161t\u011b v ned\u00e1vn\u00fdch dnech, \u017ee um\u00ed se sv\u00fdmi oponenty zato\u010dit ona\u010deji, ne\u017e je jen odvol\u00e1vat \u010di vylu\u010dovat,\u201c uvedl Jakl pro Parlamentn\u00edListy.cz.<\/p>\n<div class=\"google-auto-placed ap_container\">\n<p>Jin\u00fd pohled na v\u011bc nab\u00eddla medi\u00e1ln\u00ed analyti\u010dka Irena Ry\u0161\u00e1nkov\u00e1. \u201eJedna v\u011bc samoz\u0159ejm\u011b je, \u017ee nikdo nikoho nem\u00e1 ozna\u010dovat za spodinu. To je bez debat. Na druh\u00e9 stran\u011b si radn\u00ed \u010cesk\u00e9 televize mus\u00ed uv\u011bdomit, co s sebou p\u0159in\u00e1\u0161\u00ed ve\u0159ejn\u00e1 funkce a jak se m\u00e1 chovat. Ano, v\u00fdrok pana Vesel\u00e9ho byl za hranou a rozhodn\u011b nebyl d\u016fstojn\u00fd \u010dlena Rady \u010cesk\u00e9 televize. Jakkoliv toto je ta jednodu\u0161\u0161\u00ed z\u00e1minka k odvol\u00e1n\u00ed. Kritiku a pozornost by zaslou\u017eilo pom\u011brn\u011b frekventovan\u00e9 zmi\u0148ov\u00e1n\u00ed vlastn\u00edho kan\u00e1lu na ve\u0159ejn\u00fdch zased\u00e1n\u00edch rady. Pokud cht\u011bl LXV kritizovat, a jist\u011b pr\u00e1vem, v\u00fdroky pan\u00ed V\u00e1\u0161\u00e1ryov\u00e9, mohl tak u\u010dinit d\u016fstojn\u011bj\u0161\u00edm zp\u016fsobem. Omluva je na m\u00edst\u011b, i kdy\u017e m\u016f\u017eeme diskutovat o jej\u00edch motivech,\u201c sd\u011blila Ry\u0161\u00e1nkov\u00e1.<\/p>\n<\/div>\n<p>\u201eMysl\u00edm, \u017ee za takov\u00e9 v\u00fdroky \u2013 mysl\u00edm t\u00edm oba \u2013 by se m\u011bl omluvit ka\u017ed\u00fd. A hlavn\u011b takov\u00e9 v\u00fdroky by nikdy nem\u011bly zazn\u00edt. Citliv\u00e9 str\u00e1nky minulosti \u017e\u00e1dn\u00e9ho, tedy i vlastn\u00edho n\u00e1roda, nem\u00e1me pr\u00e1vo hodnotit jen ze zorn\u00e9ho \u00fahlu sou\u010dasnosti, osobn\u00ed empirie a n\u00e1zor\u016f. A u\u017e v\u016fbec nem\u00e1me pr\u00e1vo je porovn\u00e1vat p\u0159\u00edm\u011bry. Historick\u00e9 ud\u00e1losti se odehr\u00e1valy v \u00fapln\u011b jin\u00e9m kontextu. Stejn\u011b se jejich z\u00e1kulis\u00ed a \u010dasto i meritum v\u011bci nikdy nedozv\u00edme. V \u010cesk\u00e9 televizi jsme p\u0159ed n\u011bkolika lety za\u017eili ve vys\u00edl\u00e1n\u00ed D\u00e9\u010dka protiizraelsk\u00e9 a protiamerick\u00e9 politicky zabarven\u00e9 zpr\u00e1vy, p\u0159evzat\u00e9 z televize Al-D\u017eaz\u00edra, kter\u00e9 z principu v d\u011btsk\u00e9m vys\u00edl\u00e1n\u00ed nem\u011bly co d\u011blat. Nikdo se za n\u011b neomluvil, dostali jsme barevnou prezentaci o tom, jak je to v souladu s etick\u00fdm kodexem \u010cT. V kontextu tohoto dvoj\u00edho metru je po omluv\u011b LXV \u017e\u00e1dost o jeho vylou\u010deni z rady neadekv\u00e1tn\u00ed,\u201c sd\u011blil redakci \u010dlen sn\u011bmovn\u00edho medi\u00e1ln\u00edho v\u00fdboru Stanislav Berkovec.<\/p>\n<div class=\"google-auto-placed ap_container\">\n<p>Jist\u00fd dal\u0161\u00edm postupem si nen\u00ed sen\u00e1tor ODS Tom\u00e1\u0161 Jirsa. \u201eJ\u00e1 nev\u00edm. J\u00e1 m\u00e1m Xavera Vesel\u00e9ho r\u00e1d. Doba je rozjit\u0159en\u00e1, pom\u00e1haj\u00ed tomu soci\u00e1ln\u00ed s\u00edt\u011b, p\u0159\u00e1l bych si, aby se to uklidnilo. Vypn\u011bte si mobily. A po\u010d\u00edta\u010de. A jd\u011bte se rad\u0161i proj\u00edt,\u201c uvedl pro Parlamentn\u00edListy.cz.<\/p>\n<\/div>\n<p>Poslankyn\u011b KDU-\u010cSL Nina Nov\u00e1kov\u00e1 reagovala stru\u010dn\u011b. \u201ePat\u0159\u00edm k t\u011bm, kte\u0159\u00ed se tomu cht\u011bj\u00ed co nejd\u0159\u00edve v\u011bnovat na medi\u00e1ln\u00edm vyboru,\u201c napsala redakci.<\/p>\n<p>\u201eJe zaj\u00edmav\u00e9, \u017ee v likvidaci n\u00e1zorov\u011b nepohodln\u00fdch lid\u00ed je vl\u00e1dn\u00ed p\u011btikoalice hodn\u011b ak\u010dn\u00ed. \u0160koda, \u017ee podobn\u011b rychl\u00e1 nebyla u energokrize, inflace, kter\u00e1 op\u011bt roste, nebo u \u0159e\u0161en\u00ed p\u0159edra\u017een\u00e9ho bydlen\u00ed \u010di nekvalitn\u00edch potravin. Vl\u00e1da pod veden\u00edm Raku\u0161ana a Fialy utahuje \u0161rouby a toto je jen dal\u0161\u00ed d\u00edlek do mozaiky. Douf\u00e1m, \u017ee na p\u016fd\u011b sn\u011bmovny zazn\u00ed i to, jak se tato \u017elu\u010dovit\u00e1 osoba Va\u0161\u00e1ryov\u00e1 vyjad\u0159ovala o lidech, co volili Roberta Fica. J\u00e1 mysl\u00edm, \u017ee je na \u010dase t\u00e9 vl\u00e1dn\u00ed pokryteck\u00e9 sebrance \u0159\u00edct u\u017e za 14 dn\u016f STA\u010cILO!\u201c Uvedla Kate\u0159ina Kone\u010dn\u00e1, \u0161\u00e9fka KS\u010cM a europoslankyn\u011b.<\/p>\n<p>\u201eRozhodn\u011b ne,\u201c odpov\u011bd\u011bl poslanec ANO Martin Kolovratn\u00edk na ot\u00e1zku, zda je spr\u00e1vn\u00e9 Xavera odvolat. \u201eMor\u00e1ln\u00ed maj\u00e1ci z koalice se zde tot\u00e1ln\u011b ztrap\u0148uj\u00ed. Op\u011bt uk\u00e1zka tot\u00e1ln\u00edho dvoj\u00edho metru. Pro\u010d? P\u0159ed p\u00e1r lety se velmi neslu\u0161n\u011b a nevkusn\u011b vyjad\u0159oval tehdej\u0161\u00ed radn\u00ed Z. \u0160arapatka. Ur\u00e1\u017eky jako z p\u00e1t\u00e9 cenov\u00e9, dnes a denn\u011b. Po\u0161kozoval t\u00edm nejen radu, ale celou \u010cT jako instituci. T\u011bmto lidem to nevadilo a dnes jsou la\u010dn\u00ed po krvi? P\u0159esn\u011b s t\u00edmhle je budu konfrontovat na jedn\u00e1n\u00ed v\u00fdboru,\u201d dodal.<br \/>\nPoslanec ODS Petr Bendl zaslal velmi stru\u010dnou odpov\u011b\u010f. \u201eBude o tom diskuse,\u201c vzk\u00e1zal.<\/p>\n<p>\u201eMysl\u00edm, \u017ee cel\u00e1 ta v\u00fdm\u011bna n\u00e1zor\u016f byla opravdu ned\u016fstojn\u00e1, ale p\u0159ijde mi lep\u0161\u00ed, aby se to rad\u011bji \u0159e\u0161ilo up\u0159\u00edmnou omluvou, ne\u017e odvol\u00e1v\u00e1n\u00edm. Ozna\u010dovat kohokoliv za \u201cspodinu\u201d je hloupost a zcela se v tom vytratilo j\u00e1dro probl\u00e9mu \u2013 n\u011bkte\u0159\u00ed politici slovensk\u00e9ho Smeru se r\u00e9toricky a my\u0161lenkov\u011b za\u0159azuj\u00ed ke krajn\u00ed pravici. Pevn\u011b douf\u00e1m v proz\u00edravost slovensk\u00fdch voli\u010d\u016f a fand\u00edm jim, aby se takov\u00fdmi lidmi nenechali manipulovat,\u201c odpov\u011bd\u011bl europoslanec za Pir\u00e1ty Mikul\u00e1\u0161 Peksa.<\/p>\n<div class=\"google-auto-placed ap_container\">\n<p>Podle Tomia Okamury, \u0161\u00e9fa SPD, je snaha o Xaverovo odvol\u00e1n\u00ed nesmysln\u00e1. \u201eJe to naprost\u00fd nesmyl \u2013 Xaver jen v podstat\u011b \u0159ekl, jak se do lesa vol\u00e1, tak se z n\u011bj oz\u00fdv\u00e1. kdyby pan\u00ed V\u00e1\u0161\u00e1ryov\u00e1 nebyla sprost\u00e1 a neur\u00e1\u017eela voli\u010de a ob\u010dany sv\u00e9 vlastn\u00ed zem\u011b, nikdo by si j\u00ed nev\u0161\u00edmal. A ve\u0159ejnosti z\u0159ejm\u011b unikl i koment\u00e1\u0159 report\u00e9ra \u010cesk\u00e9 televize, kter\u00fd na platform\u011b X napsal, \u017ee Xaver je zmrd. Nikdo nevol\u00e1 po jeho odvol\u00e1n\u00ed, ale je jasn\u00e9, \u017ee progresivist\u00e9 si libuj\u00ed ve dvoj\u00edm metru \u2013 oni ur\u00e1\u017eet mohou, ale jim opl\u00e1cet jejich ur\u00e1\u017eky nikdo nesm\u00ed \u2013 to je jejich pojet\u00ed totalitn\u00ed pseudemokracie,\u201c sd\u011blil Okamura.<\/p>\n<\/div>\n<p>\u201eD\u00edv\u00e1m se na to v kontextu toho, na co ty v\u00fdroky reagovali a v kontextu toho, jak\u00e9 vulg\u00e1rn\u00ed v\u00fdroky m\u011bli jin\u00ed \u010dlenov\u00e9 Rady \u010cT. A\u010d s t\u011bmi slovy, kter\u00e9 Xaver pou\u017eil, nesouhlas\u00edm a nepou\u017eil bych je, je t\u0159eba je d\u00e1t do kontextu, \u017ee reagoval na slova pan\u00ed V\u00e1\u0161\u00e1ryov\u00e9, kter\u00e1 \u010d\u00e1st slovensk\u00fdch voli\u010d\u016f ozna\u010dila za spodinu. Mrz\u00ed m\u011b, \u017ee m\u00e9dia u n\u00e1s se zab\u00fdvaj\u00ed pouze v\u00fdrokem Xavera Vesel\u00e9ho, ale ne na p\u016fvodn\u00ed v\u00fdroky V\u00e1\u0161\u00e1ryov\u00e9, kter\u00e9 mi p\u0159ijdou skand\u00e1ln\u00ed minim\u00e1ln\u011b stejn\u011b. On\u00e1lepkovat \u010d\u00e1st voli\u010d\u016f, \u017ee jsou spodina, mi od ve\u0159ejn\u011b zn\u00e1m\u00e9 osoby nep\u0159ijde v po\u0159\u00e1dku. Druh\u00fd kontext je, \u017ee pokud se tomu koali\u010dn\u00ed poslanci budou cht\u00edt v\u011bnovat, jde o dvoj\u00ed metr, proto\u017ee po opakovan\u00fdch vulg\u00e1rn\u00edch vystoupen\u00edch Zde\u0148ka \u0160arapatky coby \u010dleny Rady \u010cT nikoho z nich nepadalo \u0159e\u0161it jeho odvol\u00e1n\u00ed. Bu\u010f to bude platit pro v\u0161echny stejn\u011b, anebo ne. Nelze to \u0159e\u0161it selektivn\u011b,\u201c uvedl pro Parlamentn\u00edListy.cz poslanec ANO Patrik Nacher.<\/p>\n<p>Odpov\u011bdnost za sv\u00e9 v\u00fdroky by m\u011bla podle poslance SPD Radovana V\u00edcha n\u00e9st p\u0159edev\u0161\u00edm Magda V\u00e1\u0161\u00e1ryov\u00e1. \u201ePokud se M. V\u00e1\u0161\u00e1ryov\u00e1 vyj\u00e1d\u0159ila o voli\u010d\u00edch strany SMER-SD, kter\u00e1 zv\u00edt\u011bzila v \u0159\u00e1dn\u00fdch demokratick\u00fdch volb\u00e1ch, ve smyslu, \u017ee mohou oslovovat rovn\u011b\u017e ty voli\u010de, kte\u0159\u00ed se hl\u00e1s\u00ed k tzv. nesyst\u00e9mov\u00fdm (nap\u0159. fa\u0161ist\u00e9, neofa\u0161ist\u00e9, neonacist\u00e9, spodina), tak byla reakce Xavera Vesel\u00e9ho p\u0159irozen\u00e1. Nelze tolerovat ur\u00e1\u017een\u00ed ob\u010dan\u016f, kte\u0159\u00ed sv\u00fdmi hlasy dali jednozna\u010dn\u011b najevo svou v\u016fli po politick\u00fdch zm\u011bn\u00e1ch na Slovensku. Odpov\u011bdnost za sv\u00e9 v\u00fdroky by m\u011bla n\u00e9st v prvn\u00ed \u0159ad\u011b pan\u00ed M. V\u00e1\u0161\u00e1ryov\u00e1 a nikoliv X. Vesel\u00fd, kter\u00fd se nav\u00edc za sv\u00e9 v\u00fdroky omluvil,\u201c uvedl V\u00edch.<\/p>\n<div class=\"google-auto-placed ap_container\">\n<p>\u201ePodivn\u00fdch individu\u00ed je pon\u011bkud mnoho. Nech\u0165 si to \u0159e\u0161\u00ed subjekt, kter\u00fd tento exempl\u00e1\u0159 do funkce nominoval. A to v\u010detn\u011b p\u0159\u00edpadn\u00e9ho odvol\u00e1v\u00e1n\u00ed,\u201c napsal poslanec ODS Karel Krejza.<\/p>\n<\/div>\n<p>\u201eNepova\u017euji podobn\u00e9 v\u00fdroky za \u0161\u0165astn\u00e9, a\u0165 je pron\u00e1\u0161\u00ed kdokoliv. A je dob\u0159e, \u017ee se za n\u011b omluvil. Na druhou stranu je t\u0159eba vn\u00edmat, \u017ee to byla reakce na skand\u00e1ln\u00ed v\u00fdrok pan\u00ed V\u00e1\u0161\u00e1ryov\u00e9, kter\u00e1 v t\u00e9to emocemi pln\u00e9 dob\u011b ozna\u010dila voli\u010de demokratick\u00e9 strany za spodinu. Ten tlak vl\u00e1dn\u00edch poslanc\u016f na odvol\u00e1n\u00ed Xavera Vesel\u00e9ho je \u010dist\u011b \u00fa\u010delov\u00fd, sna\u017e\u00ed se odklonit pozornost od ostudy, kterou jim d\u011bl\u00e1 starosta \u0158eporyj. A LXV jim le\u017eel v \u017ealudku dlouhodob\u011b,\u201c m\u00edn\u00ed \u0161\u00e9f st\u00ednov\u00e9 vl\u00e1dy hnut\u00ed ANO a m\u00edstop\u0159edseda Sn\u011bmovny Karel Havl\u00ed\u010dek.<\/p>\n<p>Jasno m\u00e1 i \u0161\u00e9f Motorist\u016f sob\u011b Petr Macinka. \u201eJe to hon na \u010darod\u011bjnice. Vl\u00e1dn\u00ed p\u011btikoalice u\u017e ani nezakr\u00fdv\u00e1, \u017ee hlavn\u00edm smyslem jej\u00ed existence je obrnit se ve sv\u00fdch pozic\u00edch a zabetonovat svoji nadvl\u00e1du nad \u010ceskou republikou ve v\u0161ech mo\u017en\u00fdch oblastech. Vl\u00e1d\u011b nepohodln\u00fd Xaver je jen jednou z dal\u0161\u00edch ob\u011bt\u00ed \u201enoci dlouh\u00fdch no\u017e\u016f\u201c Fialovy vl\u00e1dy, j\u00ed\u017e u\u017e nezb\u00fdv\u00e1 \u010das na \u201edlouh\u00fd pochod institucemi\u201c, a tak odhazuje serv\u00edtky, nasazuje z\u00e1stupn\u00e9 d\u016fvody a dvoj\u00ed metr,\u201c m\u00edn\u00ed.<\/p>\n<p>\u201eV\u00fdrok, kter\u00fd na adresu antichartistky V\u00e1\u0161\u00e1ryov\u00e9 Xaver pronesl, byl ur\u010dit\u011b pro mnoho lid\u00ed p\u0159est\u0159elen\u00fd, co\u017e ostatn\u011b uznal i on s\u00e1m, kdy\u017e se za n\u011bj omluvil. J\u00e1 osobn\u011b bych ale r\u00e1d vid\u011bl a sly\u0161el od na\u0161ich vl\u00e1dn\u00edch moralist\u016f, jak se stejnou vehemenc\u00ed odsoud\u00ed i mno\u017estv\u00ed nesrovnateln\u011b agresivn\u011bj\u0161\u00edch \u017elu\u010dovit\u00fdch a nen\u00e1vistn\u00fdch v\u00fdrok\u016f jist\u00e9ho pana \u0160arapatky (nam\u00edsto toho, aby se jej tito stejn\u00ed politici opakovan\u011b pokou\u0161eli protla\u010dit do Rady \u010cT, zcela bez ohledu na jeho opakovan\u00e9 odpadn\u00ed vyjad\u0159ov\u00e1n\u00ed). R\u00e1d bych od Xaverov\u00fdch \u201eodvol\u00e1va\u010d\u016f\u201c vid\u011bl a sly\u0161el i ohrazen\u00ed se v\u016f\u010di zcela nep\u0159ijateln\u00fdm v\u00fdrok\u016fm pan\u00ed V\u00e1\u0161\u00e1ryov\u00e9, kter\u00e1 o ob\u010danech sv\u00e9 vlastn\u00ed zem\u011b hovo\u0159\u00ed jako o spodin\u011b a o fa\u0161istech, a to jen kv\u016fli tomu, \u017ee m\u011bli tu \u201edrzost\u201c nevolit ve volb\u00e1ch stejnou politickou stranu jako ona sama. St\u00e1le \u010dek\u00e1m, \u017ee na\u0161e liber\u00e1ln\u00ed mor\u00e1ln\u00ed maj\u00e1ky vznesou ostr\u00fd protest proti tomu, aby lid\u00e9 jako V\u00e1\u0161\u00e1ryov\u00e1 sv\u00fdmi \u2013 komunistickou \u00e9ru p\u0159ipom\u00ednaj\u00edc\u00edmi \u2013 projevy nad\u00e1le kontaminovali \u010desk\u00e9 ve\u0159ejnopr\u00e1vn\u00ed vys\u00edl\u00e1n\u00ed. Xaver\u016fv v\u00fdrok nem\u00e1 \u017e\u00e1dnou souvislost s jeho prac\u00ed v rad\u011b \u010cT, proto nevid\u00edm \u017e\u00e1dn\u00fd d\u016fvod, aby byl kv\u016fli n\u011bmu odvol\u00e1v\u00e1n,\u201c \u0159ekl d\u00e1le Macinka.<\/p>\n<p>B\u00fdval\u00fd \u010dlen Rady pro rozhlasov\u00e9 a televizn\u00ed vys\u00edl\u00e1n\u00ed a prvn\u00ed m\u00edstop\u0159edseda Trikolory Petr \u0160t\u011bp\u00e1nek je rozhodn\u011b proti tomu, aby byl Xaver odvol\u00e1n. \u201eLep\u0161\u00ed d\u016fkaz o pokleslosti a pokrytectv\u00ed na\u0161\u00ed doby, respektive o dvoj\u00edm metru vl\u00e1dnouc\u00edch pseudoliber\u00e1ln\u00edch politik\u016f, snad ani neexistuje. Nam\u00edsto aby odsoudili slovenskou here\u010dku a diplomatku, kter\u00e1 sv\u00e9 spoluob\u010dany naz\u00fdv\u00e1 fa\u0161isty a spodinou, a to jen proto, \u017ee vol\u00ed n\u011bkoho jin\u00e9ho ne\u017e ona, honem honem cht\u011bj\u00ed z Rady \u010cesk\u00e9 televize odvol\u00e1vat moder\u00e1tora, kter\u00fd si za pomoci jednoho vulg\u00e1rn\u00edho slova dovolil onu nen\u00e1vistnou here\u010dku a diplomatku vyk\u00e1zat tam, kam bezpochyby pat\u0159\u00ed. Jin\u00fd moder\u00e1tor, ten, kter\u00fd b\u00fdval\u00e9ho prezidenta zcela neomalen\u011b a v rozporu s element\u00e1rn\u00ed etikou novin\u00e1\u0159e ve\u0159ejnopr\u00e1vn\u00edho media naz\u00fdv\u00e1 Putinov\u00fdm gubern\u00e1torem, t\u011bmto pokrytc\u016fm nevad\u00ed. Ba dokonce cht\u011bj\u00ed, abychom na tuhle jednostrannou ve\u0159ejnopr\u00e1vn\u00ed \u017eumpu, j\u00ed\u017e je tenhle poklesl\u00fd moder\u00e1tor hlavn\u00ed tv\u00e1\u0159\u00ed, pos\u00edlali prost\u0159ednictv\u00edm povinn\u00e9ho koncesion\u00e1\u0159sk\u00e9ho v\u00fdpaln\u00e9ho je\u0161t\u011b v\u00edce pen\u011bz. Jen p\u0159it\u00e1p\u011bjte pod kotlem, pokryte\u010dt\u00ed bl\u00e1zni, ale pak se nedivte, a\u017e to tady bouchne,\u201c sd\u011blil.<\/p>\n<div class=\"google-auto-placed ap_container\">\n<p>Podle \u0161\u00e9fa strany PRO Jind\u0159icha Rajchla by Xaver v \u017e\u00e1dn\u00e9m p\u0159\u00edpad\u011b b\u00fdt odvol\u00e1n nem\u011bl. \u201eV \u017e\u00e1dn\u00e9m p\u0159\u00edpad\u011b. O ten v\u00fdrok v\u016fbec nejde. Jen poslou\u017eil jako z\u00e1minka p\u011btikoalici, aby se pokusila se zbavit nepohodln\u00e9ho \u010dlena Rady \u010cT, jen\u017e jim nejde na ruku. Je to pokus o flagrantn\u00ed z\u00e1sah do nez\u00e1vislosti Rady \u010cT, a tedy dal\u0161\u00ed oh\u00fdb\u00e1n\u00ed demokracie v na\u0161\u00ed zemi ze strany sou\u010dasn\u00e9 vl\u00e1dy. Sn\u011bmovna, kter\u00e1 v jeden den odm\u00edtne sv\u00fdm usnesen\u00edm odsoudit atent\u00e1t na Roberts Fica a z\u00e1rove\u0148 iniciuje proces l odvol\u00e1n\u00ed \u010dlena Rady \u010cT pouze pro jeden vulg\u00e1rn\u00ed v\u00fdrok, je ostudou \u010cesk\u00e9 republiky,\u201c \u0159ekl.<\/p>\n<\/div>\n<p>\u201eObecn\u011b si mysl\u00edm, \u017ee by v Rad\u011b CT nem\u011bli b\u00fdt politi\u010dt\u00ed aktivist\u00e9,\u201c odpov\u011bd\u011bl \u0161\u00e9f SOCDEM Michal \u0160marda.<\/p>\n<p>\u201eNepova\u017euji to spr\u00e1vn\u00e9, slova pan\u00ed Va\u0161\u00e1ryov\u00e9 mne pobou\u0159ila taky, volil bych ur\u010dit\u011b jin\u00fd slovn\u00edk, ale pokud se Xaver Vesel\u00fd omluvil, tak pro odvol\u00e1n\u00ed nevid\u00edm d\u016fvod,\u201c mysl\u00ed si p\u0159edseda hnut\u00ed P\u0159\u00edsaha Robert \u0160lachta.<\/p>\n<p>\u201eOdvolal bych v\u0161echny, a s t\u00edm zru\u0161il i celou \u010cT. Po\u017eadovat pouze odvol\u00e1n\u00ed pana Xavera Vesel\u00e9ho pova\u017euji za nesmysl,\u201c \u0159ekl \u0161\u00e9f Svobodn\u00fdch Libor Vondr\u00e1\u010dek.<\/p>\n<p><a href=\"https:\/\/cz24.news\/odvolavani-xavera-nasvitilo-vyrok-vasaryove-je-to-trestne-nejen-to-se-resi\/\">Zdroj<\/a><\/p>\n","protected":false},"excerpt":{"rendered":"<p>\u010cESKO: Kdo rozdm\u00fdchal nen\u00e1vist ve spole\u010dnosti, kter\u00e1 nakonec vedla k atent\u00e1tu na Roberta Fica? Moder\u00e1tor a radn\u00ed \u010cT Lubo\u0161 Xaver Vesel\u00fd n\u011bkolik kandid\u00e1t\u016f na\u0161el, jak v \u010cesku, tak na Slovensku. Zejm\u00e9na here\u010dku a diplomatku Magdu V\u00e1\u0161\u00e1ryovou, kter\u00e1 o n\u011bkter\u00fdch voli\u010d\u00edch SMERu prohl\u00e1sila, \u017ee se jedn\u00e1 o spodinu a fa\u0161isty. Moder\u00e1tor na to reagoval ostr\u00fdm vzkazem. [&hellip;]<\/p>\n","protected":false},"author":9,"featured_media":0,"comment_status":"open","ping_status":"open","sticky":false,"template":"","format":"standard","meta":{"ngg_post_thumbnail":0,"footnotes":""},"categories":[1],"tags":[],"class_list":["post-14218","post","type-post","status-publish","format-standard","hentry","category-publikovane-clanky"],"_links":{"self":[{"href":"https:\/\/www.ladislavjakl.cz\/index.php?rest_route=\/wp\/v2\/posts\/14218","targetHints":{"allow":["GET"]}}],"collection":[{"href":"https:\/\/www.ladislavjakl.cz\/index.php?rest_route=\/wp\/v2\/posts"}],"about":[{"href":"https:\/\/www.ladislavjakl.cz\/index.php?rest_route=\/wp\/v2\/types\/post"}],"author":[{"embeddable":true,"href":"https:\/\/www.ladislavjakl.cz\/index.php?rest_route=\/wp\/v2\/users\/9"}],"replies":[{"embeddable":true,"href":"https:\/\/www.ladislavjakl.cz\/index.php?rest_route=%2Fwp%2Fv2%2Fcomments&post=14218"}],"version-history":[{"count":2,"href":"https:\/\/www.ladislavjakl.cz\/index.php?rest_route=\/wp\/v2\/posts\/14218\/revisions"}],"predecessor-version":[{"id":14220,"href":"https:\/\/www.ladislavjakl.cz\/index.php?rest_route=\/wp\/v2\/posts\/14218\/revisions\/14220"}],"wp:attachment":[{"href":"https:\/\/www.ladislavjakl.cz\/index.php?rest_route=%2Fwp%2Fv2%2Fmedia&parent=14218"}],"wp:term":[{"taxonomy":"category","embeddable":true,"href":"https:\/\/www.ladislavjakl.cz\/index.php?rest_route=%2Fwp%2Fv2%2Fcategories&post=14218"},{"taxonomy":"post_tag","embeddable":true,"href":"https:\/\/www.ladislavjakl.cz\/index.php?rest_route=%2Fwp%2Fv2%2Ftags&post=14218"}],"curies":[{"name":"wp","href":"https:\/\/api.w.org\/{rel}","templated":true}]}}