{"id":14226,"date":"2024-05-31T17:54:00","date_gmt":"2024-05-31T15:54:00","guid":{"rendered":"https:\/\/www.ladislavjakl.cz\/?p=14226"},"modified":"2024-05-31T17:54:00","modified_gmt":"2024-05-31T15:54:00","slug":"tiskova-zprava-z-8-zasedani-rady-konaneho-dne-28-5-2024","status":"publish","type":"post","link":"https:\/\/www.ladislavjakl.cz\/?p=14226","title":{"rendered":"Tiskov\u00e1 zpr\u00e1va z 8. zased\u00e1n\u00ed Rady, konan\u00e9ho dne 28. 5. 2024"},"content":{"rendered":"<p>Rada pro rozhlasov\u00e9 a televizn\u00ed vys\u00edl\u00e1n\u00ed (d\u00e1le jen &#8222;Rada&#8220;) na sv\u00e9m 8. zased\u00e1n\u00ed projednala 39 bod\u016f<br \/>\nprogramu. Vyhodnotila 16 st\u00ed\u017enost\u00ed div\u00e1k\u016f a poslucha\u010d\u016f, vydala sedm upozorn\u011bn\u00ed na poru\u0161en\u00ed<br \/>\nz\u00e1kona, rozhodla o zah\u00e1jen\u00ed dvou spr\u00e1vn\u00edch \u0159\u00edzen\u00ed.<\/p>\n<p><!--more--><br \/>\nNa 8. zased\u00e1n\u00ed prob\u011bhlo jedno ve\u0159ejn\u00e9 sly\u0161en\u00ed v \u0159\u00edzen\u00ed o ud\u011blen\u00ed licence k provozov\u00e1n\u00ed<br \/>\nrozhlasov\u00e9ho vys\u00edl\u00e1n\u00ed \u0161\u00ed\u0159en\u00e9ho prost\u0159ednictv\u00edm vys\u00edla\u010d\u016f se soubory technick\u00fdch parametr\u016f<br \/>\nKlimkovice 88,6 MHz \/ 50 W a T\u0159inec I 106,5 MHz \/ 50 W.<br \/>\nRada na sv\u00e9m 8. zased\u00e1n\u00ed ud\u011blila licenci spole\u010dnosti KVIFF.TV a.s. k provozov\u00e1n\u00ed televizn\u00edho<br \/>\nvys\u00edl\u00e1n\u00ed programu KVIFF.TV Channel \u0161\u00ed\u0159en\u00e9ho prost\u0159ednictv\u00edm zvl\u00e1\u0161tn\u00edch p\u0159enosov\u00fdch syst\u00e9m\u016f.<br \/>\nPodrobn\u011bj\u0161\u00ed informace naleznete v p\u0159episech usnesen\u00ed Rady:<br \/>\nROZHLASOV\u00c9 VYS\u00cdL\u00c1N\u00cd<br \/>\n&#8211; Rada na ve\u0159ejn\u00e9m sly\u0161en\u00ed v \u0159\u00edzen\u00ed o ud\u011blen\u00ed licence k provozov\u00e1n\u00ed rozhlasov\u00e9ho vys\u00edl\u00e1n\u00ed<br \/>\n\u0161\u00ed\u0159en\u00e9ho prost\u0159ednictv\u00edm vys\u00edla\u010d\u016f se soubory technick\u00fdch parametr\u016f Klimkovice 88,6 MHz \/ 50 W,<br \/>\nsou\u0159adnice WGS 84: 18 09 39 \/ 49 47 59 a T\u0159inec I 106,5 MHz \/ 50 W, sou\u0159adnice WGS 84: 18 40<br \/>\n23 \/ 49 40 04 projednala se \u017eadatelem ot\u00e1zky t\u00fdkaj\u00edc\u00ed se programov\u00e9 skladby navrhovan\u00e9<br \/>\n\u00fa\u010dastn\u00edkem licen\u010dn\u00edho \u0159\u00edzen\u00ed.<br \/>\n&#8211; Rada ud\u011bluje spole\u010dnosti Radio Krom\u011b\u0159\u00ed\u017e s.r.o., I\u010c: 293 75 401, se s\u00eddlem Kon\u0161elsk\u00e1 1403\/2,<br \/>\nPS\u010c 180 00 Praha, transforma\u010dn\u00ed licenci k provozov\u00e1n\u00ed rozhlasov\u00e9ho vys\u00edl\u00e1n\u00ed prost\u0159ednictv\u00edm<br \/>\nvys\u00edla\u010d\u016f podle \u010dl\u00e1nku II z\u00e1kona \u010d. 196\/2009 Sb., kter\u00fdm se m\u011bn\u00ed z\u00e1kon \u010d. 231\/2001 Sb., pro<br \/>\nprogram Radio Krom\u011b\u0159\u00ed\u017e (licence sp. zn. 2017\/236\/zab ze dne 9.1.2018) se souborem technick\u00fdch<br \/>\nparametr\u016f Uhersk\u00e9 Hradi\u0161t\u011b 88,2 MHz \/ 0,2 kW. Transforma\u010dn\u00ed licence nezanikne d\u0159\u00edve, ne\u017e<br \/>\nuplynut\u00edm t\u0159\u00ed let ode dne p\u0159echodu na zemsk\u00e9 digit\u00e1ln\u00ed rozhlasov\u00e9 vys\u00edl\u00e1n\u00ed v n\u00e1vaznosti na postup<br \/>\nvl\u00e1dy podle ustanoven\u00ed \u010d\u00e1sti prvn\u00ed, \u010dl\u00e1nku II, odst. 9 z\u00e1kona \u010d. 196\/2009 Sb., kter\u00fdm se m\u011bn\u00ed z\u00e1kon<br \/>\n\u010d. 231\/2001 Sb.<br \/>\n&#8211; Rada ud\u011bluje spole\u010dnosti Radio Krom\u011b\u0159\u00ed\u017e s.r.o., I\u010c: 293 75 401, se s\u00eddlem Kon\u0161elsk\u00e1 1403\/2,<br \/>\nPS\u010c 180 00 Praha, transforma\u010dn\u00ed licenci k provozov\u00e1n\u00ed rozhlasov\u00e9ho vys\u00edl\u00e1n\u00ed prost\u0159ednictv\u00edm<br \/>\nvys\u00edla\u010d\u016f podle \u010dl\u00e1nku II z\u00e1kona \u010d. 196\/2009 Sb., kter\u00fdm se m\u011bn\u00ed z\u00e1kon \u010d. 231\/2001 Sb., pro<br \/>\nprogram Radio Krom\u011b\u0159\u00ed\u017e (licence sp. zn. 2014\/805\/zab ze dne 19.7.2016) se souborem<br \/>\ntechnick\u00fdch parametr\u016f Krom\u011b\u0159\u00ed\u017e 103,3 MHz \/ 0,05 kW. Transforma\u010dn\u00ed licence nezanikne d\u0159\u00edve,<br \/>\nne\u017e uplynut\u00edm t\u0159\u00ed let ode dne p\u0159echodu na zemsk\u00e9 digit\u00e1ln\u00ed rozhlasov\u00e9 vys\u00edl\u00e1n\u00ed v n\u00e1vaznosti na<br \/>\npostup vl\u00e1dy podle ustanoven\u00ed \u010d\u00e1sti prvn\u00ed, \u010dl\u00e1nku II, odst. 9 z\u00e1kona \u010d. 196\/2009 Sb., kter\u00fdm se<br \/>\nm\u011bn\u00ed z\u00e1kon \u010d. 231\/2001 Sb.<br \/>\n&#8211; Rada neud\u011bluje provozovateli JUKE BOX spol. s r. o., I\u010c: 253 96 676, se s\u00eddlem Karla Svobody<br \/>\n130\/95, Plesn\u00e1, 725 27 Ostrava, souhlas se zm\u011bnou skute\u010dnost\u00ed uveden\u00fdch v \u017e\u00e1dosti o licenci k<br \/>\nprovozov\u00e1n\u00ed rozhlasov\u00e9ho vys\u00edl\u00e1n\u00ed \u0161\u00ed\u0159en\u00e9ho prost\u0159ednictv\u00edm vys\u00edla\u010d\u016f dle \u00a7 21 odst. 1 p\u00edsm. e)<br \/>\nz\u00e1kona \u010d. 231\/2001 Sb., spo\u010d\u00edvaj\u00edc\u00ed v p\u0159evodu spole\u010dn\u00e9ho obchodn\u00edho pod\u00edlu ve spole\u010dnosti JUKE<br \/>\nBOX spol. s r. o., a to z Mgr. et Me. Nikoly Chren\u010d\u00edkov\u00e9 Pa\u0159\u00edzkov\u00e9, Mgr. et Bc. Kate\u0159iny Pa\u0159\u00edzkov\u00e9<br \/>\na Bc. Radima Pa\u0159\u00edzka, na spole\u010dnost R-Stump Media s.r.o., I\u010c: 241 76 214, se s\u00eddlem Stavebn\u00ed<br \/>\n992\/1, 708 00 Ostrava &#8211; Poruba, nebo\u0165 tato zm\u011bna nen\u00ed v souladu s ustanoven\u00edm \u00a7 21 odst. 6<br \/>\nz\u00e1kona \u010d. 231\/2001 Sb.Rada ud\u011bluje provozovateli Radiospol s.r.o., I\u010c: 276 66 395,<\/p>\n<p>se s\u00eddlem Stavebn\u00ed 992\/1, 708 00<br \/>\nOstrava &#8211; Poruba, souhlas se zm\u011bnou skute\u010dnost\u00ed uveden\u00fdch v \u017e\u00e1dosti o licenci k provozov\u00e1n\u00ed<br \/>\nrozhlasov\u00e9ho vys\u00edl\u00e1n\u00ed \u0161\u00ed\u0159en\u00e9ho prost\u0159ednictv\u00edm vys\u00edla\u010d\u016f dle \u00a7 21 odst. 1 p\u00edsm. e) z\u00e1kona<br \/>\n\u010d. 231\/2001 Sb., spo\u010d\u00edvaj\u00edc\u00ed v p\u0159evodu spole\u010dn\u00e9ho obchodn\u00edho pod\u00edlu ve spole\u010dnosti Radiospol<br \/>\ns.r.o., a to z Mgr. et Me. Nikoly Chren\u010d\u00edkov\u00e9 Pa\u0159\u00edzkov\u00e9, Mgr. et Bc. Kate\u0159iny Pa\u0159\u00edzkov\u00e9 a<br \/>\nBc. Radima Pa\u0159\u00edzka, na spole\u010dnost R-Stump Media s.r.o., I\u010c: 241 76 214, se s\u00eddlem Stavebn\u00ed<br \/>\n992\/1, 708 00 Ostrava &#8211; Poruba, nebo\u0165 tato zm\u011bna by nevedla k neud\u011blen\u00ed licenc\u00ed na z\u00e1klad\u011b<br \/>\nve\u0159ejn\u00fdch sly\u0161en\u00ed.<br \/>\n&#8211; Rada se sezn\u00e1mila s anal\u00fdzami obchodn\u00edch sd\u011blen\u00ed odvys\u00edlan\u00fdch provozovateli EVROPA 2,<br \/>\nspol. s r. o. (program EVROPA 2; Praha 88,2 MHz) dne 6. kv\u011btna 2024, 4S PRODUCTION a. s.<br \/>\n(program Expres FM; Praha 90,3 MHz) dne 6. kv\u011btna 2024, MEDIA BOHEMIA a. s. (program Fajn<br \/>\nradio; Praha 97,2 MHz) dne 6. kv\u011btna 2024, Frekvence 1 (program Frekvence 1; Praha 102,5 MHz)<br \/>\ndne 6. kv\u011btna 2024.<br \/>\n&#8211; Rada se sezn\u00e1mila s anal\u00fdzou programu Hitr\u00e1dio North Music (frekvence 99.6 MHz Most),<br \/>\nprovozovatele MEDIA BOHEMIA, a.s. z pond\u011bl\u00ed 15.4. 2024 od 00:00 do 24:00 hodin a shledala, \u017ee<br \/>\nvys\u00edl\u00e1n\u00ed bylo v souladu se z\u00e1konem o rozhlasov\u00e9m a televizn\u00edm vys\u00edl\u00e1n\u00ed a v souladu s platn\u00fdmi<br \/>\nlicen\u010dn\u00edmi podm\u00ednkami<br \/>\n&#8211; Rada se sezn\u00e1mila s ozn\u00e1men\u00edm provozovatele RADIO PROGLAS s.r.o., I\u010c: 49435001, se<br \/>\ns\u00eddlem Olomouck\u00e1 3419\/7, \u017didenice, 618 00 Brno, doru\u010den\u00fdm dne 3.5.2024 pod \u010d.j.<br \/>\nRRTV\/5524\/2024-vra, spo\u010d\u00edvaj\u00edc\u00edm v informaci o v\u00fdluk\u00e1ch vys\u00edl\u00e1n\u00ed programu Radio Proglas za<br \/>\nm\u011bs\u00edc duben 2024. Rada se sezn\u00e1mila s ozn\u00e1men\u00edm provozovatele LONDA spol. s r. o., I\u010c:<br \/>\n49241931, se s\u00eddlem Na p\u0159\u00edkop\u011b 859, Nov\u00e9 M\u011bsto, 110 00 Praha 1, doru\u010den\u00fdm dne 9.5.2024 \u010d.j.<br \/>\nRRTV\/5619\/2024-vra, spo\u010d\u00edvaj\u00edc\u00edm ve zm\u011bn\u011b zakladatelsk\u00e9 listiny v souladu se souhlasem Rady<br \/>\npro rozhlasov\u00e9 a televizn\u00ed vys\u00edl\u00e1n\u00ed, kter\u00fd byl spole\u010dnosti ud\u011blen rozhodnut\u00edm \u010d.j. RRTV\/4913\/2024-<br \/>\nstr, sp. zn. RRTV\/2024\/458\/str ze dne 16. dubna 2024.<br \/>\n&#8211; Rada se sezn\u00e1mila se st\u00ed\u017enost\u00ed (\u010d. j. RRTV\/5629\/2024-vra) na epizodu po\u0159adu Osobnost Plus,<br \/>\nkter\u00e1 byla na programu \u010cRo Plus odvys\u00edl\u00e1na dne 2. kv\u011btna 2024.<br \/>\nTELEVIZN\u00cd VYS\u00cdL\u00c1N\u00cd<br \/>\nRada ud\u011blila spole\u010dnosti KVIFF.TV a.s., I\u010c: 10780777, se s\u00eddlem Pansk\u00e1 892\/1, Praha 1 &#8211; Nov\u00e9<br \/>\nM\u011bsto, 110 00, dle \u00a7 25 z\u00e1kona \u010d. 231\/2001 Sb., licenci k provozov\u00e1n\u00ed televizn\u00edho vys\u00edl\u00e1n\u00ed \u0161\u00ed\u0159en\u00e9ho<br \/>\nprost\u0159ednictv\u00edm zvl\u00e1\u0161tn\u00edch p\u0159enosov\u00fdch syst\u00e9m\u016f na 12 let; ozna\u010den\u00ed (n\u00e1zev) programu: KVIFF.TV<br \/>\nChannel; z\u00e1kladn\u00ed programov\u00e1 specifikace: Televizn\u00ed program zam\u011b\u0159en\u00fd na filmy, seri\u00e1ly,<br \/>\ndokument\u00e1rn\u00ed filmy a report\u00e1\u017ee evropsk\u00e9 a americk\u00e9 produkce; v\u00fd\u010det st\u00e1t\u016f, na jejich\u017e \u00fazem\u00ed bude<br \/>\nvys\u00edl\u00e1n\u00ed zcela nebo p\u0159ev\u00e1\u017en\u011b sm\u011b\u0159ov\u00e1no: \u010cesk\u00e1 republika, Slovensk\u00e1 republika; hlavn\u00ed jazyk<br \/>\nvys\u00edl\u00e1n\u00ed: \u010de\u0161tina; \u010dasov\u00fd rozsah vys\u00edl\u00e1n\u00ed: 24 hodin denn\u011b, identifikace p\u0159enosov\u00e9ho syst\u00e9mu:<br \/>\nd\u00e1lkov\u00fd p\u0159\u00edstup, internet, mezin\u00e1rodn\u00ed soukrom\u00e9 zabezpe\u010den\u00e9 IP p\u0159enosov\u00e9 s\u00edt\u011b, informace o<br \/>\np\u0159\u00edstupu k vys\u00edl\u00e1n\u00ed: IPTV aplikace, set top boxy; v rozsahu \u017e\u00e1dosti doru\u010den\u00e9 Rad\u011b dne 29. dubna<br \/>\n2024 pod \u010d.j. RRTV\/5394\/2024-vra a dopln\u011bn\u00ed ze dne 13. kv\u011btna 2024 pod \u010dj. RRTV\/5721\/2024-<br \/>\nvra.<br \/>\n&#8211; Rada podle \u00a7 21 odst. 1 p\u00edsm. d), z\u00e1kona \u010d. 231\/2001 Sb. ud\u011bluje provozovateli ViacomCBS<br \/>\nNetworks International Czech s.r.o., I\u010c: 28970438, se s\u00eddlem: Perlov\u00e1 371\/5, Star\u00e9 M\u011bsto, 110 00<br \/>\nPraha 1, souhlas se zm\u011bnou skute\u010dnost\u00ed uveden\u00fdch v \u017e\u00e1dosti o licenci sp. zn.<br \/>\nRRTV\/2024\/475\/hou, \u010d.j. RRTV\/5058\/hou ze dne 17. dubna 2024, spo\u010d\u00edvaj\u00edc\u00ed v roz\u0161\u00ed\u0159en\u00ed v\u00fd\u010dt\u016f<br \/>\nst\u00e1t\u016f, na jejich\u017e \u00fazem\u00ed m\u00e1 b\u00fdt vys\u00edl\u00e1n\u00ed programu Nick Jr Commercial, \u0161\u00ed\u0159en\u00e9ho prost\u0159ednictv\u00edm<br \/>\ndru\u017eice zcela nebo p\u0159ev\u00e1\u017en\u011b sm\u011brov\u00e1no, a to o Slovensko, na z\u00e1klad\u011b \u017e\u00e1dosti doru\u010den\u00e9 dne<br \/>\n15. kv\u011btna 2024 pod \u010d.j. RRTV\/5812\/2024-vra.<br \/>\n&#8211; Rada podle \u00a7 21 odst. 1 p\u00edsm. d), z\u00e1kona \u010d. 231\/2001 Sb. ud\u011bluje provozovateli ViacomCBS<br \/>\nNetworks International Czech s.r.o., I\u010c: 28970438, se s\u00eddlem: Perlov\u00e1 371\/5, Star\u00e9 M\u011bsto, 110 00 Praha 1,<\/p>\n<p>souhlas se zm\u011bnou skute\u010dnost\u00ed uveden\u00fdch v \u017e\u00e1dosti o licenci sp. zn. RRTV\/2024\/464\/fia,<br \/>\n\u010d.j. RRTV\/5813\/hou ze dne 17. dubna 2024, spo\u010d\u00edvaj\u00edc\u00ed v roz\u0161\u00ed\u0159en\u00ed v\u00fd\u010dt\u016f st\u00e1t\u016f, na jejich\u017e \u00fazem\u00ed<br \/>\nm\u00e1 b\u00fdt vys\u00edl\u00e1n\u00ed programu Nick Jr Global, \u0161\u00ed\u0159en\u00e9ho prost\u0159ednictv\u00edm dru\u017eice zcela nebo p\u0159ev\u00e1\u017en\u011b<br \/>\nsm\u011brov\u00e1no, a to o Nizozemsko, na z\u00e1klad\u011b \u017e\u00e1dosti doru\u010den\u00e9 dne 15. kv\u011btna 2024 pod \u010d.j.<br \/>\nRRTV\/5813\/2024-vra.<br \/>\n&#8211; Rada neud\u011bluje provozovateli TP Pohoda s.r.o., I\u010c 268 52 683, se s\u00eddlem Stavebn\u00ed 992\/1,<br \/>\nPoruba, 708 00 Ostrava, souhlas se zm\u011bnou skute\u010dnost\u00ed uveden\u00fdch v \u017e\u00e1dosti o licenci k<br \/>\nprovozov\u00e1n\u00ed televizn\u00edho vys\u00edl\u00e1n\u00ed \u0161\u00ed\u0159en\u00e9ho prost\u0159ednictv\u00edm vys\u00edla\u010d\u016f, \u010d.j. RRTV\/12469\/2023-fia,<br \/>\nspis. zn.: RRTV\/2023\/963\/fia, ze dne 24. \u0159\u00edjna 2023, na z\u00e1klad\u011b \u017e\u00e1dosti provozovatele ze dne<br \/>\n16. \u00fanora 2023, \u010d.j. RRTV\/1919\/2023-vra, podle \u00a7 21 odst. 1 p\u00edsm. e) a odst. 7 z\u00e1kona \u010d. 231\/2001<br \/>\nSb., a to s p\u0159evodem pod\u00edlu ve spole\u010dnosti TP Pohoda s.r.o., I\u010c 268 52 683, spo\u010d\u00edvaj\u00edc\u00ed v p\u0159evodu<br \/>\n100 % obchodn\u00edho pod\u00edlu vlastn\u011bn\u00e9ho spole\u010dnost\u00ed Radio \u010cas s.r.o., I\u010c 258 17 183, se s\u00eddlem Karla<br \/>\nSvobody 130\/95, Plesn\u00e1, 725 27 Ostrava, na spole\u010dnost R-Stump Media s.r.o., I\u010c 241 76 214, se<br \/>\ns\u00eddlem Stavebn\u00ed 992\/1, Poruba, 708 Ostrava, nebo\u0165 tato zm\u011bna nen\u00ed v souladu s ustanoven\u00edm \u00a7 21<br \/>\nodst. 7 z\u00e1kona \u010d. 231\/2001Sb.<br \/>\n&#8211; Rada v r\u00e1mci sv\u00e9 kompetence dan\u00e9 ustanoven\u00edm \u00a7 5 odst. 1, p\u00edsm. a) a f), \u00a7 59 odst. 1-3 z\u00e1kona<br \/>\n\u010d. 231\/2001 Sb., upozor\u0148uje provozovatele TP Pohoda s.r.o., I\u010c 268 52 683, se s\u00eddlem Stavebn\u00ed<br \/>\n992\/1, Poruba, 708 00 Ostrava, na poru\u0161en\u00ed ustanoven\u00ed \u00a7 21 odst. 1 p\u00edsm. e) z\u00e1kona \u010d. 231\/2001<br \/>\nSb., kter\u00e9ho se dopustil t\u00edm, \u017ee p\u0159edem nepo\u017e\u00e1dal Radu o p\u00edsemn\u00fd souhlas se zm\u011bnou skute\u010dnost\u00ed<br \/>\nuveden\u00fdch v \u017e\u00e1dosti o licenci, \u010d.j. RRTV\/12469\/2023-fia, spis. zn.: RRTV\/2023\/963\/fia, ze dne<br \/>\n24. \u0159\u00edjna 2023, a to \u017ee p\u0159evedl 5% obchodn\u00ed pod\u00edl spole\u010dn\u00edka Ing. Romana Je\u0159\u00e1bka, rovnaj\u00edc\u00ed se<br \/>\nvkladu ve v\u00fd\u0161i 20 000,- K\u010d, na spole\u010dn\u00edka Radio \u010cas s.r.o., I\u010c 258 17 183, se s\u00eddlem Karla Svobody<br \/>\n130\/95, Plesn\u00e1, 725 27 Ostrava; Rada stanovuje provozovateli lh\u016ftu k n\u00e1prav\u011b 30 dn\u016f ode dne<br \/>\ndoru\u010den\u00ed tohoto upozorn\u011bn\u00ed.<br \/>\n&#8211; Rada v r\u00e1mci sv\u00e9 kompetence dan\u00e9 ustanoven\u00edm \u00a7 5 odst. 1, p\u00edsm. a) a f), \u00a7 59 odst. 1-3 z\u00e1kona<br \/>\n\u010d. 231\/2001 Sb. upozor\u0148uje provozovatele OK Music Television s.r.o., I\u010c: 19716877, se s\u00eddlem<br \/>\nHartigova 2747\/99, \u017di\u017ekov, 130 00 Praha 3, na poru\u0161en\u00ed ustanoven\u00ed \u00a7 21 odst. 1 p\u00edsm. e) z\u00e1kona<br \/>\n\u010d. 231\/2001 Sb., podle kter\u00e9ho je provozovatel vys\u00edl\u00e1n\u00ed s licenc\u00ed povinen p\u0159edem po\u017e\u00e1dat Radu o<br \/>\np\u00edsemn\u00fd souhlas se zm\u011bnou skute\u010dnost\u00ed uveden\u00fdch v \u017e\u00e1dosti o licenci t\u00fdkaj\u00edc\u00edch se v\u00fd\u0161e<br \/>\nz\u00e1kladn\u00edho kapit\u00e1lu, zp\u016fsobu rozd\u011blen\u00ed hlasovac\u00edch pr\u00e1v, vkladu jednotliv\u00fdch spole\u010dn\u00edk\u016f (v\u010detn\u011b<br \/>\nobsahov\u00e9 specifikace a finan\u010dn\u00edho ohodnocen\u00ed nepen\u011b\u017eit\u00fdch vklad\u016f) nebo \u010dlen\u016f a v\u00fd\u0161e jejich<br \/>\nobchodn\u00edch pod\u00edl\u016f, spole\u010densk\u00e9 nebo zakladatelsk\u00e9 smlouvy, stanov a seznamu spole\u010dn\u00edk\u016f nebo<br \/>\nakcion\u00e1\u0159\u016f. Rada stanovuje lh\u016ftu k n\u00e1prav\u011b 30 dn\u016f od doru\u010den\u00ed upozorn\u011bn\u00ed.<br \/>\n&#8211; Rada v r\u00e1mci sv\u00e9 kompetence dan\u00e9 ustanoven\u00edm \u00a7 5 odst. 1 p\u00edsm. a) a f), \u00a7 59 odst. 1 &#8211; 3<br \/>\nz\u00e1kona \u010d. 231\/2001 Sb. upozor\u0148uje provozovatele m\u00edstn\u00edho televizn\u00edho vys\u00edl\u00e1n\u00ed \u0161\u00ed\u0159en\u00e9ho<br \/>\nprost\u0159ednictv\u00edm kabelov\u00fdch syst\u00e9m\u016f MAME Moravsk\u00e9 Bud\u011bjovice, s.r.o.,I\u010c: 25570161, se s\u00eddlem:<br \/>\nTova\u010dovsk\u00e9ho sady 98, 676 02 Moravsk\u00e9 Bud\u011bjovice, na poru\u0161en\u00ed ustanoven\u00ed \u00a7 21 odst. 2 z\u00e1kona<br \/>\n\u010d. 231\/2001 Sb., kter\u00e9ho se dopustil t\u00edm, \u017ee v z\u00e1konem stanoven\u00e9 lh\u016ft\u011b neozn\u00e1mil Rad\u011b zm\u011bnu<br \/>\nostatn\u00edch skute\u010dnost\u00ed uv\u00e1d\u011bn\u00fdch v \u017e\u00e1dosti o licenci \u010d.j. Ru\/228\/02 ze dne 21. \u0159\u00edjna 2002 ve zn\u011bn\u00ed<br \/>\npozd\u011bj\u0161\u00edch zm\u011bn, spo\u010d\u00edvaj\u00edc\u00ed ve zm\u011bn\u011b seznamu \u010dlen\u016f dozor\u010d\u00ed rady spole\u010dnosti. Rada stanovuje<\/p>\n<p>provozovateli lh\u016ftu k n\u00e1prav\u011b 15 dn\u016f ode dne doru\u010den\u00ed tohoto upozorn\u011bn\u00ed.<br \/>\n&#8211; Rada v r\u00e1mci sv\u00e9 kompetence dan\u00e9 ustanoven\u00edm \u00a7 5 odst. 1 p\u00edsm. a) a f), \u00a7 59 odst. 1 &#8211; 3<br \/>\nz\u00e1kona \u010d. 231\/2001 Sb. upozor\u0148uje provozovatele p\u0159evzat\u00e9ho rozhlasov\u00e9ho a televizn\u00edho vys\u00edl\u00e1n\u00ed<br \/>\n\u0161\u00ed\u0159en\u00e9ho prost\u0159ednictv\u00edm kabelov\u00fdch syst\u00e9m\u016f MAME Moravsk\u00e9 Bud\u011bjovice, s.r.o., I\u010c: 25570161,<br \/>\nse s\u00eddlem: Tova\u010dovsk\u00e9ho sady 98, 676 02 Moravsk\u00e9 Bud\u011bjovice, na poru\u0161en\u00ed ustanoven\u00ed \u00a7 29<br \/>\nodst. 3 z\u00e1kona \u010d. 231\/2001 Sb., kter\u00e9ho se dopustil t\u00edm, \u017ee v z\u00e1konem stanoven\u00e9 lh\u016ft\u011b neozn\u00e1mil<br \/>\nRad\u011b zm\u011bnu ostatn\u00edch skute\u010dnost\u00ed uveden\u00fdch v p\u0159ihl\u00e1\u0161ce k registraci \u010d.j. Rg\/1\/00\/124 ze dne<br \/>\n21. prosince 1999, ve zn\u011bn\u00ed pozd\u011bj\u0161\u00edch zm\u011bn, spo\u010d\u00edvaj\u00edc\u00ed ve zm\u011bn\u011b seznamu \u010dlen\u016f dozor\u010d\u00ed rady spole\u010dnosti.<\/p>\n<p>Rada stanovuje provozovateli lh\u016ftu k n\u00e1prav\u011b 15 dn\u016f ode dne doru\u010den\u00ed tohoto<br \/>\nupozorn\u011bn\u00ed.<br \/>\n&#8211; Rada se sezn\u00e1mila s odpov\u011bd\u00ed (\u010d.j. RRTV\/5479\/2024-vra) spole\u010dnosti Clash of the Stars s.r.o.,<br \/>\nI\u010c: 10941959, se s\u00eddlem Evropsk\u00e1 2758\/11, Dejvice, 160 00 Praha 6, kter\u00e1 byla Rad\u011b doru\u010dena<br \/>\ndne 3. kv\u011btna 2024, na \u017e\u00e1dost Rady o pod\u00e1n\u00ed vysv\u011btlen\u00ed sp.zn. RRTV\/2024\/376\/blu, \u010d.j.<br \/>\nRRTV\/3221\/2024-blu, ze dne 12. b\u0159ezna 2024.<br \/>\n&#8211; Rada coby \u00fast\u0159edn\u00ed spr\u00e1vn\u00ed \u00fa\u0159ad v r\u00e1mci sv\u00e9 p\u016fsobnosti dan\u00e9 \u00a7 5 odst. 1 p\u00edsm. a) a f) z\u00e1kona<br \/>\n\u010d. 231\/2001 Sb., o provozov\u00e1n\u00ed rozhlasov\u00e9ho a televizn\u00edho vys\u00edl\u00e1n\u00ed a o zm\u011bn\u011b dal\u0161\u00edch z\u00e1kon\u016f, v<br \/>\nplatn\u00e9m zn\u011bn\u00ed (d\u00e1le jen z\u00e1kon \u010d. 231\/2001 Sb.), v souladu s ustanoven\u00edm \u00a7 78 odst. 1 z\u00e1kona<br \/>\n\u010d. 250\/2016 Sb., z\u00e1kona o p\u0159estupc\u00edch a \u0159\u00edzen\u00ed o nich (d\u00e1le jen z\u00e1kon \u010d. 250\/2016 Sb.), rozhodla<br \/>\nzah\u00e1jit se spole\u010dnost\u00ed Clash of the Stars s.r.o., I\u010c: 10941959, se s\u00eddlem Evropsk\u00e1 2758\/11, Dejvice,<br \/>\n160 00 Praha 6 , \u0159\u00edzen\u00ed z moci \u00fa\u0159edn\u00ed o p\u0159estupku dle \u00a7 60 odst. 4 p\u00edsm. c) z\u00e1kona \u010d. 231\/2001 Sb.<br \/>\n&#8211; Rada se sezn\u00e1mila s ozn\u00e1men\u00edm provozovatele OK Music Television s.r.o., I\u010c 197 168 77,<br \/>\ndoru\u010den\u00fdm Rad\u011b pod \u010d.j. RRTV\/5817\/2024-vra, spo\u010d\u00edvaj\u00edc\u00edm v zah\u00e1jen\u00ed vys\u00edl\u00e1n\u00ed programu OK TV<br \/>\nod 16. kv\u011btna 2024.<br \/>\n&#8211; Rada se sezn\u00e1mila s ozn\u00e1men\u00edm provozovatele p\u0159evzat\u00e9ho vys\u00edl\u00e1n\u00ed \u0161\u00ed\u0159en\u00e9ho prost\u0159ednictv\u00edm<br \/>\nkabelov\u00fdch syst\u00e9m\u016f, Vodafone Czech Republic a.s., I\u010c: 25788001, se s\u00eddlem: n\u00e1m\u011bst\u00ed Junkov\u00fdch<br \/>\n2802\/2, Stod\u016flky, 155 00 Praha 5, o zm\u011bn\u011b ostatn\u00edch skute\u010dnost\u00ed uveden\u00fdch v p\u0159ihl\u00e1\u0161ce k<br \/>\nregistraci sp. zn. RRTV\/2019\/395\/smu, \u010d.j. RRTV\/8190\/2019-smu.<br \/>\n&#8211; Rada se sezn\u00e1mila s ozn\u00e1men\u00edm provozovatele p\u0159evzat\u00e9ho vys\u00edl\u00e1n\u00ed \u0161\u00ed\u0159en\u00e9ho prost\u0159ednictv\u00edm<br \/>\nzvl\u00e1\u0161tn\u00edch p\u0159enosov\u00fdch syst\u00e9m\u016f, Vodafone Czech Republic a.s., I\u010c: 25788001, se s\u00eddlem: n\u00e1m\u011bst\u00ed<br \/>\nJunkov\u00fdch 2802\/2, Stod\u016flky, 155 00 Praha 5, o zm\u011bn\u011b ostatn\u00edch skute\u010dnost\u00ed uveden\u00fdch v<br \/>\np\u0159ihl\u00e1\u0161ce k registraci sp. zn. RRTV\/2019\/419\/smu, \u010d.j. RRTV\/8188\/2019-smu.<br \/>\n&#8211; Rada se sezn\u00e1mila s ozn\u00e1men\u00edm provozovatele p\u0159evzat\u00e9ho vys\u00edl\u00e1n\u00ed \u0161\u00ed\u0159en\u00e9ho prost\u0159ednictv\u00edm<br \/>\nkabelov\u00fdch syst\u00e9m\u016f, ANTIK Telecom s.r.o., I\u010c: 24 233 41, se s\u00eddlem: Tov\u00e1rn\u00ed 1112, Chrudim,<br \/>\n537 01, o zm\u011bn\u011b ostatn\u00edch skute\u010dnost\u00ed uveden\u00fdch v p\u0159ihl\u00e1\u0161ce k registraci sp. zn.<br \/>\n2016\/110\/SMU\/Tan, \u010d.j. RRTV\/1059\/2016-SMU.<br \/>\n&#8211; Rada se sezn\u00e1mila s n\u00e1sleduj\u00edc\u00edmi pod\u00e1n\u00edmi k obsahu televizn\u00edch program\u016f, audiovizu\u00e1ln\u00edch<br \/>\nmedi\u00e1ln\u00edch slu\u017eeb na vy\u017e\u00e1d\u00e1n\u00ed a slu\u017eeb platforem pro sd\u00edlen\u00ed videonahr\u00e1vek, doru\u010den\u00fdmi od<br \/>\n3. kv\u011btna do 16. kv\u011btna 2024: HBO Europe s.r.o. \/ HBO Max Hungary (www.hbomax.com) &#8211;<br \/>\nThe Adventures of Tintin;\u010cESK\u00c1 TELEVIZE \/ \u010cT1 &#8211; Buchty po r\u00e1nu, 21. 4. 2024 od 08:28 hod.;<br \/>\nBarrandov Televizn\u00ed Studio a.s. \/ BARRANDOV KRIMI &#8211; Odvolac\u00ed soud, 11. 5. 2024 od 20:05 hod.;<br \/>\nTV Nova s.r.o. \/ Nova Lady &#8211; Ordinace v r\u016f\u017eov\u00e9 zahrad\u011b (730), 25. 4. 2024 od 22:12 hod.; \u010cESK\u00c1<br \/>\nTELEVIZE \/ \u010cT1 &#8211; Report\u00e9\u0159i \u010cT, Zneu\u017eit\u00ed, 6. 5. 2024 od 21:24 hod.; FTV Prima, spol. s. r. o. \/<br \/>\nPrima, CNN Prima News &#8211; Hlavn\u00ed zpr\u00e1vy, D\u00e1lnice jako v\u00fddaj na obranu?, 16. 4. 2024 od 18:55<br \/>\nhod.; \u010cesk\u00e1 televize \/ \u010cT1 &#8211; Report\u00e9\u0159i \u010cT, Mu\u017e na radnici, 6. 5. 2023 od 21:24 hod.;\u010cESK\u00c1<br \/>\nTELEVIZE \/ \u010cT1, \u010cT24 &#8211; Ud\u00e1losti, Izraelsk\u00e9 jednotky v Rafahu, 7. 5. 2024 19:00 hod.; \u010cESK\u00c1<br \/>\nTELEVIZE \/ \u010cT1, \u010cT24 &#8211; Ud\u00e1losti, Vladimir Putin slo\u017eil v Kremlu prezidentskou p\u0159\u00edsahu, 7. 5. 2024<br \/>\n19:00 hod.; \u010cESK\u00c1 TELEVIZE \/ r\u016fzn\u00e9 programy &#8211; informov\u00e1n\u00ed o v\u00fdro\u010d\u00ed osvobozen\u00ed<br \/>\n\u010ceskoslovenska od nacismu; \u010cESK\u00c1 TELEVIZE \/ \u010cT1, \u010cT24 &#8211; Ud\u00e1losti, Studie o intimn\u00edm chov\u00e1n\u00ed<br \/>\n\u010cech\u016f, 13. 5. 2024 od 19:00 hod.; Barrandov Televizn\u00ed Studio a.s. \/ Televize Barrandov &#8211; \u010cesk\u00e1<br \/>\ntajenka, 24. 4. 2024 od 17:00 hod.; E.ON Energie, a.s. \/ Prima &#8211; reklama E.ON (S dobrou energi\u00ed<br \/>\ndok\u00e1\u017eete v\u00edc), 12. 5. 2024 od 09:04 hod.;Clausula rebus s.r.o. \/ datoid.cz;ViacomCBS Networks<br \/>\nInternational Czech s.r.o. \/ Nicktoons -The Casagrandes &#8211; Lets get ready to rumba! &#8211; Perro Malo,<br \/>\n7. 4. 2024 od 19:12 hod.<br \/>\n&#8211; Rada postupuje Rad\u011b \u010cesk\u00e9 televize k posouzen\u00ed pod\u00e1n\u00ed ve v\u011bci po\u0159adu Obchod se strachem<br \/>\nodvys\u00edlan\u00e9ho dne 6. b\u0159ezna 2024 od 21:25 hodin na programu \u010cT2.<br \/>\n&#8211; Rada v r\u00e1mci sv\u00e9 kompetence dan\u00e9 ustanoven\u00edm \u00a7 4 odst. 1 z\u00e1kona \u010d. 132\/2010 Sb o<br \/>\naudiovizu\u00e1ln\u00edch medi\u00e1ln\u00edch slu\u017eb\u00e1ch na vy\u017e\u00e1d\u00e1n\u00ed a o zm\u011bn\u011b n\u011bkter\u00fdch z\u00e1kon\u016f<\/p>\n<p>(d\u00e1le jen \u201ez\u00e1kon \u010d. 132\/2010 Sb.\u201c) a na z\u00e1klad\u011b \u010dl. 4 odst. 2 SM\u011aRNICE EVROPSK\u00c9HO PARLAMENTU A RADY<br \/>\n(EU) 2018\/1808 ze dne 14. listopadu 2018, kterou se m\u011bn\u00ed sm\u011brnice 2010\/13\/EU o koordinaci<br \/>\nn\u011bkter\u00fdch pr\u00e1vn\u00edch a spr\u00e1vn\u00edch p\u0159edpis\u016f \u010dlensk\u00fdch st\u00e1t\u016f upravuj\u00edc\u00edch poskytov\u00e1n\u00ed audiovizu\u00e1ln\u00edch<br \/>\nmedi\u00e1ln\u00edch slu\u017eeb (sm\u011brnice o audiovizu\u00e1ln\u00edch medi\u00e1ln\u00edch slu\u017eb\u00e1ch) vyz\u00fdv\u00e1 spole\u010dnost HBO<br \/>\nEurope s.r.o., I\u010c 61466786, s\u00eddlem Jankovcova 1037\/49, Praha 7, PS\u010c 170 00, jako\u017eto<br \/>\nposkytovatele audiovizu\u00e1ln\u00ed medi\u00e1ln\u00ed slu\u017eby na vy\u017e\u00e1d\u00e1n\u00ed HBO Max Hungary, um\u00edst\u011bn\u00e9 na<br \/>\ninternetov\u00e9 adrese www.hbomax.com, k dodr\u017eov\u00e1n\u00ed p\u0159\u00edsn\u011bj\u0161\u00edch pravidel obecn\u00e9ho ve\u0159ejn\u00e9ho<br \/>\nz\u00e1jmu formulovan\u00fdch pr\u00e1vn\u00edm \u0159\u00e1dem Ma\u010farska, konkr\u00e9tn\u011b ve v\u011bci ozna\u010dov\u00e1n\u00ed po\u0159ad\u016f v souladu<br \/>\ns ma\u010farsk\u00fdmi pravidly pro v\u011bkovou klasifikaci, a to v souvislosti s uve\u0159ejn\u011bn\u00edm po\u0159adu The<br \/>\nAdventures of Tintin (Tintin kalandjai).<br \/>\n&#8211; Rada v r\u00e1mci sv\u00e9 p\u016fsobnosti dan\u00e9 ustanoven\u00edm \u00a7 5 odst. 1 p\u00edsm. a) a f) a \u00a7 59 odst. 1-3 z\u00e1kona<br \/>\n\u010d. 231\/2001 Sb., o provozov\u00e1n\u00ed rozhlasov\u00e9ho a televizn\u00edho vys\u00edl\u00e1n\u00ed a o zm\u011bn\u011b dal\u0161\u00edch z\u00e1kon\u016f (d\u00e1le<br \/>\njen z\u00e1kon \u010d. 231\/2001 Sb.), v platn\u00e9m zn\u011bn\u00ed, upozor\u0148uje provozovatele \u010cESK\u00c1 TELEVIZE, I\u010c<br \/>\n00027383, s\u00eddlem Na h\u0159ebenech II 1132\/4, Praha 4, PS\u010c 14700, na poru\u0161en\u00ed ustanoven\u00ed \u00a7 53a<br \/>\nodst. 3 z\u00e1kona \u010d. 231\/2001 Sb., kter\u00e9ho se dopustil t\u00edm, \u017ee dne 21. dubna 2024 od 08:28 hodin na<br \/>\nprogramu \u010cT1 odvys\u00edlal po\u0159ad Buchty po r\u00e1nu, kter\u00fd je po\u0159adem s um\u00edst\u011bn\u00edm produktu, p\u0159i\u010dem\u017e<br \/>\npo\u0159ad byl jako\u017eto po\u0159ad obsahuj\u00edc\u00ed um\u00edst\u011bn\u00ed produktu ozna\u010den pouze na sv\u00e9m konci, na za\u010d\u00e1tku<br \/>\npo\u0159adu ozna\u010den\u00ed chyb\u011blo. Po\u0159ady obsahuj\u00edc\u00ed um\u00edst\u011bn\u00ed produktu musej\u00ed b\u00fdt na za\u010d\u00e1tku, na konci a<br \/>\nv p\u0159\u00edpad\u011b p\u0159eru\u0161en\u00ed reklamou nebo teleshoppingov\u00fdmi \u0161oty rovn\u011b\u017e po tomto p\u0159eru\u0161en\u00ed z\u0159eteln\u011b<br \/>\nozna\u010deny jako po\u0159ady obsahuj\u00edc\u00ed um\u00edst\u011bn\u00ed produktu, aby div\u00e1ci nemohli b\u00fdt \u017e\u00e1dn\u00fdm zp\u016fsobem<br \/>\nuvedeni v omyl o povaze t\u011bchto po\u0159ad\u016f. Rada stanovuje lh\u016ftu k n\u00e1prav\u011b 7 dn\u016f od doru\u010den\u00ed<br \/>\nupozorn\u011bn\u00ed.<br \/>\n&#8211; Rada v r\u00e1mci sv\u00e9 p\u016fsobnosti dan\u00e9 ustanoven\u00edm \u00a7 5 odst. 1 p\u00edsm. a) a f) a \u00a7 59 odst. 1-3 z\u00e1kona<br \/>\n\u010d. 231\/2001 Sb., o provozov\u00e1n\u00ed rozhlasov\u00e9ho a televizn\u00edho vys\u00edl\u00e1n\u00ed a o zm\u011bn\u011b dal\u0161\u00edch z\u00e1kon\u016f (d\u00e1le<br \/>\njen z\u00e1kon \u010d. 231\/2001 Sb.), v platn\u00e9m zn\u011bn\u00ed, upozor\u0148uje provozovatele Barrandov Televizn\u00ed Studio<br \/>\na.s., I\u010c 41693311, s\u00eddlem K\u0159\u00ed\u017eeneck\u00e9ho n\u00e1m. 322, Praha 5, PS\u010c 15200, na poru\u0161en\u00ed ustanoven\u00ed<br \/>\n\u00a7 53a odst. 3 z\u00e1kona \u010d. 231\/2001 Sb., kter\u00e9ho se dopustil t\u00edm, \u017ee dne 11. kv\u011btna 2024 od 20:05<br \/>\nhodin na programu BARRANDOV KRIMI odvys\u00edlal po\u0159ad Odvolac\u00ed soud, kter\u00fd je po\u0159adem s<br \/>\num\u00edst\u011bn\u00edm produktu, p\u0159i\u010dem\u017e po\u0159ad byl jako\u017eto po\u0159ad obsahuj\u00edc\u00ed um\u00edst\u011bn\u00ed produktu ozna\u010den pouze<br \/>\nna sv\u00e9m za\u010d\u00e1tku a konci, po p\u0159eru\u0161en\u00ed reklamou (v \u010dasech 00:22:37, 00:44:07 a 01:09:19 hodin<br \/>\nod za\u010d\u00e1tku po\u0159adu) ozna\u010den\u00ed chyb\u011blo. Po\u0159ady obsahuj\u00edc\u00ed um\u00edst\u011bn\u00ed produktu musej\u00ed b\u00fdt na za\u010d\u00e1tku,<br \/>\nna konci a v p\u0159\u00edpad\u011b p\u0159eru\u0161en\u00ed reklamou nebo teleshoppingov\u00fdmi \u0161oty rovn\u011b\u017e po tomto p\u0159eru\u0161en\u00ed<br \/>\nz\u0159eteln\u011b ozna\u010deny jako po\u0159ady obsahuj\u00edc\u00ed um\u00edst\u011bn\u00ed produktu, aby div\u00e1ci nemohli b\u00fdt \u017e\u00e1dn\u00fdm<br \/>\nzp\u016fsobem uvedeni v omyl o povaze t\u011bchto po\u0159ad\u016f. Rada stanovuje lh\u016ftu k n\u00e1prav\u011b 7 dn\u016f od<br \/>\ndoru\u010den\u00ed upozorn\u011bn\u00ed.<br \/>\n&#8211; Rada v r\u00e1mci sv\u00e9 p\u016fsobnosti dan\u00e9 ustanoven\u00edm \u00a7 5 odst. 1 p\u00edsm. a) a f) a \u00a7 59 odst. 1-3 z\u00e1kona<br \/>\n\u010d. 231\/2001 Sb., o provozov\u00e1n\u00ed rozhlasov\u00e9ho a televizn\u00edho vys\u00edl\u00e1n\u00ed a o zm\u011bn\u011b dal\u0161\u00edch z\u00e1kon\u016f (d\u00e1le<br \/>\njen z\u00e1kon \u010d. 231\/2001 Sb.), v platn\u00e9m zn\u011bn\u00ed, upozor\u0148uje provozovatele TV Nova s.r.o., I\u010c<br \/>\n45800456, s\u00eddlem K\u0159\u00ed\u017eeneck\u00e9ho n\u00e1m\u011bst\u00ed 1078\/5a, Praha 5, PS\u010c 15200, na poru\u0161en\u00ed ustanoven\u00ed<br \/>\n\u00a7 53a odst. 3 z\u00e1kona \u010d. 231\/2001 Sb., kter\u00e9ho se dopustil t\u00edm, \u017ee dne 25. dubna 2024 od 22:12<br \/>\nhodin na programu Nova Lady odvys\u00edlal po\u0159ad Ordinace v r\u016f\u017eov\u00e9 zahrad\u011b (730), kter\u00fd je po\u0159adem<br \/>\ns um\u00edst\u011bn\u00edm produktu, p\u0159i\u010dem\u017e po\u0159ad byl jako\u017eto po\u0159ad obsahuj\u00edc\u00ed um\u00edst\u011bn\u00ed produktu ozna\u010den<br \/>\npouze po p\u0159eru\u0161en\u00ed reklamou a na sv\u00e9m konci, na za\u010d\u00e1tku po\u0159adu ozna\u010den\u00ed chyb\u011blo. Po\u0159ady<br \/>\nobsahuj\u00edc\u00ed um\u00edst\u011bn\u00ed produktu musej\u00ed b\u00fdt na za\u010d\u00e1tku, na konci a v p\u0159\u00edpad\u011b p\u0159eru\u0161en\u00ed reklamou nebo<br \/>\nteleshoppingov\u00fdmi \u0161oty rovn\u011b\u017e po tomto p\u0159eru\u0161en\u00ed z\u0159eteln\u011b ozna\u010deny jako po\u0159ady obsahuj\u00edc\u00ed<br \/>\num\u00edst\u011bn\u00ed produktu, aby div\u00e1ci nemohli b\u00fdt \u017e\u00e1dn\u00fdm zp\u016fsobem uvedeni v omyl o povaze t\u011bchto<br \/>\npo\u0159ad\u016f. Rada stanovuje lh\u016ftu k n\u00e1prav\u011b 7 dn\u016f od doru\u010den\u00ed upozorn\u011bn\u00ed.<br \/>\n&#8211; Rada v r\u00e1mci sv\u00e9 kompetence dan\u00e9 \u00a7 5 odst. 1 p\u00edsm. a) a f) z\u00e1kona \u010d. 231\/2001 Sb., o<br \/>\nprovozov\u00e1n\u00ed rozhlasov\u00e9ho a televizn\u00edho vys\u00edl\u00e1n\u00ed a o zm\u011bn\u011b dal\u0161\u00edch z\u00e1kon\u016f, v platn\u00e9m zn\u011bn\u00ed (d\u00e1le<br \/>\njen \u201ez\u00e1kon \u010d. 231\/2001 Sb.\u201c) a v souladu s ustanoven\u00edm \u00a7 137 odst. 1 z\u00e1kona \u010d. 500\/2004 Sb., spr\u00e1vn\u00ed \u0159\u00e1d,<\/p>\n<p>(d\u00e1le jen \u201ez\u00e1kon \u010d. 500\/2004 Sb.\u201c) \u017e\u00e1d\u00e1 provozovatele \u010cESK\u00c1 TELEVIZE, I\u010c<br \/>\n00027383, s\u00eddlem Na h\u0159ebenech II 1132\/4, Praha 4, PS\u010c 14700, o pod\u00e1n\u00ed vysv\u011btlen\u00ed k obsahu<br \/>\npo\u0159adu Report\u00e9\u0159i \u010cT, odvys\u00edlan\u00e9mu dne 6. kv\u011btna 2024 od 21:24 hodin na programu \u010cT1, resp.<br \/>\nreport\u00e1\u017ee s n\u00e1zvem Zneu\u017eit\u00ed, konkr\u00e9tn\u011b, z jak\u00e9ho d\u016fvodu ve jmenovan\u00e9 report\u00e1\u017ei neposkytl prostor<br \/>\nk vyj\u00e1d\u0159en\u00ed protestuj\u00edc\u00edm z \u0159ad zem\u011bd\u011blc\u016f a pracovn\u00edk\u016f ve \u0161kolstv\u00ed, kte\u0159\u00ed se z\u00fa\u010dastnili \u00fanorov\u00fdch<br \/>\nzem\u011bd\u011blsk\u00fdch protest\u016f, resp. listopadov\u00e9 u\u010ditelsk\u00e9 st\u00e1vky, ani\u017e by se v\u016f\u010di podob\u011b t\u011bchto protest\u016f<br \/>\nkategoricky vymezili. Rada stanovuje lh\u016ftu k pod\u00e1n\u00ed vysv\u011btlen\u00ed 30 dn\u00ed ode dne doru\u010den\u00ed t\u00e9to v\u00fdzvy.<br \/>\n&#8211; Rada v r\u00e1mci sv\u00e9 kompetence dan\u00e9 \u00a7 5 odst. 1 p\u00edsm. a) a f) z\u00e1kona \u010d. 231\/2001 Sb., o<br \/>\nprovozov\u00e1n\u00ed rozhlasov\u00e9ho a televizn\u00edho vys\u00edl\u00e1n\u00ed a o zm\u011bn\u011b dal\u0161\u00edch z\u00e1kon\u016f, v platn\u00e9m zn\u011bn\u00ed (d\u00e1le<br \/>\njen \u201ez\u00e1kon \u010d. 231\/2001 Sb.\u201c) a v souladu s ustanoven\u00edm \u00a7 137 odst. 1 z\u00e1kona \u010d. 500\/2004 Sb.,<br \/>\nspr\u00e1vn\u00ed \u0159\u00e1d, (d\u00e1le jen \u201ez\u00e1kon \u010d. 500\/2004 Sb.\u201c) \u017e\u00e1d\u00e1 provozovatele FTV Prima, spol. s r.o., I\u010c<br \/>\n48115908, s\u00eddlem Vinohradsk\u00e1 3217\/167, Praha 10, PS\u010c 100 00, o pod\u00e1n\u00ed vysv\u011btlen\u00ed k obsahu<br \/>\nzpravodajsk\u00e9 relace Hlavn\u00ed zpr\u00e1vy, resp. report\u00e1\u017ee s n\u00e1zvem D\u00e1lnice jako v\u00fddaj na obranu?,<br \/>\nodvys\u00edlan\u00e9 dne 16. dubna 2024 od 18:55 hodin na programech Prima a CNN Prima News,<br \/>\nkonkr\u00e9tn\u011b, z jak\u00e9ho d\u016fvodu do report\u00e1\u017ee za\u0159adil v\u00fdrok gener\u00e1lporu\u010d\u00edka Iva St\u0159echy (\u201eBudu mluvit<br \/>\nsamoz\u0159ejm\u011b za svoje pocity voj\u00e1ka, kter\u00fd se setkal s mnoha alian\u010dn\u00edmi d\u016fstojn\u00edky, gener\u00e1ly, kte\u0159\u00ed<br \/>\nn\u00e1s za stav na\u0161\u00ed infrastruktury hodn\u011b kritizovali.\u201c), ani\u017e by uvedl zdroj tohoto vyj\u00e1d\u0159en\u00ed, kter\u00fdm byl<br \/>\nrozhovor s gener\u00e1lporu\u010d\u00edkem St\u0159echou o roli \u010cesk\u00e9 republiky v NATO, zve\u0159ejn\u011bn\u00fd na serveru CNN<br \/>\nPrima News dne 12. b\u0159ezna 2024, a neumo\u017enil tak div\u00e1k\u016fm posoudit v\u00fdrok v jeho p\u016fvodn\u00edm<br \/>\nkontextu. Rada stanovuje lh\u016ftu k pod\u00e1n\u00ed vysv\u011btlen\u00ed 30 dn\u00ed ode dne doru\u010den\u00ed t\u00e9to v\u00fdzvy.<br \/>\n&#8211; Rada se sezn\u00e1mila s anal\u00fdzou kontinu\u00e1ln\u00edho \u00faseku vys\u00edl\u00e1n\u00ed programu CS Film provozovatele<br \/>\n\u010ceskoslovensk\u00e1 filmov\u00e1 spole\u010dnost, s.r.o. ze dne 18. b\u0159ezna 2024 v \u010dasov\u00e9m \u00faseku 12.00 &#8211; 24.00<br \/>\nhodin.<br \/>\n&#8211; Rada se sezn\u00e1mila s anal\u00fdzou z\u00e1znamu vys\u00edl\u00e1n\u00ed programu DVTV Extra provozovatele TV Extra<br \/>\nPartners s.r.o. ze dne 5. 2. 2024 od 12:00 do 24:00 hod.<br \/>\n&#8211; Rada v r\u00e1mci sv\u00e9 kompetence dan\u00e9 \u00a7 5 odst. 1 p\u00edsm. a) a f) z\u00e1kona \u010d. 231\/2001 Sb., o<br \/>\nprovozov\u00e1n\u00ed rozhlasov\u00e9ho a televizn\u00edho vys\u00edl\u00e1n\u00ed a o zm\u011bn\u011b dal\u0161\u00edch z\u00e1kon\u016f, v platn\u00e9m zn\u011bn\u00ed (d\u00e1le<br \/>\njen \u201ez\u00e1kon \u010d. 231\/2001 Sb.\u201c) a v souladu s ustanoven\u00edm \u00a7 137 odst. 1 z\u00e1kona \u010d. 500\/2004 Sb.,<br \/>\nspr\u00e1vn\u00ed \u0159\u00e1d, (d\u00e1le jen \u201ez\u00e1kon \u010d. 500\/2004 Sb.\u201c) \u017e\u00e1d\u00e1 provozovatele TV Extra Partners s.r.o., I\u010c:<br \/>\n17336724, s\u00eddlem: Hole\u010dkova 789\/49, Praha 5, PS\u010c 150 00, o pod\u00e1n\u00ed vysv\u011btlen\u00ed, jak\u00fdm zp\u016fsobem<br \/>\npln\u00ed povinnosti zakotven\u00e9 v \u00a7 32 odst. 9 p\u00edsm. a), b) a c) z\u00e1kona \u010d. 231\/2001 Sb., tedy jak\u00fdm<br \/>\nzp\u016fsobem umo\u017e\u0148uje div\u00e1k\u016fm snadn\u00fd, p\u0159\u00edm\u00fd a trval\u00fd p\u0159\u00edstup k z\u00e1kladn\u00edm \u00fadaj\u016fm o provozovateli<br \/>\ntelevizn\u00edho vys\u00edl\u00e1n\u00ed, \u00fadaj\u016fm, kter\u00e9 umo\u017e\u0148uj\u00ed rychl\u00e9, p\u0159\u00edm\u00e9 a \u00fa\u010dinn\u00e9 nav\u00e1z\u00e1n\u00ed kontaktu s<br \/>\nprovozovatelem, a informaci o tom, \u017ee jeho \u010dinnost se \u0159\u00edd\u00ed pr\u00e1vn\u00edm \u0159\u00e1dem \u010cesk\u00e9 republiky a o tom,<br \/>\n\u017ee org\u00e1nem dozoru nad provozov\u00e1n\u00edm televizn\u00edho vys\u00edl\u00e1n\u00ed je Rada. Rada stanovuje lh\u016ftu<\/p>\n<p>k pod\u00e1n\u00ed vysv\u011btlen\u00ed 30 dn\u00ed ode dne doru\u010den\u00ed t\u00e9to v\u00fdzvy.<br \/>\n&#8211; Rada v r\u00e1mci sv\u00e9 kompetence dan\u00e9 \u00a7 5 odst. 1 p\u00edsm. a) a f) z\u00e1kona \u010d. 231\/2001 Sb., o<br \/>\nprovozov\u00e1n\u00ed rozhlasov\u00e9ho a televizn\u00edho vys\u00edl\u00e1n\u00ed a o zm\u011bn\u011b dal\u0161\u00edch z\u00e1kon\u016f, v platn\u00e9m zn\u011bn\u00ed (d\u00e1le<br \/>\njen \u201ez\u00e1kon \u010d. 231\/2001 Sb.\u201c) a v souladu s ustanoven\u00edm \u00a7 137 odst. 1 z\u00e1kona \u010d. 500\/2004 Sb.,<br \/>\nspr\u00e1vn\u00ed \u0159\u00e1d, (d\u00e1le jen \u201ez\u00e1kon \u010d. 500\/2004 Sb.\u201c) \u017e\u00e1d\u00e1 provozovatele Extra Partners s.r.o., I\u010c:<br \/>\n17336724, s\u00eddlem: Hole\u010dkova 789\/49, Praha 5, PS\u010c 150 00, o pod\u00e1n\u00ed vysv\u011btlen\u00ed, 1) na z\u00e1klad\u011b<br \/>\njak\u00fdch smluvn\u00edch ujedn\u00e1n\u00ed \u010di neform\u00e1ln\u00edch dohod za\u0159adil do vys\u00edl\u00e1n\u00ed programu DVTV Extra dne<br \/>\n5. \u00fanora 2024 propaga\u010dn\u00ed sd\u011blen\u00ed platformy www.talktv.cz, kter\u00e1 byla odvys\u00edl\u00e1na na za\u010d\u00e1tku<br \/>\npo\u0159adu Tech Guys, nap\u0159. v \u010dase 12:30 hodin, a na konci po\u0159adu Jadrn\u00e1 v\u011bda, nap\u0159. v \u010dase 13:25<br \/>\nhodin, resp. zda byla sd\u011blen\u00ed odvys\u00edl\u00e1na za \u00faplatu nebo obdobnou protihodnotu; 2) zda byly spoty<br \/>\nodvys\u00edlan\u00e9 dne 5. \u00fanora 2024 v \u010dasech 15:02 a 20:16 hodin, tedy p\u0159ed rozhovory DVTV s<br \/>\nRostislavem V\u00e1clavkem, ozn\u00e1men\u00edmi o sponzoringu po\u0159adu (S\u00e9rii rozhovor\u016f s hv\u011bzdn\u00fdmi<br \/>\nspisovateli v\u00e1m p\u0159in\u00e1\u0161\u00ed Albatros Media), a p\u0159\u00edpadn\u011b pro\u010d nebyly tyto po\u0159ady v\u017edy na za\u010d\u00e1tku a d\u00e1le<br \/>\nv pr\u016fb\u011bhu nebo na konci z\u0159eteln\u011b ozna\u010deny jm\u00e9nem nebo n\u00e1zvem, obrazov\u00fdm symbolem (logem)<\/p>\n<p>nebo jinou zna\u010dkou sponzora, jak stanovuje \u00a7 53 odst. 4 z\u00e1kona \u010d. 231\/2001 Sb. Rada stanovuje<br \/>\nlh\u016ftu k pod\u00e1n\u00ed vysv\u011btlen\u00ed 30 dn\u00ed ode dne doru\u010den\u00ed t\u00e9to v\u00fdzvy.<br \/>\n&#8211; Rada se sezn\u00e1mila s anal\u00fdzou vys\u00edl\u00e1n\u00ed programu Comedy Central (provozovan\u00e9ho na z\u00e1klad\u011b<br \/>\nrozhodnut\u00ed \u010d. j. RRTV\/2850\/2016-FIA) provozovatele ViacomCBS Networks International Czech<br \/>\ns.r.o. ze dne 14. \u00fanora 2024 v \u010dasov\u00e9m \u00faseku od 10:00 do 22:00 hod.<br \/>\n&#8211; Rada v r\u00e1mci sv\u00e9 kompetence dan\u00e9 \u00a7 5 odst. 1 p\u00edsm. a) a f) z\u00e1kona \u010d. 231\/2001 Sb., o<br \/>\nprovozov\u00e1n\u00ed rozhlasov\u00e9ho a televizn\u00edho vys\u00edl\u00e1n\u00ed a o zm\u011bn\u011b dal\u0161\u00edch z\u00e1kon\u016f, v platn\u00e9m zn\u011bn\u00ed (d\u00e1le<br \/>\njen \u201ez\u00e1kon \u010d. 231\/2001 Sb.\u201c) a v souladu s ustanoven\u00edm \u00a7 137 odst. 1 z\u00e1kona \u010d. 500\/2004 Sb.,<br \/>\nspr\u00e1vn\u00ed \u0159\u00e1d, (d\u00e1le jen \u201ez\u00e1kon \u010d. 500\/2004 Sb.\u201c) \u017e\u00e1d\u00e1 provozovatele ViacomCBS Networks<br \/>\nInternational Czech s.r.o., I\u010c: 289 70 438, s\u00eddlem: Perlov\u00e1 371\/5, Praha, PS\u010c 110 00, o pod\u00e1n\u00ed<br \/>\nvysv\u011btlen\u00ed, v kolik hodin tam\u011bj\u0161\u00edho \u010dasu byl na programu Comedy Central dne 14. 2. 2024 v c\u00edlov\u00e9<br \/>\nlokaci (Ukrajina, B\u011blorusko, Moldavsko, Gruzie, Arm\u00e9nie, \u00c1zerb\u00e1jd\u017e\u00e1n, Kazachst\u00e1n, Uzbekist\u00e1n,<br \/>\nKyrgyzst\u00e1n, Estonsko, Loty\u0161sko, Litva, T\u00e1d\u017eikist\u00e1n) re\u00e1ln\u011b odvys\u00edl\u00e1n po\u0159ad ozna\u010den\u00fd grafick\u00fdm<br \/>\nznakem \u201e18+\u201c Key and Peele, epizoda I am retired. Rada stanovuje lh\u016ftu k pod\u00e1n\u00ed vysv\u011btlen\u00ed 30<br \/>\ndn\u00ed ode dne doru\u010den\u00ed v\u00fdzvy.<br \/>\n&#8211; Rada se sezn\u00e1mila s anal\u00fdzou vys\u00edl\u00e1n\u00ed programu club MTV (provozovan\u00e9ho na z\u00e1klad\u011b<br \/>\nrozhodnut\u00ed \u010d. j. SMU\/1676\/2014) provozovatele ViacomCBS Networks International Czech s.r.o.<br \/>\nze dne 5. \u00fanora 2024 v \u010dasov\u00e9m \u00faseku od 12:00 do 24:00 hodin.<br \/>\n&#8211; Rada se sezn\u00e1mila s anal\u00fdzou z\u00e1znamu vys\u00edl\u00e1n\u00ed programu Nickelodeon Polska provozovatele<br \/>\nViacomCBS Networks International Czech s.r.o. ze dne 4. 12. 2023 od 12:00 do 24:00 hodin.<br \/>\n&#8211; Rada se sezn\u00e1mila s anal\u00fdzou z\u00e1znamu vys\u00edl\u00e1n\u00ed programu Nickelodeon (provozovan\u00e9ho na<br \/>\nz\u00e1klad\u011b rozhodnut\u00ed \u010d. j. RRTV\/7816\/2018-fia) provozovatele ViacomCBS Networks International<br \/>\nCzech s.r.o. ze dne 5. \u00fanora 2024 od 12:00 do 24:00 hod.<br \/>\n&#8211; Rada se sezn\u00e1mila s anal\u00fdzou z\u00e1znamu vys\u00edl\u00e1n\u00ed programu Sport2 Hungary provozovatele AMC<br \/>\nNetworks Central Europe s.r.o. ze dne 5. \u00fanora 2024 v \u010dase od 12.00 do 24.00 hodin.<br \/>\n&#8211; Rada se sezn\u00e1mila s v\u00fdsledky systematick\u00e9ho monitoringu hlasitosti obchodn\u00edch sd\u011blen\u00ed na<br \/>\nprogramu Paramount Network provozovatele ViacomCBS Networks International Czech s.r.o.<\/p>\n<p>ze dne 27. dubna 2024, 20:00 &#8211; 22:00 hodin.<br \/>\n&#8211; Rada se sezn\u00e1mila s reakc\u00ed provozovatele Barrandov Televizn\u00ed Studio a.s., na ulo\u017een\u00e9<br \/>\nupozorn\u011bn\u00ed na poru\u0161en\u00ed \u00a7 47 odst. 1 p\u00edsm. a)- d) z\u00e1kona \u010d. 231\/2001 Sb., kter\u00e9ho se dopustil t\u00edm,<br \/>\n\u017ee Rad\u011b neposkytl \u00fadaje o po\u010dtu a d\u00e9lce vys\u00edlan\u00fdch evropsk\u00fdch d\u011bl za kalend\u00e1\u0159n\u00ed rok 2023 k<br \/>\ntelevizn\u00edm program\u016fm Televize Barrandov, BARRANDOV KRIMI a KINO BARRANDOV.<br \/>\n&#8211; Rada coby \u00fast\u0159edn\u00ed spr\u00e1vn\u00ed \u00fa\u0159ad v r\u00e1mci sv\u00e9 p\u016fsobnosti dan\u00e9 ustanoven\u00edm \u00a7 5 odst. 1 p\u00edsm. a)<br \/>\na f) z\u00e1kona \u010d. 231\/2001 Sb., o provozov\u00e1n\u00ed rozhlasov\u00e9ho a televizn\u00edho vys\u00edl\u00e1n\u00ed a o zm\u011bn\u011b dal\u0161\u00edch<br \/>\nz\u00e1kon\u016f, v platn\u00e9m zn\u011bn\u00ed (d\u00e1le jen z\u00e1kon \u010d. 231\/2001 Sb.), v souladu s ustanoven\u00edm \u00a7 78 odst. 1<br \/>\nz\u00e1kona \u010d. 250\/2016 Sb., z\u00e1kona o p\u0159estupc\u00edch a \u0159\u00edzen\u00ed o nich (d\u00e1le jen z\u00e1kon \u010d. 250\/2016 Sb.),<br \/>\nrozhodla zah\u00e1jit s provozovatelem Barrandov Televizn\u00ed Studio a.s., I\u010c 41693311, s\u00eddlem Praha 5,<br \/>\nK\u0159\u00ed\u017eeneck\u00e9ho n\u00e1m\u011bst\u00ed 322\/5, PS\u010c 15200, \u0159\u00edzen\u00ed o p\u0159estupku z moci \u00fa\u0159edn\u00ed pro mo\u017en\u00e9 poru\u0161en\u00ed<br \/>\nustanoven\u00ed \u00a7 47 odst. 1 p\u00edsm. a) &#8211; d) z\u00e1kona \u010d. 231\/2001 Sb., kter\u00e9ho se dopustil t\u00edm, \u017ee Rad\u011b<br \/>\nneposkytl \u00fadaje o po\u010dtu a d\u00e9lce vys\u00edlan\u00fdch evropsk\u00fdch d\u011bl v\u010detn\u011b identifikace t\u011bchto d\u011bl a jejich<br \/>\nv\u00fdrobc\u016f, \u00fadaje o po\u010dtu a d\u00e9lce vys\u00edlan\u00fdch evropsk\u00fdch d\u011bl vyroben\u00fdch nez\u00e1visl\u00fdmi v\u00fdrobci, v\u010detn\u011b<br \/>\nidentifikace t\u011bchto d\u011bl a jejich v\u00fdrobc\u016f, pop\u0159\u00edpad\u011b doklady, kter\u00e9 prokazuj\u00ed, \u017ee vynalo\u017eil nejm\u00e9n\u011b<br \/>\n10 % sv\u00e9ho programov\u00e9ho rozpo\u010dtu na v\u00fdrobu nebo n\u00e1kup evropsk\u00fdch d\u011bl vyroben\u00fdch<br \/>\nnez\u00e1visl\u00fdmi v\u00fdrobci, v\u010detn\u011b identifikace v\u00fdrobc\u016f t\u011bchto d\u011bl, seznamy vys\u00edlan\u00fdch evropsk\u00fdch d\u011bl<br \/>\nvyroben\u00fdch nez\u00e1visl\u00fdmi v\u00fdrobci, od jejich\u017e v\u00fdroby neuplynulo v\u00edce ne\u017e 5 let a \u00fadaje o po\u010dtu a d\u00e9lce<br \/>\nodvys\u00edlan\u00fdch \u010desk\u00fdch d\u011bl, to v\u0161e za kalend\u00e1\u0159n\u00ed rok 2023 k televizn\u00edm program\u016fm Televize<br \/>\nBarrandov, BARRANDOV KRIMI a KINO BARRANDOV. Rada se sezn\u00e1mila s podan\u00fdm vysv\u011btlen\u00edm<\/p>\n<p>\u010cesk\u00e1 televize, z jak\u00e9ho d\u016fvodu bylo vys\u00edl\u00e1n\u00ed<br \/>\nz\u00e1znamu z\u00e1vodu mu\u017e\u016f na Sv\u011btov\u00e9m poh\u00e1ru v letech na ly\u017e\u00edch z n\u011bmeck\u00e9ho Oberstdorfu,<br \/>\nodvys\u00edlan\u00e9ho dne 25. \u00fanora 2024 od 3:33 hodin, na programu \u010cT sport, ozna\u010deno symbolem pro<br \/>\num\u00edst\u011bn\u00ed produktu a pro\u010d toto ozna\u010den\u00ed figurovalo pouze na za\u010d\u00e1tku po\u0159adu; a d\u00e1le z jak\u00e9ho<br \/>\nd\u016fvodu bylo vys\u00edl\u00e1n\u00ed z\u00e1znamu 2. kola ob\u0159\u00edho slalomu \u017een na Sv\u011btov\u00e9m poh\u00e1ru v alpsk\u00e9m ly\u017eov\u00e1n\u00ed<br \/>\nze \u0161v\u00e9dsk\u00e9ho Are, odvys\u00edlan\u00e9ho dne 10. b\u0159ezna 2024 od 2:29 hodin, na programu \u010cT sport,<br \/>\nozna\u010deno na sv\u00e9m za\u010d\u00e1tku i na sv\u00e9m konci symbolem um\u00edst\u011bn\u00ed produktu.<br \/>\n&#8211; Rada coby \u00fast\u0159edn\u00ed spr\u00e1vn\u00ed \u00fa\u0159ad v r\u00e1mci sv\u00e9 kompetence dan\u00e9 ustanoven\u00edm \u00a7 5 odst. 1 p\u00edsm.<br \/>\na) z\u00e1kona \u010d. 231\/2001 Sb., o provozov\u00e1n\u00ed rozhlasov\u00e9ho a televizn\u00edho vys\u00edl\u00e1n\u00ed a o zm\u011bn\u011b dal\u0161\u00edch<br \/>\nz\u00e1kon\u016f (d\u00e1le jen z\u00e1kon \u010d. 231\/2001 Sb.), rozhodla v souladu s ustanoven\u00edm \u00a7 76 odst. 1 p\u00edsm. a)<br \/>\nz\u00e1kona \u010d. 250\/2016 Sb., o odpov\u011bdnosti za p\u0159estupky a \u0159\u00edzen\u00ed o nich, v platn\u00e9m zn\u011bn\u00ed, ve v\u011bci<br \/>\nmo\u017en\u00e9ho p\u0159estupku sp\u00e1chan\u00e9ho odvys\u00edl\u00e1n\u00edm z\u00e1znamu z\u00e1vodu mu\u017e\u016f na Sv\u011btov\u00e9m poh\u00e1ru v letech<br \/>\nna ly\u017e\u00edch z n\u011bmeck\u00e9ho Oberstdorfu, dne 25. \u00fanora 2024 od 3:33 hodin, na programu \u010cT sport, a<br \/>\nz\u00e1znamu 2. kola ob\u0159\u00edho slalomu \u017een na Sv\u011btov\u00e9m poh\u00e1ru v alpsk\u00e9m ly\u017eov\u00e1n\u00ed ze \u0161v\u00e9dsk\u00e9ho Are,<br \/>\nodvys\u00edlan\u00e9ho dne 10. b\u0159ezna 2024 od 2:29 hodin, na programu \u010cT sport, \u017ee v\u011bc odkl\u00e1d\u00e1.<br \/>\n&#8211; Rada se sezn\u00e1mila s podan\u00fdm vysv\u011btlen\u00edm provozovatele Barrandov Televizn\u00ed Studio a.s., zda<br \/>\nv po\u0159adech odvys\u00edlan\u00fdch na programu Televize Barrandov &#8211; Nebezpe\u010dn\u00e9 vztahy s Honzou<br \/>\nMusilem (dne 9. 2. 2024 od 19:20 hodin), Ne\u010dekan\u00e1 \u00famrt\u00ed (dne 9. 2. 2024 od 22:05 hodin) a<br \/>\nTajemstv\u00ed film\u016f a seri\u00e1l\u016f (dne 24. 2. 2024 od 21:29 hodin) byly um\u00edst\u011bny produkty a pokud ano,<br \/>\npro\u010d byly \u0159\u00e1dn\u011b ozna\u010deny symbolem PP na za\u010d\u00e1tku a na konci po\u0159ad\u016f, ale symbol PP absentoval<br \/>\npo skon\u010den\u00ed p\u0159eru\u0161en\u00ed reklamn\u00edmi bloky v t\u011bchto po\u0159adech.<br \/>\n&#8211; Rada coby \u00fast\u0159edn\u00ed spr\u00e1vn\u00ed \u00fa\u0159ad v r\u00e1mci sv\u00e9 kompetence dan\u00e9 ustanoven\u00edm \u00a7 5 odst. 1 p\u00edsm.<br \/>\na) z\u00e1kona \u010d. 231\/2001 Sb., o provozov\u00e1n\u00ed rozhlasov\u00e9ho a televizn\u00edho vys\u00edl\u00e1n\u00ed a o zm\u011bn\u011b dal\u0161\u00edch<br \/>\nz\u00e1kon\u016f (d\u00e1le jen z\u00e1kon \u010d. 231\/2001 Sb.), rozhodla v souladu s ustanoven\u00edm \u00a7 76 odst. 1 p\u00edsm. a)<br \/>\nz\u00e1kona \u010d. 250\/2016 Sb., o odpov\u011bdnosti za p\u0159estupky a \u0159\u00edzen\u00ed o nich, v platn\u00e9m zn\u011bn\u00ed, ve v\u011bci<br \/>\nmo\u017en\u00e9ho p\u0159estupku sp\u00e1chan\u00e9ho odvys\u00edl\u00e1n\u00edm po\u0159ad\u016f Nebezpe\u010dn\u00e9 vztahy s Honzou Musilem (dne<br \/>\n9. 2. 2024 od 19:20 hodin), Ne\u010dekan\u00e1 \u00famrt\u00ed (dne 9. 2. 2024 od 22:05 hodin) a Tajemstv\u00ed film\u016f a<br \/>\nseri\u00e1l\u016f (dne 24. 2. 2024 od 21:29 hodin) na programu Televize Barrandov, \u017ee v\u011bc odkl\u00e1d\u00e1.<br \/>\n&#8211; Rada se sezn\u00e1mila s podan\u00fdm vysv\u011btlen\u00edm provozovatele Barrandov Televizn\u00ed Studio a.s., jak\u00fd<br \/>\nprodukt byl um\u00edst\u011bn\u00fdm produktem v po\u0159adu T\u00fdden podle Jarom\u00edra Soukupa, odvys\u00edlan\u00e9m dne<br \/>\n22. \u00fanora 2024 od 21:51 hodin na programu Televize Barrandov.<br \/>\n&#8211; Rada coby \u00fast\u0159edn\u00ed spr\u00e1vn\u00ed \u00fa\u0159ad v r\u00e1mci sv\u00e9 kompetence dan\u00e9 ustanoven\u00edm \u00a7 5 odst. 1 p\u00edsm.<br \/>\na) z\u00e1kona \u010d. 231\/2001 Sb., o provozov\u00e1n\u00ed rozhlasov\u00e9ho a televizn\u00edho vys\u00edl\u00e1n\u00ed a o zm\u011bn\u011b dal\u0161\u00edch<br \/>\nz\u00e1kon\u016f (d\u00e1le jen z\u00e1kon \u010d. 231\/2001 Sb.), rozhodla v souladu s ustanoven\u00edm \u00a7 76 odst. 1 p\u00edsm. a)<br \/>\nz\u00e1kona \u010d. 250\/2016 Sb., o odpov\u011bdnosti za p\u0159estupky a \u0159\u00edzen\u00ed o nich, v platn\u00e9m zn\u011bn\u00ed, ve v\u011bci<br \/>\nmo\u017en\u00e9ho p\u0159estupku sp\u00e1chan\u00e9ho odvys\u00edl\u00e1n\u00edm po\u0159adu T\u00fdden podle Jarom\u00edra Soukupa dne<br \/>\n22. \u00fanora 2024 od 21:51 hodin na programu Televize Barrandov, \u017ee v\u011bc odkl\u00e1d\u00e1.<br \/>\n&#8211; Rada se sezn\u00e1mila s reakc\u00ed provozovatele Region\u00e1ln\u00ed televize CZ s.r.o. na upozorn\u011bn\u00ed na<br \/>\nporu\u0161en\u00ed ustanoven\u00ed \u00a7 32 odst. 1 p\u00edsm. j) z\u00e1kona \u010d. 231\/2001 Sb., kter\u00e9ho se dopustil t\u00edm, \u017ee dne<br \/>\n9. b\u0159ezna 2024 od 13:15 hodin na programu A11 odvys\u00edlal po\u0159ad Kluci z hor, kter\u00fd obsahoval<br \/>\nvulgarismy \u010di nad\u00e1vky a d\u00e1le t\u00edm, \u017ee odvys\u00edlal dne 10.b\u0159ezna 2024 od 18:55 hodin na t\u00e9m\u017ee<br \/>\nprogramu po\u0159ad Voda, \u010do ma dr\u017e\u00ed nad vodou, kter\u00fd obsahoval vulgarismy \u010di nad\u00e1vky.<\/p>\n<p>AUDIOVIZU\u00c1LN\u00cd MEDI\u00c1LN\u00cd SLU\u017dBY NA VY\u017d\u00c1D\u00c1N\u00cd A SLU\u017dBY PLATFOREM PRO SD\u00cdLEN\u00cd<br \/>\nVIDEONAHR\u00c1VEK<br \/>\n&#8211; Rada se sezn\u00e1mila s podan\u00fdm vysv\u011btlen\u00edm poskytovatele audiovizu\u00e1ln\u00ed medi\u00e1ln\u00ed slu\u017eby na<br \/>\nvy\u017e\u00e1d\u00e1n\u00ed Videot\u00e9ka, spole\u010dnosti T-mobile Czech Republic a.s., z jak\u00e9ho d\u016fvodu nep\u0159edlo\u017eila<\/p>\n<p>Rad\u011b zpr\u00e1vu o zp\u016fsobu pln\u011bn\u00ed povinnosti stanoven\u00e9 \u00a7 7 odst. 1 z\u00e1kona \u010d. 132\/2010 Sb., o<br \/>\naudiovizu\u00e1ln\u00edch medi\u00e1ln\u00edch slu\u017eb\u00e1ch na vy\u017e\u00e1d\u00e1n\u00ed.<br \/>\n&#8211; Rada se sezn\u00e1mila s podan\u00fdm vysv\u011btlen\u00edm spole\u010dnosti TALK TV s.r.o., z jak\u00e9ho d\u016fvodu Rad\u011b<br \/>\ndoposud neozn\u00e1mila poskytov\u00e1n\u00ed audiovizu\u00e1ln\u00ed medi\u00e1ln\u00ed slu\u017eby na vy\u017e\u00e1d\u00e1n\u00ed um\u00edst\u011bn\u00e9 na<br \/>\ninternetov\u00e9 adrese https:\/\/www.talktv.cz\/.<br \/>\n&#8211; Rada se sezn\u00e1mila s monitoringem slu\u017eby dostupn\u00e9 na adrese https:\/\/ www.talktv.cz\/.<br \/>\n&#8211; Rada v r\u00e1mci sv\u00e9 p\u016fsobnosti dan\u00e9 ustanoven\u00edm \u00a7 4 odst. 1 z\u00e1kona \u010d. 132\/2010 Sb., o<br \/>\naudiovizu\u00e1ln\u00edch medi\u00e1ln\u00edch slu\u017eb\u00e1ch na vy\u017e\u00e1d\u00e1n\u00ed, v platn\u00e9m zn\u011bn\u00ed, a na z\u00e1klad\u011b ustanoven\u00ed \u00a7 137<br \/>\nodst. 1 z\u00e1kona \u010d. 500\/2004 Sb., spr\u00e1vn\u00ed \u0159\u00e1d, \u017e\u00e1d\u00e1 spole\u010dnost TALK TV s.r.o., I\u010c 11748419, s\u00eddlem<br \/>\nChudenick\u00e1 1059\/30, Praha 10-Hostiva\u0159,PS\u010c 10200, o pod\u00e1n\u00ed vysv\u011btlen\u00ed, kdo nese redak\u010dn\u00ed<br \/>\nodpov\u011bdnost za po\u0159ady a videonahr\u00e1vky vytv\u00e1\u0159en\u00e9 u\u017eivateli, um\u00eds\u0165ovan\u00e9 na internetov\u00e9 adrese<br \/>\nhttps:\/\/www.talktv.cz\/, respektive kdo m\u00e1 rozhoduj\u00edc\u00ed vliv na v\u00fdb\u011br po\u0159ad\u016f a jejich uspo\u0159\u00e1d\u00e1n\u00ed v<br \/>\nkatalogu po\u0159ad\u016f. Rada stanovuje lh\u016ftu k pod\u00e1n\u00ed vysv\u011btlen\u00ed 30 dn\u00ed ode dne doru\u010den\u00ed t\u00e9to v\u00fdzvy.<br \/>\n&#8211; Rada se sezn\u00e1mila s pod\u00e1n\u00edm poskytovatele audiovizu\u00e1ln\u00ed medi\u00e1ln\u00ed slu\u017eby na vy\u017e\u00e1d\u00e1n\u00ed<br \/>\nKVIFF.TV, spole\u010dnosti KVIFF. TV, a. s., t\u00fdkaj\u00edc\u00edm se pln\u011bn\u00ed povinnosti stanoven\u00e9 \u00a7 7 odst. 1<br \/>\nz\u00e1kona \u010d. 132\/2010 Sb., o audiovizu\u00e1ln\u00edch medi\u00e1ln\u00edch slu\u017eb\u00e1ch na vy\u017e\u00e1d\u00e1n\u00ed.<br \/>\n&#8211; Rada se sezn\u00e1mila s informacemi o metod\u00e1ch a iniciativ\u00e1ch v oblasti ov\u011b\u0159ov\u00e1n\u00ed v\u011bku u\u017eivatel\u016f<br \/>\nonline slu\u017eeb a souhlas\u00ed se zn\u011bn\u00edm dopisu adresovan\u00e9ho poskytovatel\u016fm audiovizu\u00e1ln\u00edch<br \/>\nmedi\u00e1ln\u00edch slu\u017eeb na vy\u017e\u00e1d\u00e1n\u00ed a poskytovatel\u016fm slu\u017eeb platforem pro sd\u00edlen\u00ed videonahr\u00e1vek.<br \/>\nOSTATN\u00cd<br \/>\n&#8211; Rada se sezn\u00e1mila s p\u0159ehledem zm\u011bn v rozhlasov\u00e9m a televizn\u00edm vys\u00edl\u00e1n\u00ed za b\u0159ezen a duben<br \/>\nroku 2024.<\/p>\n<p>V Praze dne 30. 5. 2024<\/p>\n<p>Ing. arch. V\u00e1clav Mencl<br \/>\np\u0159edseda Rady pro rozhlasov\u00e9<br \/>\na televizn\u00ed vys\u00edl\u00e1n\u00ed<br \/>\nkontakt: podatelna@rrtv.gov.cz<br \/>\n274 813 830<\/p>\n","protected":false},"excerpt":{"rendered":"<p>Rada pro rozhlasov\u00e9 a televizn\u00ed vys\u00edl\u00e1n\u00ed (d\u00e1le jen &#8222;Rada&#8220;) na sv\u00e9m 8. zased\u00e1n\u00ed projednala 39 bod\u016f programu. Vyhodnotila 16 st\u00ed\u017enost\u00ed div\u00e1k\u016f a poslucha\u010d\u016f, vydala sedm upozorn\u011bn\u00ed na poru\u0161en\u00ed z\u00e1kona, rozhodla o zah\u00e1jen\u00ed dvou spr\u00e1vn\u00edch \u0159\u00edzen\u00ed.<\/p>\n","protected":false},"author":9,"featured_media":0,"comment_status":"open","ping_status":"open","sticky":false,"template":"","format":"standard","meta":{"ngg_post_thumbnail":0,"footnotes":""},"categories":[11],"tags":[],"class_list":["post-14226","post","type-post","status-publish","format-standard","hentry","category-ozvena"],"_links":{"self":[{"href":"https:\/\/www.ladislavjakl.cz\/index.php?rest_route=\/wp\/v2\/posts\/14226","targetHints":{"allow":["GET"]}}],"collection":[{"href":"https:\/\/www.ladislavjakl.cz\/index.php?rest_route=\/wp\/v2\/posts"}],"about":[{"href":"https:\/\/www.ladislavjakl.cz\/index.php?rest_route=\/wp\/v2\/types\/post"}],"author":[{"embeddable":true,"href":"https:\/\/www.ladislavjakl.cz\/index.php?rest_route=\/wp\/v2\/users\/9"}],"replies":[{"embeddable":true,"href":"https:\/\/www.ladislavjakl.cz\/index.php?rest_route=%2Fwp%2Fv2%2Fcomments&post=14226"}],"version-history":[{"count":1,"href":"https:\/\/www.ladislavjakl.cz\/index.php?rest_route=\/wp\/v2\/posts\/14226\/revisions"}],"predecessor-version":[{"id":14227,"href":"https:\/\/www.ladislavjakl.cz\/index.php?rest_route=\/wp\/v2\/posts\/14226\/revisions\/14227"}],"wp:attachment":[{"href":"https:\/\/www.ladislavjakl.cz\/index.php?rest_route=%2Fwp%2Fv2%2Fmedia&parent=14226"}],"wp:term":[{"taxonomy":"category","embeddable":true,"href":"https:\/\/www.ladislavjakl.cz\/index.php?rest_route=%2Fwp%2Fv2%2Fcategories&post=14226"},{"taxonomy":"post_tag","embeddable":true,"href":"https:\/\/www.ladislavjakl.cz\/index.php?rest_route=%2Fwp%2Fv2%2Ftags&post=14226"}],"curies":[{"name":"wp","href":"https:\/\/api.w.org\/{rel}","templated":true}]}}